{"id":227786,"date":"2020-08-11T11:58:29","date_gmt":"2020-08-11T14:58:29","guid":{"rendered":"https:\/\/franciscanos.org.br\/noticias\/?p=227786"},"modified":"2020-08-11T13:31:55","modified_gmt":"2020-08-11T16:31:55","slug":"clara-e-a-expressao-da-vivencia-radical-do-evangelho-diz-o-ministro-provincial","status":"publish","type":"post","link":"https:\/\/franciscanos.org.br\/noticias\/clara-e-a-expressao-da-vivencia-radical-do-evangelho-diz-o-ministro-provincial.html","title":{"rendered":"&#8220;Clara \u00e9 a express\u00e3o da viv\u00eancia radical do Evangelho&#8221;, diz o Ministro Provincial"},"content":{"rendered":"<p><img loading=\"lazy\" class=\"alignnone size-full wp-image-227787\" src=\"https:\/\/franciscanos.org.br\/noticias\/wp-content\/uploads\/2020\/08\/clara_1108_1.jpg\" alt=\"\" width=\"1280\" height=\"677\" srcset=\"https:\/\/franciscanos.org.br\/noticias\/wp-content\/uploads\/2020\/08\/clara_1108_1.jpg 1280w, https:\/\/franciscanos.org.br\/noticias\/wp-content\/uploads\/2020\/08\/clara_1108_1-450x238.jpg 450w, https:\/\/franciscanos.org.br\/noticias\/wp-content\/uploads\/2020\/08\/clara_1108_1-1024x542.jpg 1024w, https:\/\/franciscanos.org.br\/noticias\/wp-content\/uploads\/2020\/08\/clara_1108_1-768x406.jpg 768w, https:\/\/franciscanos.org.br\/noticias\/wp-content\/uploads\/2020\/08\/clara_1108_1-150x79.jpg 150w\" sizes=\"(max-width: 1280px) 100vw, 1280px\" \/><\/p>\n<p><strong>Moacir Beggo (texto) e Lucas Santos (fotos)<\/strong><\/p>\n<p><strong>Guaratinguet\u00e1 (SP) &#8211;<\/strong> Depois de iniciar o dia, nesta solenidade de Santa Clara de Assis (11\/8), presidindo a Santa Missa no Postulantado Frei Galv\u00e3o, em Guaratinguet\u00e1, o Ministro Provincial da Prov\u00edncia da Imaculada Concei\u00e7\u00e3o, Frei C\u00e9sar K\u00fclkamp, celebrou a Eucaristia com as Irm\u00e3s Clarissas que residem no Mosteiro Mater Christi, na Fazenda da Esperan\u00e7a, tamb\u00e9m em Guaratinguet\u00e1. A Missa foi transmitida pela Redevida, \u00e0s 9 horas, e teve como concelebrante um dos fundadores da Fazenda da Esperan\u00e7a, Frei Hans Stapel.<\/p>\n<p>Para Frei C\u00e9sar, hoje n\u00e3o \u00e9 apenas um dia festivo, mas uma bela oportunidade de &#8220;nos deixarmos tocar pela provoca\u00e7\u00e3o da vida e do ideal desta seguidora mais fiel de nosso Pai Francisco&#8221;. Segundo o Ministro Provincial, a &#8220;Plantinha&#8221;, como se fala na sua biografia, \u00e9 tamb\u00e9m uma fascinante inspira\u00e7\u00e3o dessa forma de seguir o Cristo do jeito de Francisco de Assis. &#8220;Em seu ideal apaixonado e apaixonante, Clara nos provoca a tamb\u00e9m nos tornarmos um lugar nessa grande hist\u00f3ria de seguimento radical nos passos de Cristo. Isso \u00e9 o que ela deixa tamb\u00e9m no seu Testamento, quando ela nos diz que entre outros benef\u00edcios que temos recebido e ainda recebemos diariamente est\u00e1 a nossa voca\u00e7\u00e3o, que quanto maior e mais perfeita, mais a Deus \u00e9 devida. No sentido mais profundo de celebrarmos o Cristo \u00e9 tamb\u00e9m reacendermos a chama da voca\u00e7\u00e3o dada por Deus e devida a Deus por cada um de n\u00f3s&#8221;, disse Frei C\u00e9sar, lembrando que estamos tamb\u00e9m celebrando o M\u00eas Vocacional em agosto.<\/p>\n<p><img loading=\"lazy\" class=\"alignnone size-full wp-image-227788\" src=\"https:\/\/franciscanos.org.br\/noticias\/wp-content\/uploads\/2020\/08\/clara_1108.jpg\" alt=\"\" width=\"1280\" height=\"633\" srcset=\"https:\/\/franciscanos.org.br\/noticias\/wp-content\/uploads\/2020\/08\/clara_1108.jpg 1280w, https:\/\/franciscanos.org.br\/noticias\/wp-content\/uploads\/2020\/08\/clara_1108-450x223.jpg 450w, https:\/\/franciscanos.org.br\/noticias\/wp-content\/uploads\/2020\/08\/clara_1108-1024x506.jpg 1024w, https:\/\/franciscanos.org.br\/noticias\/wp-content\/uploads\/2020\/08\/clara_1108-768x380.jpg 768w, https:\/\/franciscanos.org.br\/noticias\/wp-content\/uploads\/2020\/08\/clara_1108-150x74.jpg 150w\" sizes=\"(max-width: 1280px) 100vw, 1280px\" \/><\/p>\n<p>Para o Ministro Provincial, o testemunho de Clara marcou a vida de uma multid\u00e3o de fi\u00e9is, n\u00e3o s\u00f3 entre as suas Irm\u00e3s ou dentro do movimento franciscano, mas marcou desde papas, governantes, reis e os mais simples e pequeninos, que conseguiram ver nela, como que num espelho, o reflexo de Jesus Cristo, pobre e crucificado. &#8220;Aquela Clara de Assis, nobre, rica e bela, \u00a0n\u00e3o p\u00f4s nesses atributos os valores maiores da sua vida. Desde os primeiros anos de sua inf\u00e2ncia, esfor\u00e7ava-se em amar profundamente a Cristo. E assim foi percebendo em si o chamado para uma miss\u00e3o maior do que ela. Ela mesmo afirmava que aspirava uma vida com mais sentido&#8221;, destacou o celebrante.<\/p>\n<p>Frei C\u00e9sar recordou que em uma das cartas que Clara escreveu a Santa In\u00eas de Praga, ali insiste no olhar cotidiano ao espelho, que \u00e9 o pr\u00f3prio Cristo, para nesse espelho contemplar-se e examinar-se e, a partir Dele, tornar-se inteiramente revestida e adornada com as sublimes virtudes: a feliz pobreza, a santa humildade e a inef\u00e1vel caridade.<\/p>\n<p>&#8220;O referencial, portanto, de Clara n\u00e3o \u00e9 apenas Francisco. \u00c9, digamos assim, o pr\u00f3prio Cristo, mas com um olhar afinado por essa cont\u00ednua contempla\u00e7\u00e3o que a fez observar de longe, cada vez com mais aten\u00e7\u00e3o, a transforma\u00e7\u00e3o acontecida em Francisco. A sua ren\u00fancia aos bens e \u00e0 fam\u00edlia, os seus primeiros seguidores, o estilo de vida que levava, e nisso percebendo neles, nos pr\u00f3prios frades, o encontro com o verdadeiro significado da vida e da plena felicidade que ela buscava&#8221;, explicou, acrescentando que em 1210, Clara assiste as prega\u00e7\u00f5es de Francisco e sente que o ideal a ser buscado \u00e9 esse. &#8220;Depois de muitas conversas com ele, aos 18 anos, naquela noite do Domingo de Ramos em 1212, ela foge de casa e vai ao encontro de Francisco e de seus frades, que fazem a sua consagra\u00e7\u00e3o na igrejinha da Porci\u00fancula, em Assis. Desde o in\u00edcio, com a firmeza de mulher decidida, ela resistiu a todas as tentativas de afast\u00e1-la desse ideal e que n\u00e3o foram poucas, a come\u00e7ar pela sua pr\u00f3pria fam\u00edlia&#8221;, observou.<\/p>\n<p><img loading=\"lazy\" class=\"alignnone size-full wp-image-227789\" src=\"https:\/\/franciscanos.org.br\/noticias\/wp-content\/uploads\/2020\/08\/clara_1108_2.jpg\" alt=\"\" width=\"1280\" height=\"895\" srcset=\"https:\/\/franciscanos.org.br\/noticias\/wp-content\/uploads\/2020\/08\/clara_1108_2.jpg 1280w, https:\/\/franciscanos.org.br\/noticias\/wp-content\/uploads\/2020\/08\/clara_1108_2-450x315.jpg 450w, https:\/\/franciscanos.org.br\/noticias\/wp-content\/uploads\/2020\/08\/clara_1108_2-1024x716.jpg 1024w, https:\/\/franciscanos.org.br\/noticias\/wp-content\/uploads\/2020\/08\/clara_1108_2-768x537.jpg 768w, https:\/\/franciscanos.org.br\/noticias\/wp-content\/uploads\/2020\/08\/clara_1108_2-150x105.jpg 150w, https:\/\/franciscanos.org.br\/noticias\/wp-content\/uploads\/2020\/08\/clara_1108_2-474x332.jpg 474w\" sizes=\"(max-width: 1280px) 100vw, 1280px\" \/><\/p>\n<p>Segundo o frade, logo vieram as primeiras companheiras e foram morar juntas no Conventinho de S\u00e3o Dami\u00e3o, nascendo assim a segunda Ordem Franciscana, a Ordem das Clarissas, as seguidoras de Francisco. &#8220;E aquele in\u00edcio n\u00e3o foi t\u00e3o rom\u00e2ntico&#8221;, lembrou Frei C\u00e9sar, citando que Clara, na sua Regra, descreve as tantas afrontas, humilha\u00e7\u00f5es e desprezos sofrias, mas que s\u00f3 a fizeram amadurecer aquela primeira op\u00e7\u00e3o tomada.<\/p>\n<p>&#8220;Muitas destas seguidoras de Clara e de Francisco se tornaram grandes exemplos de santidade para toda a Igreja. A vida de Santa Clara \u00e9 pouco conhecida porque n\u00e3o foi vivida com grandes fatos e realiza\u00e7\u00f5es, como tanto se valoriza no mundo de hoje. O impressionante nela, podemos destacar, \u00e9 a qualidade do amor vivido diariamente numa rela\u00e7\u00e3o direta com Deus: tempo, trabalho, repouso, sil\u00eancio com Deus, Palavra. E a escuta atenta da Palavra &#8211; novamente este espelho que reflete claramente o pr\u00f3prio Cristo &#8211; leva Santa Clara a uma viv\u00eancia concreta de seus valores. A forma de vida, a Regra escrita por ela, assim como a de S\u00e3o Francisco, consiste em nada mais do que viver o Santo Evangelho de Nosso Senhor Jesus Cristo&#8221;, ressaltou Frei C\u00e9sar.<\/p>\n<p>Partindo de suas cartas, sua biografia, seu processo de canoniza\u00e7\u00e3o, Frei C\u00e9sar destacou tr\u00eas valores na vida de Clara, que, segundo ele, s\u00e3o centrais para a valoriza\u00e7\u00e3o da nossa pr\u00f3pria voca\u00e7\u00e3o e que s\u00e3o extra\u00eddos do Evangelho.<\/p>\n<div id=\"attachment_227792\" style=\"width: 1290px\" class=\"wp-caption alignnone\"><img aria-describedby=\"caption-attachment-227792\" loading=\"lazy\" class=\"wp-image-227792 size-full\" src=\"https:\/\/franciscanos.org.br\/noticias\/wp-content\/uploads\/2020\/08\/clara_1108_5.jpg\" alt=\"\" width=\"1280\" height=\"853\" srcset=\"https:\/\/franciscanos.org.br\/noticias\/wp-content\/uploads\/2020\/08\/clara_1108_5.jpg 1280w, https:\/\/franciscanos.org.br\/noticias\/wp-content\/uploads\/2020\/08\/clara_1108_5-450x300.jpg 450w, https:\/\/franciscanos.org.br\/noticias\/wp-content\/uploads\/2020\/08\/clara_1108_5-1024x682.jpg 1024w, https:\/\/franciscanos.org.br\/noticias\/wp-content\/uploads\/2020\/08\/clara_1108_5-768x512.jpg 768w, https:\/\/franciscanos.org.br\/noticias\/wp-content\/uploads\/2020\/08\/clara_1108_5-150x100.jpg 150w\" sizes=\"(max-width: 1280px) 100vw, 1280px\" \/><p id=\"caption-attachment-227792\" class=\"wp-caption-text\"><em>\u00a0 \u00a0 \u00a0 \u00a0 \u00a0 \u00a0 \u00a0 \u00a0 \u00a0 \u00a0 \u00a0 \u00a0 \u00a0 \u00a0 \u00a0 \u00a0 \u00a0 \u00a0 \u00a0 \u00a0 \u00a0 \u00a0 \u00a0 \u00a0 \u00a0 \u00a0 \u00a0 \u00a0 \u00a0 \u00a0 \u00a0 \u00a0 \u00a0 \u00a0 \u00a0 \u00a0 <strong>\u00a0Celebra\u00e7\u00e3o Eucar\u00edstica no Postulantado Frei Galv\u00e3o em Guaratinguet\u00e1<\/strong><\/em><\/p><\/div>\n<p>&nbsp;<\/p>\n<p>&#8220;O primeiro valor \u00e9 a vida contemplativa. Talvez hoje seja dif\u00edcil entender a vida de contempla\u00e7\u00e3o. Mas para Clara, isso n\u00e3o significa simplesmente viver o isolamento num claustro. \u00c9 acima de tudo viver como consagrada, na escuta constante de Deus, ou seja, numa vida habitada por Deus; o segundo valor \u00e9 a vida em fraternidade. Este \u00e9 o lugar teol\u00f3gico da viv\u00eancia do Evangelho, onde o cuidado de cada irm\u00e3, de cada irm\u00e3o para n\u00f3s, aprende-se na rela\u00e7\u00e3o com Deus a conservar a unidade da caridade rec\u00edproca, como tamb\u00e9m est\u00e1 na sua Regra. Assim como Deus nos ama e acolhe sempre novamente com o mesmo amor misericordioso, apesar de todas as nossas imperfei\u00e7\u00f5es, infidelidades e fraquezas, n\u00e3o cabe \u00e0 irm\u00e3, ao irm\u00e3o, outra postura sen\u00e3o acolher esse amor, e ver naquele que est\u00e1 ao seu lado o verdadeiro presente do Senhor; e o terceiro valor \u00e9 a vida sem nada de pr\u00f3prio. A sant\u00edssima pobreza \u00e9 o elemento que, para Clara de Assis, n\u00e3o \u00e9 negoci\u00e1vel. \u00c9 a op\u00e7\u00e3o de fundo que inspira viver a perfei\u00e7\u00e3o do Santo Evangelho, como viveu o pr\u00f3prio Cristo. Como Francisco, Clara \u00e9 tamb\u00e9m apaixonada pela pobreza e faz dela o itiner\u00e1rio de sua vida. Ela luta muito ao longo de sua vida para alcan\u00e7ar o privil\u00e9gio da pobreza. Naquele tempo era comum pedir \u00e0 Igreja privil\u00e9gios, concess\u00f5es especiais de todo tipo. E ela pede, sim, o privil\u00e9gio da pobreza! Ou seja, um direito dado \u00e0s suas irm\u00e3s de n\u00e3o terem propriedades.\u00a0 Viver na precariedade, sentir falta at\u00e9 das coisas necess\u00e1rias, faz parte dessa aventura evang\u00e9lica&#8221;, explicou o Ministro Provincial.<\/p>\n<p><img loading=\"lazy\" class=\"alignnone size-full wp-image-227791\" src=\"https:\/\/franciscanos.org.br\/noticias\/wp-content\/uploads\/2020\/08\/clara_1108_3.jpg\" alt=\"\" width=\"1280\" height=\"853\" srcset=\"https:\/\/franciscanos.org.br\/noticias\/wp-content\/uploads\/2020\/08\/clara_1108_3.jpg 1280w, https:\/\/franciscanos.org.br\/noticias\/wp-content\/uploads\/2020\/08\/clara_1108_3-450x300.jpg 450w, https:\/\/franciscanos.org.br\/noticias\/wp-content\/uploads\/2020\/08\/clara_1108_3-1024x682.jpg 1024w, https:\/\/franciscanos.org.br\/noticias\/wp-content\/uploads\/2020\/08\/clara_1108_3-768x512.jpg 768w, https:\/\/franciscanos.org.br\/noticias\/wp-content\/uploads\/2020\/08\/clara_1108_3-150x100.jpg 150w\" sizes=\"(max-width: 1280px) 100vw, 1280px\" \/><\/p>\n<p>Segundo o celebrante, com esses valores destacados, Clara de Assis tornou-se tamb\u00e9m mestra da espiritualidade franciscana. &#8220;Ela tem muito a nos dizer hoje na nossa caminhada de consagradas e consagrados. N\u00e3o s\u00f3 por suas palavras, mas principalmente por esse testemunho t\u00e3o vigoroso. Testemunho que tamb\u00e9m sustentou os frades l\u00e1 nas origens quando estavam \u00f3rf\u00e3os de S\u00e3o Francisco&#8221;, disse Frei C\u00e9sar, lembrando que mesmo na fragilidade f\u00edsica, mesmo acamada pela doen\u00e7a, Clara era uma fortaleza.<\/p>\n<p>&#8220;Clara \u00e9 a express\u00e3o da vivencia radical do Evangelho. Viveu e nada mais. Ela n\u00e3o faz isso com dureza. Ela coloca os valores essenciais do cristianismo nesse modo cotidiano simples, fraterno e feminino de viver. E aquele seu desejo de buscar, desde menina, um sentido maior para sua vida, ela concretiza na clareza da sua voca\u00e7\u00e3o. Seu testemunho clarividente \u00e9 para cada um de n\u00f3s, hoje, na nossa vida consagrada, uma garantia de que viver assim \u00e9 poss\u00edvel. Seremos crist\u00e3os, franciscanos aut\u00eanticos, se nos consagrarmos \u00e0 alegria de quem vive com o Senhor. Dessa forma, estaremos abrindo tamb\u00e9m nossas fraternidades \u00e0 a\u00e7\u00e3o de Deus e permitindo que essa grande Santa que celebramos, traga mais vitalidade \u00e0 Igreja e ao mundo de hoje&#8221;, completou.<\/p>\n<p>No final da celebra\u00e7\u00e3o, Frei C\u00e9sar agradeceu pela acolhida ao Mosteiro e \u00e0 Fazenda da Esperan\u00e7a. &#8220;Quero agradecer o meu Provincial por suas palavras que me tocaram profundamente&#8221;, retribuiu Frei Hans, contando que al\u00e9m das Clarissas, a Fam\u00edlia Esperan\u00e7a tem um total de 20 congrega\u00e7\u00f5es.<\/p>\n<p>Frei C\u00e9sar continua em visita can\u00f4nica ao Mosteiro das Clarissas em Guaratinguet\u00e1.<\/p>\n<hr \/>\n<h3 style=\"text-align: center;\"><strong>IMAGENS DA CELEBRA\u00c7\u00c3O EUCAR\u00cdSTICA NO POSTULANTADO<\/strong><\/h3>\n\n\t\t<style type=\"text\/css\">\n\t\t\t#gallery-1 {\n\t\t\t\tmargin: auto;\n\t\t\t}\n\t\t\t#gallery-1 .gallery-item {\n\t\t\t\tfloat: left;\n\t\t\t\tmargin-top: 10px;\n\t\t\t\ttext-align: center;\n\t\t\t\twidth: 20%;\n\t\t\t}\n\t\t\t#gallery-1 img {\n\t\t\t\tborder: 2px solid #cfcfcf;\n\t\t\t}\n\t\t\t#gallery-1 .gallery-caption {\n\t\t\t\tmargin-left: 0;\n\t\t\t}\n\t\t\t\/* see gallery_shortcode() in wp-includes\/media.php *\/\n\t\t<\/style>\n\t\t<div id='gallery-1' class='gallery galleryid-227786 gallery-columns-5 gallery-size-thumbnail'><dl class='gallery-item'>\n\t\t\t<dt class='gallery-icon landscape'>\n\t\t\t\t<a href='https:\/\/franciscanos.org.br\/noticias\/wp-content\/uploads\/2020\/08\/01.jpg'><img width=\"300\" height=\"300\" src=\"https:\/\/franciscanos.org.br\/noticias\/wp-content\/uploads\/2020\/08\/01-300x300.jpg\" class=\"attachment-thumbnail size-thumbnail\" alt=\"\" loading=\"lazy\" srcset=\"https:\/\/franciscanos.org.br\/noticias\/wp-content\/uploads\/2020\/08\/01-300x300.jpg 300w, https:\/\/franciscanos.org.br\/noticias\/wp-content\/uploads\/2020\/08\/01-100x100.jpg 100w\" sizes=\"(max-width: 300px) 100vw, 300px\" \/><\/a>\n\t\t\t<\/dt><\/dl><dl class='gallery-item'>\n\t\t\t<dt class='gallery-icon landscape'>\n\t\t\t\t<a href='https:\/\/franciscanos.org.br\/noticias\/wp-content\/uploads\/2020\/08\/02.jpg'><img width=\"300\" height=\"300\" src=\"https:\/\/franciscanos.org.br\/noticias\/wp-content\/uploads\/2020\/08\/02-300x300.jpg\" class=\"attachment-thumbnail size-thumbnail\" alt=\"\" loading=\"lazy\" srcset=\"https:\/\/franciscanos.org.br\/noticias\/wp-content\/uploads\/2020\/08\/02-300x300.jpg 300w, https:\/\/franciscanos.org.br\/noticias\/wp-content\/uploads\/2020\/08\/02-100x100.jpg 100w\" sizes=\"(max-width: 300px) 100vw, 300px\" \/><\/a>\n\t\t\t<\/dt><\/dl><dl class='gallery-item'>\n\t\t\t<dt class='gallery-icon landscape'>\n\t\t\t\t<a href='https:\/\/franciscanos.org.br\/noticias\/wp-content\/uploads\/2020\/08\/03.jpg'><img width=\"300\" height=\"300\" src=\"https:\/\/franciscanos.org.br\/noticias\/wp-content\/uploads\/2020\/08\/03-300x300.jpg\" class=\"attachment-thumbnail size-thumbnail\" alt=\"\" loading=\"lazy\" srcset=\"https:\/\/franciscanos.org.br\/noticias\/wp-content\/uploads\/2020\/08\/03-300x300.jpg 300w, https:\/\/franciscanos.org.br\/noticias\/wp-content\/uploads\/2020\/08\/03-100x100.jpg 100w\" sizes=\"(max-width: 300px) 100vw, 300px\" \/><\/a>\n\t\t\t<\/dt><\/dl><dl class='gallery-item'>\n\t\t\t<dt class='gallery-icon landscape'>\n\t\t\t\t<a href='https:\/\/franciscanos.org.br\/noticias\/wp-content\/uploads\/2020\/08\/04.jpg'><img width=\"300\" height=\"300\" src=\"https:\/\/franciscanos.org.br\/noticias\/wp-content\/uploads\/2020\/08\/04-300x300.jpg\" class=\"attachment-thumbnail size-thumbnail\" alt=\"\" loading=\"lazy\" srcset=\"https:\/\/franciscanos.org.br\/noticias\/wp-content\/uploads\/2020\/08\/04-300x300.jpg 300w, https:\/\/franciscanos.org.br\/noticias\/wp-content\/uploads\/2020\/08\/04-100x100.jpg 100w\" sizes=\"(max-width: 300px) 100vw, 300px\" \/><\/a>\n\t\t\t<\/dt><\/dl><dl class='gallery-item'>\n\t\t\t<dt class='gallery-icon landscape'>\n\t\t\t\t<a href='https:\/\/franciscanos.org.br\/noticias\/wp-content\/uploads\/2020\/08\/05.jpg'><img width=\"300\" height=\"300\" src=\"https:\/\/franciscanos.org.br\/noticias\/wp-content\/uploads\/2020\/08\/05-300x300.jpg\" class=\"attachment-thumbnail size-thumbnail\" alt=\"\" loading=\"lazy\" srcset=\"https:\/\/franciscanos.org.br\/noticias\/wp-content\/uploads\/2020\/08\/05-300x300.jpg 300w, https:\/\/franciscanos.org.br\/noticias\/wp-content\/uploads\/2020\/08\/05-100x100.jpg 100w\" sizes=\"(max-width: 300px) 100vw, 300px\" \/><\/a>\n\t\t\t<\/dt><\/dl><br style=\"clear: both\" \/><dl class='gallery-item'>\n\t\t\t<dt class='gallery-icon landscape'>\n\t\t\t\t<a href='https:\/\/franciscanos.org.br\/noticias\/wp-content\/uploads\/2020\/08\/06.jpg'><img width=\"300\" height=\"300\" src=\"https:\/\/franciscanos.org.br\/noticias\/wp-content\/uploads\/2020\/08\/06-300x300.jpg\" class=\"attachment-thumbnail size-thumbnail\" alt=\"\" loading=\"lazy\" srcset=\"https:\/\/franciscanos.org.br\/noticias\/wp-content\/uploads\/2020\/08\/06-300x300.jpg 300w, https:\/\/franciscanos.org.br\/noticias\/wp-content\/uploads\/2020\/08\/06-100x100.jpg 100w\" sizes=\"(max-width: 300px) 100vw, 300px\" \/><\/a>\n\t\t\t<\/dt><\/dl><dl class='gallery-item'>\n\t\t\t<dt class='gallery-icon landscape'>\n\t\t\t\t<a href='https:\/\/franciscanos.org.br\/noticias\/wp-content\/uploads\/2020\/08\/07.jpg'><img width=\"300\" height=\"300\" src=\"https:\/\/franciscanos.org.br\/noticias\/wp-content\/uploads\/2020\/08\/07-300x300.jpg\" class=\"attachment-thumbnail size-thumbnail\" alt=\"\" loading=\"lazy\" srcset=\"https:\/\/franciscanos.org.br\/noticias\/wp-content\/uploads\/2020\/08\/07-300x300.jpg 300w, https:\/\/franciscanos.org.br\/noticias\/wp-content\/uploads\/2020\/08\/07-100x100.jpg 100w\" sizes=\"(max-width: 300px) 100vw, 300px\" \/><\/a>\n\t\t\t<\/dt><\/dl><dl class='gallery-item'>\n\t\t\t<dt class='gallery-icon landscape'>\n\t\t\t\t<a href='https:\/\/franciscanos.org.br\/noticias\/wp-content\/uploads\/2020\/08\/08.jpg'><img width=\"300\" height=\"300\" src=\"https:\/\/franciscanos.org.br\/noticias\/wp-content\/uploads\/2020\/08\/08-300x300.jpg\" class=\"attachment-thumbnail size-thumbnail\" alt=\"\" loading=\"lazy\" srcset=\"https:\/\/franciscanos.org.br\/noticias\/wp-content\/uploads\/2020\/08\/08-300x300.jpg 300w, https:\/\/franciscanos.org.br\/noticias\/wp-content\/uploads\/2020\/08\/08-100x100.jpg 100w\" sizes=\"(max-width: 300px) 100vw, 300px\" \/><\/a>\n\t\t\t<\/dt><\/dl><dl class='gallery-item'>\n\t\t\t<dt class='gallery-icon landscape'>\n\t\t\t\t<a href='https:\/\/franciscanos.org.br\/noticias\/wp-content\/uploads\/2020\/08\/09.jpg'><img width=\"300\" height=\"300\" src=\"https:\/\/franciscanos.org.br\/noticias\/wp-content\/uploads\/2020\/08\/09-300x300.jpg\" class=\"attachment-thumbnail size-thumbnail\" alt=\"\" loading=\"lazy\" srcset=\"https:\/\/franciscanos.org.br\/noticias\/wp-content\/uploads\/2020\/08\/09-300x300.jpg 300w, https:\/\/franciscanos.org.br\/noticias\/wp-content\/uploads\/2020\/08\/09-100x100.jpg 100w\" sizes=\"(max-width: 300px) 100vw, 300px\" \/><\/a>\n\t\t\t<\/dt><\/dl><dl class='gallery-item'>\n\t\t\t<dt class='gallery-icon landscape'>\n\t\t\t\t<a href='https:\/\/franciscanos.org.br\/noticias\/wp-content\/uploads\/2020\/08\/10.jpg'><img width=\"300\" height=\"300\" src=\"https:\/\/franciscanos.org.br\/noticias\/wp-content\/uploads\/2020\/08\/10-300x300.jpg\" class=\"attachment-thumbnail size-thumbnail\" alt=\"\" loading=\"lazy\" srcset=\"https:\/\/franciscanos.org.br\/noticias\/wp-content\/uploads\/2020\/08\/10-300x300.jpg 300w, https:\/\/franciscanos.org.br\/noticias\/wp-content\/uploads\/2020\/08\/10-100x100.jpg 100w\" sizes=\"(max-width: 300px) 100vw, 300px\" \/><\/a>\n\t\t\t<\/dt><\/dl><br style=\"clear: both\" \/>\n\t\t<\/div>\n\n<h3 style=\"text-align: center;\"><strong>IMAGENS DA CELEBRA\u00c7\u00c3O EUCAR\u00cdSTICA NO MOSTEIRO MATER CHRISTI<\/strong><\/h3>\n\n\t\t<style type=\"text\/css\">\n\t\t\t#gallery-2 {\n\t\t\t\tmargin: auto;\n\t\t\t}\n\t\t\t#gallery-2 .gallery-item {\n\t\t\t\tfloat: left;\n\t\t\t\tmargin-top: 10px;\n\t\t\t\ttext-align: center;\n\t\t\t\twidth: 20%;\n\t\t\t}\n\t\t\t#gallery-2 img {\n\t\t\t\tborder: 2px solid #cfcfcf;\n\t\t\t}\n\t\t\t#gallery-2 .gallery-caption {\n\t\t\t\tmargin-left: 0;\n\t\t\t}\n\t\t\t\/* see gallery_shortcode() in wp-includes\/media.php *\/\n\t\t<\/style>\n\t\t<div id='gallery-2' class='gallery galleryid-227786 gallery-columns-5 gallery-size-thumbnail'><dl class='gallery-item'>\n\t\t\t<dt class='gallery-icon landscape'>\n\t\t\t\t<a href='https:\/\/franciscanos.org.br\/noticias\/wp-content\/uploads\/2020\/08\/01-1.jpg'><img width=\"300\" height=\"300\" src=\"https:\/\/franciscanos.org.br\/noticias\/wp-content\/uploads\/2020\/08\/01-1-300x300.jpg\" class=\"attachment-thumbnail size-thumbnail\" alt=\"\" loading=\"lazy\" srcset=\"https:\/\/franciscanos.org.br\/noticias\/wp-content\/uploads\/2020\/08\/01-1-300x300.jpg 300w, https:\/\/franciscanos.org.br\/noticias\/wp-content\/uploads\/2020\/08\/01-1-100x100.jpg 100w\" sizes=\"(max-width: 300px) 100vw, 300px\" \/><\/a>\n\t\t\t<\/dt><\/dl><dl class='gallery-item'>\n\t\t\t<dt class='gallery-icon landscape'>\n\t\t\t\t<a href='https:\/\/franciscanos.org.br\/noticias\/wp-content\/uploads\/2020\/08\/02-1.jpg'><img width=\"300\" height=\"300\" src=\"https:\/\/franciscanos.org.br\/noticias\/wp-content\/uploads\/2020\/08\/02-1-300x300.jpg\" class=\"attachment-thumbnail size-thumbnail\" alt=\"\" loading=\"lazy\" srcset=\"https:\/\/franciscanos.org.br\/noticias\/wp-content\/uploads\/2020\/08\/02-1-300x300.jpg 300w, https:\/\/franciscanos.org.br\/noticias\/wp-content\/uploads\/2020\/08\/02-1-100x100.jpg 100w\" sizes=\"(max-width: 300px) 100vw, 300px\" \/><\/a>\n\t\t\t<\/dt><\/dl><dl class='gallery-item'>\n\t\t\t<dt class='gallery-icon landscape'>\n\t\t\t\t<a href='https:\/\/franciscanos.org.br\/noticias\/wp-content\/uploads\/2020\/08\/03-1.jpg'><img width=\"300\" height=\"300\" src=\"https:\/\/franciscanos.org.br\/noticias\/wp-content\/uploads\/2020\/08\/03-1-300x300.jpg\" class=\"attachment-thumbnail size-thumbnail\" alt=\"\" loading=\"lazy\" srcset=\"https:\/\/franciscanos.org.br\/noticias\/wp-content\/uploads\/2020\/08\/03-1-300x300.jpg 300w, https:\/\/franciscanos.org.br\/noticias\/wp-content\/uploads\/2020\/08\/03-1-100x100.jpg 100w\" sizes=\"(max-width: 300px) 100vw, 300px\" \/><\/a>\n\t\t\t<\/dt><\/dl><dl class='gallery-item'>\n\t\t\t<dt class='gallery-icon landscape'>\n\t\t\t\t<a href='https:\/\/franciscanos.org.br\/noticias\/wp-content\/uploads\/2020\/08\/04-1.jpg'><img width=\"300\" height=\"300\" src=\"https:\/\/franciscanos.org.br\/noticias\/wp-content\/uploads\/2020\/08\/04-1-300x300.jpg\" class=\"attachment-thumbnail size-thumbnail\" alt=\"\" loading=\"lazy\" srcset=\"https:\/\/franciscanos.org.br\/noticias\/wp-content\/uploads\/2020\/08\/04-1-300x300.jpg 300w, https:\/\/franciscanos.org.br\/noticias\/wp-content\/uploads\/2020\/08\/04-1-100x100.jpg 100w\" sizes=\"(max-width: 300px) 100vw, 300px\" \/><\/a>\n\t\t\t<\/dt><\/dl><dl class='gallery-item'>\n\t\t\t<dt class='gallery-icon landscape'>\n\t\t\t\t<a href='https:\/\/franciscanos.org.br\/noticias\/wp-content\/uploads\/2020\/08\/05-1.jpg'><img width=\"300\" height=\"300\" src=\"https:\/\/franciscanos.org.br\/noticias\/wp-content\/uploads\/2020\/08\/05-1-300x300.jpg\" class=\"attachment-thumbnail size-thumbnail\" alt=\"\" loading=\"lazy\" srcset=\"https:\/\/franciscanos.org.br\/noticias\/wp-content\/uploads\/2020\/08\/05-1-300x300.jpg 300w, https:\/\/franciscanos.org.br\/noticias\/wp-content\/uploads\/2020\/08\/05-1-100x100.jpg 100w\" sizes=\"(max-width: 300px) 100vw, 300px\" \/><\/a>\n\t\t\t<\/dt><\/dl><br style=\"clear: both\" \/><dl class='gallery-item'>\n\t\t\t<dt class='gallery-icon landscape'>\n\t\t\t\t<a href='https:\/\/franciscanos.org.br\/noticias\/wp-content\/uploads\/2020\/08\/06-1.jpg'><img width=\"300\" height=\"300\" src=\"https:\/\/franciscanos.org.br\/noticias\/wp-content\/uploads\/2020\/08\/06-1-300x300.jpg\" class=\"attachment-thumbnail size-thumbnail\" alt=\"\" loading=\"lazy\" srcset=\"https:\/\/franciscanos.org.br\/noticias\/wp-content\/uploads\/2020\/08\/06-1-300x300.jpg 300w, https:\/\/franciscanos.org.br\/noticias\/wp-content\/uploads\/2020\/08\/06-1-100x100.jpg 100w\" sizes=\"(max-width: 300px) 100vw, 300px\" \/><\/a>\n\t\t\t<\/dt><\/dl><dl class='gallery-item'>\n\t\t\t<dt class='gallery-icon landscape'>\n\t\t\t\t<a href='https:\/\/franciscanos.org.br\/noticias\/wp-content\/uploads\/2020\/08\/07-1.jpg'><img width=\"300\" height=\"300\" src=\"https:\/\/franciscanos.org.br\/noticias\/wp-content\/uploads\/2020\/08\/07-1-300x300.jpg\" class=\"attachment-thumbnail size-thumbnail\" alt=\"\" loading=\"lazy\" srcset=\"https:\/\/franciscanos.org.br\/noticias\/wp-content\/uploads\/2020\/08\/07-1-300x300.jpg 300w, https:\/\/franciscanos.org.br\/noticias\/wp-content\/uploads\/2020\/08\/07-1-100x100.jpg 100w\" sizes=\"(max-width: 300px) 100vw, 300px\" \/><\/a>\n\t\t\t<\/dt><\/dl><dl class='gallery-item'>\n\t\t\t<dt class='gallery-icon landscape'>\n\t\t\t\t<a href='https:\/\/franciscanos.org.br\/noticias\/wp-content\/uploads\/2020\/08\/08-1.jpg'><img width=\"300\" height=\"300\" src=\"https:\/\/franciscanos.org.br\/noticias\/wp-content\/uploads\/2020\/08\/08-1-300x300.jpg\" class=\"attachment-thumbnail size-thumbnail\" alt=\"\" loading=\"lazy\" srcset=\"https:\/\/franciscanos.org.br\/noticias\/wp-content\/uploads\/2020\/08\/08-1-300x300.jpg 300w, https:\/\/franciscanos.org.br\/noticias\/wp-content\/uploads\/2020\/08\/08-1-100x100.jpg 100w\" sizes=\"(max-width: 300px) 100vw, 300px\" \/><\/a>\n\t\t\t<\/dt><\/dl><dl class='gallery-item'>\n\t\t\t<dt class='gallery-icon landscape'>\n\t\t\t\t<a href='https:\/\/franciscanos.org.br\/noticias\/wp-content\/uploads\/2020\/08\/09-1.jpg'><img width=\"300\" height=\"300\" src=\"https:\/\/franciscanos.org.br\/noticias\/wp-content\/uploads\/2020\/08\/09-1-300x300.jpg\" class=\"attachment-thumbnail size-thumbnail\" alt=\"\" loading=\"lazy\" srcset=\"https:\/\/franciscanos.org.br\/noticias\/wp-content\/uploads\/2020\/08\/09-1-300x300.jpg 300w, https:\/\/franciscanos.org.br\/noticias\/wp-content\/uploads\/2020\/08\/09-1-100x100.jpg 100w\" sizes=\"(max-width: 300px) 100vw, 300px\" \/><\/a>\n\t\t\t<\/dt><\/dl><dl class='gallery-item'>\n\t\t\t<dt class='gallery-icon landscape'>\n\t\t\t\t<a href='https:\/\/franciscanos.org.br\/noticias\/wp-content\/uploads\/2020\/08\/10-1.jpg'><img width=\"300\" height=\"300\" src=\"https:\/\/franciscanos.org.br\/noticias\/wp-content\/uploads\/2020\/08\/10-1-300x300.jpg\" class=\"attachment-thumbnail size-thumbnail\" alt=\"\" loading=\"lazy\" srcset=\"https:\/\/franciscanos.org.br\/noticias\/wp-content\/uploads\/2020\/08\/10-1-300x300.jpg 300w, https:\/\/franciscanos.org.br\/noticias\/wp-content\/uploads\/2020\/08\/10-1-100x100.jpg 100w\" sizes=\"(max-width: 300px) 100vw, 300px\" \/><\/a>\n\t\t\t<\/dt><\/dl><br style=\"clear: both\" \/><dl class='gallery-item'>\n\t\t\t<dt class='gallery-icon landscape'>\n\t\t\t\t<a href='https:\/\/franciscanos.org.br\/noticias\/wp-content\/uploads\/2020\/08\/11.jpg'><img width=\"300\" height=\"300\" src=\"https:\/\/franciscanos.org.br\/noticias\/wp-content\/uploads\/2020\/08\/11-300x300.jpg\" class=\"attachment-thumbnail size-thumbnail\" alt=\"\" loading=\"lazy\" srcset=\"https:\/\/franciscanos.org.br\/noticias\/wp-content\/uploads\/2020\/08\/11-300x300.jpg 300w, https:\/\/franciscanos.org.br\/noticias\/wp-content\/uploads\/2020\/08\/11-100x100.jpg 100w\" sizes=\"(max-width: 300px) 100vw, 300px\" \/><\/a>\n\t\t\t<\/dt><\/dl><dl class='gallery-item'>\n\t\t\t<dt class='gallery-icon landscape'>\n\t\t\t\t<a href='https:\/\/franciscanos.org.br\/noticias\/wp-content\/uploads\/2020\/08\/12.jpg'><img width=\"300\" height=\"300\" src=\"https:\/\/franciscanos.org.br\/noticias\/wp-content\/uploads\/2020\/08\/12-300x300.jpg\" class=\"attachment-thumbnail size-thumbnail\" alt=\"\" loading=\"lazy\" srcset=\"https:\/\/franciscanos.org.br\/noticias\/wp-content\/uploads\/2020\/08\/12-300x300.jpg 300w, https:\/\/franciscanos.org.br\/noticias\/wp-content\/uploads\/2020\/08\/12-100x100.jpg 100w\" sizes=\"(max-width: 300px) 100vw, 300px\" \/><\/a>\n\t\t\t<\/dt><\/dl><dl class='gallery-item'>\n\t\t\t<dt class='gallery-icon landscape'>\n\t\t\t\t<a href='https:\/\/franciscanos.org.br\/noticias\/wp-content\/uploads\/2020\/08\/13.jpg'><img width=\"300\" height=\"300\" src=\"https:\/\/franciscanos.org.br\/noticias\/wp-content\/uploads\/2020\/08\/13-300x300.jpg\" class=\"attachment-thumbnail size-thumbnail\" alt=\"\" loading=\"lazy\" srcset=\"https:\/\/franciscanos.org.br\/noticias\/wp-content\/uploads\/2020\/08\/13-300x300.jpg 300w, https:\/\/franciscanos.org.br\/noticias\/wp-content\/uploads\/2020\/08\/13-100x100.jpg 100w\" sizes=\"(max-width: 300px) 100vw, 300px\" \/><\/a>\n\t\t\t<\/dt><\/dl><dl class='gallery-item'>\n\t\t\t<dt class='gallery-icon landscape'>\n\t\t\t\t<a href='https:\/\/franciscanos.org.br\/noticias\/wp-content\/uploads\/2020\/08\/14.jpg'><img width=\"300\" height=\"300\" src=\"https:\/\/franciscanos.org.br\/noticias\/wp-content\/uploads\/2020\/08\/14-300x300.jpg\" class=\"attachment-thumbnail size-thumbnail\" alt=\"\" loading=\"lazy\" srcset=\"https:\/\/franciscanos.org.br\/noticias\/wp-content\/uploads\/2020\/08\/14-300x300.jpg 300w, https:\/\/franciscanos.org.br\/noticias\/wp-content\/uploads\/2020\/08\/14-100x100.jpg 100w\" sizes=\"(max-width: 300px) 100vw, 300px\" \/><\/a>\n\t\t\t<\/dt><\/dl><dl class='gallery-item'>\n\t\t\t<dt class='gallery-icon landscape'>\n\t\t\t\t<a href='https:\/\/franciscanos.org.br\/noticias\/wp-content\/uploads\/2020\/08\/15.jpg'><img width=\"300\" height=\"300\" src=\"https:\/\/franciscanos.org.br\/noticias\/wp-content\/uploads\/2020\/08\/15-300x300.jpg\" class=\"attachment-thumbnail size-thumbnail\" alt=\"\" loading=\"lazy\" srcset=\"https:\/\/franciscanos.org.br\/noticias\/wp-content\/uploads\/2020\/08\/15-300x300.jpg 300w, https:\/\/franciscanos.org.br\/noticias\/wp-content\/uploads\/2020\/08\/15-100x100.jpg 100w\" sizes=\"(max-width: 300px) 100vw, 300px\" \/><\/a>\n\t\t\t<\/dt><\/dl><br style=\"clear: both\" \/><dl class='gallery-item'>\n\t\t\t<dt class='gallery-icon landscape'>\n\t\t\t\t<a href='https:\/\/franciscanos.org.br\/noticias\/wp-content\/uploads\/2020\/08\/16.jpg'><img width=\"300\" height=\"300\" src=\"https:\/\/franciscanos.org.br\/noticias\/wp-content\/uploads\/2020\/08\/16-300x300.jpg\" class=\"attachment-thumbnail size-thumbnail\" alt=\"\" loading=\"lazy\" srcset=\"https:\/\/franciscanos.org.br\/noticias\/wp-content\/uploads\/2020\/08\/16-300x300.jpg 300w, https:\/\/franciscanos.org.br\/noticias\/wp-content\/uploads\/2020\/08\/16-100x100.jpg 100w\" sizes=\"(max-width: 300px) 100vw, 300px\" \/><\/a>\n\t\t\t<\/dt><\/dl><dl class='gallery-item'>\n\t\t\t<dt class='gallery-icon landscape'>\n\t\t\t\t<a href='https:\/\/franciscanos.org.br\/noticias\/wp-content\/uploads\/2020\/08\/17.jpg'><img width=\"300\" height=\"300\" src=\"https:\/\/franciscanos.org.br\/noticias\/wp-content\/uploads\/2020\/08\/17-300x300.jpg\" class=\"attachment-thumbnail size-thumbnail\" alt=\"\" loading=\"lazy\" srcset=\"https:\/\/franciscanos.org.br\/noticias\/wp-content\/uploads\/2020\/08\/17-300x300.jpg 300w, https:\/\/franciscanos.org.br\/noticias\/wp-content\/uploads\/2020\/08\/17-100x100.jpg 100w\" sizes=\"(max-width: 300px) 100vw, 300px\" \/><\/a>\n\t\t\t<\/dt><\/dl><dl class='gallery-item'>\n\t\t\t<dt class='gallery-icon landscape'>\n\t\t\t\t<a href='https:\/\/franciscanos.org.br\/noticias\/wp-content\/uploads\/2020\/08\/18.jpg'><img width=\"300\" height=\"300\" src=\"https:\/\/franciscanos.org.br\/noticias\/wp-content\/uploads\/2020\/08\/18-300x300.jpg\" class=\"attachment-thumbnail size-thumbnail\" alt=\"\" loading=\"lazy\" srcset=\"https:\/\/franciscanos.org.br\/noticias\/wp-content\/uploads\/2020\/08\/18-300x300.jpg 300w, https:\/\/franciscanos.org.br\/noticias\/wp-content\/uploads\/2020\/08\/18-100x100.jpg 100w\" sizes=\"(max-width: 300px) 100vw, 300px\" \/><\/a>\n\t\t\t<\/dt><\/dl><dl class='gallery-item'>\n\t\t\t<dt class='gallery-icon landscape'>\n\t\t\t\t<a href='https:\/\/franciscanos.org.br\/noticias\/wp-content\/uploads\/2020\/08\/19.jpg'><img width=\"300\" height=\"300\" src=\"https:\/\/franciscanos.org.br\/noticias\/wp-content\/uploads\/2020\/08\/19-300x300.jpg\" class=\"attachment-thumbnail size-thumbnail\" alt=\"\" loading=\"lazy\" srcset=\"https:\/\/franciscanos.org.br\/noticias\/wp-content\/uploads\/2020\/08\/19-300x300.jpg 300w, https:\/\/franciscanos.org.br\/noticias\/wp-content\/uploads\/2020\/08\/19-100x100.jpg 100w\" sizes=\"(max-width: 300px) 100vw, 300px\" \/><\/a>\n\t\t\t<\/dt><\/dl><dl class='gallery-item'>\n\t\t\t<dt class='gallery-icon landscape'>\n\t\t\t\t<a href='https:\/\/franciscanos.org.br\/noticias\/wp-content\/uploads\/2020\/08\/20.jpg'><img width=\"300\" height=\"300\" src=\"https:\/\/franciscanos.org.br\/noticias\/wp-content\/uploads\/2020\/08\/20-300x300.jpg\" class=\"attachment-thumbnail size-thumbnail\" alt=\"\" loading=\"lazy\" srcset=\"https:\/\/franciscanos.org.br\/noticias\/wp-content\/uploads\/2020\/08\/20-300x300.jpg 300w, https:\/\/franciscanos.org.br\/noticias\/wp-content\/uploads\/2020\/08\/20-100x100.jpg 100w\" sizes=\"(max-width: 300px) 100vw, 300px\" \/><\/a>\n\t\t\t<\/dt><\/dl><br style=\"clear: both\" \/>\n\t\t<\/div>\n\n","protected":false},"excerpt":{"rendered":"<p>Solenidade de Santa Clara de Assis<\/p>\n","protected":false},"author":3,"featured_media":0,"comment_status":"open","ping_status":"open","sticky":false,"template":"","format":"standard","meta":[],"categories":[1],"tags":[1758,454],"acf":[],"yoast_head":"<!-- This site is optimized with the Yoast SEO plugin v19.2 - https:\/\/yoast.com\/wordpress\/plugins\/seo\/ -->\n<title>&quot;Clara \u00e9 a express\u00e3o da viv\u00eancia radical do Evangelho&quot;, diz o Ministro Provincial - Not\u00edcias - Franciscanos<\/title>\n<meta name=\"robots\" content=\"index, follow, max-snippet:-1, max-image-preview:large, max-video-preview:-1\" \/>\n<link rel=\"canonical\" href=\"https:\/\/franciscanos.org.br\/noticias\/clara-e-a-expressao-da-vivencia-radical-do-evangelho-diz-o-ministro-provincial.html\" \/>\n<meta property=\"og:locale\" content=\"pt_BR\" \/>\n<meta property=\"og:type\" content=\"article\" \/>\n<meta property=\"og:title\" content=\"&quot;Clara \u00e9 a express\u00e3o da viv\u00eancia radical do Evangelho&quot;, diz o Ministro Provincial - Not\u00edcias - Franciscanos\" \/>\n<meta property=\"og:description\" content=\"Solenidade de Santa Clara de Assis\" \/>\n<meta property=\"og:url\" content=\"https:\/\/franciscanos.org.br\/noticias\/clara-e-a-expressao-da-vivencia-radical-do-evangelho-diz-o-ministro-provincial.html\" \/>\n<meta property=\"og:site_name\" content=\"Not\u00edcias - Franciscanos\" \/>\n<meta property=\"article:published_time\" content=\"2020-08-11T14:58:29+00:00\" \/>\n<meta property=\"article:modified_time\" content=\"2020-08-11T16:31:55+00:00\" \/>\n<meta property=\"og:image\" content=\"https:\/\/franciscanos.org.br\/noticias\/wp-content\/uploads\/2020\/08\/01-300x300.jpg\" \/>\n<meta name=\"author\" content=\"moacir\" \/>\n<meta name=\"twitter:card\" content=\"summary_large_image\" \/>\n<meta name=\"twitter:label1\" content=\"Escrito por\" \/>\n\t<meta name=\"twitter:data1\" content=\"moacir\" \/>\n\t<meta name=\"twitter:label2\" content=\"Est. tempo de leitura\" \/>\n\t<meta name=\"twitter:data2\" content=\"7 minutos\" \/>\n<script type=\"application\/ld+json\" class=\"yoast-schema-graph\">{\"@context\":\"https:\/\/schema.org\",\"@graph\":[{\"@type\":\"WebSite\",\"@id\":\"https:\/\/franciscanos.org.br\/noticias\/#website\",\"url\":\"https:\/\/franciscanos.org.br\/noticias\/\",\"name\":\"Not\u00edcias - Franciscanos\",\"description\":\"Prov\u00edncia Franciscana da Imaculada Concei\u00e7\u00e3o do Brasil - Ordem dos Frades Menores - OFM\",\"potentialAction\":[{\"@type\":\"SearchAction\",\"target\":{\"@type\":\"EntryPoint\",\"urlTemplate\":\"https:\/\/franciscanos.org.br\/noticias\/?s={search_term_string}\"},\"query-input\":\"required name=search_term_string\"}],\"inLanguage\":\"pt-BR\"},{\"@type\":\"ImageObject\",\"inLanguage\":\"pt-BR\",\"@id\":\"https:\/\/franciscanos.org.br\/noticias\/clara-e-a-expressao-da-vivencia-radical-do-evangelho-diz-o-ministro-provincial.html#primaryimage\",\"url\":\"https:\/\/franciscanos.org.br\/noticias\/wp-content\/uploads\/2020\/08\/clara_1108_1.jpg\",\"contentUrl\":\"https:\/\/franciscanos.org.br\/noticias\/wp-content\/uploads\/2020\/08\/clara_1108_1.jpg\",\"width\":1280,\"height\":677},{\"@type\":\"WebPage\",\"@id\":\"https:\/\/franciscanos.org.br\/noticias\/clara-e-a-expressao-da-vivencia-radical-do-evangelho-diz-o-ministro-provincial.html#webpage\",\"url\":\"https:\/\/franciscanos.org.br\/noticias\/clara-e-a-expressao-da-vivencia-radical-do-evangelho-diz-o-ministro-provincial.html\",\"name\":\"\\\"Clara \u00e9 a express\u00e3o da viv\u00eancia radical do Evangelho\\\", diz o Ministro Provincial - Not\u00edcias - Franciscanos\",\"isPartOf\":{\"@id\":\"https:\/\/franciscanos.org.br\/noticias\/#website\"},\"primaryImageOfPage\":{\"@id\":\"https:\/\/franciscanos.org.br\/noticias\/clara-e-a-expressao-da-vivencia-radical-do-evangelho-diz-o-ministro-provincial.html#primaryimage\"},\"datePublished\":\"2020-08-11T14:58:29+00:00\",\"dateModified\":\"2020-08-11T16:31:55+00:00\",\"author\":{\"@id\":\"https:\/\/franciscanos.org.br\/noticias\/#\/schema\/person\/b5c8cba458c330ccff548b056e95a5d4\"},\"breadcrumb\":{\"@id\":\"https:\/\/franciscanos.org.br\/noticias\/clara-e-a-expressao-da-vivencia-radical-do-evangelho-diz-o-ministro-provincial.html#breadcrumb\"},\"inLanguage\":\"pt-BR\",\"potentialAction\":[{\"@type\":\"ReadAction\",\"target\":[\"https:\/\/franciscanos.org.br\/noticias\/clara-e-a-expressao-da-vivencia-radical-do-evangelho-diz-o-ministro-provincial.html\"]}]},{\"@type\":\"BreadcrumbList\",\"@id\":\"https:\/\/franciscanos.org.br\/noticias\/clara-e-a-expressao-da-vivencia-radical-do-evangelho-diz-o-ministro-provincial.html#breadcrumb\",\"itemListElement\":[{\"@type\":\"ListItem\",\"position\":1,\"name\":\"Home\",\"item\":\"https:\/\/franciscanos.org.br\/noticias\"},{\"@type\":\"ListItem\",\"position\":2,\"name\":\"&#8220;Clara \u00e9 a express\u00e3o da viv\u00eancia radical do Evangelho&#8221;, diz o Ministro Provincial\"}]},{\"@type\":\"Person\",\"@id\":\"https:\/\/franciscanos.org.br\/noticias\/#\/schema\/person\/b5c8cba458c330ccff548b056e95a5d4\",\"name\":\"moacir\",\"image\":{\"@type\":\"ImageObject\",\"inLanguage\":\"pt-BR\",\"@id\":\"https:\/\/franciscanos.org.br\/noticias\/#\/schema\/person\/image\/\",\"url\":\"https:\/\/secure.gravatar.com\/avatar\/d08aa2ce4c8dd416d4479aa8536fcf64?s=96&d=mm&r=g\",\"contentUrl\":\"https:\/\/secure.gravatar.com\/avatar\/d08aa2ce4c8dd416d4479aa8536fcf64?s=96&d=mm&r=g\",\"caption\":\"moacir\"},\"url\":\"https:\/\/franciscanos.org.br\/noticias\/author\/moacir\"}]}<\/script>\n<!-- \/ Yoast SEO plugin. -->","yoast_head_json":{"title":"\"Clara \u00e9 a express\u00e3o da viv\u00eancia radical do Evangelho\", diz o Ministro Provincial - Not\u00edcias - Franciscanos","robots":{"index":"index","follow":"follow","max-snippet":"max-snippet:-1","max-image-preview":"max-image-preview:large","max-video-preview":"max-video-preview:-1"},"canonical":"https:\/\/franciscanos.org.br\/noticias\/clara-e-a-expressao-da-vivencia-radical-do-evangelho-diz-o-ministro-provincial.html","og_locale":"pt_BR","og_type":"article","og_title":"\"Clara \u00e9 a express\u00e3o da viv\u00eancia radical do Evangelho\", diz o Ministro Provincial - Not\u00edcias - Franciscanos","og_description":"Solenidade de Santa Clara de Assis","og_url":"https:\/\/franciscanos.org.br\/noticias\/clara-e-a-expressao-da-vivencia-radical-do-evangelho-diz-o-ministro-provincial.html","og_site_name":"Not\u00edcias - Franciscanos","article_published_time":"2020-08-11T14:58:29+00:00","article_modified_time":"2020-08-11T16:31:55+00:00","og_image":[{"url":"https:\/\/franciscanos.org.br\/noticias\/wp-content\/uploads\/2020\/08\/01-300x300.jpg"}],"author":"moacir","twitter_card":"summary_large_image","twitter_misc":{"Escrito por":"moacir","Est. tempo de leitura":"7 minutos"},"schema":{"@context":"https:\/\/schema.org","@graph":[{"@type":"WebSite","@id":"https:\/\/franciscanos.org.br\/noticias\/#website","url":"https:\/\/franciscanos.org.br\/noticias\/","name":"Not\u00edcias - Franciscanos","description":"Prov\u00edncia Franciscana da Imaculada Concei\u00e7\u00e3o do Brasil - Ordem dos Frades Menores - OFM","potentialAction":[{"@type":"SearchAction","target":{"@type":"EntryPoint","urlTemplate":"https:\/\/franciscanos.org.br\/noticias\/?s={search_term_string}"},"query-input":"required name=search_term_string"}],"inLanguage":"pt-BR"},{"@type":"ImageObject","inLanguage":"pt-BR","@id":"https:\/\/franciscanos.org.br\/noticias\/clara-e-a-expressao-da-vivencia-radical-do-evangelho-diz-o-ministro-provincial.html#primaryimage","url":"https:\/\/franciscanos.org.br\/noticias\/wp-content\/uploads\/2020\/08\/clara_1108_1.jpg","contentUrl":"https:\/\/franciscanos.org.br\/noticias\/wp-content\/uploads\/2020\/08\/clara_1108_1.jpg","width":1280,"height":677},{"@type":"WebPage","@id":"https:\/\/franciscanos.org.br\/noticias\/clara-e-a-expressao-da-vivencia-radical-do-evangelho-diz-o-ministro-provincial.html#webpage","url":"https:\/\/franciscanos.org.br\/noticias\/clara-e-a-expressao-da-vivencia-radical-do-evangelho-diz-o-ministro-provincial.html","name":"\"Clara \u00e9 a express\u00e3o da viv\u00eancia radical do Evangelho\", diz o Ministro Provincial - Not\u00edcias - Franciscanos","isPartOf":{"@id":"https:\/\/franciscanos.org.br\/noticias\/#website"},"primaryImageOfPage":{"@id":"https:\/\/franciscanos.org.br\/noticias\/clara-e-a-expressao-da-vivencia-radical-do-evangelho-diz-o-ministro-provincial.html#primaryimage"},"datePublished":"2020-08-11T14:58:29+00:00","dateModified":"2020-08-11T16:31:55+00:00","author":{"@id":"https:\/\/franciscanos.org.br\/noticias\/#\/schema\/person\/b5c8cba458c330ccff548b056e95a5d4"},"breadcrumb":{"@id":"https:\/\/franciscanos.org.br\/noticias\/clara-e-a-expressao-da-vivencia-radical-do-evangelho-diz-o-ministro-provincial.html#breadcrumb"},"inLanguage":"pt-BR","potentialAction":[{"@type":"ReadAction","target":["https:\/\/franciscanos.org.br\/noticias\/clara-e-a-expressao-da-vivencia-radical-do-evangelho-diz-o-ministro-provincial.html"]}]},{"@type":"BreadcrumbList","@id":"https:\/\/franciscanos.org.br\/noticias\/clara-e-a-expressao-da-vivencia-radical-do-evangelho-diz-o-ministro-provincial.html#breadcrumb","itemListElement":[{"@type":"ListItem","position":1,"name":"Home","item":"https:\/\/franciscanos.org.br\/noticias"},{"@type":"ListItem","position":2,"name":"&#8220;Clara \u00e9 a express\u00e3o da viv\u00eancia radical do Evangelho&#8221;, diz o Ministro Provincial"}]},{"@type":"Person","@id":"https:\/\/franciscanos.org.br\/noticias\/#\/schema\/person\/b5c8cba458c330ccff548b056e95a5d4","name":"moacir","image":{"@type":"ImageObject","inLanguage":"pt-BR","@id":"https:\/\/franciscanos.org.br\/noticias\/#\/schema\/person\/image\/","url":"https:\/\/secure.gravatar.com\/avatar\/d08aa2ce4c8dd416d4479aa8536fcf64?s=96&d=mm&r=g","contentUrl":"https:\/\/secure.gravatar.com\/avatar\/d08aa2ce4c8dd416d4479aa8536fcf64?s=96&d=mm&r=g","caption":"moacir"},"url":"https:\/\/franciscanos.org.br\/noticias\/author\/moacir"}]}},"_links":{"self":[{"href":"https:\/\/franciscanos.org.br\/noticias\/wp-json\/wp\/v2\/posts\/227786"}],"collection":[{"href":"https:\/\/franciscanos.org.br\/noticias\/wp-json\/wp\/v2\/posts"}],"about":[{"href":"https:\/\/franciscanos.org.br\/noticias\/wp-json\/wp\/v2\/types\/post"}],"author":[{"embeddable":true,"href":"https:\/\/franciscanos.org.br\/noticias\/wp-json\/wp\/v2\/users\/3"}],"replies":[{"embeddable":true,"href":"https:\/\/franciscanos.org.br\/noticias\/wp-json\/wp\/v2\/comments?post=227786"}],"version-history":[{"count":2,"href":"https:\/\/franciscanos.org.br\/noticias\/wp-json\/wp\/v2\/posts\/227786\/revisions"}],"predecessor-version":[{"id":227824,"href":"https:\/\/franciscanos.org.br\/noticias\/wp-json\/wp\/v2\/posts\/227786\/revisions\/227824"}],"wp:attachment":[{"href":"https:\/\/franciscanos.org.br\/noticias\/wp-json\/wp\/v2\/media?parent=227786"}],"wp:term":[{"taxonomy":"category","embeddable":true,"href":"https:\/\/franciscanos.org.br\/noticias\/wp-json\/wp\/v2\/categories?post=227786"},{"taxonomy":"post_tag","embeddable":true,"href":"https:\/\/franciscanos.org.br\/noticias\/wp-json\/wp\/v2\/tags?post=227786"}],"curies":[{"name":"wp","href":"https:\/\/api.w.org\/{rel}","templated":true}]}}