{"id":227768,"date":"2020-08-10T16:49:43","date_gmt":"2020-08-10T19:49:43","guid":{"rendered":"https:\/\/franciscanos.org.br\/noticias\/?p=227768"},"modified":"2020-08-10T16:58:36","modified_gmt":"2020-08-10T19:58:36","slug":"frades-menores-do-brasil-celebram-santa-clara-de-assis-em-solidariedade-as-mais-de-cem-mil-vitimas-do-covid-19","status":"publish","type":"post","link":"https:\/\/franciscanos.org.br\/noticias\/frades-menores-do-brasil-celebram-santa-clara-de-assis-em-solidariedade-as-mais-de-cem-mil-vitimas-do-covid-19.html","title":{"rendered":"Frades Menores do Brasil celebram Santa Clara de Assis em solidariedade \u00e0s mais de cem mil v\u00edtimas da Covid-19"},"content":{"rendered":"<p><img loading=\"lazy\" class=\"size-full wp-image-227769 alignnone\" src=\"https:\/\/franciscanos.org.br\/noticias\/wp-content\/uploads\/2020\/08\/clara_01.jpg\" alt=\"\" width=\"1280\" height=\"643\" srcset=\"https:\/\/franciscanos.org.br\/noticias\/wp-content\/uploads\/2020\/08\/clara_01.jpg 1280w, https:\/\/franciscanos.org.br\/noticias\/wp-content\/uploads\/2020\/08\/clara_01-450x226.jpg 450w, https:\/\/franciscanos.org.br\/noticias\/wp-content\/uploads\/2020\/08\/clara_01-1024x514.jpg 1024w, https:\/\/franciscanos.org.br\/noticias\/wp-content\/uploads\/2020\/08\/clara_01-768x386.jpg 768w, https:\/\/franciscanos.org.br\/noticias\/wp-content\/uploads\/2020\/08\/clara_01-150x75.jpg 150w\" sizes=\"(max-width: 1280px) 100vw, 1280px\" \/><\/p>\n<p>S\u00e3o Paulo, 11 de agosto de 2020.<\/p>\n<p>Estimados irm\u00e3os e irm\u00e3s,<\/p>\n<p>Paz e Bem!<\/p>\n<p>Por ocasi\u00e3o das festividades de Santa Clara de Assis, primeira mulher a ingressar no movimento de Francisco, n\u00f3s, Frades Menores do Brasil, nos dirigimos a todas as pessoas que sonham com um mundo melhor, de paz, de justi\u00e7a e oportunidades para todos, nesse tempo de penosa pandemia. Clara e Francisco tiveram suas vidas transformadas a partir do encontro com o Senhor Excelso, Onipotente e Bom, encarnado no seio de Maria, peregrino sobre a terra. Juntos, n\u00e3o cessavam de cantar louvores ao Criador, adotando postura de total respeito e cuidado diante de cada bem da cria\u00e7\u00e3o.<\/p>\n<p>Na qualidade desta tradi\u00e7\u00e3o marcada pela rever\u00eancia e incondicional defesa da vida, \u00e9 com muita dor que testemunhamos cenas de descaso, destrui\u00e7\u00e3o e abandono deste dom t\u00e3o precioso que o Senhor nos concedeu. Em nosso ch\u00e3o brasileiro, mais de cem mil sorrisos se apagaram, mais de cem mil sonhos foram desfeitos e mais de cem mil fam\u00edlias foram profundamente feridas pela pandemia do novo Coronav\u00edrus. Manifestamos nossa total solidariedade a cada fam\u00edlia enlutada.<\/p>\n<p>Refor\u00e7amos, ainda, nosso compromisso pela defesa da vida. A austeridade e a pobreza assumidas por Francisco, Clara e tantas mulheres e homens ao longo dos tempos, p\u00f5em-nos ao lado de todos os que o atual sistema econ\u00f4mico despreza e descarta. Como se n\u00e3o bastassem os golpes que o novo coronav\u00edrus nos inflige, somos igualmente golpeados pelo preconceito racial, pela falta de cuidados para com as popula\u00e7\u00f5es ind\u00edgenas, pela viol\u00eancia contra as pessoas LGBTQIA+, pelo feminic\u00eddio e pelo descaso para com o meio ambiente, aliado \u00e0 destrui\u00e7\u00e3o dos biomas mais importantes do pa\u00eds.<\/p>\n<p>Manifestamos tamb\u00e9m nossa m\u00e1xima preocupa\u00e7\u00e3o com a escalada do desemprego. Em suas regras, Francisco e Clara insistiram no valor do trabalho. Na atual fase de nossa hist\u00f3ria, esse valor \u00e9 posto \u00e0 prova em nome dos interesses de um mercado que privilegia as grandes corpora\u00e7\u00f5es financeiras em detrimento do emprego e da garantia dos direitos b\u00e1sicos do ser humano.<\/p>\n<p>A exemplo de Clara, que nos alerta a n\u00e3o perdermos de vista nosso ponto de partida, desejamos voltar ao nosso primeiro amor, dedicando-nos ainda mais aos empobrecidos de nosso tempo. Com Francisco, queremos reconstruir a humanidade que subjaz sufocada pela gan\u00e2ncia desmedida e pela gritante desigualdade social e econ\u00f4mica.<\/p>\n<p>Nesse m\u00eas dedicado \u00e0s voca\u00e7\u00f5es, queremos cultivar o mesmo esp\u00edrito de louvor e gratid\u00e3o manifesto por Clara quando escreve: \u201centre outros benef\u00edcios que temos recebido e ainda recebemos diariamente [&#8230;] est\u00e1 a nossa voca\u00e7\u00e3o que, quanto maior e mais perfeita, mais a Ele \u00e9 devida\u201d (Testamento de Santa Clara, 2-3). Ela, que levou uma vida orante e isolada do conv\u00edvio do mundo a fim de discernir, a cada dia, os caminhos de Deus, ajude-nos, hoje, a aproveitarmos tamb\u00e9m este tempo de isolamento social para refletir sobre nossa vida, nossa voca\u00e7\u00e3o e miss\u00e3o neste mundo.<\/p>\n<p>Santa Clara ilumine nosso luto e inspire nossa luta!<\/p>\n<p><strong>Frei C\u00e9sar K\u00fclkamp, OFM<\/strong><br \/>\n<em>Presidente da CFMB<\/em><\/p>\n<p><strong>\u00a0<\/strong><strong>\u00a0Entidades que comp\u00f5em a Confer\u00eancia Ministros Provinciais do Brasil (CFMB)<\/strong><\/p>\n<p>\u2013 Cust\u00f3dia Franciscana das Sete Alegrias de Nossa Senhora<br \/>\n\u2013 Cust\u00f3dia Franciscana do Sagrado Cora\u00e7\u00e3o de Jesus<br \/>\n\u2013 Cust\u00f3dia S\u00e3o Benedito da Amaz\u00f4nia<br \/>\n\u2013 Prov\u00edncia do Sant\u00edssimo Nome de Jesus do Brasil<br \/>\n\u2013 Prov\u00edncia Franciscana da Imaculada Concei\u00e7\u00e3o do Brasil<br \/>\n\u2013 Prov\u00edncia Franciscana da Santa Cruz<br \/>\n\u2013 Prov\u00edncia Franciscana de Santo Ant\u00f4nio do Brasil<br \/>\n\u2013 Prov\u00edncia Franciscana de S\u00e3o Francisco de Assis<br \/>\n\u2013 Prov\u00edncia Franciscana Nossa Senhora da Assun\u00e7\u00e3o<\/p>\n<p>&nbsp;<\/p>\n","protected":false},"excerpt":{"rendered":"<p>Santa Clara ilumine nosso luto e inspire nossa luta!<\/p>\n","protected":false},"author":3,"featured_media":227770,"comment_status":"open","ping_status":"open","sticky":false,"template":"","format":"standard","meta":[],"categories":[1],"tags":[240],"acf":[],"yoast_head":"<!-- This site is optimized with the Yoast SEO plugin v19.2 - https:\/\/yoast.com\/wordpress\/plugins\/seo\/ -->\n<title>Frades Menores do Brasil celebram Santa Clara de Assis em solidariedade \u00e0s mais de cem mil v\u00edtimas da Covid-19 - Not\u00edcias - Franciscanos<\/title>\n<meta name=\"robots\" content=\"index, follow, max-snippet:-1, max-image-preview:large, max-video-preview:-1\" \/>\n<link rel=\"canonical\" href=\"https:\/\/franciscanos.org.br\/noticias\/frades-menores-do-brasil-celebram-santa-clara-de-assis-em-solidariedade-as-mais-de-cem-mil-vitimas-do-covid-19.html\" \/>\n<meta property=\"og:locale\" content=\"pt_BR\" \/>\n<meta property=\"og:type\" content=\"article\" \/>\n<meta property=\"og:title\" content=\"Frades Menores do Brasil celebram Santa Clara de Assis em solidariedade \u00e0s mais de cem mil v\u00edtimas da Covid-19 - Not\u00edcias - Franciscanos\" \/>\n<meta property=\"og:description\" content=\"Santa Clara ilumine nosso luto e inspire nossa luta!\" \/>\n<meta property=\"og:url\" content=\"https:\/\/franciscanos.org.br\/noticias\/frades-menores-do-brasil-celebram-santa-clara-de-assis-em-solidariedade-as-mais-de-cem-mil-vitimas-do-covid-19.html\" \/>\n<meta property=\"og:site_name\" content=\"Not\u00edcias - Franciscanos\" \/>\n<meta property=\"article:published_time\" content=\"2020-08-10T19:49:43+00:00\" \/>\n<meta property=\"article:modified_time\" content=\"2020-08-10T19:58:36+00:00\" \/>\n<meta property=\"og:image\" content=\"https:\/\/franciscanos.org.br\/noticias\/wp-content\/uploads\/2020\/08\/clara_01d.jpg\" \/>\n\t<meta property=\"og:image:width\" content=\"800\" \/>\n\t<meta property=\"og:image:height\" content=\"600\" \/>\n\t<meta property=\"og:image:type\" content=\"image\/jpeg\" \/>\n<meta name=\"author\" content=\"moacir\" \/>\n<meta name=\"twitter:card\" content=\"summary_large_image\" \/>\n<meta name=\"twitter:label1\" content=\"Escrito por\" \/>\n\t<meta name=\"twitter:data1\" content=\"moacir\" \/>\n\t<meta name=\"twitter:label2\" content=\"Est. tempo de leitura\" \/>\n\t<meta name=\"twitter:data2\" content=\"3 minutos\" \/>\n<script type=\"application\/ld+json\" class=\"yoast-schema-graph\">{\"@context\":\"https:\/\/schema.org\",\"@graph\":[{\"@type\":\"WebSite\",\"@id\":\"https:\/\/franciscanos.org.br\/noticias\/#website\",\"url\":\"https:\/\/franciscanos.org.br\/noticias\/\",\"name\":\"Not\u00edcias - Franciscanos\",\"description\":\"Prov\u00edncia Franciscana da Imaculada Concei\u00e7\u00e3o do Brasil - Ordem dos Frades Menores - OFM\",\"potentialAction\":[{\"@type\":\"SearchAction\",\"target\":{\"@type\":\"EntryPoint\",\"urlTemplate\":\"https:\/\/franciscanos.org.br\/noticias\/?s={search_term_string}\"},\"query-input\":\"required name=search_term_string\"}],\"inLanguage\":\"pt-BR\"},{\"@type\":\"ImageObject\",\"inLanguage\":\"pt-BR\",\"@id\":\"https:\/\/franciscanos.org.br\/noticias\/frades-menores-do-brasil-celebram-santa-clara-de-assis-em-solidariedade-as-mais-de-cem-mil-vitimas-do-covid-19.html#primaryimage\",\"url\":\"https:\/\/franciscanos.org.br\/noticias\/wp-content\/uploads\/2020\/08\/clara_01d.jpg\",\"contentUrl\":\"https:\/\/franciscanos.org.br\/noticias\/wp-content\/uploads\/2020\/08\/clara_01d.jpg\",\"width\":800,\"height\":600},{\"@type\":\"WebPage\",\"@id\":\"https:\/\/franciscanos.org.br\/noticias\/frades-menores-do-brasil-celebram-santa-clara-de-assis-em-solidariedade-as-mais-de-cem-mil-vitimas-do-covid-19.html#webpage\",\"url\":\"https:\/\/franciscanos.org.br\/noticias\/frades-menores-do-brasil-celebram-santa-clara-de-assis-em-solidariedade-as-mais-de-cem-mil-vitimas-do-covid-19.html\",\"name\":\"Frades Menores do Brasil celebram Santa Clara de Assis em solidariedade \u00e0s mais de cem mil v\u00edtimas da Covid-19 - Not\u00edcias - Franciscanos\",\"isPartOf\":{\"@id\":\"https:\/\/franciscanos.org.br\/noticias\/#website\"},\"primaryImageOfPage\":{\"@id\":\"https:\/\/franciscanos.org.br\/noticias\/frades-menores-do-brasil-celebram-santa-clara-de-assis-em-solidariedade-as-mais-de-cem-mil-vitimas-do-covid-19.html#primaryimage\"},\"datePublished\":\"2020-08-10T19:49:43+00:00\",\"dateModified\":\"2020-08-10T19:58:36+00:00\",\"author\":{\"@id\":\"https:\/\/franciscanos.org.br\/noticias\/#\/schema\/person\/b5c8cba458c330ccff548b056e95a5d4\"},\"breadcrumb\":{\"@id\":\"https:\/\/franciscanos.org.br\/noticias\/frades-menores-do-brasil-celebram-santa-clara-de-assis-em-solidariedade-as-mais-de-cem-mil-vitimas-do-covid-19.html#breadcrumb\"},\"inLanguage\":\"pt-BR\",\"potentialAction\":[{\"@type\":\"ReadAction\",\"target\":[\"https:\/\/franciscanos.org.br\/noticias\/frades-menores-do-brasil-celebram-santa-clara-de-assis-em-solidariedade-as-mais-de-cem-mil-vitimas-do-covid-19.html\"]}]},{\"@type\":\"BreadcrumbList\",\"@id\":\"https:\/\/franciscanos.org.br\/noticias\/frades-menores-do-brasil-celebram-santa-clara-de-assis-em-solidariedade-as-mais-de-cem-mil-vitimas-do-covid-19.html#breadcrumb\",\"itemListElement\":[{\"@type\":\"ListItem\",\"position\":1,\"name\":\"Home\",\"item\":\"https:\/\/franciscanos.org.br\/noticias\"},{\"@type\":\"ListItem\",\"position\":2,\"name\":\"Frades Menores do Brasil celebram Santa Clara de Assis em solidariedade \u00e0s mais de cem mil v\u00edtimas da Covid-19\"}]},{\"@type\":\"Person\",\"@id\":\"https:\/\/franciscanos.org.br\/noticias\/#\/schema\/person\/b5c8cba458c330ccff548b056e95a5d4\",\"name\":\"moacir\",\"image\":{\"@type\":\"ImageObject\",\"inLanguage\":\"pt-BR\",\"@id\":\"https:\/\/franciscanos.org.br\/noticias\/#\/schema\/person\/image\/\",\"url\":\"https:\/\/secure.gravatar.com\/avatar\/d08aa2ce4c8dd416d4479aa8536fcf64?s=96&d=mm&r=g\",\"contentUrl\":\"https:\/\/secure.gravatar.com\/avatar\/d08aa2ce4c8dd416d4479aa8536fcf64?s=96&d=mm&r=g\",\"caption\":\"moacir\"},\"url\":\"https:\/\/franciscanos.org.br\/noticias\/author\/moacir\"}]}<\/script>\n<!-- \/ Yoast SEO plugin. -->","yoast_head_json":{"title":"Frades Menores do Brasil celebram Santa Clara de Assis em solidariedade \u00e0s mais de cem mil v\u00edtimas da Covid-19 - Not\u00edcias - Franciscanos","robots":{"index":"index","follow":"follow","max-snippet":"max-snippet:-1","max-image-preview":"max-image-preview:large","max-video-preview":"max-video-preview:-1"},"canonical":"https:\/\/franciscanos.org.br\/noticias\/frades-menores-do-brasil-celebram-santa-clara-de-assis-em-solidariedade-as-mais-de-cem-mil-vitimas-do-covid-19.html","og_locale":"pt_BR","og_type":"article","og_title":"Frades Menores do Brasil celebram Santa Clara de Assis em solidariedade \u00e0s mais de cem mil v\u00edtimas da Covid-19 - Not\u00edcias - Franciscanos","og_description":"Santa Clara ilumine nosso luto e inspire nossa luta!","og_url":"https:\/\/franciscanos.org.br\/noticias\/frades-menores-do-brasil-celebram-santa-clara-de-assis-em-solidariedade-as-mais-de-cem-mil-vitimas-do-covid-19.html","og_site_name":"Not\u00edcias - Franciscanos","article_published_time":"2020-08-10T19:49:43+00:00","article_modified_time":"2020-08-10T19:58:36+00:00","og_image":[{"width":800,"height":600,"url":"https:\/\/franciscanos.org.br\/noticias\/wp-content\/uploads\/2020\/08\/clara_01d.jpg","type":"image\/jpeg"}],"author":"moacir","twitter_card":"summary_large_image","twitter_misc":{"Escrito por":"moacir","Est. tempo de leitura":"3 minutos"},"schema":{"@context":"https:\/\/schema.org","@graph":[{"@type":"WebSite","@id":"https:\/\/franciscanos.org.br\/noticias\/#website","url":"https:\/\/franciscanos.org.br\/noticias\/","name":"Not\u00edcias - Franciscanos","description":"Prov\u00edncia Franciscana da Imaculada Concei\u00e7\u00e3o do Brasil - Ordem dos Frades Menores - OFM","potentialAction":[{"@type":"SearchAction","target":{"@type":"EntryPoint","urlTemplate":"https:\/\/franciscanos.org.br\/noticias\/?s={search_term_string}"},"query-input":"required name=search_term_string"}],"inLanguage":"pt-BR"},{"@type":"ImageObject","inLanguage":"pt-BR","@id":"https:\/\/franciscanos.org.br\/noticias\/frades-menores-do-brasil-celebram-santa-clara-de-assis-em-solidariedade-as-mais-de-cem-mil-vitimas-do-covid-19.html#primaryimage","url":"https:\/\/franciscanos.org.br\/noticias\/wp-content\/uploads\/2020\/08\/clara_01d.jpg","contentUrl":"https:\/\/franciscanos.org.br\/noticias\/wp-content\/uploads\/2020\/08\/clara_01d.jpg","width":800,"height":600},{"@type":"WebPage","@id":"https:\/\/franciscanos.org.br\/noticias\/frades-menores-do-brasil-celebram-santa-clara-de-assis-em-solidariedade-as-mais-de-cem-mil-vitimas-do-covid-19.html#webpage","url":"https:\/\/franciscanos.org.br\/noticias\/frades-menores-do-brasil-celebram-santa-clara-de-assis-em-solidariedade-as-mais-de-cem-mil-vitimas-do-covid-19.html","name":"Frades Menores do Brasil celebram Santa Clara de Assis em solidariedade \u00e0s mais de cem mil v\u00edtimas da Covid-19 - Not\u00edcias - Franciscanos","isPartOf":{"@id":"https:\/\/franciscanos.org.br\/noticias\/#website"},"primaryImageOfPage":{"@id":"https:\/\/franciscanos.org.br\/noticias\/frades-menores-do-brasil-celebram-santa-clara-de-assis-em-solidariedade-as-mais-de-cem-mil-vitimas-do-covid-19.html#primaryimage"},"datePublished":"2020-08-10T19:49:43+00:00","dateModified":"2020-08-10T19:58:36+00:00","author":{"@id":"https:\/\/franciscanos.org.br\/noticias\/#\/schema\/person\/b5c8cba458c330ccff548b056e95a5d4"},"breadcrumb":{"@id":"https:\/\/franciscanos.org.br\/noticias\/frades-menores-do-brasil-celebram-santa-clara-de-assis-em-solidariedade-as-mais-de-cem-mil-vitimas-do-covid-19.html#breadcrumb"},"inLanguage":"pt-BR","potentialAction":[{"@type":"ReadAction","target":["https:\/\/franciscanos.org.br\/noticias\/frades-menores-do-brasil-celebram-santa-clara-de-assis-em-solidariedade-as-mais-de-cem-mil-vitimas-do-covid-19.html"]}]},{"@type":"BreadcrumbList","@id":"https:\/\/franciscanos.org.br\/noticias\/frades-menores-do-brasil-celebram-santa-clara-de-assis-em-solidariedade-as-mais-de-cem-mil-vitimas-do-covid-19.html#breadcrumb","itemListElement":[{"@type":"ListItem","position":1,"name":"Home","item":"https:\/\/franciscanos.org.br\/noticias"},{"@type":"ListItem","position":2,"name":"Frades Menores do Brasil celebram Santa Clara de Assis em solidariedade \u00e0s mais de cem mil v\u00edtimas da Covid-19"}]},{"@type":"Person","@id":"https:\/\/franciscanos.org.br\/noticias\/#\/schema\/person\/b5c8cba458c330ccff548b056e95a5d4","name":"moacir","image":{"@type":"ImageObject","inLanguage":"pt-BR","@id":"https:\/\/franciscanos.org.br\/noticias\/#\/schema\/person\/image\/","url":"https:\/\/secure.gravatar.com\/avatar\/d08aa2ce4c8dd416d4479aa8536fcf64?s=96&d=mm&r=g","contentUrl":"https:\/\/secure.gravatar.com\/avatar\/d08aa2ce4c8dd416d4479aa8536fcf64?s=96&d=mm&r=g","caption":"moacir"},"url":"https:\/\/franciscanos.org.br\/noticias\/author\/moacir"}]}},"_links":{"self":[{"href":"https:\/\/franciscanos.org.br\/noticias\/wp-json\/wp\/v2\/posts\/227768"}],"collection":[{"href":"https:\/\/franciscanos.org.br\/noticias\/wp-json\/wp\/v2\/posts"}],"about":[{"href":"https:\/\/franciscanos.org.br\/noticias\/wp-json\/wp\/v2\/types\/post"}],"author":[{"embeddable":true,"href":"https:\/\/franciscanos.org.br\/noticias\/wp-json\/wp\/v2\/users\/3"}],"replies":[{"embeddable":true,"href":"https:\/\/franciscanos.org.br\/noticias\/wp-json\/wp\/v2\/comments?post=227768"}],"version-history":[{"count":4,"href":"https:\/\/franciscanos.org.br\/noticias\/wp-json\/wp\/v2\/posts\/227768\/revisions"}],"predecessor-version":[{"id":227775,"href":"https:\/\/franciscanos.org.br\/noticias\/wp-json\/wp\/v2\/posts\/227768\/revisions\/227775"}],"wp:featuredmedia":[{"embeddable":true,"href":"https:\/\/franciscanos.org.br\/noticias\/wp-json\/wp\/v2\/media\/227770"}],"wp:attachment":[{"href":"https:\/\/franciscanos.org.br\/noticias\/wp-json\/wp\/v2\/media?parent=227768"}],"wp:term":[{"taxonomy":"category","embeddable":true,"href":"https:\/\/franciscanos.org.br\/noticias\/wp-json\/wp\/v2\/categories?post=227768"},{"taxonomy":"post_tag","embeddable":true,"href":"https:\/\/franciscanos.org.br\/noticias\/wp-json\/wp\/v2\/tags?post=227768"}],"curies":[{"name":"wp","href":"https:\/\/api.w.org\/{rel}","templated":true}]}}