{"id":227697,"date":"2020-08-10T13:35:07","date_gmt":"2020-08-10T16:35:07","guid":{"rendered":"https:\/\/franciscanos.org.br\/noticias\/?p=227697"},"modified":"2020-08-11T08:00:08","modified_gmt":"2020-08-11T11:00:08","slug":"mensagem-do-ministro-provincial-por-ocasiao-da-festa-de-santa-clara-de-assis","status":"publish","type":"post","link":"https:\/\/franciscanos.org.br\/noticias\/mensagem-do-ministro-provincial-por-ocasiao-da-festa-de-santa-clara-de-assis.html","title":{"rendered":"Mensagem do Ministro Provincial por ocasi\u00e3o da Festa de Santa Clara de Assis"},"content":{"rendered":"<p><img loading=\"lazy\" class=\"alignnone size-full wp-image-227698\" src=\"https:\/\/franciscanos.org.br\/noticias\/wp-content\/uploads\/2020\/08\/mensagem_ministro.png\" alt=\"\" width=\"1280\" height=\"720\" srcset=\"https:\/\/franciscanos.org.br\/noticias\/wp-content\/uploads\/2020\/08\/mensagem_ministro.png 1280w, https:\/\/franciscanos.org.br\/noticias\/wp-content\/uploads\/2020\/08\/mensagem_ministro-450x253.png 450w, https:\/\/franciscanos.org.br\/noticias\/wp-content\/uploads\/2020\/08\/mensagem_ministro-1024x576.png 1024w, https:\/\/franciscanos.org.br\/noticias\/wp-content\/uploads\/2020\/08\/mensagem_ministro-768x432.png 768w, https:\/\/franciscanos.org.br\/noticias\/wp-content\/uploads\/2020\/08\/mensagem_ministro-150x84.png 150w\" sizes=\"(max-width: 1280px) 100vw, 1280px\" \/><\/p>\n<p>&nbsp;<\/p>\n<p style=\"padding-left: 40px;\"><em>&#8211; Queridas Irm\u00e3s Clarissas, especialmente dos sete mosteiros que est\u00e3o no territ\u00f3rio de nossa Prov\u00edncia Franciscana da Imaculada Concei\u00e7\u00e3o do Brasil;<\/em><\/p>\n<p style=\"padding-left: 40px;\"><em>&#8211; Queridas irm\u00e3s religiosas franciscanas;<\/em><\/p>\n<p style=\"padding-left: 40px;\"><em>&#8211; Caros irm\u00e3s e irm\u00e3os da Ordem Franciscana Secular e da Jufra;<\/em><\/p>\n<p style=\"padding-left: 40px;\"><em>&#8211; Caros confrades, formandos e vocacionados de nossa Prov\u00edncia, de nossa Confer\u00eancia dos Frades Menores do Brasil e do Cone Sul e das demais obedi\u00eancias franciscanas;<\/em><\/p>\n<p style=\"padding-left: 40px;\"><em>&#8211; Demais irm\u00e3s e irm\u00e3os, colaboradores, jovens franciscanos, volunt\u00e1rios e participantes da nossa miss\u00e3o evangelizadora;<\/em><\/p>\n<p style=\"padding-left: 40px;\"><em>\u00a0a todos voc\u00eas, pe\u00e7o que o Senhor lhes d\u00ea a Sua Paz!<\/em><\/p>\n<p><iframe loading=\"lazy\" src=\"https:\/\/www.youtube.com\/embed\/n5WHfrK_PKc\" width=\"100%\" height=\"480\" frameborder=\"0\" allowfullscreen=\"allowfullscreen\"><span data-mce-type=\"bookmark\" style=\"display: inline-block; width: 0px; overflow: hidden; line-height: 0;\" class=\"mce_SELRES_start\">\ufeff<\/span><\/iframe><\/p>\n<p>Neste esp\u00edrito t\u00e3o espalhado de Fraternidade, celebramos mais uma solenidade de Santa Clara de Assis, nossa m\u00e3e na m\u00edstica de seguimento de Jesus, nos passos de S\u00e3o Francisco de Assis. Ela, certamente, foi a disc\u00edpula mais fiel deste carisma e se tornou uma fascinante inspira\u00e7\u00e3o para todo o movimento franciscano.<\/p>\n<p>Neste ano celebramos de forma diferente, ainda obrigados ao distanciamento necess\u00e1rio devido \u00e0 pandemia da Covid-19, t\u00e3o destrutiva e em crescente mortalidade, principalmente em nosso pa\u00eds.<\/p>\n<p>Nosso Ministro Geral, Frei Michael Perry, em sua carta de sauda\u00e7\u00e3o \u00e0s Irm\u00e3s Pobres de Santa Clara, usou um pensamento dela, pronunciado na vig\u00edlia do \u00faltimo Natal que passou em vida, no ano de 1252, \u201cquando, for\u00e7ada \u00e0 imobilidade por causa de sua grave doen\u00e7a, n\u00e3o p\u00f4de unir-se \u00e0s suas irm\u00e3s para celebrar o Natal do Senhor\u201d. Dizia ela:<em>\u00a0\u201c\u00d3 Senhor Deus, eis que fui deixada sozinha por ti neste local\u201d.<\/em><\/p>\n<p>Ele nos provoca a ver nesse suspiro, \u201co lamento de muitos nossos irm\u00e3os e irm\u00e3s, que amea\u00e7ados pela Covid-19, sofrem por causa do isolamento t\u00e3o angustiante para um cora\u00e7\u00e3o humano\u201d.<\/p>\n<p>Mas, assim como Clara n\u00e3o foi deixada por Deus na solid\u00e3o, e recebeu \u201ca consola\u00e7\u00e3o de escutar os hinos cantados pelos Frades na Bas\u00edlica de S. Francisco\u201d, assim tamb\u00e9m queremos renovar a f\u00e9 e a esperan\u00e7a de que o Pai n\u00e3o nos deixa s\u00f3s. Ele est\u00e1 conosco!<\/p>\n<p>Sim, Ele est\u00e1 conosco atrav\u00e9s da presen\u00e7a solid\u00e1ria de tantos irm\u00e3os e irm\u00e3s; est\u00e1 conosco atrav\u00e9s da ora\u00e7\u00e3o e da palavra do Papa Francisco que, aparentemente sozinho na Pra\u00e7a de S\u00e3o Pedro, abra\u00e7ou o mundo inteiro; est\u00e1 conosco no generoso e competente cuidado dos profissionais de sa\u00fade, das infinitas m\u00e3os que constroem proximidade com suas a\u00e7\u00f5es solid\u00e1rias, carregadas de amor ao pr\u00f3ximo, especialmente aos mais pobres e necessitados!<\/p>\n<p>Estes e tantos outros testemunhos nos levam a renovar nossa f\u00e9 na Provid\u00eancia de Deus!<\/p>\n<p>E somos animados tamb\u00e9m a construir uma nova humanidade durante e depois desta pandemia. O Ministro Geral, em sua carta, nos fala de um \u201cmundo, baseado n\u00e3o mais sobre o paradigma da globaliza\u00e7\u00e3o em n\u00edvel comercial ou cultural, mas sobre uma volta ao local e \u00e0 fam\u00edlia\u201d e, eu acrescento \u00e0s nossas comunidades de vida e de f\u00e9. Quem sabe a\u00ed podemos buscar a inspira\u00e7\u00e3o do sonho de Clara e de Francisco, para uma verdadeira fraternidade, mais inclusiva e solid\u00e1ria, e que possa enfrentar com criatividade os grandes dramas da economia e do mercado de trabalho, que como a doen\u00e7a e a morte, amea\u00e7am tristemente o nosso tempo em toda a parte.<\/p>\n<p>A solidariedade nos ajuda a abra\u00e7ar nossa verdadeira identidade de seres interconectados, que vivem numa casa comum, como pede o Papa Francisco<em>.<\/em><\/p>\n<p>E \u00e9 de Santa Clara tamb\u00e9m o convite feito \u00e0s suas irm\u00e3s, e que hoje nos consola e fortalece na coragem: \u201cN\u00e3o temais, pois se Deus est\u00e1 conosco, os inimigos n\u00e3o nos poder\u00e3o ofender. Confiai-vos a Nosso Senhor Jesus Cristo, Ele vos libertar\u00e1\u201d.<\/p>\n<p>Que as nossas preces a Deus encontrem a intercess\u00e3o de nossos pais Francisco e Clara para que a humanidade seja salva da \u201cpeste, da fome e da guerra\u201d, mas tamb\u00e9m do ego\u00edsmo, do \u00f3dio e do descaso!<\/p>\n<p>Neste ano celebramos Santa Clara um pouco diferente, sem tanta presen\u00e7a de fi\u00e9is e devotos e sem o ajuntamento que nos anima, mas celebramos, sim, Santa Clara e, com ela, pedimos ao Senhor que nos livre da solid\u00e3o e nos ajude a construir proximidade de cora\u00e7\u00e3o com Ele e com os irm\u00e3os e irm\u00e3s.<\/p>\n<p>Uma aben\u00e7oada festa de Santa Clara a todos voc\u00eas!<\/p>\n<p>Paz e Bem!<\/p>\n<p><strong>Frei C\u00e9sar K\u00fclkamp, ofm<\/strong><strong><br \/>\n<\/strong><em>Ministro Provincial<\/em><\/p>\n<p>&nbsp;<\/p>\n","protected":false},"excerpt":{"rendered":"<p>Prov\u00edncia Franciscana da Imaculada Concei\u00e7\u00e3o<\/p>\n","protected":false},"author":3,"featured_media":227699,"comment_status":"open","ping_status":"open","sticky":false,"template":"","format":"standard","meta":[],"categories":[1],"tags":[1179,1263],"acf":[],"yoast_head":"<!-- This site is optimized with the Yoast SEO plugin v19.2 - https:\/\/yoast.com\/wordpress\/plugins\/seo\/ -->\n<title>Mensagem do Ministro Provincial por ocasi\u00e3o da Festa de Santa Clara de Assis - Not\u00edcias - Franciscanos<\/title>\n<meta name=\"robots\" content=\"index, follow, max-snippet:-1, max-image-preview:large, max-video-preview:-1\" \/>\n<link rel=\"canonical\" href=\"https:\/\/franciscanos.org.br\/noticias\/mensagem-do-ministro-provincial-por-ocasiao-da-festa-de-santa-clara-de-assis.html\" \/>\n<meta property=\"og:locale\" content=\"pt_BR\" \/>\n<meta property=\"og:type\" content=\"article\" \/>\n<meta property=\"og:title\" content=\"Mensagem do Ministro Provincial por ocasi\u00e3o da Festa de Santa Clara de Assis - Not\u00edcias - Franciscanos\" \/>\n<meta property=\"og:description\" content=\"Prov\u00edncia Franciscana da Imaculada Concei\u00e7\u00e3o\" \/>\n<meta property=\"og:url\" content=\"https:\/\/franciscanos.org.br\/noticias\/mensagem-do-ministro-provincial-por-ocasiao-da-festa-de-santa-clara-de-assis.html\" \/>\n<meta property=\"og:site_name\" content=\"Not\u00edcias - Franciscanos\" \/>\n<meta property=\"article:published_time\" content=\"2020-08-10T16:35:07+00:00\" \/>\n<meta property=\"article:modified_time\" content=\"2020-08-11T11:00:08+00:00\" \/>\n<meta property=\"og:image\" content=\"https:\/\/franciscanos.org.br\/noticias\/wp-content\/uploads\/2020\/08\/ministro_10d.png\" \/>\n\t<meta property=\"og:image:width\" content=\"800\" \/>\n\t<meta property=\"og:image:height\" content=\"599\" \/>\n\t<meta property=\"og:image:type\" content=\"image\/png\" \/>\n<meta name=\"author\" content=\"moacir\" \/>\n<meta name=\"twitter:card\" content=\"summary_large_image\" \/>\n<meta name=\"twitter:label1\" content=\"Escrito por\" \/>\n\t<meta name=\"twitter:data1\" content=\"moacir\" \/>\n\t<meta name=\"twitter:label2\" content=\"Est. tempo de leitura\" \/>\n\t<meta name=\"twitter:data2\" content=\"4 minutos\" \/>\n<script type=\"application\/ld+json\" class=\"yoast-schema-graph\">{\"@context\":\"https:\/\/schema.org\",\"@graph\":[{\"@type\":\"WebSite\",\"@id\":\"https:\/\/franciscanos.org.br\/noticias\/#website\",\"url\":\"https:\/\/franciscanos.org.br\/noticias\/\",\"name\":\"Not\u00edcias - Franciscanos\",\"description\":\"Prov\u00edncia Franciscana da Imaculada Concei\u00e7\u00e3o do Brasil - Ordem dos Frades Menores - OFM\",\"potentialAction\":[{\"@type\":\"SearchAction\",\"target\":{\"@type\":\"EntryPoint\",\"urlTemplate\":\"https:\/\/franciscanos.org.br\/noticias\/?s={search_term_string}\"},\"query-input\":\"required name=search_term_string\"}],\"inLanguage\":\"pt-BR\"},{\"@type\":\"ImageObject\",\"inLanguage\":\"pt-BR\",\"@id\":\"https:\/\/franciscanos.org.br\/noticias\/mensagem-do-ministro-provincial-por-ocasiao-da-festa-de-santa-clara-de-assis.html#primaryimage\",\"url\":\"https:\/\/franciscanos.org.br\/noticias\/wp-content\/uploads\/2020\/08\/ministro_10d.png\",\"contentUrl\":\"https:\/\/franciscanos.org.br\/noticias\/wp-content\/uploads\/2020\/08\/ministro_10d.png\",\"width\":800,\"height\":599},{\"@type\":\"WebPage\",\"@id\":\"https:\/\/franciscanos.org.br\/noticias\/mensagem-do-ministro-provincial-por-ocasiao-da-festa-de-santa-clara-de-assis.html#webpage\",\"url\":\"https:\/\/franciscanos.org.br\/noticias\/mensagem-do-ministro-provincial-por-ocasiao-da-festa-de-santa-clara-de-assis.html\",\"name\":\"Mensagem do Ministro Provincial por ocasi\u00e3o da Festa de Santa Clara de Assis - Not\u00edcias - Franciscanos\",\"isPartOf\":{\"@id\":\"https:\/\/franciscanos.org.br\/noticias\/#website\"},\"primaryImageOfPage\":{\"@id\":\"https:\/\/franciscanos.org.br\/noticias\/mensagem-do-ministro-provincial-por-ocasiao-da-festa-de-santa-clara-de-assis.html#primaryimage\"},\"datePublished\":\"2020-08-10T16:35:07+00:00\",\"dateModified\":\"2020-08-11T11:00:08+00:00\",\"author\":{\"@id\":\"https:\/\/franciscanos.org.br\/noticias\/#\/schema\/person\/b5c8cba458c330ccff548b056e95a5d4\"},\"breadcrumb\":{\"@id\":\"https:\/\/franciscanos.org.br\/noticias\/mensagem-do-ministro-provincial-por-ocasiao-da-festa-de-santa-clara-de-assis.html#breadcrumb\"},\"inLanguage\":\"pt-BR\",\"potentialAction\":[{\"@type\":\"ReadAction\",\"target\":[\"https:\/\/franciscanos.org.br\/noticias\/mensagem-do-ministro-provincial-por-ocasiao-da-festa-de-santa-clara-de-assis.html\"]}]},{\"@type\":\"BreadcrumbList\",\"@id\":\"https:\/\/franciscanos.org.br\/noticias\/mensagem-do-ministro-provincial-por-ocasiao-da-festa-de-santa-clara-de-assis.html#breadcrumb\",\"itemListElement\":[{\"@type\":\"ListItem\",\"position\":1,\"name\":\"Home\",\"item\":\"https:\/\/franciscanos.org.br\/noticias\"},{\"@type\":\"ListItem\",\"position\":2,\"name\":\"Mensagem do Ministro Provincial por ocasi\u00e3o da Festa de Santa Clara de Assis\"}]},{\"@type\":\"Person\",\"@id\":\"https:\/\/franciscanos.org.br\/noticias\/#\/schema\/person\/b5c8cba458c330ccff548b056e95a5d4\",\"name\":\"moacir\",\"image\":{\"@type\":\"ImageObject\",\"inLanguage\":\"pt-BR\",\"@id\":\"https:\/\/franciscanos.org.br\/noticias\/#\/schema\/person\/image\/\",\"url\":\"https:\/\/secure.gravatar.com\/avatar\/d08aa2ce4c8dd416d4479aa8536fcf64?s=96&d=mm&r=g\",\"contentUrl\":\"https:\/\/secure.gravatar.com\/avatar\/d08aa2ce4c8dd416d4479aa8536fcf64?s=96&d=mm&r=g\",\"caption\":\"moacir\"},\"url\":\"https:\/\/franciscanos.org.br\/noticias\/author\/moacir\"}]}<\/script>\n<!-- \/ Yoast SEO plugin. -->","yoast_head_json":{"title":"Mensagem do Ministro Provincial por ocasi\u00e3o da Festa de Santa Clara de Assis - Not\u00edcias - Franciscanos","robots":{"index":"index","follow":"follow","max-snippet":"max-snippet:-1","max-image-preview":"max-image-preview:large","max-video-preview":"max-video-preview:-1"},"canonical":"https:\/\/franciscanos.org.br\/noticias\/mensagem-do-ministro-provincial-por-ocasiao-da-festa-de-santa-clara-de-assis.html","og_locale":"pt_BR","og_type":"article","og_title":"Mensagem do Ministro Provincial por ocasi\u00e3o da Festa de Santa Clara de Assis - Not\u00edcias - Franciscanos","og_description":"Prov\u00edncia Franciscana da Imaculada Concei\u00e7\u00e3o","og_url":"https:\/\/franciscanos.org.br\/noticias\/mensagem-do-ministro-provincial-por-ocasiao-da-festa-de-santa-clara-de-assis.html","og_site_name":"Not\u00edcias - Franciscanos","article_published_time":"2020-08-10T16:35:07+00:00","article_modified_time":"2020-08-11T11:00:08+00:00","og_image":[{"width":800,"height":599,"url":"https:\/\/franciscanos.org.br\/noticias\/wp-content\/uploads\/2020\/08\/ministro_10d.png","type":"image\/png"}],"author":"moacir","twitter_card":"summary_large_image","twitter_misc":{"Escrito por":"moacir","Est. tempo de leitura":"4 minutos"},"schema":{"@context":"https:\/\/schema.org","@graph":[{"@type":"WebSite","@id":"https:\/\/franciscanos.org.br\/noticias\/#website","url":"https:\/\/franciscanos.org.br\/noticias\/","name":"Not\u00edcias - Franciscanos","description":"Prov\u00edncia Franciscana da Imaculada Concei\u00e7\u00e3o do Brasil - Ordem dos Frades Menores - OFM","potentialAction":[{"@type":"SearchAction","target":{"@type":"EntryPoint","urlTemplate":"https:\/\/franciscanos.org.br\/noticias\/?s={search_term_string}"},"query-input":"required name=search_term_string"}],"inLanguage":"pt-BR"},{"@type":"ImageObject","inLanguage":"pt-BR","@id":"https:\/\/franciscanos.org.br\/noticias\/mensagem-do-ministro-provincial-por-ocasiao-da-festa-de-santa-clara-de-assis.html#primaryimage","url":"https:\/\/franciscanos.org.br\/noticias\/wp-content\/uploads\/2020\/08\/ministro_10d.png","contentUrl":"https:\/\/franciscanos.org.br\/noticias\/wp-content\/uploads\/2020\/08\/ministro_10d.png","width":800,"height":599},{"@type":"WebPage","@id":"https:\/\/franciscanos.org.br\/noticias\/mensagem-do-ministro-provincial-por-ocasiao-da-festa-de-santa-clara-de-assis.html#webpage","url":"https:\/\/franciscanos.org.br\/noticias\/mensagem-do-ministro-provincial-por-ocasiao-da-festa-de-santa-clara-de-assis.html","name":"Mensagem do Ministro Provincial por ocasi\u00e3o da Festa de Santa Clara de Assis - Not\u00edcias - Franciscanos","isPartOf":{"@id":"https:\/\/franciscanos.org.br\/noticias\/#website"},"primaryImageOfPage":{"@id":"https:\/\/franciscanos.org.br\/noticias\/mensagem-do-ministro-provincial-por-ocasiao-da-festa-de-santa-clara-de-assis.html#primaryimage"},"datePublished":"2020-08-10T16:35:07+00:00","dateModified":"2020-08-11T11:00:08+00:00","author":{"@id":"https:\/\/franciscanos.org.br\/noticias\/#\/schema\/person\/b5c8cba458c330ccff548b056e95a5d4"},"breadcrumb":{"@id":"https:\/\/franciscanos.org.br\/noticias\/mensagem-do-ministro-provincial-por-ocasiao-da-festa-de-santa-clara-de-assis.html#breadcrumb"},"inLanguage":"pt-BR","potentialAction":[{"@type":"ReadAction","target":["https:\/\/franciscanos.org.br\/noticias\/mensagem-do-ministro-provincial-por-ocasiao-da-festa-de-santa-clara-de-assis.html"]}]},{"@type":"BreadcrumbList","@id":"https:\/\/franciscanos.org.br\/noticias\/mensagem-do-ministro-provincial-por-ocasiao-da-festa-de-santa-clara-de-assis.html#breadcrumb","itemListElement":[{"@type":"ListItem","position":1,"name":"Home","item":"https:\/\/franciscanos.org.br\/noticias"},{"@type":"ListItem","position":2,"name":"Mensagem do Ministro Provincial por ocasi\u00e3o da Festa de Santa Clara de Assis"}]},{"@type":"Person","@id":"https:\/\/franciscanos.org.br\/noticias\/#\/schema\/person\/b5c8cba458c330ccff548b056e95a5d4","name":"moacir","image":{"@type":"ImageObject","inLanguage":"pt-BR","@id":"https:\/\/franciscanos.org.br\/noticias\/#\/schema\/person\/image\/","url":"https:\/\/secure.gravatar.com\/avatar\/d08aa2ce4c8dd416d4479aa8536fcf64?s=96&d=mm&r=g","contentUrl":"https:\/\/secure.gravatar.com\/avatar\/d08aa2ce4c8dd416d4479aa8536fcf64?s=96&d=mm&r=g","caption":"moacir"},"url":"https:\/\/franciscanos.org.br\/noticias\/author\/moacir"}]}},"_links":{"self":[{"href":"https:\/\/franciscanos.org.br\/noticias\/wp-json\/wp\/v2\/posts\/227697"}],"collection":[{"href":"https:\/\/franciscanos.org.br\/noticias\/wp-json\/wp\/v2\/posts"}],"about":[{"href":"https:\/\/franciscanos.org.br\/noticias\/wp-json\/wp\/v2\/types\/post"}],"author":[{"embeddable":true,"href":"https:\/\/franciscanos.org.br\/noticias\/wp-json\/wp\/v2\/users\/3"}],"replies":[{"embeddable":true,"href":"https:\/\/franciscanos.org.br\/noticias\/wp-json\/wp\/v2\/comments?post=227697"}],"version-history":[{"count":6,"href":"https:\/\/franciscanos.org.br\/noticias\/wp-json\/wp\/v2\/posts\/227697\/revisions"}],"predecessor-version":[{"id":227785,"href":"https:\/\/franciscanos.org.br\/noticias\/wp-json\/wp\/v2\/posts\/227697\/revisions\/227785"}],"wp:featuredmedia":[{"embeddable":true,"href":"https:\/\/franciscanos.org.br\/noticias\/wp-json\/wp\/v2\/media\/227699"}],"wp:attachment":[{"href":"https:\/\/franciscanos.org.br\/noticias\/wp-json\/wp\/v2\/media?parent=227697"}],"wp:term":[{"taxonomy":"category","embeddable":true,"href":"https:\/\/franciscanos.org.br\/noticias\/wp-json\/wp\/v2\/categories?post=227697"},{"taxonomy":"post_tag","embeddable":true,"href":"https:\/\/franciscanos.org.br\/noticias\/wp-json\/wp\/v2\/tags?post=227697"}],"curies":[{"name":"wp","href":"https:\/\/api.w.org\/{rel}","templated":true}]}}