{"id":227690,"date":"2020-08-10T10:24:35","date_gmt":"2020-08-10T13:24:35","guid":{"rendered":"https:\/\/franciscanos.org.br\/noticias\/?p=227690"},"modified":"2020-08-10T10:25:24","modified_gmt":"2020-08-10T13:25:24","slug":"frades-estudantes-do-tempo-de-filosofia-fazem-retiro-em-preparacao-para-a-renovacao-dos-votos","status":"publish","type":"post","link":"https:\/\/franciscanos.org.br\/noticias\/frades-estudantes-do-tempo-de-filosofia-fazem-retiro-em-preparacao-para-a-renovacao-dos-votos.html","title":{"rendered":"Frades Estudantes do tempo de Filosofia fazem Retiro em prepara\u00e7\u00e3o para a Renova\u00e7\u00e3o dos votos"},"content":{"rendered":"<p><img loading=\"lazy\" class=\"alignnone size-full wp-image-227691\" src=\"https:\/\/franciscanos.org.br\/noticias\/wp-content\/uploads\/2020\/08\/rondinha_retiro_1008.jpg\" alt=\"\" width=\"1250\" height=\"696\" srcset=\"https:\/\/franciscanos.org.br\/noticias\/wp-content\/uploads\/2020\/08\/rondinha_retiro_1008.jpg 1250w, https:\/\/franciscanos.org.br\/noticias\/wp-content\/uploads\/2020\/08\/rondinha_retiro_1008-450x251.jpg 450w, https:\/\/franciscanos.org.br\/noticias\/wp-content\/uploads\/2020\/08\/rondinha_retiro_1008-1024x570.jpg 1024w, https:\/\/franciscanos.org.br\/noticias\/wp-content\/uploads\/2020\/08\/rondinha_retiro_1008-768x428.jpg 768w, https:\/\/franciscanos.org.br\/noticias\/wp-content\/uploads\/2020\/08\/rondinha_retiro_1008-150x84.jpg 150w\" sizes=\"(max-width: 1250px) 100vw, 1250px\" \/><\/p>\n<p><strong>Frei Franklin Matheus da Costa<\/strong><\/p>\n<p><strong>Campo Largo (PR)<\/strong> \u2013 De 2 a 7 de agosto, os frades estudantes do tempo da Filosofia fizeram o Retiro Anual, que tem como objetivo a prepara\u00e7\u00e3o para a renova\u00e7\u00e3o dos votos de pobreza, obedi\u00eancia e castidade. Neste ano, esse momento preparat\u00f3rio na forma\u00e7\u00e3o do frade foi antecipado devido \u00e0s mudan\u00e7as nos calend\u00e1rios acad\u00eamicos. O Retiro, obedecendo os protocolos de sa\u00fade, aconteceu na Casa do Aspirantado S\u00e3o Jo\u00e3o XXIII das Irm\u00e3s Franciscanas de S\u00e3o Jos\u00e9, localizado no bairro Jardim Rondinha, e teve como pregadora a Irm\u00e3 Rosa Ada Morelli, IFSJ, mais conhecida como Irm\u00e3 Ada.<\/p>\n<p>A din\u00e2mica do retiro juntou \u00e0s palestras momentos de reflex\u00e3o e ora\u00e7\u00e3o. Nos tr\u00eas primeiros dias, Ir. Ada pegou como base as Fontes Franciscanas e fez uma bel\u00edssima reflex\u00e3o sobre as tr\u00eas primeiras admoesta\u00e7\u00f5es de S\u00e3o Francisco de Assis. A cada experi\u00eancia, era poss\u00edvel perceber a alegria, simplicidade e devo\u00e7\u00e3o com que as irm\u00e3s viviam e vivem sua voca\u00e7\u00e3o, seja nas palavras da pregadora seja no testemunhos de vida, trabalho e miss\u00e3o de cada religiosa de S\u00e3o Jos\u00e9. A Celebra\u00e7\u00e3o Eucar\u00edstica, na Capela do Aspirantado ou na Capela das Irm\u00e3s, encerrava cada dia de atividades. Ap\u00f3s o jantar, cada frade podia partilhar sua experi\u00eancia de retirante.<\/p>\n<p><img loading=\"lazy\" class=\"alignnone size-full wp-image-227692\" src=\"https:\/\/franciscanos.org.br\/noticias\/wp-content\/uploads\/2020\/08\/rondinha_retiro_1008_1.jpg\" alt=\"\" width=\"1280\" height=\"853\" srcset=\"https:\/\/franciscanos.org.br\/noticias\/wp-content\/uploads\/2020\/08\/rondinha_retiro_1008_1.jpg 1280w, https:\/\/franciscanos.org.br\/noticias\/wp-content\/uploads\/2020\/08\/rondinha_retiro_1008_1-450x300.jpg 450w, https:\/\/franciscanos.org.br\/noticias\/wp-content\/uploads\/2020\/08\/rondinha_retiro_1008_1-1024x682.jpg 1024w, https:\/\/franciscanos.org.br\/noticias\/wp-content\/uploads\/2020\/08\/rondinha_retiro_1008_1-768x512.jpg 768w, https:\/\/franciscanos.org.br\/noticias\/wp-content\/uploads\/2020\/08\/rondinha_retiro_1008_1-150x100.jpg 150w\" sizes=\"(max-width: 1280px) 100vw, 1280px\" \/><\/p>\n<p><strong>Momento Hist\u00f3rico e Cultural<\/strong><\/p>\n<p>No dia 6, festa da Transfigura\u00e7\u00e3o do Senhor, o arquiteto Mauro Antonietto marcou presen\u00e7a no evento. Foi ele que, junto com as Irm\u00e3s, planejou a constru\u00e7\u00e3o da Capela do Aspirantado. Mauro nasceu em Curitiba em 1959 e, ap\u00f3s seus estudos acad\u00eamicos, conheceu os frades do Convento Franciscano S\u00e3o Boaventura e come\u00e7ou seu aprofundamento dentro da Filosofia Pura, tendo como mestres, nos anos de 1987 a 1995, Frei Herm\u00f3genes Harada e Frei Bernardo Johannes. \u201cEu convivia aqui com as irm\u00e3s fazendo a capela durante o dia e, \u00e0 noite, estudava Filosofia com os freis\u201d, contou. O arquiteto falou do projeto, onde est\u00e3o presentes os tr\u00eas elementos fundamentais da espiritualidade franciscana: a Paix\u00e3o, a Eucaristia e a Encarna\u00e7\u00e3o. O arquiteto Mauro partilhou um pouco de suas experi\u00eancias profissionais e agradeceu imensamente a oportunidade de ter tido contato com os frades e com as irm\u00e3s.<\/p>\n<p><img loading=\"lazy\" class=\"alignnone size-full wp-image-227693\" src=\"https:\/\/franciscanos.org.br\/noticias\/wp-content\/uploads\/2020\/08\/rondinha_retiro_1008_2.jpg\" alt=\"\" width=\"1280\" height=\"854\" srcset=\"https:\/\/franciscanos.org.br\/noticias\/wp-content\/uploads\/2020\/08\/rondinha_retiro_1008_2.jpg 1280w, https:\/\/franciscanos.org.br\/noticias\/wp-content\/uploads\/2020\/08\/rondinha_retiro_1008_2-450x300.jpg 450w, https:\/\/franciscanos.org.br\/noticias\/wp-content\/uploads\/2020\/08\/rondinha_retiro_1008_2-1024x683.jpg 1024w, https:\/\/franciscanos.org.br\/noticias\/wp-content\/uploads\/2020\/08\/rondinha_retiro_1008_2-768x512.jpg 768w, https:\/\/franciscanos.org.br\/noticias\/wp-content\/uploads\/2020\/08\/rondinha_retiro_1008_2-150x100.jpg 150w\" sizes=\"(max-width: 1280px) 100vw, 1280px\" \/><\/p>\n","protected":false},"excerpt":{"rendered":"<p>Fraternidade de Rondinha<\/p>\n","protected":false},"author":3,"featured_media":227694,"comment_status":"open","ping_status":"open","sticky":false,"template":"","format":"standard","meta":[],"categories":[1],"tags":[1590],"acf":[],"yoast_head":"<!-- This site is optimized with the Yoast SEO plugin v19.2 - https:\/\/yoast.com\/wordpress\/plugins\/seo\/ -->\n<title>Frades Estudantes do tempo de Filosofia fazem Retiro em prepara\u00e7\u00e3o para a Renova\u00e7\u00e3o dos votos - Not\u00edcias - Franciscanos<\/title>\n<meta name=\"robots\" content=\"index, follow, max-snippet:-1, max-image-preview:large, max-video-preview:-1\" \/>\n<link rel=\"canonical\" href=\"https:\/\/franciscanos.org.br\/noticias\/frades-estudantes-do-tempo-de-filosofia-fazem-retiro-em-preparacao-para-a-renovacao-dos-votos.html\" \/>\n<meta property=\"og:locale\" content=\"pt_BR\" \/>\n<meta property=\"og:type\" content=\"article\" \/>\n<meta property=\"og:title\" content=\"Frades Estudantes do tempo de Filosofia fazem Retiro em prepara\u00e7\u00e3o para a Renova\u00e7\u00e3o dos votos - Not\u00edcias - Franciscanos\" \/>\n<meta property=\"og:description\" content=\"Fraternidade de Rondinha\" \/>\n<meta property=\"og:url\" content=\"https:\/\/franciscanos.org.br\/noticias\/frades-estudantes-do-tempo-de-filosofia-fazem-retiro-em-preparacao-para-a-renovacao-dos-votos.html\" \/>\n<meta property=\"og:site_name\" content=\"Not\u00edcias - Franciscanos\" \/>\n<meta property=\"article:published_time\" content=\"2020-08-10T13:24:35+00:00\" \/>\n<meta property=\"article:modified_time\" content=\"2020-08-10T13:25:24+00:00\" \/>\n<meta property=\"og:image\" content=\"https:\/\/franciscanos.org.br\/noticias\/wp-content\/uploads\/2020\/08\/rondinha_retiro_1008_1d.jpg\" \/>\n\t<meta property=\"og:image:width\" content=\"800\" \/>\n\t<meta property=\"og:image:height\" content=\"600\" \/>\n\t<meta property=\"og:image:type\" content=\"image\/jpeg\" \/>\n<meta name=\"author\" content=\"moacir\" \/>\n<meta name=\"twitter:card\" content=\"summary_large_image\" \/>\n<meta name=\"twitter:label1\" content=\"Escrito por\" \/>\n\t<meta name=\"twitter:data1\" content=\"moacir\" \/>\n\t<meta name=\"twitter:label2\" content=\"Est. tempo de leitura\" \/>\n\t<meta name=\"twitter:data2\" content=\"2 minutos\" \/>\n<script type=\"application\/ld+json\" class=\"yoast-schema-graph\">{\"@context\":\"https:\/\/schema.org\",\"@graph\":[{\"@type\":\"WebSite\",\"@id\":\"https:\/\/franciscanos.org.br\/noticias\/#website\",\"url\":\"https:\/\/franciscanos.org.br\/noticias\/\",\"name\":\"Not\u00edcias - Franciscanos\",\"description\":\"Prov\u00edncia Franciscana da Imaculada Concei\u00e7\u00e3o do Brasil - Ordem dos Frades Menores - OFM\",\"potentialAction\":[{\"@type\":\"SearchAction\",\"target\":{\"@type\":\"EntryPoint\",\"urlTemplate\":\"https:\/\/franciscanos.org.br\/noticias\/?s={search_term_string}\"},\"query-input\":\"required name=search_term_string\"}],\"inLanguage\":\"pt-BR\"},{\"@type\":\"ImageObject\",\"inLanguage\":\"pt-BR\",\"@id\":\"https:\/\/franciscanos.org.br\/noticias\/frades-estudantes-do-tempo-de-filosofia-fazem-retiro-em-preparacao-para-a-renovacao-dos-votos.html#primaryimage\",\"url\":\"https:\/\/franciscanos.org.br\/noticias\/wp-content\/uploads\/2020\/08\/rondinha_retiro_1008_1d.jpg\",\"contentUrl\":\"https:\/\/franciscanos.org.br\/noticias\/wp-content\/uploads\/2020\/08\/rondinha_retiro_1008_1d.jpg\",\"width\":800,\"height\":600},{\"@type\":\"WebPage\",\"@id\":\"https:\/\/franciscanos.org.br\/noticias\/frades-estudantes-do-tempo-de-filosofia-fazem-retiro-em-preparacao-para-a-renovacao-dos-votos.html#webpage\",\"url\":\"https:\/\/franciscanos.org.br\/noticias\/frades-estudantes-do-tempo-de-filosofia-fazem-retiro-em-preparacao-para-a-renovacao-dos-votos.html\",\"name\":\"Frades Estudantes do tempo de Filosofia fazem Retiro em prepara\u00e7\u00e3o para a Renova\u00e7\u00e3o dos votos - Not\u00edcias - Franciscanos\",\"isPartOf\":{\"@id\":\"https:\/\/franciscanos.org.br\/noticias\/#website\"},\"primaryImageOfPage\":{\"@id\":\"https:\/\/franciscanos.org.br\/noticias\/frades-estudantes-do-tempo-de-filosofia-fazem-retiro-em-preparacao-para-a-renovacao-dos-votos.html#primaryimage\"},\"datePublished\":\"2020-08-10T13:24:35+00:00\",\"dateModified\":\"2020-08-10T13:25:24+00:00\",\"author\":{\"@id\":\"https:\/\/franciscanos.org.br\/noticias\/#\/schema\/person\/b5c8cba458c330ccff548b056e95a5d4\"},\"breadcrumb\":{\"@id\":\"https:\/\/franciscanos.org.br\/noticias\/frades-estudantes-do-tempo-de-filosofia-fazem-retiro-em-preparacao-para-a-renovacao-dos-votos.html#breadcrumb\"},\"inLanguage\":\"pt-BR\",\"potentialAction\":[{\"@type\":\"ReadAction\",\"target\":[\"https:\/\/franciscanos.org.br\/noticias\/frades-estudantes-do-tempo-de-filosofia-fazem-retiro-em-preparacao-para-a-renovacao-dos-votos.html\"]}]},{\"@type\":\"BreadcrumbList\",\"@id\":\"https:\/\/franciscanos.org.br\/noticias\/frades-estudantes-do-tempo-de-filosofia-fazem-retiro-em-preparacao-para-a-renovacao-dos-votos.html#breadcrumb\",\"itemListElement\":[{\"@type\":\"ListItem\",\"position\":1,\"name\":\"Home\",\"item\":\"https:\/\/franciscanos.org.br\/noticias\"},{\"@type\":\"ListItem\",\"position\":2,\"name\":\"Frades Estudantes do tempo de Filosofia fazem Retiro em prepara\u00e7\u00e3o para a Renova\u00e7\u00e3o dos votos\"}]},{\"@type\":\"Person\",\"@id\":\"https:\/\/franciscanos.org.br\/noticias\/#\/schema\/person\/b5c8cba458c330ccff548b056e95a5d4\",\"name\":\"moacir\",\"image\":{\"@type\":\"ImageObject\",\"inLanguage\":\"pt-BR\",\"@id\":\"https:\/\/franciscanos.org.br\/noticias\/#\/schema\/person\/image\/\",\"url\":\"https:\/\/secure.gravatar.com\/avatar\/d08aa2ce4c8dd416d4479aa8536fcf64?s=96&d=mm&r=g\",\"contentUrl\":\"https:\/\/secure.gravatar.com\/avatar\/d08aa2ce4c8dd416d4479aa8536fcf64?s=96&d=mm&r=g\",\"caption\":\"moacir\"},\"url\":\"https:\/\/franciscanos.org.br\/noticias\/author\/moacir\"}]}<\/script>\n<!-- \/ Yoast SEO plugin. -->","yoast_head_json":{"title":"Frades Estudantes do tempo de Filosofia fazem Retiro em prepara\u00e7\u00e3o para a Renova\u00e7\u00e3o dos votos - Not\u00edcias - Franciscanos","robots":{"index":"index","follow":"follow","max-snippet":"max-snippet:-1","max-image-preview":"max-image-preview:large","max-video-preview":"max-video-preview:-1"},"canonical":"https:\/\/franciscanos.org.br\/noticias\/frades-estudantes-do-tempo-de-filosofia-fazem-retiro-em-preparacao-para-a-renovacao-dos-votos.html","og_locale":"pt_BR","og_type":"article","og_title":"Frades Estudantes do tempo de Filosofia fazem Retiro em prepara\u00e7\u00e3o para a Renova\u00e7\u00e3o dos votos - Not\u00edcias - Franciscanos","og_description":"Fraternidade de Rondinha","og_url":"https:\/\/franciscanos.org.br\/noticias\/frades-estudantes-do-tempo-de-filosofia-fazem-retiro-em-preparacao-para-a-renovacao-dos-votos.html","og_site_name":"Not\u00edcias - Franciscanos","article_published_time":"2020-08-10T13:24:35+00:00","article_modified_time":"2020-08-10T13:25:24+00:00","og_image":[{"width":800,"height":600,"url":"https:\/\/franciscanos.org.br\/noticias\/wp-content\/uploads\/2020\/08\/rondinha_retiro_1008_1d.jpg","type":"image\/jpeg"}],"author":"moacir","twitter_card":"summary_large_image","twitter_misc":{"Escrito por":"moacir","Est. tempo de leitura":"2 minutos"},"schema":{"@context":"https:\/\/schema.org","@graph":[{"@type":"WebSite","@id":"https:\/\/franciscanos.org.br\/noticias\/#website","url":"https:\/\/franciscanos.org.br\/noticias\/","name":"Not\u00edcias - Franciscanos","description":"Prov\u00edncia Franciscana da Imaculada Concei\u00e7\u00e3o do Brasil - Ordem dos Frades Menores - OFM","potentialAction":[{"@type":"SearchAction","target":{"@type":"EntryPoint","urlTemplate":"https:\/\/franciscanos.org.br\/noticias\/?s={search_term_string}"},"query-input":"required name=search_term_string"}],"inLanguage":"pt-BR"},{"@type":"ImageObject","inLanguage":"pt-BR","@id":"https:\/\/franciscanos.org.br\/noticias\/frades-estudantes-do-tempo-de-filosofia-fazem-retiro-em-preparacao-para-a-renovacao-dos-votos.html#primaryimage","url":"https:\/\/franciscanos.org.br\/noticias\/wp-content\/uploads\/2020\/08\/rondinha_retiro_1008_1d.jpg","contentUrl":"https:\/\/franciscanos.org.br\/noticias\/wp-content\/uploads\/2020\/08\/rondinha_retiro_1008_1d.jpg","width":800,"height":600},{"@type":"WebPage","@id":"https:\/\/franciscanos.org.br\/noticias\/frades-estudantes-do-tempo-de-filosofia-fazem-retiro-em-preparacao-para-a-renovacao-dos-votos.html#webpage","url":"https:\/\/franciscanos.org.br\/noticias\/frades-estudantes-do-tempo-de-filosofia-fazem-retiro-em-preparacao-para-a-renovacao-dos-votos.html","name":"Frades Estudantes do tempo de Filosofia fazem Retiro em prepara\u00e7\u00e3o para a Renova\u00e7\u00e3o dos votos - Not\u00edcias - Franciscanos","isPartOf":{"@id":"https:\/\/franciscanos.org.br\/noticias\/#website"},"primaryImageOfPage":{"@id":"https:\/\/franciscanos.org.br\/noticias\/frades-estudantes-do-tempo-de-filosofia-fazem-retiro-em-preparacao-para-a-renovacao-dos-votos.html#primaryimage"},"datePublished":"2020-08-10T13:24:35+00:00","dateModified":"2020-08-10T13:25:24+00:00","author":{"@id":"https:\/\/franciscanos.org.br\/noticias\/#\/schema\/person\/b5c8cba458c330ccff548b056e95a5d4"},"breadcrumb":{"@id":"https:\/\/franciscanos.org.br\/noticias\/frades-estudantes-do-tempo-de-filosofia-fazem-retiro-em-preparacao-para-a-renovacao-dos-votos.html#breadcrumb"},"inLanguage":"pt-BR","potentialAction":[{"@type":"ReadAction","target":["https:\/\/franciscanos.org.br\/noticias\/frades-estudantes-do-tempo-de-filosofia-fazem-retiro-em-preparacao-para-a-renovacao-dos-votos.html"]}]},{"@type":"BreadcrumbList","@id":"https:\/\/franciscanos.org.br\/noticias\/frades-estudantes-do-tempo-de-filosofia-fazem-retiro-em-preparacao-para-a-renovacao-dos-votos.html#breadcrumb","itemListElement":[{"@type":"ListItem","position":1,"name":"Home","item":"https:\/\/franciscanos.org.br\/noticias"},{"@type":"ListItem","position":2,"name":"Frades Estudantes do tempo de Filosofia fazem Retiro em prepara\u00e7\u00e3o para a Renova\u00e7\u00e3o dos votos"}]},{"@type":"Person","@id":"https:\/\/franciscanos.org.br\/noticias\/#\/schema\/person\/b5c8cba458c330ccff548b056e95a5d4","name":"moacir","image":{"@type":"ImageObject","inLanguage":"pt-BR","@id":"https:\/\/franciscanos.org.br\/noticias\/#\/schema\/person\/image\/","url":"https:\/\/secure.gravatar.com\/avatar\/d08aa2ce4c8dd416d4479aa8536fcf64?s=96&d=mm&r=g","contentUrl":"https:\/\/secure.gravatar.com\/avatar\/d08aa2ce4c8dd416d4479aa8536fcf64?s=96&d=mm&r=g","caption":"moacir"},"url":"https:\/\/franciscanos.org.br\/noticias\/author\/moacir"}]}},"_links":{"self":[{"href":"https:\/\/franciscanos.org.br\/noticias\/wp-json\/wp\/v2\/posts\/227690"}],"collection":[{"href":"https:\/\/franciscanos.org.br\/noticias\/wp-json\/wp\/v2\/posts"}],"about":[{"href":"https:\/\/franciscanos.org.br\/noticias\/wp-json\/wp\/v2\/types\/post"}],"author":[{"embeddable":true,"href":"https:\/\/franciscanos.org.br\/noticias\/wp-json\/wp\/v2\/users\/3"}],"replies":[{"embeddable":true,"href":"https:\/\/franciscanos.org.br\/noticias\/wp-json\/wp\/v2\/comments?post=227690"}],"version-history":[{"count":2,"href":"https:\/\/franciscanos.org.br\/noticias\/wp-json\/wp\/v2\/posts\/227690\/revisions"}],"predecessor-version":[{"id":227696,"href":"https:\/\/franciscanos.org.br\/noticias\/wp-json\/wp\/v2\/posts\/227690\/revisions\/227696"}],"wp:featuredmedia":[{"embeddable":true,"href":"https:\/\/franciscanos.org.br\/noticias\/wp-json\/wp\/v2\/media\/227694"}],"wp:attachment":[{"href":"https:\/\/franciscanos.org.br\/noticias\/wp-json\/wp\/v2\/media?parent=227690"}],"wp:term":[{"taxonomy":"category","embeddable":true,"href":"https:\/\/franciscanos.org.br\/noticias\/wp-json\/wp\/v2\/categories?post=227690"},{"taxonomy":"post_tag","embeddable":true,"href":"https:\/\/franciscanos.org.br\/noticias\/wp-json\/wp\/v2\/tags?post=227690"}],"curies":[{"name":"wp","href":"https:\/\/api.w.org\/{rel}","templated":true}]}}