{"id":227681,"date":"2020-08-09T08:05:48","date_gmt":"2020-08-09T11:05:48","guid":{"rendered":"https:\/\/franciscanos.org.br\/noticias\/?p=227681"},"modified":"2021-08-29T10:52:11","modified_gmt":"2021-08-29T13:52:11","slug":"papa-jesus-e-a-mao-do-pai-que-nunca-nos-abandona","status":"publish","type":"post","link":"https:\/\/franciscanos.org.br\/noticias\/papa-jesus-e-a-mao-do-pai-que-nunca-nos-abandona.html","title":{"rendered":"Papa: Jesus \u00e9 a m\u00e3o do Pai que nunca nos abandona"},"content":{"rendered":"<div id=\"attachment_227682\" style=\"width: 1010px\" class=\"wp-caption alignnone\"><img aria-describedby=\"caption-attachment-227682\" loading=\"lazy\" class=\"wp-image-227682 size-full\" src=\"https:\/\/franciscanos.org.br\/noticias\/wp-content\/uploads\/2020\/08\/angelus_0908.jpg\" alt=\"\" width=\"1000\" height=\"563\" srcset=\"https:\/\/franciscanos.org.br\/noticias\/wp-content\/uploads\/2020\/08\/angelus_0908.jpg 1000w, https:\/\/franciscanos.org.br\/noticias\/wp-content\/uploads\/2020\/08\/angelus_0908-450x253.jpg 450w, https:\/\/franciscanos.org.br\/noticias\/wp-content\/uploads\/2020\/08\/angelus_0908-768x432.jpg 768w, https:\/\/franciscanos.org.br\/noticias\/wp-content\/uploads\/2020\/08\/angelus_0908-150x84.jpg 150w\" sizes=\"(max-width: 1000px) 100vw, 1000px\" \/><p id=\"caption-attachment-227682\" class=\"wp-caption-text\">\u00a0 \u00a0 \u00a0 \u00a0 \u00a0 \u00a0 \u00a0 \u00a0 \u00a0 \u00a0 \u00a0 \u00a0 \u00a0 \u00a0 \u00a0 \u00a0 \u00a0 \u00a0 \u00a0 \u00a0 \u00a0 \u00a0 \u00a0 \u00a0 \u00a0 \u00a0 \u00a0 \u00a0 \u00a0 \u00a0 \u00a0 \u00a0 \u00a0 \u00a0 \u00a0 \u00a0 \u00a0 \u00a0 \u00a0 \u00a0 \u00a0 \u00a0 \u00a0 \u00a0 \u00a0 \u00a0 \u00a0 <em>\u00a0 \u00a0 \u00a0Imagem: Vatican Media<\/em><\/p><\/div>\n<p>Confira a \u00edntegra da alocu\u00e7\u00e3o do Papa Francisco que precedeu a ora\u00e7\u00e3o mariana do Angelus neste domingo (9).<br \/>\nQueridos irm\u00e3os e irm\u00e3s, bom dia!<\/p>\n<p>A passagem do Evangelho deste domingo (cf. Mt 14,22-33) narra Jesus que caminha sobre a \u00e1gua do lago durante uma tempestade. Depois de alimentar as multid\u00f5es com cinco p\u00e3es e dois peixes &#8211; como vimos no domingo passado &#8211; Jesus ordena aos disc\u00edpulos que subam na barca e regressem \u00e0 outra margem. Ele se despede das pessoas e depois sobe na colina, sozinho, para rezar. Ele mergulha na comunh\u00e3o com o Pai.<\/p>\n<p>Durante a travessia noturna do lago, a barca dos disc\u00edpulos fica bloqueada por uma s\u00fabita tempestade de vento. A uma certa altura, eles veem algu\u00e9m que caminha sobre a \u00e1gua na sua dire\u00e7\u00e3o. Assustados, pensam que seja um fantasma e gritam de medo. Jesus tranquiliza: &#8216;Coragem! Sou eu. N\u00e3o tenhais medo!&#8217;. Pedro, ent\u00e3o, responde: &#8216;Senhor, se \u00e9s tu, manda-me ir ao teu encontro,caminhando sobre a \u00e1gua.&#8217;. E Jesus lhe diz: &#8220;Vem!&#8221;. Pedro sai da barca e d\u00e1 alguns passos; depois o vento e as ondas assustam ele, que come\u00e7a a afundar. &#8220;Senhor, salva-me!&#8221; grita ele, e Jesus o agarra pela m\u00e3o e diz: &#8216;Homem fraco na f\u00e9, por que duvidaste?&#8217;.<\/p>\n<p>Esse relato \u00e9 um convite a nos abandonarmos com confian\u00e7a a Deus em cada momento da nossa vida, especialmente na hora da prova\u00e7\u00e3o e da perturba\u00e7\u00e3o. Quando sentimos forte a d\u00favida e o medo, e parece que afundamos, n\u00e3o devemos ter vergonha de gritar, como Pedro: &#8220;Senhor, salva-me! (v. 30). \u00c9 uma bela ora\u00e7\u00e3o! E o gesto de Jesus, que imediatamente estende a sua m\u00e3o e agarra aquela do seu amigo, deve ser longamente contemplado: Jesus \u00e9 isso, \u00e9 a m\u00e3o do Pai que nunca nos abandona; a m\u00e3o forte e fiel do Pai, que sempre e s\u00f3 quer o nosso bem.<\/p>\n<p>Deus n\u00e3o \u00e9 o furac\u00e3o, o fogo, o terramoto \u2013 como recorda hoje tamb\u00e9m o relato do profeta Elias -; Deus \u00e9 a brisa leve que n\u00e3o se imp\u00f5e mas que nos pede para ouvir (cf. 1 Reis 19,11-13). Ter f\u00e9 significa, em meio \u00e0 tempestade, manter o pr\u00f3prio cora\u00e7\u00e3o voltado para Deus, para o seu amor, para a sua ternura de Pai. Jesus queria ensinar isso a Pedro e sos disc\u00edpulos, e tamb\u00e9m a n\u00f3s hoje. Ele sabe bem que a nossa f\u00e9 \u00e9 pobre e que o nosso caminho pode ser perturbado, bloqueado por for\u00e7as adversas. Mas Ele \u00e9 o Ressuscitado, o Senhor que passou pela morte para nos levar para um lugar seguro. Mesmo antes de O come\u00e7armos a procurar, Ele est\u00e1 presente ao nosso lado. E \u00e0 medida que nos erguemos das nossas quedas, Ele nos faz crescer na f\u00e9.<\/p>\n<p>A barca \u00e0 merc\u00ea da tempestade \u00e9 a imagem da Igreja, que em todas as \u00e9pocas encontra ventos contr\u00e1rios, \u00e0s vezes com provas muito duras: pensemos a certas persegui\u00e7\u00f5es longas e ferozes do s\u00e9culo passado. Nesses tempos, pode existir a tenta\u00e7\u00e3o de pensar que Deus o abandonou. Mas, na realidade, \u00e9 precisamente nesses momentos que resplandece ainda mais o testemunho da f\u00e9, do amor e da esperan\u00e7a. \u00c9 a presen\u00e7a de Cristo Ressuscitado na sua Igreja que d\u00e1 a gra\u00e7a de testemunhar at\u00e9 o mart\u00edrio, do qual brotam novos crist\u00e3os e frutos de reconcilia\u00e7\u00e3o e paz para todo o mundo.<\/p>\n<p>Que a intercess\u00e3o de Maria Sant\u00edssima nos ajude a perseverar na f\u00e9 e no amor fraterno, quando as trevas e as tempestades da vida questionam a nossa confian\u00e7a em Deus.<\/p>\n<hr \/>\n<p><em>Fonte: Vatican News (foto e texto)<\/em><\/p>\n","protected":false},"excerpt":{"rendered":"<p>Angelus<\/p>\n","protected":false},"author":3,"featured_media":227683,"comment_status":"open","ping_status":"open","sticky":false,"template":"","format":"standard","meta":[],"categories":[1428],"tags":[403],"acf":[],"yoast_head":"<!-- This site is optimized with the Yoast SEO plugin v19.2 - https:\/\/yoast.com\/wordpress\/plugins\/seo\/ -->\n<title>Papa: Jesus \u00e9 a m\u00e3o do Pai que nunca nos abandona - Not\u00edcias - Franciscanos<\/title>\n<meta name=\"robots\" content=\"index, follow, max-snippet:-1, max-image-preview:large, max-video-preview:-1\" \/>\n<link rel=\"canonical\" href=\"https:\/\/franciscanos.org.br\/noticias\/papa-jesus-e-a-mao-do-pai-que-nunca-nos-abandona.html\" \/>\n<meta property=\"og:locale\" content=\"pt_BR\" \/>\n<meta property=\"og:type\" content=\"article\" \/>\n<meta property=\"og:title\" content=\"Papa: Jesus \u00e9 a m\u00e3o do Pai que nunca nos abandona - Not\u00edcias - Franciscanos\" \/>\n<meta property=\"og:description\" content=\"Angelus\" \/>\n<meta property=\"og:url\" content=\"https:\/\/franciscanos.org.br\/noticias\/papa-jesus-e-a-mao-do-pai-que-nunca-nos-abandona.html\" \/>\n<meta property=\"og:site_name\" content=\"Not\u00edcias - Franciscanos\" \/>\n<meta property=\"article:published_time\" content=\"2020-08-09T11:05:48+00:00\" \/>\n<meta property=\"article:modified_time\" content=\"2021-08-29T13:52:11+00:00\" \/>\n<meta property=\"og:image\" content=\"https:\/\/franciscanos.org.br\/noticias\/wp-content\/uploads\/2020\/08\/angelus_0908d.jpg\" \/>\n\t<meta property=\"og:image:width\" content=\"800\" \/>\n\t<meta property=\"og:image:height\" content=\"601\" \/>\n\t<meta property=\"og:image:type\" content=\"image\/jpeg\" \/>\n<meta name=\"author\" content=\"moacir\" \/>\n<meta name=\"twitter:card\" content=\"summary_large_image\" \/>\n<meta name=\"twitter:label1\" content=\"Escrito por\" \/>\n\t<meta name=\"twitter:data1\" content=\"moacir\" \/>\n\t<meta name=\"twitter:label2\" content=\"Est. tempo de leitura\" \/>\n\t<meta name=\"twitter:data2\" content=\"3 minutos\" \/>\n<script type=\"application\/ld+json\" class=\"yoast-schema-graph\">{\"@context\":\"https:\/\/schema.org\",\"@graph\":[{\"@type\":\"WebSite\",\"@id\":\"https:\/\/franciscanos.org.br\/noticias\/#website\",\"url\":\"https:\/\/franciscanos.org.br\/noticias\/\",\"name\":\"Not\u00edcias - Franciscanos\",\"description\":\"Prov\u00edncia Franciscana da Imaculada Concei\u00e7\u00e3o do Brasil - Ordem dos Frades Menores - OFM\",\"potentialAction\":[{\"@type\":\"SearchAction\",\"target\":{\"@type\":\"EntryPoint\",\"urlTemplate\":\"https:\/\/franciscanos.org.br\/noticias\/?s={search_term_string}\"},\"query-input\":\"required name=search_term_string\"}],\"inLanguage\":\"pt-BR\"},{\"@type\":\"ImageObject\",\"inLanguage\":\"pt-BR\",\"@id\":\"https:\/\/franciscanos.org.br\/noticias\/papa-jesus-e-a-mao-do-pai-que-nunca-nos-abandona.html#primaryimage\",\"url\":\"https:\/\/franciscanos.org.br\/noticias\/wp-content\/uploads\/2020\/08\/angelus_0908d.jpg\",\"contentUrl\":\"https:\/\/franciscanos.org.br\/noticias\/wp-content\/uploads\/2020\/08\/angelus_0908d.jpg\",\"width\":800,\"height\":601},{\"@type\":\"WebPage\",\"@id\":\"https:\/\/franciscanos.org.br\/noticias\/papa-jesus-e-a-mao-do-pai-que-nunca-nos-abandona.html#webpage\",\"url\":\"https:\/\/franciscanos.org.br\/noticias\/papa-jesus-e-a-mao-do-pai-que-nunca-nos-abandona.html\",\"name\":\"Papa: Jesus \u00e9 a m\u00e3o do Pai que nunca nos abandona - Not\u00edcias - Franciscanos\",\"isPartOf\":{\"@id\":\"https:\/\/franciscanos.org.br\/noticias\/#website\"},\"primaryImageOfPage\":{\"@id\":\"https:\/\/franciscanos.org.br\/noticias\/papa-jesus-e-a-mao-do-pai-que-nunca-nos-abandona.html#primaryimage\"},\"datePublished\":\"2020-08-09T11:05:48+00:00\",\"dateModified\":\"2021-08-29T13:52:11+00:00\",\"author\":{\"@id\":\"https:\/\/franciscanos.org.br\/noticias\/#\/schema\/person\/b5c8cba458c330ccff548b056e95a5d4\"},\"breadcrumb\":{\"@id\":\"https:\/\/franciscanos.org.br\/noticias\/papa-jesus-e-a-mao-do-pai-que-nunca-nos-abandona.html#breadcrumb\"},\"inLanguage\":\"pt-BR\",\"potentialAction\":[{\"@type\":\"ReadAction\",\"target\":[\"https:\/\/franciscanos.org.br\/noticias\/papa-jesus-e-a-mao-do-pai-que-nunca-nos-abandona.html\"]}]},{\"@type\":\"BreadcrumbList\",\"@id\":\"https:\/\/franciscanos.org.br\/noticias\/papa-jesus-e-a-mao-do-pai-que-nunca-nos-abandona.html#breadcrumb\",\"itemListElement\":[{\"@type\":\"ListItem\",\"position\":1,\"name\":\"Home\",\"item\":\"https:\/\/franciscanos.org.br\/noticias\"},{\"@type\":\"ListItem\",\"position\":2,\"name\":\"Papa: Jesus \u00e9 a m\u00e3o do Pai que nunca nos abandona\"}]},{\"@type\":\"Person\",\"@id\":\"https:\/\/franciscanos.org.br\/noticias\/#\/schema\/person\/b5c8cba458c330ccff548b056e95a5d4\",\"name\":\"moacir\",\"image\":{\"@type\":\"ImageObject\",\"inLanguage\":\"pt-BR\",\"@id\":\"https:\/\/franciscanos.org.br\/noticias\/#\/schema\/person\/image\/\",\"url\":\"https:\/\/secure.gravatar.com\/avatar\/d08aa2ce4c8dd416d4479aa8536fcf64?s=96&d=mm&r=g\",\"contentUrl\":\"https:\/\/secure.gravatar.com\/avatar\/d08aa2ce4c8dd416d4479aa8536fcf64?s=96&d=mm&r=g\",\"caption\":\"moacir\"},\"url\":\"https:\/\/franciscanos.org.br\/noticias\/author\/moacir\"}]}<\/script>\n<!-- \/ Yoast SEO plugin. -->","yoast_head_json":{"title":"Papa: Jesus \u00e9 a m\u00e3o do Pai que nunca nos abandona - Not\u00edcias - Franciscanos","robots":{"index":"index","follow":"follow","max-snippet":"max-snippet:-1","max-image-preview":"max-image-preview:large","max-video-preview":"max-video-preview:-1"},"canonical":"https:\/\/franciscanos.org.br\/noticias\/papa-jesus-e-a-mao-do-pai-que-nunca-nos-abandona.html","og_locale":"pt_BR","og_type":"article","og_title":"Papa: Jesus \u00e9 a m\u00e3o do Pai que nunca nos abandona - Not\u00edcias - Franciscanos","og_description":"Angelus","og_url":"https:\/\/franciscanos.org.br\/noticias\/papa-jesus-e-a-mao-do-pai-que-nunca-nos-abandona.html","og_site_name":"Not\u00edcias - Franciscanos","article_published_time":"2020-08-09T11:05:48+00:00","article_modified_time":"2021-08-29T13:52:11+00:00","og_image":[{"width":800,"height":601,"url":"https:\/\/franciscanos.org.br\/noticias\/wp-content\/uploads\/2020\/08\/angelus_0908d.jpg","type":"image\/jpeg"}],"author":"moacir","twitter_card":"summary_large_image","twitter_misc":{"Escrito por":"moacir","Est. tempo de leitura":"3 minutos"},"schema":{"@context":"https:\/\/schema.org","@graph":[{"@type":"WebSite","@id":"https:\/\/franciscanos.org.br\/noticias\/#website","url":"https:\/\/franciscanos.org.br\/noticias\/","name":"Not\u00edcias - Franciscanos","description":"Prov\u00edncia Franciscana da Imaculada Concei\u00e7\u00e3o do Brasil - Ordem dos Frades Menores - OFM","potentialAction":[{"@type":"SearchAction","target":{"@type":"EntryPoint","urlTemplate":"https:\/\/franciscanos.org.br\/noticias\/?s={search_term_string}"},"query-input":"required name=search_term_string"}],"inLanguage":"pt-BR"},{"@type":"ImageObject","inLanguage":"pt-BR","@id":"https:\/\/franciscanos.org.br\/noticias\/papa-jesus-e-a-mao-do-pai-que-nunca-nos-abandona.html#primaryimage","url":"https:\/\/franciscanos.org.br\/noticias\/wp-content\/uploads\/2020\/08\/angelus_0908d.jpg","contentUrl":"https:\/\/franciscanos.org.br\/noticias\/wp-content\/uploads\/2020\/08\/angelus_0908d.jpg","width":800,"height":601},{"@type":"WebPage","@id":"https:\/\/franciscanos.org.br\/noticias\/papa-jesus-e-a-mao-do-pai-que-nunca-nos-abandona.html#webpage","url":"https:\/\/franciscanos.org.br\/noticias\/papa-jesus-e-a-mao-do-pai-que-nunca-nos-abandona.html","name":"Papa: Jesus \u00e9 a m\u00e3o do Pai que nunca nos abandona - Not\u00edcias - Franciscanos","isPartOf":{"@id":"https:\/\/franciscanos.org.br\/noticias\/#website"},"primaryImageOfPage":{"@id":"https:\/\/franciscanos.org.br\/noticias\/papa-jesus-e-a-mao-do-pai-que-nunca-nos-abandona.html#primaryimage"},"datePublished":"2020-08-09T11:05:48+00:00","dateModified":"2021-08-29T13:52:11+00:00","author":{"@id":"https:\/\/franciscanos.org.br\/noticias\/#\/schema\/person\/b5c8cba458c330ccff548b056e95a5d4"},"breadcrumb":{"@id":"https:\/\/franciscanos.org.br\/noticias\/papa-jesus-e-a-mao-do-pai-que-nunca-nos-abandona.html#breadcrumb"},"inLanguage":"pt-BR","potentialAction":[{"@type":"ReadAction","target":["https:\/\/franciscanos.org.br\/noticias\/papa-jesus-e-a-mao-do-pai-que-nunca-nos-abandona.html"]}]},{"@type":"BreadcrumbList","@id":"https:\/\/franciscanos.org.br\/noticias\/papa-jesus-e-a-mao-do-pai-que-nunca-nos-abandona.html#breadcrumb","itemListElement":[{"@type":"ListItem","position":1,"name":"Home","item":"https:\/\/franciscanos.org.br\/noticias"},{"@type":"ListItem","position":2,"name":"Papa: Jesus \u00e9 a m\u00e3o do Pai que nunca nos abandona"}]},{"@type":"Person","@id":"https:\/\/franciscanos.org.br\/noticias\/#\/schema\/person\/b5c8cba458c330ccff548b056e95a5d4","name":"moacir","image":{"@type":"ImageObject","inLanguage":"pt-BR","@id":"https:\/\/franciscanos.org.br\/noticias\/#\/schema\/person\/image\/","url":"https:\/\/secure.gravatar.com\/avatar\/d08aa2ce4c8dd416d4479aa8536fcf64?s=96&d=mm&r=g","contentUrl":"https:\/\/secure.gravatar.com\/avatar\/d08aa2ce4c8dd416d4479aa8536fcf64?s=96&d=mm&r=g","caption":"moacir"},"url":"https:\/\/franciscanos.org.br\/noticias\/author\/moacir"}]}},"_links":{"self":[{"href":"https:\/\/franciscanos.org.br\/noticias\/wp-json\/wp\/v2\/posts\/227681"}],"collection":[{"href":"https:\/\/franciscanos.org.br\/noticias\/wp-json\/wp\/v2\/posts"}],"about":[{"href":"https:\/\/franciscanos.org.br\/noticias\/wp-json\/wp\/v2\/types\/post"}],"author":[{"embeddable":true,"href":"https:\/\/franciscanos.org.br\/noticias\/wp-json\/wp\/v2\/users\/3"}],"replies":[{"embeddable":true,"href":"https:\/\/franciscanos.org.br\/noticias\/wp-json\/wp\/v2\/comments?post=227681"}],"version-history":[{"count":2,"href":"https:\/\/franciscanos.org.br\/noticias\/wp-json\/wp\/v2\/posts\/227681\/revisions"}],"predecessor-version":[{"id":233968,"href":"https:\/\/franciscanos.org.br\/noticias\/wp-json\/wp\/v2\/posts\/227681\/revisions\/233968"}],"wp:featuredmedia":[{"embeddable":true,"href":"https:\/\/franciscanos.org.br\/noticias\/wp-json\/wp\/v2\/media\/227683"}],"wp:attachment":[{"href":"https:\/\/franciscanos.org.br\/noticias\/wp-json\/wp\/v2\/media?parent=227681"}],"wp:term":[{"taxonomy":"category","embeddable":true,"href":"https:\/\/franciscanos.org.br\/noticias\/wp-json\/wp\/v2\/categories?post=227681"},{"taxonomy":"post_tag","embeddable":true,"href":"https:\/\/franciscanos.org.br\/noticias\/wp-json\/wp\/v2\/tags?post=227681"}],"curies":[{"name":"wp","href":"https:\/\/api.w.org\/{rel}","templated":true}]}}