{"id":22760,"date":"2012-08-24T07:30:23","date_gmt":"2012-08-24T10:30:23","guid":{"rendered":"http:\/\/new.franciscanos.org.br\/?p=22760"},"modified":"2020-06-11T18:01:41","modified_gmt":"2020-06-11T21:01:41","slug":"igreja-precisa-de-leigos-que-sejam-co-responsaveis-da-sua-missao","status":"publish","type":"post","link":"https:\/\/franciscanos.org.br\/noticias\/igreja-precisa-de-leigos-que-sejam-co-responsaveis-da-sua-missao.html","title":{"rendered":"Igreja precisa de leigos que sejam co-respons\u00e1veis da sua miss\u00e3o"},"content":{"rendered":"<p><strong><a href=\"http:\/\/franciscanos.org.br\/wp-content\/uploads\/2012\/08\/3080_240812.jpg\"><img loading=\"lazy\" class=\"alignright size-full wp-image-22761\" title=\"3080_240812\" src=\"http:\/\/franciscanos.org.br\/wp-content\/uploads\/2012\/08\/3080_240812.jpg\" alt=\"\" width=\"250\" height=\"225\" \/><\/a>Cidade do Vaticano (RV)<\/strong>\u00a0&#8211; A Igreja precisa de leigos maduros, que sejam &#8220;co-respons\u00e1veis&#8221; da sua miss\u00e3o universal e n\u00e3o considerados simples &#8220;colaboradores&#8221; do clero. \u00c9 o que afirma Bento XVI na Mensagem enviada aos participantes do F\u00f3rum Internacional da A\u00e7\u00e3o Cat\u00f3lica, em andamento em Ia\u015fi, na Rom\u00eania. Que a Associa\u00e7\u00e3o de voc\u00eas seja neste nosso tempo &#8220;um laborat\u00f3rio de globaliza\u00e7\u00e3o da caridade&#8221;, auspicia o Papa.<\/p>\n<p>A distin\u00e7\u00e3o ganhou nitidez ao longo dos s\u00e9culos, mas no ano zero da Igreja a quest\u00e3o nem mesmo existia: pastores e leigos &#8220;eram um s\u00f3 cora\u00e7\u00e3o e uma s\u00f3 alma&#8221;. O Santo Padre apresenta esse exemplo de unidade \u00e0 aten\u00e7\u00e3o dos muitos membros da A\u00e7\u00e3o Cat\u00f3lica \u2013 provenientes de 35 na\u00e7\u00f5es de 4 continentes \u2013, que desde esta quarta-feira at\u00e9 o pr\u00f3ximo s\u00e1bado se encontram na referida cidade romena para a sexta plen\u00e1ria de seu F\u00f3rum internacional.<\/p>\n<p>Bento XVI ressalta com clareza que os leigos na Igreja s\u00e3o convidados a viver como protagonistas da miss\u00e3o eclesial, e, portanto, sendo &#8220;co-respons\u00e1veis&#8221; junto aos sacerdotes e n\u00e3o redimensionados a meros &#8220;colaboradores do clero&#8221;.<\/p>\n<p>&#8220;Sintam como compromisso de voc\u00eas o empenho em atuar pela miss\u00e3o da Igreja: com a ora\u00e7\u00e3o, com o estudo, com a participa\u00e7\u00e3o ativa na vida eclesial, com um olhar atento e positivo para o mundo, na busca cont\u00ednua dos sinais dos tempos.&#8221;<\/p>\n<p>&#8220;N\u00e3o se cansem de afinar sempre mais, com um s\u00e9rio e cotidiano empenho formativo, os aspectos da voca\u00e7\u00e3o peculiar de voc\u00eas de fi\u00e9is leigos, chamados a serem testemunhas corajosas e cr\u00edveis em todos os \u00e2mbitos da sociedade&#8221;, exorta o Pont\u00edfice.<\/p>\n<p>O Santo Padre reitera que os leigos, com a sua experi\u00eancia, podem ajudar os pastores &#8220;a julgar com mais clareza e oportunidade&#8221; quer nas coisas do esp\u00edrito, quer nas coisas do mundo.<\/p>\n<p>Mas justamente enquanto chamados na linha de frente a serem testemunhas do Evangelho, os leigos t\u00eam a responsabilidade de anunci\u00e1-lo com &#8220;linguagem e modos compreens\u00edveis em nosso tempo&#8221;: num modo que muda facilmente, esse \u00e9 o &#8220;desafio da nova evangeliza\u00e7\u00e3o&#8221;, escreve.<\/p>\n<p>E dirigindo sua reflex\u00e3o para o empenho espec\u00edfico da A\u00e7\u00e3o Cat\u00f3lica, o Papa recorda que ela tem &#8220;como tra\u00e7o fundamental assumir a finalidade apost\u00f3lica da Igreja em sua globalidade&#8221;, em equil\u00edbrio entre Igreja universal e Igreja local.<\/p>\n<p>&#8220;Assumam e partilhem as escolhas pastorais das dioceses e das par\u00f3quias favorecendo ocasi\u00f5es de encontro e de sincera colabora\u00e7\u00e3o com os outros componentes da comunidade eclesial, criando rela\u00e7\u00f5es de estima e de comunh\u00e3o com os sacerdotes, em favor de uma comunidade viva, ministerial e mission\u00e1ria&#8221;, exorta o Papa.<\/p>\n<p>&#8220;Cultivem aut\u00eanticas rela\u00e7\u00f5es pessoais com todos, a come\u00e7ar pela fam\u00edlia, e ofere\u00e7am a disponibilidade de voc\u00eas \u00e0 participa\u00e7\u00e3o, em todos os n\u00edveis da vida social, cultural e pol\u00edtica, buscando sempre o bem comum&#8221;, acrescenta.<\/p>\n<p>&#8220;Nesta fase da hist\u00f3ria&#8221;, e em sintonia com a hist\u00f3ria associativa de voc\u00eas, renovem o compromisso a &#8220;trilhar no caminho da santidade&#8221; e &#8220;\u00e0 luz do Magist\u00e9rio social da Igreja, trabalhem tamb\u00e9m para ser sempre mais um laborat\u00f3rio de &#8216;globaliza\u00e7\u00e3o da solidariedade e da caridade&#8217;, para crescer, com a Igreja inteira, na co-responsabilidade de oferecer um futuro de esperan\u00e7a \u00e0 humanidade, tendo tamb\u00e9m a coragem de formular propostas exigentes&#8221;, conclui Bento XVI. (RL)<\/p>\n","protected":false},"excerpt":{"rendered":"<p>Papa Bento XVI<\/p>\n","protected":false},"author":1,"featured_media":213223,"comment_status":"closed","ping_status":"closed","sticky":false,"template":"","format":"standard","meta":[],"categories":[1428],"tags":[340],"acf":[],"yoast_head":"<!-- This site is optimized with the Yoast SEO plugin v19.2 - https:\/\/yoast.com\/wordpress\/plugins\/seo\/ -->\n<title>Igreja precisa de leigos que sejam co-respons\u00e1veis da sua miss\u00e3o - Not\u00edcias - Franciscanos<\/title>\n<meta name=\"robots\" content=\"index, follow, max-snippet:-1, max-image-preview:large, max-video-preview:-1\" \/>\n<link rel=\"canonical\" href=\"https:\/\/franciscanos.org.br\/noticias\/igreja-precisa-de-leigos-que-sejam-co-responsaveis-da-sua-missao.html\" \/>\n<meta property=\"og:locale\" content=\"pt_BR\" \/>\n<meta property=\"og:type\" content=\"article\" \/>\n<meta property=\"og:title\" content=\"Igreja precisa de leigos que sejam co-respons\u00e1veis da sua miss\u00e3o - Not\u00edcias - Franciscanos\" \/>\n<meta property=\"og:description\" content=\"Papa Bento XVI\" \/>\n<meta property=\"og:url\" content=\"https:\/\/franciscanos.org.br\/noticias\/igreja-precisa-de-leigos-que-sejam-co-responsaveis-da-sua-missao.html\" \/>\n<meta property=\"og:site_name\" content=\"Not\u00edcias - Franciscanos\" \/>\n<meta property=\"article:published_time\" content=\"2012-08-24T10:30:23+00:00\" \/>\n<meta property=\"article:modified_time\" content=\"2020-06-11T21:01:41+00:00\" \/>\n<meta property=\"og:image\" content=\"https:\/\/franciscanos.org.br\/noticias\/wp-content\/uploads\/2012\/08\/3080_240812.jpg\" \/>\n\t<meta property=\"og:image:width\" content=\"273\" \/>\n\t<meta property=\"og:image:height\" content=\"181\" \/>\n\t<meta property=\"og:image:type\" content=\"image\/jpeg\" \/>\n<meta name=\"author\" content=\"admin\" \/>\n<meta name=\"twitter:card\" content=\"summary_large_image\" \/>\n<meta name=\"twitter:label1\" content=\"Escrito por\" \/>\n\t<meta name=\"twitter:data1\" content=\"admin\" \/>\n\t<meta name=\"twitter:label2\" content=\"Est. tempo de leitura\" \/>\n\t<meta name=\"twitter:data2\" content=\"3 minutos\" \/>\n<script type=\"application\/ld+json\" class=\"yoast-schema-graph\">{\"@context\":\"https:\/\/schema.org\",\"@graph\":[{\"@type\":\"WebSite\",\"@id\":\"https:\/\/franciscanos.org.br\/noticias\/#website\",\"url\":\"https:\/\/franciscanos.org.br\/noticias\/\",\"name\":\"Not\u00edcias - Franciscanos\",\"description\":\"Prov\u00edncia Franciscana da Imaculada Concei\u00e7\u00e3o do Brasil - Ordem dos Frades Menores - OFM\",\"potentialAction\":[{\"@type\":\"SearchAction\",\"target\":{\"@type\":\"EntryPoint\",\"urlTemplate\":\"https:\/\/franciscanos.org.br\/noticias\/?s={search_term_string}\"},\"query-input\":\"required name=search_term_string\"}],\"inLanguage\":\"pt-BR\"},{\"@type\":\"ImageObject\",\"inLanguage\":\"pt-BR\",\"@id\":\"https:\/\/franciscanos.org.br\/noticias\/igreja-precisa-de-leigos-que-sejam-co-responsaveis-da-sua-missao.html#primaryimage\",\"url\":\"https:\/\/franciscanos.org.br\/noticias\/wp-content\/uploads\/2012\/08\/3080_240812.jpg\",\"contentUrl\":\"https:\/\/franciscanos.org.br\/noticias\/wp-content\/uploads\/2012\/08\/3080_240812.jpg\",\"width\":273,\"height\":181},{\"@type\":\"WebPage\",\"@id\":\"https:\/\/franciscanos.org.br\/noticias\/igreja-precisa-de-leigos-que-sejam-co-responsaveis-da-sua-missao.html#webpage\",\"url\":\"https:\/\/franciscanos.org.br\/noticias\/igreja-precisa-de-leigos-que-sejam-co-responsaveis-da-sua-missao.html\",\"name\":\"Igreja precisa de leigos que sejam co-respons\u00e1veis da sua miss\u00e3o - Not\u00edcias - Franciscanos\",\"isPartOf\":{\"@id\":\"https:\/\/franciscanos.org.br\/noticias\/#website\"},\"primaryImageOfPage\":{\"@id\":\"https:\/\/franciscanos.org.br\/noticias\/igreja-precisa-de-leigos-que-sejam-co-responsaveis-da-sua-missao.html#primaryimage\"},\"datePublished\":\"2012-08-24T10:30:23+00:00\",\"dateModified\":\"2020-06-11T21:01:41+00:00\",\"author\":{\"@id\":\"https:\/\/franciscanos.org.br\/noticias\/#\/schema\/person\/b38fbf43118f02820bd932f2e4b14ad3\"},\"breadcrumb\":{\"@id\":\"https:\/\/franciscanos.org.br\/noticias\/igreja-precisa-de-leigos-que-sejam-co-responsaveis-da-sua-missao.html#breadcrumb\"},\"inLanguage\":\"pt-BR\",\"potentialAction\":[{\"@type\":\"ReadAction\",\"target\":[\"https:\/\/franciscanos.org.br\/noticias\/igreja-precisa-de-leigos-que-sejam-co-responsaveis-da-sua-missao.html\"]}]},{\"@type\":\"BreadcrumbList\",\"@id\":\"https:\/\/franciscanos.org.br\/noticias\/igreja-precisa-de-leigos-que-sejam-co-responsaveis-da-sua-missao.html#breadcrumb\",\"itemListElement\":[{\"@type\":\"ListItem\",\"position\":1,\"name\":\"Home\",\"item\":\"https:\/\/franciscanos.org.br\/noticias\"},{\"@type\":\"ListItem\",\"position\":2,\"name\":\"Igreja precisa de leigos que sejam co-respons\u00e1veis da sua miss\u00e3o\"}]},{\"@type\":\"Person\",\"@id\":\"https:\/\/franciscanos.org.br\/noticias\/#\/schema\/person\/b38fbf43118f02820bd932f2e4b14ad3\",\"name\":\"admin\",\"image\":{\"@type\":\"ImageObject\",\"inLanguage\":\"pt-BR\",\"@id\":\"https:\/\/franciscanos.org.br\/noticias\/#\/schema\/person\/image\/\",\"url\":\"https:\/\/secure.gravatar.com\/avatar\/e8495742d34d0ba6448ea1c628263b3e?s=96&d=mm&r=g\",\"contentUrl\":\"https:\/\/secure.gravatar.com\/avatar\/e8495742d34d0ba6448ea1c628263b3e?s=96&d=mm&r=g\",\"caption\":\"admin\"},\"url\":\"https:\/\/franciscanos.org.br\/noticias\/author\/admin\"}]}<\/script>\n<!-- \/ Yoast SEO plugin. -->","yoast_head_json":{"title":"Igreja precisa de leigos que sejam co-respons\u00e1veis da sua miss\u00e3o - Not\u00edcias - Franciscanos","robots":{"index":"index","follow":"follow","max-snippet":"max-snippet:-1","max-image-preview":"max-image-preview:large","max-video-preview":"max-video-preview:-1"},"canonical":"https:\/\/franciscanos.org.br\/noticias\/igreja-precisa-de-leigos-que-sejam-co-responsaveis-da-sua-missao.html","og_locale":"pt_BR","og_type":"article","og_title":"Igreja precisa de leigos que sejam co-respons\u00e1veis da sua miss\u00e3o - Not\u00edcias - Franciscanos","og_description":"Papa Bento XVI","og_url":"https:\/\/franciscanos.org.br\/noticias\/igreja-precisa-de-leigos-que-sejam-co-responsaveis-da-sua-missao.html","og_site_name":"Not\u00edcias - Franciscanos","article_published_time":"2012-08-24T10:30:23+00:00","article_modified_time":"2020-06-11T21:01:41+00:00","og_image":[{"width":273,"height":181,"url":"https:\/\/franciscanos.org.br\/noticias\/wp-content\/uploads\/2012\/08\/3080_240812.jpg","type":"image\/jpeg"}],"author":"admin","twitter_card":"summary_large_image","twitter_misc":{"Escrito por":"admin","Est. tempo de leitura":"3 minutos"},"schema":{"@context":"https:\/\/schema.org","@graph":[{"@type":"WebSite","@id":"https:\/\/franciscanos.org.br\/noticias\/#website","url":"https:\/\/franciscanos.org.br\/noticias\/","name":"Not\u00edcias - Franciscanos","description":"Prov\u00edncia Franciscana da Imaculada Concei\u00e7\u00e3o do Brasil - Ordem dos Frades Menores - OFM","potentialAction":[{"@type":"SearchAction","target":{"@type":"EntryPoint","urlTemplate":"https:\/\/franciscanos.org.br\/noticias\/?s={search_term_string}"},"query-input":"required name=search_term_string"}],"inLanguage":"pt-BR"},{"@type":"ImageObject","inLanguage":"pt-BR","@id":"https:\/\/franciscanos.org.br\/noticias\/igreja-precisa-de-leigos-que-sejam-co-responsaveis-da-sua-missao.html#primaryimage","url":"https:\/\/franciscanos.org.br\/noticias\/wp-content\/uploads\/2012\/08\/3080_240812.jpg","contentUrl":"https:\/\/franciscanos.org.br\/noticias\/wp-content\/uploads\/2012\/08\/3080_240812.jpg","width":273,"height":181},{"@type":"WebPage","@id":"https:\/\/franciscanos.org.br\/noticias\/igreja-precisa-de-leigos-que-sejam-co-responsaveis-da-sua-missao.html#webpage","url":"https:\/\/franciscanos.org.br\/noticias\/igreja-precisa-de-leigos-que-sejam-co-responsaveis-da-sua-missao.html","name":"Igreja precisa de leigos que sejam co-respons\u00e1veis da sua miss\u00e3o - Not\u00edcias - Franciscanos","isPartOf":{"@id":"https:\/\/franciscanos.org.br\/noticias\/#website"},"primaryImageOfPage":{"@id":"https:\/\/franciscanos.org.br\/noticias\/igreja-precisa-de-leigos-que-sejam-co-responsaveis-da-sua-missao.html#primaryimage"},"datePublished":"2012-08-24T10:30:23+00:00","dateModified":"2020-06-11T21:01:41+00:00","author":{"@id":"https:\/\/franciscanos.org.br\/noticias\/#\/schema\/person\/b38fbf43118f02820bd932f2e4b14ad3"},"breadcrumb":{"@id":"https:\/\/franciscanos.org.br\/noticias\/igreja-precisa-de-leigos-que-sejam-co-responsaveis-da-sua-missao.html#breadcrumb"},"inLanguage":"pt-BR","potentialAction":[{"@type":"ReadAction","target":["https:\/\/franciscanos.org.br\/noticias\/igreja-precisa-de-leigos-que-sejam-co-responsaveis-da-sua-missao.html"]}]},{"@type":"BreadcrumbList","@id":"https:\/\/franciscanos.org.br\/noticias\/igreja-precisa-de-leigos-que-sejam-co-responsaveis-da-sua-missao.html#breadcrumb","itemListElement":[{"@type":"ListItem","position":1,"name":"Home","item":"https:\/\/franciscanos.org.br\/noticias"},{"@type":"ListItem","position":2,"name":"Igreja precisa de leigos que sejam co-respons\u00e1veis da sua miss\u00e3o"}]},{"@type":"Person","@id":"https:\/\/franciscanos.org.br\/noticias\/#\/schema\/person\/b38fbf43118f02820bd932f2e4b14ad3","name":"admin","image":{"@type":"ImageObject","inLanguage":"pt-BR","@id":"https:\/\/franciscanos.org.br\/noticias\/#\/schema\/person\/image\/","url":"https:\/\/secure.gravatar.com\/avatar\/e8495742d34d0ba6448ea1c628263b3e?s=96&d=mm&r=g","contentUrl":"https:\/\/secure.gravatar.com\/avatar\/e8495742d34d0ba6448ea1c628263b3e?s=96&d=mm&r=g","caption":"admin"},"url":"https:\/\/franciscanos.org.br\/noticias\/author\/admin"}]}},"_links":{"self":[{"href":"https:\/\/franciscanos.org.br\/noticias\/wp-json\/wp\/v2\/posts\/22760"}],"collection":[{"href":"https:\/\/franciscanos.org.br\/noticias\/wp-json\/wp\/v2\/posts"}],"about":[{"href":"https:\/\/franciscanos.org.br\/noticias\/wp-json\/wp\/v2\/types\/post"}],"author":[{"embeddable":true,"href":"https:\/\/franciscanos.org.br\/noticias\/wp-json\/wp\/v2\/users\/1"}],"replies":[{"embeddable":true,"href":"https:\/\/franciscanos.org.br\/noticias\/wp-json\/wp\/v2\/comments?post=22760"}],"version-history":[{"count":1,"href":"https:\/\/franciscanos.org.br\/noticias\/wp-json\/wp\/v2\/posts\/22760\/revisions"}],"predecessor-version":[{"id":226439,"href":"https:\/\/franciscanos.org.br\/noticias\/wp-json\/wp\/v2\/posts\/22760\/revisions\/226439"}],"wp:featuredmedia":[{"embeddable":true,"href":"https:\/\/franciscanos.org.br\/noticias\/wp-json\/wp\/v2\/media\/213223"}],"wp:attachment":[{"href":"https:\/\/franciscanos.org.br\/noticias\/wp-json\/wp\/v2\/media?parent=22760"}],"wp:term":[{"taxonomy":"category","embeddable":true,"href":"https:\/\/franciscanos.org.br\/noticias\/wp-json\/wp\/v2\/categories?post=22760"},{"taxonomy":"post_tag","embeddable":true,"href":"https:\/\/franciscanos.org.br\/noticias\/wp-json\/wp\/v2\/tags?post=22760"}],"curies":[{"name":"wp","href":"https:\/\/api.w.org\/{rel}","templated":true}]}}