{"id":227557,"date":"2020-08-06T15:45:34","date_gmt":"2020-08-06T18:45:34","guid":{"rendered":"https:\/\/franciscanos.org.br\/noticias\/?p=227557"},"modified":"2023-08-08T21:38:12","modified_gmt":"2023-08-09T00:38:12","slug":"tv-franciscanos-apresenta-2a-edicao-da-serie-clara-por-claras","status":"publish","type":"post","link":"https:\/\/franciscanos.org.br\/noticias\/tv-franciscanos-apresenta-2a-edicao-da-serie-clara-por-claras.html","title":{"rendered":"Tv Franciscanos apresenta 2\u00aa edi\u00e7\u00e3o da s\u00e9rie \u201cClara por Claras\u201d"},"content":{"rendered":"<p><img loading=\"lazy\" class=\"alignnone wp-image-227568 size-full\" src=\"https:\/\/franciscanos.org.br\/noticias\/wp-content\/uploads\/2020\/08\/clara_060720.jpg\" alt=\"\" width=\"1200\" height=\"700\" srcset=\"https:\/\/franciscanos.org.br\/noticias\/wp-content\/uploads\/2020\/08\/clara_060720.jpg 1200w, https:\/\/franciscanos.org.br\/noticias\/wp-content\/uploads\/2020\/08\/clara_060720-450x263.jpg 450w, https:\/\/franciscanos.org.br\/noticias\/wp-content\/uploads\/2020\/08\/clara_060720-1024x597.jpg 1024w, https:\/\/franciscanos.org.br\/noticias\/wp-content\/uploads\/2020\/08\/clara_060720-768x448.jpg 768w, https:\/\/franciscanos.org.br\/noticias\/wp-content\/uploads\/2020\/08\/clara_060720-150x88.jpg 150w\" sizes=\"(max-width: 1200px) 100vw, 1200px\" \/><\/p>\n<p><strong>Frei Augusto Luiz Gabriel e Frei Roger Strapazzon<\/strong><\/p>\n<p><strong>Petr\u00f3polis (RJ) \u2013<\/strong> A Tv Franciscanos da Prov\u00edncia da Imaculada Concei\u00e7\u00e3o do Brasil, em parceria com a Par\u00f3quia do Sagrado Cora\u00e7\u00e3o de Jesus de Petr\u00f3polis e com o Mosteiro de Santa Clara de Nova Igua\u00e7u (RJ), apresenta, nesta quinta-feira (06\/08), a 2\u00aa edi\u00e7\u00e3o da s\u00e9rie \u201cClara por Claras\u201d, em comemora\u00e7\u00e3o ao dia de Santa Clara, que ser\u00e1 celebrado por toda Fam\u00edlia Franciscana no pr\u00f3ximo dia 11 de agosto.<\/p>\n<p>As Irm\u00e3s Clarissas de Nova Igua\u00e7u foram as protagonistas deste especial que come\u00e7ou em 2018, com o lan\u00e7amento da s\u00e9rie realizado com as Irm\u00e3s Clarissas do Mosteiro Nazar\u00e9 de Lages (SC). Os v\u00eddeos, com tem\u00e1ticas sobre a vida de Santa Clara e de suas irm\u00e3s at\u00e9 os dias atuais, mostram esse legado, a vida em clausura, em contempla\u00e7\u00e3o e em perseverante ora\u00e7\u00e3o.<\/p>\n<p>A abadessa do Mosteiro, Madre Ivone Maria da Apresenta\u00e7\u00e3o, n\u00e3o mediu esfor\u00e7os na realiza\u00e7\u00e3o deste especial. \u201cVamos, juntos, celebrar esta grande mulher que foi Santa Clara e que hoje, para n\u00f3s, \u00e9 um grande exemplo de vida. E, com ela, vamos rezar por toda humanidade neste tempo t\u00e3o complicado da pandemia. Estamos unidos com todos aqueles que sofrem e que partiram\u201d, disse.<\/p>\n<p>A s\u00e9rie \u201cClara por Claras\u201d poder\u00e1 ser acompanhada pelo canal do YouTube da TvFranciscanos, pela p\u00e1gina da Par\u00f3quia da Par\u00f3quia do Sagrado, como tamb\u00e9m pelo Facebook das Irm\u00e3s Clarissas de Nova Igua\u00e7u.<\/p>\n<p><strong>HIST\u00d3RICO<\/strong><br \/>\nO Mosteiro de Santa Clara em Nova Igua\u00e7u \u00e9 uma funda\u00e7\u00e3o portuguesa, pedida pelo ex-bispo diocesano Dom Adriano Hyp\u00f3lito, que rezou 16 anos para concretizar o seu grande sonho de ter um mosteiro de vida contemplativa em sua Diocese. Ele dizia ser sumamente necess\u00e1rio que \u201ca vida da Diocese fosse incrementada pela for\u00e7a que brota da ora\u00e7\u00e3o silenciosa unida ao sacrif\u00edcio de algu\u00e9m que, aparentemente ausente, \u00e9 presen\u00e7a constante diante da \u2018Fonte\u2019 em favor dos seus irm\u00e3os, irrigando, no sil\u00eancio do \u2018Jardim Fechado\u2019, o solo espiritual da Santa Igreja\u201d. As Irm\u00e3s Fundadoras vieram do Mosteiro \u2018Nossa Senhora da Piedade\u2019 da Ilha da Madeira, em Portugal. Chegaram ao Brasil em 1986. Permaneceram por tr\u00eas anos em uma casa provis\u00f3ria at\u00e9 o final das obras do Mosteiro, que foi inaugurado em 13 de maio de 1989. Dom Adriano desejava que o Mosteiro fosse o centro de Adora\u00e7\u00e3o Eucar\u00edstica da sua Diocese. Com este intuito, foi constru\u00edda a Casa Bet\u00e2nia (anexa ao Mosteiro) para acolher os adoradores noturnos. Esta Casa tamb\u00e9m pode acolher grupos para encontros e retiros, contanto que n\u00e3o coincida com as noites em que haja adoradores. O Mosteiro tem sido bastante frequentado, especialmente nas Santas Missas dominicais (9h30) e na solenidade de Santa Clara (11 de agosto), com Missas \u00e0s 10h e 16h.<\/p>\n<hr \/>\n<h2 style=\"text-align: center;\"><strong>ASSISTA A S\u00c9RIE CLICANDO NOS V\u00cdDEOS ABAIXO<\/strong><\/h2>\n<p><iframe loading=\"lazy\" src=\"https:\/\/www.youtube.com\/embed\/IJCCJkGaB-c\" width=\"100%\" height=\"480\" frameborder=\"0\" allowfullscreen=\"allowfullscreen\"><span data-mce-type=\"bookmark\" style=\"display: inline-block; width: 0px; overflow: hidden; line-height: 0;\" class=\"mce_SELRES_start\">\ufeff<\/span><\/iframe><\/p>\n<p><iframe loading=\"lazy\" src=\"https:\/\/www.youtube.com\/embed\/8EU9wceSrNE\" width=\"100%\" height=\"480\" frameborder=\"0\" allowfullscreen=\"allowfullscreen\"><span data-mce-type=\"bookmark\" style=\"display: inline-block; width: 0px; overflow: hidden; line-height: 0;\" class=\"mce_SELRES_start\">\ufeff<\/span><\/iframe><\/p>\n<p><iframe loading=\"lazy\" src=\"https:\/\/www.youtube.com\/embed\/Do0yO6_b4wc\" width=\"100%\" height=\"480\" frameborder=\"0\" allowfullscreen=\"allowfullscreen\"><\/iframe><\/p>\n<p><iframe loading=\"lazy\" src=\"https:\/\/www.youtube.com\/embed\/1OFPVOWPbFo\" width=\"100%\" height=\"480\" frameborder=\"0\" allowfullscreen=\"allowfullscreen\"><span data-mce-type=\"bookmark\" style=\"display: inline-block; width: 0px; overflow: hidden; line-height: 0;\" class=\"mce_SELRES_start\">\ufeff<\/span><\/iframe><\/p>\n<p><iframe loading=\"lazy\" src=\"https:\/\/www.youtube.com\/embed\/XQ0n9mZavs4\" width=\"100%\" height=\"480\" frameborder=\"0\" allowfullscreen=\"allowfullscreen\"><span data-mce-type=\"bookmark\" style=\"display: inline-block; width: 0px; overflow: hidden; line-height: 0;\" class=\"mce_SELRES_start\">\ufeff<\/span><\/iframe><\/p>\n<p><iframe loading=\"lazy\" src=\"https:\/\/www.youtube.com\/embed\/xugitZcF6Yg\" width=\"100%\" height=\"480\" frameborder=\"0\" allowfullscreen=\"allowfullscreen\"><span data-mce-type=\"bookmark\" style=\"display: inline-block; width: 0px; overflow: hidden; line-height: 0;\" class=\"mce_SELRES_start\">\ufeff<\/span><\/iframe><\/p>\n","protected":false},"excerpt":{"rendered":"<p>Clara por Claras &#8211; II Edi\u00e7\u00e3o<\/p>\n","protected":false},"author":5,"featured_media":227569,"comment_status":"open","ping_status":"open","sticky":false,"template":"","format":"standard","meta":[],"categories":[1],"tags":[2046,171,190,1263,257],"acf":[],"yoast_head":"<!-- This site is optimized with the Yoast SEO plugin v19.2 - https:\/\/yoast.com\/wordpress\/plugins\/seo\/ -->\n<title>Tv Franciscanos apresenta 2\u00aa edi\u00e7\u00e3o da s\u00e9rie \u201cClara por Claras\u201d - Not\u00edcias - Franciscanos<\/title>\n<meta name=\"robots\" content=\"index, follow, max-snippet:-1, max-image-preview:large, max-video-preview:-1\" \/>\n<link rel=\"canonical\" href=\"https:\/\/franciscanos.org.br\/noticias\/tv-franciscanos-apresenta-2a-edicao-da-serie-clara-por-claras.html\" \/>\n<meta property=\"og:locale\" content=\"pt_BR\" \/>\n<meta property=\"og:type\" content=\"article\" \/>\n<meta property=\"og:title\" content=\"Tv Franciscanos apresenta 2\u00aa edi\u00e7\u00e3o da s\u00e9rie \u201cClara por Claras\u201d - Not\u00edcias - Franciscanos\" \/>\n<meta property=\"og:description\" content=\"Clara por Claras - II Edi\u00e7\u00e3o\" \/>\n<meta property=\"og:url\" content=\"https:\/\/franciscanos.org.br\/noticias\/tv-franciscanos-apresenta-2a-edicao-da-serie-clara-por-claras.html\" \/>\n<meta property=\"og:site_name\" content=\"Not\u00edcias - Franciscanos\" \/>\n<meta property=\"article:published_time\" content=\"2020-08-06T18:45:34+00:00\" \/>\n<meta property=\"article:modified_time\" content=\"2023-08-09T00:38:12+00:00\" \/>\n<meta property=\"og:image\" content=\"https:\/\/franciscanos.org.br\/noticias\/wp-content\/uploads\/2020\/08\/clara_060720_2.jpg\" \/>\n\t<meta property=\"og:image:width\" content=\"800\" \/>\n\t<meta property=\"og:image:height\" content=\"600\" \/>\n\t<meta property=\"og:image:type\" content=\"image\/jpeg\" \/>\n<meta name=\"author\" content=\"freiaugusto\" \/>\n<meta name=\"twitter:card\" content=\"summary_large_image\" \/>\n<meta name=\"twitter:label1\" content=\"Escrito por\" \/>\n\t<meta name=\"twitter:data1\" content=\"freiaugusto\" \/>\n\t<meta name=\"twitter:label2\" content=\"Est. tempo de leitura\" \/>\n\t<meta name=\"twitter:data2\" content=\"2 minutos\" \/>\n<script type=\"application\/ld+json\" class=\"yoast-schema-graph\">{\"@context\":\"https:\/\/schema.org\",\"@graph\":[{\"@type\":\"WebSite\",\"@id\":\"https:\/\/franciscanos.org.br\/noticias\/#website\",\"url\":\"https:\/\/franciscanos.org.br\/noticias\/\",\"name\":\"Not\u00edcias - Franciscanos\",\"description\":\"Prov\u00edncia Franciscana da Imaculada Concei\u00e7\u00e3o do Brasil - Ordem dos Frades Menores - OFM\",\"potentialAction\":[{\"@type\":\"SearchAction\",\"target\":{\"@type\":\"EntryPoint\",\"urlTemplate\":\"https:\/\/franciscanos.org.br\/noticias\/?s={search_term_string}\"},\"query-input\":\"required name=search_term_string\"}],\"inLanguage\":\"pt-BR\"},{\"@type\":\"ImageObject\",\"inLanguage\":\"pt-BR\",\"@id\":\"https:\/\/franciscanos.org.br\/noticias\/tv-franciscanos-apresenta-2a-edicao-da-serie-clara-por-claras.html#primaryimage\",\"url\":\"https:\/\/franciscanos.org.br\/noticias\/wp-content\/uploads\/2020\/08\/clara_060720_2.jpg\",\"contentUrl\":\"https:\/\/franciscanos.org.br\/noticias\/wp-content\/uploads\/2020\/08\/clara_060720_2.jpg\",\"width\":800,\"height\":600},{\"@type\":\"WebPage\",\"@id\":\"https:\/\/franciscanos.org.br\/noticias\/tv-franciscanos-apresenta-2a-edicao-da-serie-clara-por-claras.html#webpage\",\"url\":\"https:\/\/franciscanos.org.br\/noticias\/tv-franciscanos-apresenta-2a-edicao-da-serie-clara-por-claras.html\",\"name\":\"Tv Franciscanos apresenta 2\u00aa edi\u00e7\u00e3o da s\u00e9rie \u201cClara por Claras\u201d - Not\u00edcias - Franciscanos\",\"isPartOf\":{\"@id\":\"https:\/\/franciscanos.org.br\/noticias\/#website\"},\"primaryImageOfPage\":{\"@id\":\"https:\/\/franciscanos.org.br\/noticias\/tv-franciscanos-apresenta-2a-edicao-da-serie-clara-por-claras.html#primaryimage\"},\"datePublished\":\"2020-08-06T18:45:34+00:00\",\"dateModified\":\"2023-08-09T00:38:12+00:00\",\"author\":{\"@id\":\"https:\/\/franciscanos.org.br\/noticias\/#\/schema\/person\/37f88f0d111cd5358b12a6556a99eb91\"},\"breadcrumb\":{\"@id\":\"https:\/\/franciscanos.org.br\/noticias\/tv-franciscanos-apresenta-2a-edicao-da-serie-clara-por-claras.html#breadcrumb\"},\"inLanguage\":\"pt-BR\",\"potentialAction\":[{\"@type\":\"ReadAction\",\"target\":[\"https:\/\/franciscanos.org.br\/noticias\/tv-franciscanos-apresenta-2a-edicao-da-serie-clara-por-claras.html\"]}]},{\"@type\":\"BreadcrumbList\",\"@id\":\"https:\/\/franciscanos.org.br\/noticias\/tv-franciscanos-apresenta-2a-edicao-da-serie-clara-por-claras.html#breadcrumb\",\"itemListElement\":[{\"@type\":\"ListItem\",\"position\":1,\"name\":\"Home\",\"item\":\"https:\/\/franciscanos.org.br\/noticias\"},{\"@type\":\"ListItem\",\"position\":2,\"name\":\"Tv Franciscanos apresenta 2\u00aa edi\u00e7\u00e3o da s\u00e9rie \u201cClara por Claras\u201d\"}]},{\"@type\":\"Person\",\"@id\":\"https:\/\/franciscanos.org.br\/noticias\/#\/schema\/person\/37f88f0d111cd5358b12a6556a99eb91\",\"name\":\"freiaugusto\",\"image\":{\"@type\":\"ImageObject\",\"inLanguage\":\"pt-BR\",\"@id\":\"https:\/\/franciscanos.org.br\/noticias\/#\/schema\/person\/image\/\",\"url\":\"https:\/\/secure.gravatar.com\/avatar\/9840b940e621801b24f3e6b059efb4b7?s=96&d=mm&r=g\",\"contentUrl\":\"https:\/\/secure.gravatar.com\/avatar\/9840b940e621801b24f3e6b059efb4b7?s=96&d=mm&r=g\",\"caption\":\"freiaugusto\"},\"url\":\"https:\/\/franciscanos.org.br\/noticias\/author\/freiaugusto\"}]}<\/script>\n<!-- \/ Yoast SEO plugin. -->","yoast_head_json":{"title":"Tv Franciscanos apresenta 2\u00aa edi\u00e7\u00e3o da s\u00e9rie \u201cClara por Claras\u201d - Not\u00edcias - Franciscanos","robots":{"index":"index","follow":"follow","max-snippet":"max-snippet:-1","max-image-preview":"max-image-preview:large","max-video-preview":"max-video-preview:-1"},"canonical":"https:\/\/franciscanos.org.br\/noticias\/tv-franciscanos-apresenta-2a-edicao-da-serie-clara-por-claras.html","og_locale":"pt_BR","og_type":"article","og_title":"Tv Franciscanos apresenta 2\u00aa edi\u00e7\u00e3o da s\u00e9rie \u201cClara por Claras\u201d - Not\u00edcias - Franciscanos","og_description":"Clara por Claras - II Edi\u00e7\u00e3o","og_url":"https:\/\/franciscanos.org.br\/noticias\/tv-franciscanos-apresenta-2a-edicao-da-serie-clara-por-claras.html","og_site_name":"Not\u00edcias - Franciscanos","article_published_time":"2020-08-06T18:45:34+00:00","article_modified_time":"2023-08-09T00:38:12+00:00","og_image":[{"width":800,"height":600,"url":"https:\/\/franciscanos.org.br\/noticias\/wp-content\/uploads\/2020\/08\/clara_060720_2.jpg","type":"image\/jpeg"}],"author":"freiaugusto","twitter_card":"summary_large_image","twitter_misc":{"Escrito por":"freiaugusto","Est. tempo de leitura":"2 minutos"},"schema":{"@context":"https:\/\/schema.org","@graph":[{"@type":"WebSite","@id":"https:\/\/franciscanos.org.br\/noticias\/#website","url":"https:\/\/franciscanos.org.br\/noticias\/","name":"Not\u00edcias - Franciscanos","description":"Prov\u00edncia Franciscana da Imaculada Concei\u00e7\u00e3o do Brasil - Ordem dos Frades Menores - OFM","potentialAction":[{"@type":"SearchAction","target":{"@type":"EntryPoint","urlTemplate":"https:\/\/franciscanos.org.br\/noticias\/?s={search_term_string}"},"query-input":"required name=search_term_string"}],"inLanguage":"pt-BR"},{"@type":"ImageObject","inLanguage":"pt-BR","@id":"https:\/\/franciscanos.org.br\/noticias\/tv-franciscanos-apresenta-2a-edicao-da-serie-clara-por-claras.html#primaryimage","url":"https:\/\/franciscanos.org.br\/noticias\/wp-content\/uploads\/2020\/08\/clara_060720_2.jpg","contentUrl":"https:\/\/franciscanos.org.br\/noticias\/wp-content\/uploads\/2020\/08\/clara_060720_2.jpg","width":800,"height":600},{"@type":"WebPage","@id":"https:\/\/franciscanos.org.br\/noticias\/tv-franciscanos-apresenta-2a-edicao-da-serie-clara-por-claras.html#webpage","url":"https:\/\/franciscanos.org.br\/noticias\/tv-franciscanos-apresenta-2a-edicao-da-serie-clara-por-claras.html","name":"Tv Franciscanos apresenta 2\u00aa edi\u00e7\u00e3o da s\u00e9rie \u201cClara por Claras\u201d - Not\u00edcias - Franciscanos","isPartOf":{"@id":"https:\/\/franciscanos.org.br\/noticias\/#website"},"primaryImageOfPage":{"@id":"https:\/\/franciscanos.org.br\/noticias\/tv-franciscanos-apresenta-2a-edicao-da-serie-clara-por-claras.html#primaryimage"},"datePublished":"2020-08-06T18:45:34+00:00","dateModified":"2023-08-09T00:38:12+00:00","author":{"@id":"https:\/\/franciscanos.org.br\/noticias\/#\/schema\/person\/37f88f0d111cd5358b12a6556a99eb91"},"breadcrumb":{"@id":"https:\/\/franciscanos.org.br\/noticias\/tv-franciscanos-apresenta-2a-edicao-da-serie-clara-por-claras.html#breadcrumb"},"inLanguage":"pt-BR","potentialAction":[{"@type":"ReadAction","target":["https:\/\/franciscanos.org.br\/noticias\/tv-franciscanos-apresenta-2a-edicao-da-serie-clara-por-claras.html"]}]},{"@type":"BreadcrumbList","@id":"https:\/\/franciscanos.org.br\/noticias\/tv-franciscanos-apresenta-2a-edicao-da-serie-clara-por-claras.html#breadcrumb","itemListElement":[{"@type":"ListItem","position":1,"name":"Home","item":"https:\/\/franciscanos.org.br\/noticias"},{"@type":"ListItem","position":2,"name":"Tv Franciscanos apresenta 2\u00aa edi\u00e7\u00e3o da s\u00e9rie \u201cClara por Claras\u201d"}]},{"@type":"Person","@id":"https:\/\/franciscanos.org.br\/noticias\/#\/schema\/person\/37f88f0d111cd5358b12a6556a99eb91","name":"freiaugusto","image":{"@type":"ImageObject","inLanguage":"pt-BR","@id":"https:\/\/franciscanos.org.br\/noticias\/#\/schema\/person\/image\/","url":"https:\/\/secure.gravatar.com\/avatar\/9840b940e621801b24f3e6b059efb4b7?s=96&d=mm&r=g","contentUrl":"https:\/\/secure.gravatar.com\/avatar\/9840b940e621801b24f3e6b059efb4b7?s=96&d=mm&r=g","caption":"freiaugusto"},"url":"https:\/\/franciscanos.org.br\/noticias\/author\/freiaugusto"}]}},"_links":{"self":[{"href":"https:\/\/franciscanos.org.br\/noticias\/wp-json\/wp\/v2\/posts\/227557"}],"collection":[{"href":"https:\/\/franciscanos.org.br\/noticias\/wp-json\/wp\/v2\/posts"}],"about":[{"href":"https:\/\/franciscanos.org.br\/noticias\/wp-json\/wp\/v2\/types\/post"}],"author":[{"embeddable":true,"href":"https:\/\/franciscanos.org.br\/noticias\/wp-json\/wp\/v2\/users\/5"}],"replies":[{"embeddable":true,"href":"https:\/\/franciscanos.org.br\/noticias\/wp-json\/wp\/v2\/comments?post=227557"}],"version-history":[{"count":10,"href":"https:\/\/franciscanos.org.br\/noticias\/wp-json\/wp\/v2\/posts\/227557\/revisions"}],"predecessor-version":[{"id":227777,"href":"https:\/\/franciscanos.org.br\/noticias\/wp-json\/wp\/v2\/posts\/227557\/revisions\/227777"}],"wp:featuredmedia":[{"embeddable":true,"href":"https:\/\/franciscanos.org.br\/noticias\/wp-json\/wp\/v2\/media\/227569"}],"wp:attachment":[{"href":"https:\/\/franciscanos.org.br\/noticias\/wp-json\/wp\/v2\/media?parent=227557"}],"wp:term":[{"taxonomy":"category","embeddable":true,"href":"https:\/\/franciscanos.org.br\/noticias\/wp-json\/wp\/v2\/categories?post=227557"},{"taxonomy":"post_tag","embeddable":true,"href":"https:\/\/franciscanos.org.br\/noticias\/wp-json\/wp\/v2\/tags?post=227557"}],"curies":[{"name":"wp","href":"https:\/\/api.w.org\/{rel}","templated":true}]}}