{"id":227534,"date":"2020-08-06T13:42:51","date_gmt":"2020-08-06T16:42:51","guid":{"rendered":"https:\/\/franciscanos.org.br\/noticias\/?p=227534"},"modified":"2020-11-19T13:50:30","modified_gmt":"2020-11-19T16:50:30","slug":"o-testemunho-dos-frades-da-custodia-sobre-as-explosoes-em-beirute","status":"publish","type":"post","link":"https:\/\/franciscanos.org.br\/noticias\/o-testemunho-dos-frades-da-custodia-sobre-as-explosoes-em-beirute.html","title":{"rendered":"O testemunho dos Frades da Cust\u00f3dia da Terra Santa sobre as explos\u00f5es em Beirute"},"content":{"rendered":"<div id=\"attachment_227535\" style=\"width: 810px\" class=\"wp-caption alignnone\"><img aria-describedby=\"caption-attachment-227535\" loading=\"lazy\" class=\"wp-image-227535 size-full\" src=\"https:\/\/franciscanos.org.br\/noticias\/wp-content\/uploads\/2020\/08\/beirute_0608.jpg\" alt=\"\" width=\"800\" height=\"600\" srcset=\"https:\/\/franciscanos.org.br\/noticias\/wp-content\/uploads\/2020\/08\/beirute_0608.jpg 800w, https:\/\/franciscanos.org.br\/noticias\/wp-content\/uploads\/2020\/08\/beirute_0608-450x338.jpg 450w, https:\/\/franciscanos.org.br\/noticias\/wp-content\/uploads\/2020\/08\/beirute_0608-768x576.jpg 768w, https:\/\/franciscanos.org.br\/noticias\/wp-content\/uploads\/2020\/08\/beirute_0608-150x113.jpg 150w, https:\/\/franciscanos.org.br\/noticias\/wp-content\/uploads\/2020\/08\/beirute_0608-600x450.jpg 600w\" sizes=\"(max-width: 800px) 100vw, 800px\" \/><p id=\"caption-attachment-227535\" class=\"wp-caption-text\"><em>\u00a0 \u00a0 \u00a0 \u00a0 \u00a0 \u00a0 \u00a0 \u00a0 \u00a0 \u00a0 \u00a0 \u00a0 \u00a0 \u00a0 \u00a0 \u00a0 \u00a0 \u00a0 \u00a0 \u00a0 \u00a0 \u00a0 \u00a0 \u00a0 \u00a0 \u00a0 \u00a0 \u00a0 \u00a0 \u00a0 \u00a0 \u00a0 Imagem da capela no Convento de Beirute (Cust\u00f3dia Terra Santa)<\/em><\/p><\/div>\n<p>\u201cEncontrava-me\u00a0numa sala de nosso convento, acima da igreja de Beirute, quando ouvi um estrondo muito forte, como de avi\u00e3o. Subi e sa\u00ed, nisso veio um forte empurr\u00e3o, causado pela explos\u00e3o\u201d. Com essas palavras Frei Roger Saad, frade liban\u00eas da Cust\u00f3dia da Terra Santa, h\u00e1 quatro anos a servi\u00e7o em Beirute como ec\u00f4nomo do convento, fala sobre\u00a0 a cat\u00e1strofe que, no dia 4 de agosto, aconteceu na capital do L\u00edbano. A igreja, fechada por causa das normas para impedir a difus\u00e3o da Covid-19, \u00e9 muito conhecida e constantemente visitada por turistas e fi\u00e9is. Ela se acha no quarteir\u00e3o Gemmaize, apenas 800 metros do porto, onde aconteceu a dupla explos\u00e3o.<\/p>\n<p>\u201cNo momento da explos\u00e3o tudo ficou branco, n\u00e3o vi mais nada e fui empurrado do lugar&#8221;, continua Frei Roger. &#8220;Corri logo procurar os outros frades e os encontrei bem como eu. L\u00e1 fora, as pessoas gritavam e ningu\u00e9m sabia o que havia acontecido. Via pessoas feridas, porque muitos foram atingidos pelos cacos de vidro das janelas, explodidas pelo choque que destruiu tudo\u201d. Por causa da explos\u00e3o, algumas paredes do convento ca\u00edram, as portas saltaram, os vidros das janelas quebram e tamb\u00e9m o telhado foi gravemente danificado. No dia ap\u00f3s \u00e0 cat\u00e1strofe, os frades franciscanos do convento vizinho, em Harissa, vieram examinar os danos consistentes<strong>,\u00a0<\/strong>tamb\u00e9m os na igreja. A primeira coisa a fazer \u00e9 remover os cacos dos vidros para poder caminhar nas salas e, depois, \u00e9 preciso pensar nas s\u00e9rias interven\u00e7\u00f5es para restaurar.<\/p>\n<p>\u201cQuando sa\u00ed \u00e0 rua, vi as casas destru\u00eddase aquilo que me fez ainda mais mal: \u00e9 que tudo isso aconteceu depois de uma crise econ\u00f4mica muito dif\u00edcil para o L\u00edbano&#8221;, afirma Frei Roger. &#8220;Nos \u00faltimos meses, tudo estava piorando e o custo da vida tornara-se muito alto. Muita gente j\u00e1 havia perdido o emprego. Senti-me mal ao pensar nos pobres. Eu sou religioso, mas a gente que tem fam\u00edlia, crian\u00e7as, como far\u00e1 para concertar a pr\u00f3pria casa?\u201d O franciscano explicou ter passado a noite a vigiar na igreja, porque tamb\u00e9m as portas da igreja e do convento n\u00e3o existiam mais. No momento da explos\u00e3o estavam com ele Frei Maroun Younan, vig\u00e1rio do convento, e Frei Ang\u00e9lico Pilla, respons\u00e1vel pela igreja. O guardi\u00e3o do convento de Beirute e o Ministro da Regi\u00e3o S\u00e3o Paulo, Frei Firas Lutfi achavam-se, naquele momento, na S\u00edria, a fim de certificar-se sobre as condi\u00e7\u00f5es dos quatro frades atingidos pela Covid-19 em Damasco.<\/p>\n<p>\u201cApenas acontecida a explos\u00e3o, os frades<strong>\u00a0c<\/strong>ontataram-me com uma chamada-v\u00eddeo e ouvi o grito de um frade que dizia que tudo havia ido pelos ares: o convento, as salas, tudo&#8221;, conta Fr. Firas. &#8220;Pensei logo numa explos\u00e3o de autom\u00f3vel ou m\u00edssil, mas os frades diziam somente que era algo grav\u00edssimo e n\u00e3o sabiam o que havia acontecido. Seus rostos estavam cobertos de poeira, mas notei que estavam bem. O Frade mais idoso enviamos ao convento franciscano vizinho, em Harissa, a fim de passar ali a noite. Os outros dois frades permaneceram a fim de vigiar porque estavam preocupados que algu\u00e9m invadisse\u201d. O franciscano da Cust\u00f3dia da Terra Santa explicou que nessa situa\u00e7\u00e3o vigora o caos e nos meses passados, em Beirute, houve manifesta\u00e7\u00f5es e protestos por causa da fome, problema agravado ainda pela pandemia da Covid-19. \u201cPor causa da explos\u00e3o, muitas fam\u00edlias est\u00e3o sem casa e poderiam assaltar os neg\u00f3cios por causa da fome&#8221;, continua o frade. Deveremos pensar, depois, nas restaura\u00e7\u00f5es do convento e da igreja. Falamos de uma casa de grande valor art\u00edstico, j\u00e1 que, h\u00e1 duzentos anos, exatamente ali, aconteceu a primeira representa\u00e7\u00e3o teatral, em Beirute. O convento \u00e9 considerado patrim\u00f4nio hist\u00f3rico de Beirute\u201d. Frei Firas Lutfi apelou \u00e0 solidariedade internacional: \u201cA palavra solidariedade, creio, que resuma tudo: solidariedade espiritual com ora\u00e7\u00e3o, solidariedade humana no socorro\u00a0a milhares de feridos. Muit\u00edssimas fam\u00edlias ficaram sem casa e essa cat\u00e1strofe se acrescenta a muitas outras situa\u00e7\u00f5es que est\u00e1 vivendo o L\u00edbano\u201d.<\/p>\n<p>O Cust\u00f3dio da Terra Santa, Frei Francesco Patton, de Jerusal\u00e9m, enviou mensagem aos Frades para convid\u00e1-los \u00e0 ora\u00e7\u00e3o: \u201cConvido a todos para rezar pelos falecidos, para os feridos e para suas fam\u00edlias. Convido-vos para rezar a fim de que esse epis\u00f3dio permane\u00e7a um acidente e n\u00e3o degenere em outro conflito. O Pr\u00edncipe da Paz, Nosso Senhor Jesus Cristo, d\u00ea paz ao L\u00edbano, e Maria, Rainha do L\u00edbano, proteja todos os seus filhos\u201d.<\/p>\n<hr \/>\n<p><em>Fonte: https:\/\/www.custodia.org\/<\/em><\/p>\n","protected":false},"excerpt":{"rendered":"<p>Cust\u00f3dia da Terra Santa<\/p>\n","protected":false},"author":3,"featured_media":227535,"comment_status":"open","ping_status":"open","sticky":false,"template":"","format":"standard","meta":[],"categories":[1],"tags":[1429],"acf":[],"yoast_head":"<!-- This site is optimized with the Yoast SEO plugin v19.2 - https:\/\/yoast.com\/wordpress\/plugins\/seo\/ -->\n<title>O testemunho dos Frades da Cust\u00f3dia da Terra Santa sobre as explos\u00f5es em Beirute - Not\u00edcias - Franciscanos<\/title>\n<meta name=\"robots\" content=\"index, follow, max-snippet:-1, max-image-preview:large, max-video-preview:-1\" \/>\n<link rel=\"canonical\" href=\"https:\/\/franciscanos.org.br\/noticias\/o-testemunho-dos-frades-da-custodia-sobre-as-explosoes-em-beirute.html\" \/>\n<meta property=\"og:locale\" content=\"pt_BR\" \/>\n<meta property=\"og:type\" content=\"article\" \/>\n<meta property=\"og:title\" content=\"O testemunho dos Frades da Cust\u00f3dia da Terra Santa sobre as explos\u00f5es em Beirute - Not\u00edcias - Franciscanos\" \/>\n<meta property=\"og:description\" content=\"Cust\u00f3dia da Terra Santa\" \/>\n<meta property=\"og:url\" content=\"https:\/\/franciscanos.org.br\/noticias\/o-testemunho-dos-frades-da-custodia-sobre-as-explosoes-em-beirute.html\" \/>\n<meta property=\"og:site_name\" content=\"Not\u00edcias - Franciscanos\" \/>\n<meta property=\"article:published_time\" content=\"2020-08-06T16:42:51+00:00\" \/>\n<meta property=\"article:modified_time\" content=\"2020-11-19T16:50:30+00:00\" \/>\n<meta property=\"og:image\" content=\"https:\/\/franciscanos.org.br\/noticias\/wp-content\/uploads\/2020\/08\/beirute_0608.jpg\" \/>\n\t<meta property=\"og:image:width\" content=\"800\" \/>\n\t<meta property=\"og:image:height\" content=\"600\" \/>\n\t<meta property=\"og:image:type\" content=\"image\/jpeg\" \/>\n<meta name=\"author\" content=\"moacir\" \/>\n<meta name=\"twitter:card\" content=\"summary_large_image\" \/>\n<meta name=\"twitter:label1\" content=\"Escrito por\" \/>\n\t<meta name=\"twitter:data1\" content=\"moacir\" \/>\n\t<meta name=\"twitter:label2\" content=\"Est. tempo de leitura\" \/>\n\t<meta name=\"twitter:data2\" content=\"4 minutos\" \/>\n<script type=\"application\/ld+json\" class=\"yoast-schema-graph\">{\"@context\":\"https:\/\/schema.org\",\"@graph\":[{\"@type\":\"WebSite\",\"@id\":\"https:\/\/franciscanos.org.br\/noticias\/#website\",\"url\":\"https:\/\/franciscanos.org.br\/noticias\/\",\"name\":\"Not\u00edcias - Franciscanos\",\"description\":\"Prov\u00edncia Franciscana da Imaculada Concei\u00e7\u00e3o do Brasil - Ordem dos Frades Menores - OFM\",\"potentialAction\":[{\"@type\":\"SearchAction\",\"target\":{\"@type\":\"EntryPoint\",\"urlTemplate\":\"https:\/\/franciscanos.org.br\/noticias\/?s={search_term_string}\"},\"query-input\":\"required name=search_term_string\"}],\"inLanguage\":\"pt-BR\"},{\"@type\":\"ImageObject\",\"inLanguage\":\"pt-BR\",\"@id\":\"https:\/\/franciscanos.org.br\/noticias\/o-testemunho-dos-frades-da-custodia-sobre-as-explosoes-em-beirute.html#primaryimage\",\"url\":\"https:\/\/franciscanos.org.br\/noticias\/wp-content\/uploads\/2020\/08\/beirute_0608.jpg\",\"contentUrl\":\"https:\/\/franciscanos.org.br\/noticias\/wp-content\/uploads\/2020\/08\/beirute_0608.jpg\",\"width\":800,\"height\":600},{\"@type\":\"WebPage\",\"@id\":\"https:\/\/franciscanos.org.br\/noticias\/o-testemunho-dos-frades-da-custodia-sobre-as-explosoes-em-beirute.html#webpage\",\"url\":\"https:\/\/franciscanos.org.br\/noticias\/o-testemunho-dos-frades-da-custodia-sobre-as-explosoes-em-beirute.html\",\"name\":\"O testemunho dos Frades da Cust\u00f3dia da Terra Santa sobre as explos\u00f5es em Beirute - Not\u00edcias - Franciscanos\",\"isPartOf\":{\"@id\":\"https:\/\/franciscanos.org.br\/noticias\/#website\"},\"primaryImageOfPage\":{\"@id\":\"https:\/\/franciscanos.org.br\/noticias\/o-testemunho-dos-frades-da-custodia-sobre-as-explosoes-em-beirute.html#primaryimage\"},\"datePublished\":\"2020-08-06T16:42:51+00:00\",\"dateModified\":\"2020-11-19T16:50:30+00:00\",\"author\":{\"@id\":\"https:\/\/franciscanos.org.br\/noticias\/#\/schema\/person\/b5c8cba458c330ccff548b056e95a5d4\"},\"breadcrumb\":{\"@id\":\"https:\/\/franciscanos.org.br\/noticias\/o-testemunho-dos-frades-da-custodia-sobre-as-explosoes-em-beirute.html#breadcrumb\"},\"inLanguage\":\"pt-BR\",\"potentialAction\":[{\"@type\":\"ReadAction\",\"target\":[\"https:\/\/franciscanos.org.br\/noticias\/o-testemunho-dos-frades-da-custodia-sobre-as-explosoes-em-beirute.html\"]}]},{\"@type\":\"BreadcrumbList\",\"@id\":\"https:\/\/franciscanos.org.br\/noticias\/o-testemunho-dos-frades-da-custodia-sobre-as-explosoes-em-beirute.html#breadcrumb\",\"itemListElement\":[{\"@type\":\"ListItem\",\"position\":1,\"name\":\"Home\",\"item\":\"https:\/\/franciscanos.org.br\/noticias\"},{\"@type\":\"ListItem\",\"position\":2,\"name\":\"O testemunho dos Frades da Cust\u00f3dia da Terra Santa sobre as explos\u00f5es em Beirute\"}]},{\"@type\":\"Person\",\"@id\":\"https:\/\/franciscanos.org.br\/noticias\/#\/schema\/person\/b5c8cba458c330ccff548b056e95a5d4\",\"name\":\"moacir\",\"image\":{\"@type\":\"ImageObject\",\"inLanguage\":\"pt-BR\",\"@id\":\"https:\/\/franciscanos.org.br\/noticias\/#\/schema\/person\/image\/\",\"url\":\"https:\/\/secure.gravatar.com\/avatar\/d08aa2ce4c8dd416d4479aa8536fcf64?s=96&d=mm&r=g\",\"contentUrl\":\"https:\/\/secure.gravatar.com\/avatar\/d08aa2ce4c8dd416d4479aa8536fcf64?s=96&d=mm&r=g\",\"caption\":\"moacir\"},\"url\":\"https:\/\/franciscanos.org.br\/noticias\/author\/moacir\"}]}<\/script>\n<!-- \/ Yoast SEO plugin. -->","yoast_head_json":{"title":"O testemunho dos Frades da Cust\u00f3dia da Terra Santa sobre as explos\u00f5es em Beirute - Not\u00edcias - Franciscanos","robots":{"index":"index","follow":"follow","max-snippet":"max-snippet:-1","max-image-preview":"max-image-preview:large","max-video-preview":"max-video-preview:-1"},"canonical":"https:\/\/franciscanos.org.br\/noticias\/o-testemunho-dos-frades-da-custodia-sobre-as-explosoes-em-beirute.html","og_locale":"pt_BR","og_type":"article","og_title":"O testemunho dos Frades da Cust\u00f3dia da Terra Santa sobre as explos\u00f5es em Beirute - Not\u00edcias - Franciscanos","og_description":"Cust\u00f3dia da Terra Santa","og_url":"https:\/\/franciscanos.org.br\/noticias\/o-testemunho-dos-frades-da-custodia-sobre-as-explosoes-em-beirute.html","og_site_name":"Not\u00edcias - Franciscanos","article_published_time":"2020-08-06T16:42:51+00:00","article_modified_time":"2020-11-19T16:50:30+00:00","og_image":[{"width":800,"height":600,"url":"https:\/\/franciscanos.org.br\/noticias\/wp-content\/uploads\/2020\/08\/beirute_0608.jpg","type":"image\/jpeg"}],"author":"moacir","twitter_card":"summary_large_image","twitter_misc":{"Escrito por":"moacir","Est. tempo de leitura":"4 minutos"},"schema":{"@context":"https:\/\/schema.org","@graph":[{"@type":"WebSite","@id":"https:\/\/franciscanos.org.br\/noticias\/#website","url":"https:\/\/franciscanos.org.br\/noticias\/","name":"Not\u00edcias - Franciscanos","description":"Prov\u00edncia Franciscana da Imaculada Concei\u00e7\u00e3o do Brasil - Ordem dos Frades Menores - OFM","potentialAction":[{"@type":"SearchAction","target":{"@type":"EntryPoint","urlTemplate":"https:\/\/franciscanos.org.br\/noticias\/?s={search_term_string}"},"query-input":"required name=search_term_string"}],"inLanguage":"pt-BR"},{"@type":"ImageObject","inLanguage":"pt-BR","@id":"https:\/\/franciscanos.org.br\/noticias\/o-testemunho-dos-frades-da-custodia-sobre-as-explosoes-em-beirute.html#primaryimage","url":"https:\/\/franciscanos.org.br\/noticias\/wp-content\/uploads\/2020\/08\/beirute_0608.jpg","contentUrl":"https:\/\/franciscanos.org.br\/noticias\/wp-content\/uploads\/2020\/08\/beirute_0608.jpg","width":800,"height":600},{"@type":"WebPage","@id":"https:\/\/franciscanos.org.br\/noticias\/o-testemunho-dos-frades-da-custodia-sobre-as-explosoes-em-beirute.html#webpage","url":"https:\/\/franciscanos.org.br\/noticias\/o-testemunho-dos-frades-da-custodia-sobre-as-explosoes-em-beirute.html","name":"O testemunho dos Frades da Cust\u00f3dia da Terra Santa sobre as explos\u00f5es em Beirute - Not\u00edcias - Franciscanos","isPartOf":{"@id":"https:\/\/franciscanos.org.br\/noticias\/#website"},"primaryImageOfPage":{"@id":"https:\/\/franciscanos.org.br\/noticias\/o-testemunho-dos-frades-da-custodia-sobre-as-explosoes-em-beirute.html#primaryimage"},"datePublished":"2020-08-06T16:42:51+00:00","dateModified":"2020-11-19T16:50:30+00:00","author":{"@id":"https:\/\/franciscanos.org.br\/noticias\/#\/schema\/person\/b5c8cba458c330ccff548b056e95a5d4"},"breadcrumb":{"@id":"https:\/\/franciscanos.org.br\/noticias\/o-testemunho-dos-frades-da-custodia-sobre-as-explosoes-em-beirute.html#breadcrumb"},"inLanguage":"pt-BR","potentialAction":[{"@type":"ReadAction","target":["https:\/\/franciscanos.org.br\/noticias\/o-testemunho-dos-frades-da-custodia-sobre-as-explosoes-em-beirute.html"]}]},{"@type":"BreadcrumbList","@id":"https:\/\/franciscanos.org.br\/noticias\/o-testemunho-dos-frades-da-custodia-sobre-as-explosoes-em-beirute.html#breadcrumb","itemListElement":[{"@type":"ListItem","position":1,"name":"Home","item":"https:\/\/franciscanos.org.br\/noticias"},{"@type":"ListItem","position":2,"name":"O testemunho dos Frades da Cust\u00f3dia da Terra Santa sobre as explos\u00f5es em Beirute"}]},{"@type":"Person","@id":"https:\/\/franciscanos.org.br\/noticias\/#\/schema\/person\/b5c8cba458c330ccff548b056e95a5d4","name":"moacir","image":{"@type":"ImageObject","inLanguage":"pt-BR","@id":"https:\/\/franciscanos.org.br\/noticias\/#\/schema\/person\/image\/","url":"https:\/\/secure.gravatar.com\/avatar\/d08aa2ce4c8dd416d4479aa8536fcf64?s=96&d=mm&r=g","contentUrl":"https:\/\/secure.gravatar.com\/avatar\/d08aa2ce4c8dd416d4479aa8536fcf64?s=96&d=mm&r=g","caption":"moacir"},"url":"https:\/\/franciscanos.org.br\/noticias\/author\/moacir"}]}},"_links":{"self":[{"href":"https:\/\/franciscanos.org.br\/noticias\/wp-json\/wp\/v2\/posts\/227534"}],"collection":[{"href":"https:\/\/franciscanos.org.br\/noticias\/wp-json\/wp\/v2\/posts"}],"about":[{"href":"https:\/\/franciscanos.org.br\/noticias\/wp-json\/wp\/v2\/types\/post"}],"author":[{"embeddable":true,"href":"https:\/\/franciscanos.org.br\/noticias\/wp-json\/wp\/v2\/users\/3"}],"replies":[{"embeddable":true,"href":"https:\/\/franciscanos.org.br\/noticias\/wp-json\/wp\/v2\/comments?post=227534"}],"version-history":[{"count":3,"href":"https:\/\/franciscanos.org.br\/noticias\/wp-json\/wp\/v2\/posts\/227534\/revisions"}],"predecessor-version":[{"id":229466,"href":"https:\/\/franciscanos.org.br\/noticias\/wp-json\/wp\/v2\/posts\/227534\/revisions\/229466"}],"wp:featuredmedia":[{"embeddable":true,"href":"https:\/\/franciscanos.org.br\/noticias\/wp-json\/wp\/v2\/media\/227535"}],"wp:attachment":[{"href":"https:\/\/franciscanos.org.br\/noticias\/wp-json\/wp\/v2\/media?parent=227534"}],"wp:term":[{"taxonomy":"category","embeddable":true,"href":"https:\/\/franciscanos.org.br\/noticias\/wp-json\/wp\/v2\/categories?post=227534"},{"taxonomy":"post_tag","embeddable":true,"href":"https:\/\/franciscanos.org.br\/noticias\/wp-json\/wp\/v2\/tags?post=227534"}],"curies":[{"name":"wp","href":"https:\/\/api.w.org\/{rel}","templated":true}]}}