{"id":227518,"date":"2020-08-06T08:13:46","date_gmt":"2020-08-06T11:13:46","guid":{"rendered":"https:\/\/franciscanos.org.br\/noticias\/?p=227518"},"modified":"2020-08-06T08:13:46","modified_gmt":"2020-08-06T11:13:46","slug":"conferencia-eclesial-da-amazonia-unidade-e-diversidade-de-nossa-igreja-e-tema-de-seminario-neste-dia-8","status":"publish","type":"post","link":"https:\/\/franciscanos.org.br\/noticias\/conferencia-eclesial-da-amazonia-unidade-e-diversidade-de-nossa-igreja-e-tema-de-seminario-neste-dia-8.html","title":{"rendered":"&#8220;Confer\u00eancia Eclesial da Amaz\u00f4nia: Unidade e Diversidade de nossa Igreja&#8221; \u00e9 tema de Semin\u00e1rio neste dia 8"},"content":{"rendered":"<p><img loading=\"lazy\" class=\"alignnone wp-image-227519 size-full\" src=\"https:\/\/franciscanos.org.br\/noticias\/wp-content\/uploads\/2020\/08\/seminario_0608.jpg\" alt=\"\" width=\"1024\" height=\"844\" srcset=\"https:\/\/franciscanos.org.br\/noticias\/wp-content\/uploads\/2020\/08\/seminario_0608.jpg 1024w, https:\/\/franciscanos.org.br\/noticias\/wp-content\/uploads\/2020\/08\/seminario_0608-450x371.jpg 450w, https:\/\/franciscanos.org.br\/noticias\/wp-content\/uploads\/2020\/08\/seminario_0608-768x633.jpg 768w, https:\/\/franciscanos.org.br\/noticias\/wp-content\/uploads\/2020\/08\/seminario_0608-150x124.jpg 150w\" sizes=\"(max-width: 1024px) 100vw, 1024px\" \/><\/p>\n<p>O projeto &#8220;Revolu\u00e7\u00e3o Laudato Si'&#8221;, do Servi\u00e7o de Justi\u00e7a, Paz e Integridade da Cria\u00e7\u00e3o da Ordem Franciscana, e a Confer\u00eancia Eclesial da Amaz\u00f4nia, promovem neste dia 8 de agosto, o Semin\u00e1rio &#8220;Unidade e Diversidade de nossa Igreja&#8221;, que contar\u00e1 com tr\u00eas participantes da rec\u00e9m-constitu\u00edda Confer\u00eancia Eclesial da Amaz\u00f4nia: Monsenhor Miguel Cabrejos, OFM, Arcebispo de Trujillo e presidente do Conselho Episcopal Latino-Americano (Celam); Ir. Laura Vicu\u00f1a Pereira, religiosa Catequista Franciscana; Mauricio L\u00f3pez, secret\u00e1rio executivo da Rede Eclesial Pan-Amaz\u00f4nica (Repam) e moderador Frei Valmir Ramos, OFM, Definidor Geral e animador geral para a evangeliza\u00e7\u00e3o da Ordem dos Frades Menores.<\/p>\n<p>O evento acontecer\u00e1 \u00e0s 14 horas,hor\u00e1rio para o Brasil, Argentina e Uruguai. Para participar voc\u00ea deve se inscrever:\u00a0 <a href=\"https:\/\/us02web.zoom.us\/webinar\/register\/WN_w7Gtq0cNSIqZPlXKlBi_ew\">https:\/\/us02web.zoom.us\/webinar\/register\/WN_w7Gtq0cNSIqZPlXKlBi_ew<\/a><\/p>\n<p>No dia 29 de junho, ap\u00f3s o processo sinodal, foi criada a nova Confer\u00eancia Eclesial da Amaz\u00f4nia e, neste Semin\u00e1rio Online, ser\u00e3o respondidas perguntas como: Quem faz parte desta Confer\u00eancia? Quais s\u00e3o as expectativas para a regi\u00e3o Pan-Amaz\u00f4nica? Como foi o processo que levou \u00e0 sua cria\u00e7\u00e3o? Participe do semin\u00e1rio on-line que estar\u00e1 dispon\u00edvel com tradu\u00e7\u00e3o simult\u00e2nea em ingl\u00eas, espanhol e portugu\u00eas.<\/p>\n<p>Al\u00e9m de Frei Valmir, que atuar\u00e1 como moderador, o Brasil estar\u00e1 representado pela Ir. Laura. Ela v\u00ea a nova confer\u00eancia como algo &#8220;que une, que articula as Igrejas na Amaz\u00f4nia&#8221;, um avan\u00e7o no caminho da sinodalidade, &#8220;que a gente possa realmente caminhar juntos, e formar esse rosto da Igreja na Amaz\u00f4nia&#8221;, disse em entrevista a Luis Miguel Modino, do site <em>www.ihu.unisinos.br.<\/em><\/p>\n<p>&#8220;A celebra\u00e7\u00e3o do S\u00ednodo especial para a Amaz\u00f4nia, que ocorreu em Roma durante o m\u00eas de outubro de 2019, foi parte importante de um longo processo de escuta que est\u00e1 ocorrendo nas comunidades de base da regi\u00e3o Pan-Amaz\u00f4nica. Como resultado do di\u00e1logo ocorrido durante as sess\u00f5es do S\u00ednodo de outubro em Roma, foi proposto &#8216;criar um organismo episcopal que promova a sinodalidade entre as igrejas da regi\u00e3o, que ajude a delinear a face amaz\u00f4nica desta Igreja e que continue a tarefa de encontrar novos caminhos para a miss\u00e3o evangelizadora, incorporando especialmente a proposta de ecologia integral, fortalecendo a fisionomia da Igreja Amaz\u00f4nica. Seria um organismo episcopal permanente e representativo que promove a sinodalidade na regi\u00e3o amaz\u00f4nica, articulado ao CELAM, com estrutura pr\u00f3pria, em uma organiza\u00e7\u00e3o simples e articulado ao Repam&#8217; (Documento Final do S\u00ednodo Especial para a Amaz\u00f4nia n. 115)&#8221;, explica Ir. Laura, que \u00e9 ind\u00edgena.<\/p>\n<p>Preocupada com a situa\u00e7\u00e3o dos povos ind\u00edgenas na pandemia, ela denuncia: &#8220;A situa\u00e7\u00e3o na Amaz\u00f4nia como um todo, com a pandemia, ela se agravou mais e evidenciou para o Brasil e para o mundo a situa\u00e7\u00e3o de descaso das pol\u00edticas p\u00fablicas que j\u00e1 existia neste territ\u00f3rio, e tamb\u00e9m \u00e9 algo que est\u00e1 trazendo a tona toda a devasta\u00e7\u00e3o que est\u00e1 acontecendo na Amaz\u00f4nia. Mas ainda n\u00e3o \u00e9 suficiente para a gente coibir a a\u00e7\u00e3o do crime organizado nesta regi\u00e3o. Crime organizado este que est\u00e1 sendo legitimado cada vez mais pela postura, pelo discurso e pr\u00f3pria a\u00e7\u00e3o do governo brasileiro&#8221;.<\/p>\n<p>Para Mauricio, o mais importante do S\u00ednodo \u00e9 o &#8220;depois do S\u00ednodo&#8221;, e o servi\u00e7o da rede \u00e0 Igreja \u2013 porque a rede \u00e9 parte da Igreja, como inst\u00e2ncia de articula\u00e7\u00e3o \u2013 possa se fazer em condi\u00e7\u00f5es adequadas para levar com valentia, for\u00e7a e profunda fraternidade, todos os chamados prof\u00e9ticos e samaritanos deste S\u00ednodo para a Amaz\u00f4nia.<\/p>\n<p>O comunicado criando a Confer\u00eancia Eclesial da Amaz\u00f4nia, que tem data de 29 de junho de 2020, Solenidade de S\u00e3o Pedro e S\u00e3o Paulo, foi assinado por D. Miguel Cabrejos Vidarte, presidente do Celam e pelo cardeal Cl\u00e1udio Hummes, OFM, presidente da Repam. Dom Cl\u00e1udio foi eleito presidente da Confer\u00eancia Eclesial da Amaz\u00f4nia; Mons. David Mart\u00ednez de Aguirre, OP (Peru), como seu vice-presidente. O Comit\u00ea Executivo \u00e9 formado por Mons. Eugenio Coter (Bol\u00edvia), bispo representante das Confer\u00eancias Episcopais do territ\u00f3rio amaz\u00f4nico, junto com as presid\u00eancias dos \u00f3rg\u00e3os eclesiais regionais que acompanhar\u00e3o este processo de forma org\u00e2nica: Celam, Repam, CLAR e C\u00e1ritas ALyC; junto com os 3 representantes dos povos originais designados: Sra. Patricia Gualinga, do povo Kichwa-Sarayaku (Equador); Ir. Laura Vicu\u00f1a Pereira, do povo Kariri (Brasil); e Sr. Delio Siticonatzi, do povo Ash\u00e1ninka (Peru).<br \/>\n.<\/p>\n","protected":false},"excerpt":{"rendered":"<p>JPIC e Repam<\/p>\n","protected":false},"author":3,"featured_media":227520,"comment_status":"open","ping_status":"open","sticky":false,"template":"","format":"standard","meta":[],"categories":[1],"tags":[201,1755],"acf":[],"yoast_head":"<!-- This site is optimized with the Yoast SEO plugin v19.2 - https:\/\/yoast.com\/wordpress\/plugins\/seo\/ -->\n<title>&quot;Confer\u00eancia Eclesial da Amaz\u00f4nia: Unidade e Diversidade de nossa Igreja&quot; \u00e9 tema de Semin\u00e1rio neste dia 8 - Not\u00edcias - Franciscanos<\/title>\n<meta name=\"robots\" content=\"index, follow, max-snippet:-1, max-image-preview:large, max-video-preview:-1\" \/>\n<link rel=\"canonical\" href=\"https:\/\/franciscanos.org.br\/noticias\/conferencia-eclesial-da-amazonia-unidade-e-diversidade-de-nossa-igreja-e-tema-de-seminario-neste-dia-8.html\" \/>\n<meta property=\"og:locale\" content=\"pt_BR\" \/>\n<meta property=\"og:type\" content=\"article\" \/>\n<meta property=\"og:title\" content=\"&quot;Confer\u00eancia Eclesial da Amaz\u00f4nia: Unidade e Diversidade de nossa Igreja&quot; \u00e9 tema de Semin\u00e1rio neste dia 8 - Not\u00edcias - Franciscanos\" \/>\n<meta property=\"og:description\" content=\"JPIC e Repam\" \/>\n<meta property=\"og:url\" content=\"https:\/\/franciscanos.org.br\/noticias\/conferencia-eclesial-da-amazonia-unidade-e-diversidade-de-nossa-igreja-e-tema-de-seminario-neste-dia-8.html\" \/>\n<meta property=\"og:site_name\" content=\"Not\u00edcias - Franciscanos\" \/>\n<meta property=\"article:published_time\" content=\"2020-08-06T11:13:46+00:00\" \/>\n<meta property=\"og:image\" content=\"https:\/\/franciscanos.org.br\/noticias\/wp-content\/uploads\/2020\/08\/seminario_0608d.jpg\" \/>\n\t<meta property=\"og:image:width\" content=\"800\" \/>\n\t<meta property=\"og:image:height\" content=\"600\" \/>\n\t<meta property=\"og:image:type\" content=\"image\/jpeg\" \/>\n<meta name=\"author\" content=\"moacir\" \/>\n<meta name=\"twitter:card\" content=\"summary_large_image\" \/>\n<meta name=\"twitter:label1\" content=\"Escrito por\" \/>\n\t<meta name=\"twitter:data1\" content=\"moacir\" \/>\n\t<meta name=\"twitter:label2\" content=\"Est. tempo de leitura\" \/>\n\t<meta name=\"twitter:data2\" content=\"4 minutos\" \/>\n<script type=\"application\/ld+json\" class=\"yoast-schema-graph\">{\"@context\":\"https:\/\/schema.org\",\"@graph\":[{\"@type\":\"WebSite\",\"@id\":\"https:\/\/franciscanos.org.br\/noticias\/#website\",\"url\":\"https:\/\/franciscanos.org.br\/noticias\/\",\"name\":\"Not\u00edcias - Franciscanos\",\"description\":\"Prov\u00edncia Franciscana da Imaculada Concei\u00e7\u00e3o do Brasil - Ordem dos Frades Menores - OFM\",\"potentialAction\":[{\"@type\":\"SearchAction\",\"target\":{\"@type\":\"EntryPoint\",\"urlTemplate\":\"https:\/\/franciscanos.org.br\/noticias\/?s={search_term_string}\"},\"query-input\":\"required name=search_term_string\"}],\"inLanguage\":\"pt-BR\"},{\"@type\":\"ImageObject\",\"inLanguage\":\"pt-BR\",\"@id\":\"https:\/\/franciscanos.org.br\/noticias\/conferencia-eclesial-da-amazonia-unidade-e-diversidade-de-nossa-igreja-e-tema-de-seminario-neste-dia-8.html#primaryimage\",\"url\":\"https:\/\/franciscanos.org.br\/noticias\/wp-content\/uploads\/2020\/08\/seminario_0608d.jpg\",\"contentUrl\":\"https:\/\/franciscanos.org.br\/noticias\/wp-content\/uploads\/2020\/08\/seminario_0608d.jpg\",\"width\":800,\"height\":600},{\"@type\":\"WebPage\",\"@id\":\"https:\/\/franciscanos.org.br\/noticias\/conferencia-eclesial-da-amazonia-unidade-e-diversidade-de-nossa-igreja-e-tema-de-seminario-neste-dia-8.html#webpage\",\"url\":\"https:\/\/franciscanos.org.br\/noticias\/conferencia-eclesial-da-amazonia-unidade-e-diversidade-de-nossa-igreja-e-tema-de-seminario-neste-dia-8.html\",\"name\":\"\\\"Confer\u00eancia Eclesial da Amaz\u00f4nia: Unidade e Diversidade de nossa Igreja\\\" \u00e9 tema de Semin\u00e1rio neste dia 8 - Not\u00edcias - Franciscanos\",\"isPartOf\":{\"@id\":\"https:\/\/franciscanos.org.br\/noticias\/#website\"},\"primaryImageOfPage\":{\"@id\":\"https:\/\/franciscanos.org.br\/noticias\/conferencia-eclesial-da-amazonia-unidade-e-diversidade-de-nossa-igreja-e-tema-de-seminario-neste-dia-8.html#primaryimage\"},\"datePublished\":\"2020-08-06T11:13:46+00:00\",\"dateModified\":\"2020-08-06T11:13:46+00:00\",\"author\":{\"@id\":\"https:\/\/franciscanos.org.br\/noticias\/#\/schema\/person\/b5c8cba458c330ccff548b056e95a5d4\"},\"breadcrumb\":{\"@id\":\"https:\/\/franciscanos.org.br\/noticias\/conferencia-eclesial-da-amazonia-unidade-e-diversidade-de-nossa-igreja-e-tema-de-seminario-neste-dia-8.html#breadcrumb\"},\"inLanguage\":\"pt-BR\",\"potentialAction\":[{\"@type\":\"ReadAction\",\"target\":[\"https:\/\/franciscanos.org.br\/noticias\/conferencia-eclesial-da-amazonia-unidade-e-diversidade-de-nossa-igreja-e-tema-de-seminario-neste-dia-8.html\"]}]},{\"@type\":\"BreadcrumbList\",\"@id\":\"https:\/\/franciscanos.org.br\/noticias\/conferencia-eclesial-da-amazonia-unidade-e-diversidade-de-nossa-igreja-e-tema-de-seminario-neste-dia-8.html#breadcrumb\",\"itemListElement\":[{\"@type\":\"ListItem\",\"position\":1,\"name\":\"Home\",\"item\":\"https:\/\/franciscanos.org.br\/noticias\"},{\"@type\":\"ListItem\",\"position\":2,\"name\":\"&#8220;Confer\u00eancia Eclesial da Amaz\u00f4nia: Unidade e Diversidade de nossa Igreja&#8221; \u00e9 tema de Semin\u00e1rio neste dia 8\"}]},{\"@type\":\"Person\",\"@id\":\"https:\/\/franciscanos.org.br\/noticias\/#\/schema\/person\/b5c8cba458c330ccff548b056e95a5d4\",\"name\":\"moacir\",\"image\":{\"@type\":\"ImageObject\",\"inLanguage\":\"pt-BR\",\"@id\":\"https:\/\/franciscanos.org.br\/noticias\/#\/schema\/person\/image\/\",\"url\":\"https:\/\/secure.gravatar.com\/avatar\/d08aa2ce4c8dd416d4479aa8536fcf64?s=96&d=mm&r=g\",\"contentUrl\":\"https:\/\/secure.gravatar.com\/avatar\/d08aa2ce4c8dd416d4479aa8536fcf64?s=96&d=mm&r=g\",\"caption\":\"moacir\"},\"url\":\"https:\/\/franciscanos.org.br\/noticias\/author\/moacir\"}]}<\/script>\n<!-- \/ Yoast SEO plugin. -->","yoast_head_json":{"title":"\"Confer\u00eancia Eclesial da Amaz\u00f4nia: Unidade e Diversidade de nossa Igreja\" \u00e9 tema de Semin\u00e1rio neste dia 8 - Not\u00edcias - Franciscanos","robots":{"index":"index","follow":"follow","max-snippet":"max-snippet:-1","max-image-preview":"max-image-preview:large","max-video-preview":"max-video-preview:-1"},"canonical":"https:\/\/franciscanos.org.br\/noticias\/conferencia-eclesial-da-amazonia-unidade-e-diversidade-de-nossa-igreja-e-tema-de-seminario-neste-dia-8.html","og_locale":"pt_BR","og_type":"article","og_title":"\"Confer\u00eancia Eclesial da Amaz\u00f4nia: Unidade e Diversidade de nossa Igreja\" \u00e9 tema de Semin\u00e1rio neste dia 8 - Not\u00edcias - Franciscanos","og_description":"JPIC e Repam","og_url":"https:\/\/franciscanos.org.br\/noticias\/conferencia-eclesial-da-amazonia-unidade-e-diversidade-de-nossa-igreja-e-tema-de-seminario-neste-dia-8.html","og_site_name":"Not\u00edcias - Franciscanos","article_published_time":"2020-08-06T11:13:46+00:00","og_image":[{"width":800,"height":600,"url":"https:\/\/franciscanos.org.br\/noticias\/wp-content\/uploads\/2020\/08\/seminario_0608d.jpg","type":"image\/jpeg"}],"author":"moacir","twitter_card":"summary_large_image","twitter_misc":{"Escrito por":"moacir","Est. tempo de leitura":"4 minutos"},"schema":{"@context":"https:\/\/schema.org","@graph":[{"@type":"WebSite","@id":"https:\/\/franciscanos.org.br\/noticias\/#website","url":"https:\/\/franciscanos.org.br\/noticias\/","name":"Not\u00edcias - Franciscanos","description":"Prov\u00edncia Franciscana da Imaculada Concei\u00e7\u00e3o do Brasil - Ordem dos Frades Menores - OFM","potentialAction":[{"@type":"SearchAction","target":{"@type":"EntryPoint","urlTemplate":"https:\/\/franciscanos.org.br\/noticias\/?s={search_term_string}"},"query-input":"required name=search_term_string"}],"inLanguage":"pt-BR"},{"@type":"ImageObject","inLanguage":"pt-BR","@id":"https:\/\/franciscanos.org.br\/noticias\/conferencia-eclesial-da-amazonia-unidade-e-diversidade-de-nossa-igreja-e-tema-de-seminario-neste-dia-8.html#primaryimage","url":"https:\/\/franciscanos.org.br\/noticias\/wp-content\/uploads\/2020\/08\/seminario_0608d.jpg","contentUrl":"https:\/\/franciscanos.org.br\/noticias\/wp-content\/uploads\/2020\/08\/seminario_0608d.jpg","width":800,"height":600},{"@type":"WebPage","@id":"https:\/\/franciscanos.org.br\/noticias\/conferencia-eclesial-da-amazonia-unidade-e-diversidade-de-nossa-igreja-e-tema-de-seminario-neste-dia-8.html#webpage","url":"https:\/\/franciscanos.org.br\/noticias\/conferencia-eclesial-da-amazonia-unidade-e-diversidade-de-nossa-igreja-e-tema-de-seminario-neste-dia-8.html","name":"\"Confer\u00eancia Eclesial da Amaz\u00f4nia: Unidade e Diversidade de nossa Igreja\" \u00e9 tema de Semin\u00e1rio neste dia 8 - Not\u00edcias - Franciscanos","isPartOf":{"@id":"https:\/\/franciscanos.org.br\/noticias\/#website"},"primaryImageOfPage":{"@id":"https:\/\/franciscanos.org.br\/noticias\/conferencia-eclesial-da-amazonia-unidade-e-diversidade-de-nossa-igreja-e-tema-de-seminario-neste-dia-8.html#primaryimage"},"datePublished":"2020-08-06T11:13:46+00:00","dateModified":"2020-08-06T11:13:46+00:00","author":{"@id":"https:\/\/franciscanos.org.br\/noticias\/#\/schema\/person\/b5c8cba458c330ccff548b056e95a5d4"},"breadcrumb":{"@id":"https:\/\/franciscanos.org.br\/noticias\/conferencia-eclesial-da-amazonia-unidade-e-diversidade-de-nossa-igreja-e-tema-de-seminario-neste-dia-8.html#breadcrumb"},"inLanguage":"pt-BR","potentialAction":[{"@type":"ReadAction","target":["https:\/\/franciscanos.org.br\/noticias\/conferencia-eclesial-da-amazonia-unidade-e-diversidade-de-nossa-igreja-e-tema-de-seminario-neste-dia-8.html"]}]},{"@type":"BreadcrumbList","@id":"https:\/\/franciscanos.org.br\/noticias\/conferencia-eclesial-da-amazonia-unidade-e-diversidade-de-nossa-igreja-e-tema-de-seminario-neste-dia-8.html#breadcrumb","itemListElement":[{"@type":"ListItem","position":1,"name":"Home","item":"https:\/\/franciscanos.org.br\/noticias"},{"@type":"ListItem","position":2,"name":"&#8220;Confer\u00eancia Eclesial da Amaz\u00f4nia: Unidade e Diversidade de nossa Igreja&#8221; \u00e9 tema de Semin\u00e1rio neste dia 8"}]},{"@type":"Person","@id":"https:\/\/franciscanos.org.br\/noticias\/#\/schema\/person\/b5c8cba458c330ccff548b056e95a5d4","name":"moacir","image":{"@type":"ImageObject","inLanguage":"pt-BR","@id":"https:\/\/franciscanos.org.br\/noticias\/#\/schema\/person\/image\/","url":"https:\/\/secure.gravatar.com\/avatar\/d08aa2ce4c8dd416d4479aa8536fcf64?s=96&d=mm&r=g","contentUrl":"https:\/\/secure.gravatar.com\/avatar\/d08aa2ce4c8dd416d4479aa8536fcf64?s=96&d=mm&r=g","caption":"moacir"},"url":"https:\/\/franciscanos.org.br\/noticias\/author\/moacir"}]}},"_links":{"self":[{"href":"https:\/\/franciscanos.org.br\/noticias\/wp-json\/wp\/v2\/posts\/227518"}],"collection":[{"href":"https:\/\/franciscanos.org.br\/noticias\/wp-json\/wp\/v2\/posts"}],"about":[{"href":"https:\/\/franciscanos.org.br\/noticias\/wp-json\/wp\/v2\/types\/post"}],"author":[{"embeddable":true,"href":"https:\/\/franciscanos.org.br\/noticias\/wp-json\/wp\/v2\/users\/3"}],"replies":[{"embeddable":true,"href":"https:\/\/franciscanos.org.br\/noticias\/wp-json\/wp\/v2\/comments?post=227518"}],"version-history":[{"count":1,"href":"https:\/\/franciscanos.org.br\/noticias\/wp-json\/wp\/v2\/posts\/227518\/revisions"}],"predecessor-version":[{"id":227521,"href":"https:\/\/franciscanos.org.br\/noticias\/wp-json\/wp\/v2\/posts\/227518\/revisions\/227521"}],"wp:featuredmedia":[{"embeddable":true,"href":"https:\/\/franciscanos.org.br\/noticias\/wp-json\/wp\/v2\/media\/227520"}],"wp:attachment":[{"href":"https:\/\/franciscanos.org.br\/noticias\/wp-json\/wp\/v2\/media?parent=227518"}],"wp:term":[{"taxonomy":"category","embeddable":true,"href":"https:\/\/franciscanos.org.br\/noticias\/wp-json\/wp\/v2\/categories?post=227518"},{"taxonomy":"post_tag","embeddable":true,"href":"https:\/\/franciscanos.org.br\/noticias\/wp-json\/wp\/v2\/tags?post=227518"}],"curies":[{"name":"wp","href":"https:\/\/api.w.org\/{rel}","templated":true}]}}