{"id":227471,"date":"2020-08-05T07:36:23","date_gmt":"2020-08-05T10:36:23","guid":{"rendered":"https:\/\/franciscanos.org.br\/noticias\/?p=227471"},"modified":"2020-08-05T07:36:23","modified_gmt":"2020-08-05T10:36:23","slug":"papa-recorda-as-feridas-da-pandemia-e-convida-a-olhar-para-jesus","status":"publish","type":"post","link":"https:\/\/franciscanos.org.br\/noticias\/papa-recorda-as-feridas-da-pandemia-e-convida-a-olhar-para-jesus.html","title":{"rendered":"Papa recorda as feridas da pandemia e convida a olhar para Jesus"},"content":{"rendered":"<div id=\"attachment_227472\" style=\"width: 900px\" class=\"wp-caption alignnone\"><img aria-describedby=\"caption-attachment-227472\" loading=\"lazy\" class=\"wp-image-227472 size-full\" src=\"https:\/\/franciscanos.org.br\/noticias\/wp-content\/uploads\/2020\/08\/audiencia_0508.jpg\" alt=\"\" width=\"890\" height=\"538\" srcset=\"https:\/\/franciscanos.org.br\/noticias\/wp-content\/uploads\/2020\/08\/audiencia_0508.jpg 890w, https:\/\/franciscanos.org.br\/noticias\/wp-content\/uploads\/2020\/08\/audiencia_0508-450x272.jpg 450w, https:\/\/franciscanos.org.br\/noticias\/wp-content\/uploads\/2020\/08\/audiencia_0508-768x464.jpg 768w, https:\/\/franciscanos.org.br\/noticias\/wp-content\/uploads\/2020\/08\/audiencia_0508-150x91.jpg 150w\" sizes=\"(max-width: 890px) 100vw, 890px\" \/><p id=\"caption-attachment-227472\" class=\"wp-caption-text\">\u00a0 \u00a0 \u00a0 \u00a0 \u00a0 \u00a0 \u00a0 \u00a0 \u00a0 \u00a0 \u00a0 \u00a0 \u00a0 \u00a0 \u00a0 \u00a0 \u00a0 \u00a0 \u00a0 \u00a0 \u00a0 \u00a0 \u00a0 \u00a0 \u00a0 \u00a0 \u00a0 \u00a0 \u00a0 \u00a0 \u00a0 \u00a0 \u00a0 \u00a0 \u00a0 \u00a0 \u00a0 \u00a0 \u00a0 \u00a0 \u00a0 \u00a0 \u00a0 \u00a0 \u00a0 \u00a0 \u00a0 \u00a0 \u00a0 \u00a0 \u00a0 \u00a0 \u00a0 \u00a0 \u00a0 \u00a0 \u00a0 \u00a0 \u00a0 \u00a0 \u00a0 \u00a0 \u00a0 \u00a0 \u00a0 \u00a0 \u00a0 \u00a0 \u00a0 \u00a0 \u00a0 \u00a0 \u00a0 \u00a0 \u00a0 \u00a0 \u00a0 \u00a0 \u00a0 \u00a0 \u00a0 \u00a0 \u00a0 \u00a0<em> Imagem: Vatican News<\/em><\/p><\/div>\n<p><strong>Cidade do Vaticano<\/strong> &#8211;\u00a0O Papa Francisco retomou, nesta quarta-feira (05\/08), as tradicionais Audi\u00eancias Gerais, depois de algumas semanas de descanso de ver\u00e3o. Na catequese deste 5 de agosto, realizada na Biblioteca do Pal\u00e1cio Apost\u00f3lico, o Pont\u00edfice abordou o tema \u201cCurar o mundo\u201d, reiterando que a pandemia da Covid-19 \u201ccontinua causando feridas profundas, desmascarando as nossas vulnerabilidades\u201d. \u201cH\u00e1 muitos mortos, muitos doentes, em todos os continentes\u201d, sublinhou o Papa, e \u201cmuitas pessoas e fam\u00edlias vivem um tempo de incerteza, devido a problemas socioecon\u00f4micos, que atingem especialmente os mais pobres\u201d.<\/p>\n<p>\u201cPor este motivo\u201d, disse Francisco, \u201cdevemos manter o nosso olhar fixo firmemente em Jesus e com esta f\u00e9 abra\u00e7ar a esperan\u00e7a do Reino de Deus que o pr\u00f3prio Jesus nos traz. Um Reino de cura e salva\u00e7\u00e3o que j\u00e1 est\u00e1 presente entre n\u00f3s. Um Reino de justi\u00e7a e paz que se manifesta atrav\u00e9s de obras de caridade, que por sua vez aumentam a esperan\u00e7a e fortalecem a f\u00e9\u201d. \u201cNa tradi\u00e7\u00e3o crist\u00e3, f\u00e9, esperan\u00e7a e caridade s\u00e3o muito mais do que sentimentos ou atitudes. S\u00e3o virtudes infundidas em n\u00f3s pela gra\u00e7a do Esp\u00edrito Santo: dons que nos curam e nos fazem curar, dons que nos abrem novos horizontes, at\u00e9 quando navegamos nas dif\u00edceis \u00e1guas do nosso tempo\u201d, frisou o Pont\u00edfice, acrescentando:<\/p>\n<p>Um novo encontro com o Evangelho da f\u00e9, da esperan\u00e7a e do amor nos convida a assumir um esp\u00edrito criativo e renovado. Desta forma, poderemos transformar as ra\u00edzes das nossas enfermidades f\u00edsicas, espirituais e sociais. Poderemos curar profundamente as estruturas injustas e as pr\u00e1ticas destrutivas que nos separam uns dos outros, amea\u00e7ando a fam\u00edlia humana e o nosso planeta.<\/p>\n<p><strong>Cura f\u00edsica e espiritual<\/strong><br \/>\nFrancisco lembrou que \u201co minist\u00e9rio de Jesus oferece muitos exemplos de cura\u201d. Quando cura os sofrem de febre, de lepra, de paralisia; quando restitui a vista, a palavra ou a audi\u00e7\u00e3o, na realidade cura n\u00e3o s\u00f3 um mal f\u00edsico mas a pessoa inteira. Deste modo, tamb\u00e9m a restitui \u00e0 comunidade, libertando-a do seu isolamento\u201d.<\/p>\n<p>\u201cPensemos na bonita narra\u00e7\u00e3o da cura do paral\u00edtico em Cafarnaum que n\u00f3s ouvimos no in\u00edcio da audi\u00eancia. Enquanto Jesus prega na entrada da casa, quatro homens trazem um amigo paral\u00edtico a Jesus; e impossibilitados de entrar, descobrem o telhado e descem o leito \u00e0 sua frente. \u00abJesus, vendo a sua f\u00e9, disse ao paral\u00edtico: \u201cFilho, os seus pecados est\u00e3o perdoados!\u201d\u00bb. E depois, como sinal vis\u00edvel, acrescentou: \u00abLevante-se, pega a sua cama e v\u00e1 para casa!\u00bb.<\/p>\n<p>Que maravilhoso exemplo de cura! A a\u00e7\u00e3o de Jesus \u00e9 uma resposta direta \u00e0 f\u00e9 daquelas pessoas, \u00e0 esperan\u00e7a que n&#8217;Ele depositam, ao amor que manifestam uns aos outros. E assim Jesus cura, mas n\u00e3o cura simplesmente a paralisia: perdoa os pecados, renova a vida do paral\u00edtico e dos seus amigos. Faz nascer de novo. Uma cura f\u00edsica e espiritual, fruto de um encontro pessoal e social. Imaginemos como esta amizade e a f\u00e9 de todos os presentes naquela casa cresceram gra\u00e7as ao gesto de Jesus. O encontro de cura com Jesus!<\/p>\n<p>A seguir, Papa nos convidou a fazer a seguinte pergunta: \u201cComo podemos ajudar a curar o nosso mundo hoje? Como disc\u00edpulos do Senhor Jesus, m\u00e9dico das almas e dos corpos, somos chamados a continuar \u00aba sua obra de cura e salva\u00e7\u00e3o\u00bb em sentido f\u00edsico, social e espiritual\u201d.<\/p>\n<p><strong>A Igreja n\u00e3o d\u00e1 indica\u00e7\u00f5es sociopol\u00edticas<\/strong><br \/>\n\u201cN\u00e3o obstante a Igreja administre a gra\u00e7a curativa de Cristo atrav\u00e9s dos Sacramentos, e embora preste servi\u00e7os de sa\u00fade nos mais remotos cantos do planeta, ela n\u00e3o \u00e9 especialista em preven\u00e7\u00e3o nem em tratamento da pandemia. Ajuda os doentes, mas n\u00e3o \u00e9 especialista. Tamb\u00e9m n\u00e3o d\u00e1 indica\u00e7\u00f5es sociopol\u00edticas espec\u00edficas. Esta \u00e9 a tarefa dos l\u00edderes pol\u00edticos e sociais\u201d, frisou ainda o Papa.<\/p>\n<p>Francisco recordou que \u201cao longo dos s\u00e9culos, e \u00e0 luz do Evangelho, a Igreja desenvolveu alguns princ\u00edpios sociais fundamentais, princ\u00edpios que podem nos ajudar a ir em frente, a preparar o futuro de que necessitamos\u201d. A seguir, acrescentou: &#8220;Cito os principais, que est\u00e3o intimamente ligados entre si: o princ\u00edpio da dignidade da pessoa, o princ\u00edpio do bem comum, o princ\u00edpio da op\u00e7\u00e3o preferencial pelos pobres, o princ\u00edpio do destino universal dos bens, o princ\u00edpio da solidariedade, da subsidiariedade, o princ\u00edpio do cuidado de nossa Casa comum. Estes princ\u00edpios ajudam os l\u00edderes, os respons\u00e1veis pela sociedade, a levar adiante o crescimento e tamb\u00e9m, como neste caso de uma pandemia, a cura do tecido pessoal e social. Todos estes princ\u00edpios expressam, de diferentes maneiras, as virtudes da f\u00e9, da esperan\u00e7a e do amor&#8221;.<\/p>\n<p>O Papa convidou a todos, nas pr\u00f3ximas semanas, \u201ca abordar juntos as quest\u00f5es prementes que a pandemia relevou, especialmente as doen\u00e7as sociais\u201d. E fazer isso \u201c\u00e0 luz do Evangelho, das virtudes teologais e dos princ\u00edpios da doutrina social da Igreja\u201d. \u201cExploraremos o modo como a nossa tradi\u00e7\u00e3o social cat\u00f3lica pode ajudar a fam\u00edlia humana a curar este mundo que sofre de doen\u00e7as graves. Desejo refletir e trabalhar em conjunto, como seguidores de Jesus que cura, para construir um mundo melhor, cheio de esperan\u00e7a para as gera\u00e7\u00f5es futuras\u201d, concluiu Francisco.<\/p>\n<p><strong>PAPA PEDE ORA\u00c7\u00c3O PELO L\u00cdBANO<\/strong><br \/>\nO Papa Francisco fez um apelo em prol do L\u00edbano, ap\u00f3s as explos\u00f5es perpetradas, nesta ter\u00e7a-feira (04\/08), na regi\u00e3o portu\u00e1ria de Beirute, capital do pa\u00eds, que causaram pelo menos cem mortos e quatro mil feridos. Este balan\u00e7o, ainda provis\u00f3rio, foi fornecido pela Cruz Vermelha Libanesa. As equipes de resgate est\u00e3o trabalhando para retirar os corpos dos escombros. O Ministro da Sa\u00fade liban\u00eas pediu a todos os m\u00e9dicos e agentes de sa\u00fade para irem aos hospitais da capital a fim de ajudar os feridos.<\/p>\n<p>Eis as palavras do Papa Francisco: &#8220;Ontem, em Beirute, na \u00e1rea portu\u00e1ria, fortes explos\u00f5es causaram dezenas de mortos e milhares de feridos, al\u00e9m de muitas destrui\u00e7\u00f5es graves. Rezemos pelas v\u00edtimas e suas fam\u00edlias; e rezemos pelo L\u00edbano, para que, com o compromisso de todos os seus componentes sociais, pol\u00edticos e religiosos, possa enfrentar este momento tr\u00e1gico e doloroso e, com a ajuda da Comunidade internacional, superar a grave crise que est\u00e1 atravessando&#8221;.<\/p>\n<hr \/>\n<p><em>Fonte: Vatican News (Mariangela Jaguraba)<\/em><\/p>\n","protected":false},"excerpt":{"rendered":"<p>Audi\u00eancia Geral<\/p>\n","protected":false},"author":3,"featured_media":227473,"comment_status":"open","ping_status":"open","sticky":false,"template":"","format":"standard","meta":[],"categories":[1428],"tags":[487],"acf":[],"yoast_head":"<!-- This site is optimized with the Yoast SEO plugin v19.2 - https:\/\/yoast.com\/wordpress\/plugins\/seo\/ -->\n<title>Papa recorda as feridas da pandemia e convida a olhar para Jesus - Not\u00edcias - Franciscanos<\/title>\n<meta name=\"robots\" content=\"index, follow, max-snippet:-1, max-image-preview:large, max-video-preview:-1\" \/>\n<link rel=\"canonical\" href=\"https:\/\/franciscanos.org.br\/noticias\/papa-recorda-as-feridas-da-pandemia-e-convida-a-olhar-para-jesus.html\" \/>\n<meta property=\"og:locale\" content=\"pt_BR\" \/>\n<meta property=\"og:type\" content=\"article\" \/>\n<meta property=\"og:title\" content=\"Papa recorda as feridas da pandemia e convida a olhar para Jesus - Not\u00edcias - Franciscanos\" \/>\n<meta property=\"og:description\" content=\"Audi\u00eancia Geral\" \/>\n<meta property=\"og:url\" content=\"https:\/\/franciscanos.org.br\/noticias\/papa-recorda-as-feridas-da-pandemia-e-convida-a-olhar-para-jesus.html\" \/>\n<meta property=\"og:site_name\" content=\"Not\u00edcias - Franciscanos\" \/>\n<meta property=\"article:published_time\" content=\"2020-08-05T10:36:23+00:00\" \/>\n<meta property=\"og:image\" content=\"https:\/\/franciscanos.org.br\/noticias\/wp-content\/uploads\/2020\/08\/audiencia_0508d.jpg\" \/>\n\t<meta property=\"og:image:width\" content=\"800\" \/>\n\t<meta property=\"og:image:height\" content=\"599\" \/>\n\t<meta property=\"og:image:type\" content=\"image\/jpeg\" \/>\n<meta name=\"author\" content=\"moacir\" \/>\n<meta name=\"twitter:card\" content=\"summary_large_image\" \/>\n<meta name=\"twitter:label1\" content=\"Escrito por\" \/>\n\t<meta name=\"twitter:data1\" content=\"moacir\" \/>\n\t<meta name=\"twitter:label2\" content=\"Est. tempo de leitura\" \/>\n\t<meta name=\"twitter:data2\" content=\"6 minutos\" \/>\n<script type=\"application\/ld+json\" class=\"yoast-schema-graph\">{\"@context\":\"https:\/\/schema.org\",\"@graph\":[{\"@type\":\"WebSite\",\"@id\":\"https:\/\/franciscanos.org.br\/noticias\/#website\",\"url\":\"https:\/\/franciscanos.org.br\/noticias\/\",\"name\":\"Not\u00edcias - Franciscanos\",\"description\":\"Prov\u00edncia Franciscana da Imaculada Concei\u00e7\u00e3o do Brasil - Ordem dos Frades Menores - OFM\",\"potentialAction\":[{\"@type\":\"SearchAction\",\"target\":{\"@type\":\"EntryPoint\",\"urlTemplate\":\"https:\/\/franciscanos.org.br\/noticias\/?s={search_term_string}\"},\"query-input\":\"required name=search_term_string\"}],\"inLanguage\":\"pt-BR\"},{\"@type\":\"ImageObject\",\"inLanguage\":\"pt-BR\",\"@id\":\"https:\/\/franciscanos.org.br\/noticias\/papa-recorda-as-feridas-da-pandemia-e-convida-a-olhar-para-jesus.html#primaryimage\",\"url\":\"https:\/\/franciscanos.org.br\/noticias\/wp-content\/uploads\/2020\/08\/audiencia_0508d.jpg\",\"contentUrl\":\"https:\/\/franciscanos.org.br\/noticias\/wp-content\/uploads\/2020\/08\/audiencia_0508d.jpg\",\"width\":800,\"height\":599},{\"@type\":\"WebPage\",\"@id\":\"https:\/\/franciscanos.org.br\/noticias\/papa-recorda-as-feridas-da-pandemia-e-convida-a-olhar-para-jesus.html#webpage\",\"url\":\"https:\/\/franciscanos.org.br\/noticias\/papa-recorda-as-feridas-da-pandemia-e-convida-a-olhar-para-jesus.html\",\"name\":\"Papa recorda as feridas da pandemia e convida a olhar para Jesus - Not\u00edcias - Franciscanos\",\"isPartOf\":{\"@id\":\"https:\/\/franciscanos.org.br\/noticias\/#website\"},\"primaryImageOfPage\":{\"@id\":\"https:\/\/franciscanos.org.br\/noticias\/papa-recorda-as-feridas-da-pandemia-e-convida-a-olhar-para-jesus.html#primaryimage\"},\"datePublished\":\"2020-08-05T10:36:23+00:00\",\"dateModified\":\"2020-08-05T10:36:23+00:00\",\"author\":{\"@id\":\"https:\/\/franciscanos.org.br\/noticias\/#\/schema\/person\/b5c8cba458c330ccff548b056e95a5d4\"},\"breadcrumb\":{\"@id\":\"https:\/\/franciscanos.org.br\/noticias\/papa-recorda-as-feridas-da-pandemia-e-convida-a-olhar-para-jesus.html#breadcrumb\"},\"inLanguage\":\"pt-BR\",\"potentialAction\":[{\"@type\":\"ReadAction\",\"target\":[\"https:\/\/franciscanos.org.br\/noticias\/papa-recorda-as-feridas-da-pandemia-e-convida-a-olhar-para-jesus.html\"]}]},{\"@type\":\"BreadcrumbList\",\"@id\":\"https:\/\/franciscanos.org.br\/noticias\/papa-recorda-as-feridas-da-pandemia-e-convida-a-olhar-para-jesus.html#breadcrumb\",\"itemListElement\":[{\"@type\":\"ListItem\",\"position\":1,\"name\":\"Home\",\"item\":\"https:\/\/franciscanos.org.br\/noticias\"},{\"@type\":\"ListItem\",\"position\":2,\"name\":\"Papa recorda as feridas da pandemia e convida a olhar para Jesus\"}]},{\"@type\":\"Person\",\"@id\":\"https:\/\/franciscanos.org.br\/noticias\/#\/schema\/person\/b5c8cba458c330ccff548b056e95a5d4\",\"name\":\"moacir\",\"image\":{\"@type\":\"ImageObject\",\"inLanguage\":\"pt-BR\",\"@id\":\"https:\/\/franciscanos.org.br\/noticias\/#\/schema\/person\/image\/\",\"url\":\"https:\/\/secure.gravatar.com\/avatar\/d08aa2ce4c8dd416d4479aa8536fcf64?s=96&d=mm&r=g\",\"contentUrl\":\"https:\/\/secure.gravatar.com\/avatar\/d08aa2ce4c8dd416d4479aa8536fcf64?s=96&d=mm&r=g\",\"caption\":\"moacir\"},\"url\":\"https:\/\/franciscanos.org.br\/noticias\/author\/moacir\"}]}<\/script>\n<!-- \/ Yoast SEO plugin. -->","yoast_head_json":{"title":"Papa recorda as feridas da pandemia e convida a olhar para Jesus - Not\u00edcias - Franciscanos","robots":{"index":"index","follow":"follow","max-snippet":"max-snippet:-1","max-image-preview":"max-image-preview:large","max-video-preview":"max-video-preview:-1"},"canonical":"https:\/\/franciscanos.org.br\/noticias\/papa-recorda-as-feridas-da-pandemia-e-convida-a-olhar-para-jesus.html","og_locale":"pt_BR","og_type":"article","og_title":"Papa recorda as feridas da pandemia e convida a olhar para Jesus - Not\u00edcias - Franciscanos","og_description":"Audi\u00eancia Geral","og_url":"https:\/\/franciscanos.org.br\/noticias\/papa-recorda-as-feridas-da-pandemia-e-convida-a-olhar-para-jesus.html","og_site_name":"Not\u00edcias - Franciscanos","article_published_time":"2020-08-05T10:36:23+00:00","og_image":[{"width":800,"height":599,"url":"https:\/\/franciscanos.org.br\/noticias\/wp-content\/uploads\/2020\/08\/audiencia_0508d.jpg","type":"image\/jpeg"}],"author":"moacir","twitter_card":"summary_large_image","twitter_misc":{"Escrito por":"moacir","Est. tempo de leitura":"6 minutos"},"schema":{"@context":"https:\/\/schema.org","@graph":[{"@type":"WebSite","@id":"https:\/\/franciscanos.org.br\/noticias\/#website","url":"https:\/\/franciscanos.org.br\/noticias\/","name":"Not\u00edcias - Franciscanos","description":"Prov\u00edncia Franciscana da Imaculada Concei\u00e7\u00e3o do Brasil - Ordem dos Frades Menores - OFM","potentialAction":[{"@type":"SearchAction","target":{"@type":"EntryPoint","urlTemplate":"https:\/\/franciscanos.org.br\/noticias\/?s={search_term_string}"},"query-input":"required name=search_term_string"}],"inLanguage":"pt-BR"},{"@type":"ImageObject","inLanguage":"pt-BR","@id":"https:\/\/franciscanos.org.br\/noticias\/papa-recorda-as-feridas-da-pandemia-e-convida-a-olhar-para-jesus.html#primaryimage","url":"https:\/\/franciscanos.org.br\/noticias\/wp-content\/uploads\/2020\/08\/audiencia_0508d.jpg","contentUrl":"https:\/\/franciscanos.org.br\/noticias\/wp-content\/uploads\/2020\/08\/audiencia_0508d.jpg","width":800,"height":599},{"@type":"WebPage","@id":"https:\/\/franciscanos.org.br\/noticias\/papa-recorda-as-feridas-da-pandemia-e-convida-a-olhar-para-jesus.html#webpage","url":"https:\/\/franciscanos.org.br\/noticias\/papa-recorda-as-feridas-da-pandemia-e-convida-a-olhar-para-jesus.html","name":"Papa recorda as feridas da pandemia e convida a olhar para Jesus - Not\u00edcias - Franciscanos","isPartOf":{"@id":"https:\/\/franciscanos.org.br\/noticias\/#website"},"primaryImageOfPage":{"@id":"https:\/\/franciscanos.org.br\/noticias\/papa-recorda-as-feridas-da-pandemia-e-convida-a-olhar-para-jesus.html#primaryimage"},"datePublished":"2020-08-05T10:36:23+00:00","dateModified":"2020-08-05T10:36:23+00:00","author":{"@id":"https:\/\/franciscanos.org.br\/noticias\/#\/schema\/person\/b5c8cba458c330ccff548b056e95a5d4"},"breadcrumb":{"@id":"https:\/\/franciscanos.org.br\/noticias\/papa-recorda-as-feridas-da-pandemia-e-convida-a-olhar-para-jesus.html#breadcrumb"},"inLanguage":"pt-BR","potentialAction":[{"@type":"ReadAction","target":["https:\/\/franciscanos.org.br\/noticias\/papa-recorda-as-feridas-da-pandemia-e-convida-a-olhar-para-jesus.html"]}]},{"@type":"BreadcrumbList","@id":"https:\/\/franciscanos.org.br\/noticias\/papa-recorda-as-feridas-da-pandemia-e-convida-a-olhar-para-jesus.html#breadcrumb","itemListElement":[{"@type":"ListItem","position":1,"name":"Home","item":"https:\/\/franciscanos.org.br\/noticias"},{"@type":"ListItem","position":2,"name":"Papa recorda as feridas da pandemia e convida a olhar para Jesus"}]},{"@type":"Person","@id":"https:\/\/franciscanos.org.br\/noticias\/#\/schema\/person\/b5c8cba458c330ccff548b056e95a5d4","name":"moacir","image":{"@type":"ImageObject","inLanguage":"pt-BR","@id":"https:\/\/franciscanos.org.br\/noticias\/#\/schema\/person\/image\/","url":"https:\/\/secure.gravatar.com\/avatar\/d08aa2ce4c8dd416d4479aa8536fcf64?s=96&d=mm&r=g","contentUrl":"https:\/\/secure.gravatar.com\/avatar\/d08aa2ce4c8dd416d4479aa8536fcf64?s=96&d=mm&r=g","caption":"moacir"},"url":"https:\/\/franciscanos.org.br\/noticias\/author\/moacir"}]}},"_links":{"self":[{"href":"https:\/\/franciscanos.org.br\/noticias\/wp-json\/wp\/v2\/posts\/227471"}],"collection":[{"href":"https:\/\/franciscanos.org.br\/noticias\/wp-json\/wp\/v2\/posts"}],"about":[{"href":"https:\/\/franciscanos.org.br\/noticias\/wp-json\/wp\/v2\/types\/post"}],"author":[{"embeddable":true,"href":"https:\/\/franciscanos.org.br\/noticias\/wp-json\/wp\/v2\/users\/3"}],"replies":[{"embeddable":true,"href":"https:\/\/franciscanos.org.br\/noticias\/wp-json\/wp\/v2\/comments?post=227471"}],"version-history":[{"count":1,"href":"https:\/\/franciscanos.org.br\/noticias\/wp-json\/wp\/v2\/posts\/227471\/revisions"}],"predecessor-version":[{"id":227474,"href":"https:\/\/franciscanos.org.br\/noticias\/wp-json\/wp\/v2\/posts\/227471\/revisions\/227474"}],"wp:featuredmedia":[{"embeddable":true,"href":"https:\/\/franciscanos.org.br\/noticias\/wp-json\/wp\/v2\/media\/227473"}],"wp:attachment":[{"href":"https:\/\/franciscanos.org.br\/noticias\/wp-json\/wp\/v2\/media?parent=227471"}],"wp:term":[{"taxonomy":"category","embeddable":true,"href":"https:\/\/franciscanos.org.br\/noticias\/wp-json\/wp\/v2\/categories?post=227471"},{"taxonomy":"post_tag","embeddable":true,"href":"https:\/\/franciscanos.org.br\/noticias\/wp-json\/wp\/v2\/tags?post=227471"}],"curies":[{"name":"wp","href":"https:\/\/api.w.org\/{rel}","templated":true}]}}