{"id":227421,"date":"2020-08-04T12:51:17","date_gmt":"2020-08-04T15:51:17","guid":{"rendered":"https:\/\/franciscanos.org.br\/noticias\/?p=227421"},"modified":"2020-08-04T13:00:03","modified_gmt":"2020-08-04T16:00:03","slug":"frei-olavo-faz-101-anos-ele-e-nossa-inspiracao-viva-diz-ministro-provincial","status":"publish","type":"post","link":"https:\/\/franciscanos.org.br\/noticias\/frei-olavo-faz-101-anos-ele-e-nossa-inspiracao-viva-diz-ministro-provincial.html","title":{"rendered":"Frei Olavo faz 101 anos: &#8220;Ele \u00e9 nossa inspira\u00e7\u00e3o viva&#8221;, diz Ministro Provincial"},"content":{"rendered":"<p><img loading=\"lazy\" class=\"alignnone wp-image-227422 size-full\" src=\"https:\/\/franciscanos.org.br\/noticias\/wp-content\/uploads\/2020\/08\/olavo_0408.jpg\" alt=\"\" width=\"1280\" height=\"720\" srcset=\"https:\/\/franciscanos.org.br\/noticias\/wp-content\/uploads\/2020\/08\/olavo_0408.jpg 1280w, https:\/\/franciscanos.org.br\/noticias\/wp-content\/uploads\/2020\/08\/olavo_0408-450x253.jpg 450w, https:\/\/franciscanos.org.br\/noticias\/wp-content\/uploads\/2020\/08\/olavo_0408-1024x576.jpg 1024w, https:\/\/franciscanos.org.br\/noticias\/wp-content\/uploads\/2020\/08\/olavo_0408-768x432.jpg 768w, https:\/\/franciscanos.org.br\/noticias\/wp-content\/uploads\/2020\/08\/olavo_0408-150x84.jpg 150w\" sizes=\"(max-width: 1280px) 100vw, 1280px\" \/><\/p>\n<p><strong>Bragan\u00e7a Paulista (SP)<\/strong> &#8211; Um dia de A\u00e7\u00e3o de Gra\u00e7as para Frei Olavo Seifert. Neste 4 de agosto, o s\u00eanior da Prov\u00edncia da Imaculada Concei\u00e7\u00e3o come\u00e7ou cedo celebrando o Dia do Padre e o seu anivers\u00e1rio: 101 anos de vida. Devido \u00e0 pandemia, a Fraternidade Acolhedora de Bragan\u00e7a Paulista, onde residem os frades mais idosos da Prov\u00edncia, convidou o Ministro Provincial, Frei C\u00e9sar K\u00fclkmap, para presidir a Celebra\u00e7\u00e3o Eucar\u00edstica, \u00e0s 7h30. Ao contr\u00e1rio do ano passado, quando uma grande celebra\u00e7\u00e3o marcou os 100 anos de Frei Olavo, desta vez a festa se limitou aos frades e funcion\u00e1rios, zelando com isso pela sa\u00fade dos moradores desta casa.<\/p>\n<p>&#8220;Do alto dos seus 101 anos de vida, 79 anos de franciscano e 74 de sacerdote, Frei Olavo s\u00f3 tem a agradecer a Deus. E n\u00f3s tamb\u00e9m agradecemos e rendemos muitas gra\u00e7as, junto com ele&#8221;, celebrou Frei C\u00e9sar.<\/p>\n<p>O Ministro Provincial lembrou que neste dia, na liturgia, a Igreja festeja a mem\u00f3ria de S\u00e3o Jo\u00e3o Maria Vianey, santo que viveu nos s\u00e9culos XVIII e XIX, e enfrentou muitas dificuldades para alcan\u00e7ar o sacerd\u00f3cio. &#8220;Era considerado um campon\u00eas rude e de pouca intelig\u00eancia para o estudo das ci\u00eancias filos\u00f3ficas e teol\u00f3gicas. Mas, foi aceito devido \u00e0 sua profunda f\u00e9 e devo\u00e7\u00e3o. No entanto, a princ\u00edpio n\u00e3o p\u00f4de exercer plenamente o minist\u00e9rio, pois n\u00e3o era considerado capaz de administrar e guiar consci\u00eancias. Importante, do seu testemunho \u00e9 que ele n\u00e3o fez do estudo e do conhecimento inimigos. Ao contr\u00e1rio, empenhou todas as for\u00e7as para vencer obst\u00e1culos e buscou instrutores que o ajudaram a crescer e melhor servir como sacerdote. E, assim, foi feito p\u00e1roco e confessor em Ars, na Fran\u00e7a. Por seu empenho, mas muito mais por alcan\u00e7ar a sabedoria da santidade que o conduzia \u00e0 palavra mais certa, milhares de fi\u00e9is de toda a Europa acorriam a ele. Ele chegava a ficar 15 horas por dia no confession\u00e1rio e as pessoas ainda esperavam v\u00e1rios dias para esta confiss\u00e3o. Por uma vida de humildade, fervor, servi\u00e7o aos fi\u00e9is e aos pobres, foi proclamado Padroeiro dos P\u00e1rocos e curas de almas em 1929 pelo Papa Pio XI&#8221;, explicou Frei C\u00e9sar.<\/p>\n<p><img loading=\"lazy\" class=\"alignnone wp-image-227423 size-full\" src=\"https:\/\/franciscanos.org.br\/noticias\/wp-content\/uploads\/2020\/08\/olavo_0408_1.jpg\" alt=\"\" width=\"1280\" height=\"720\" srcset=\"https:\/\/franciscanos.org.br\/noticias\/wp-content\/uploads\/2020\/08\/olavo_0408_1.jpg 1280w, https:\/\/franciscanos.org.br\/noticias\/wp-content\/uploads\/2020\/08\/olavo_0408_1-450x253.jpg 450w, https:\/\/franciscanos.org.br\/noticias\/wp-content\/uploads\/2020\/08\/olavo_0408_1-1024x576.jpg 1024w, https:\/\/franciscanos.org.br\/noticias\/wp-content\/uploads\/2020\/08\/olavo_0408_1-768x432.jpg 768w, https:\/\/franciscanos.org.br\/noticias\/wp-content\/uploads\/2020\/08\/olavo_0408_1-150x84.jpg 150w\" sizes=\"(max-width: 1280px) 100vw, 1280px\" \/><\/p>\n<p>Segundo ele, Frei Olavo, neste tempo, j\u00e1 contava com seus 10 anos e, segundo seus pr\u00f3prios relatos, j\u00e1 desejava tamb\u00e9m ser sacerdote, como um sinal de Deus presente em seu cora\u00e7\u00e3o. &#8220;Demorou para encontrar o melhor lugar para viver esta voca\u00e7\u00e3o, mas aos 13 anos chegou aos frades do Largo S\u00e3o Francisco e depois foi para Rio Negro, aos 15 anos. Ele mesmo diz que se apaixonou por este ideal franciscano e, desde que chegou em Rio Negro, sentia-se um frade. Destaca o valor da fraternidade como a nossa marca registrada de frades menores. E foi com a viv\u00eancia da humildade franciscana, do fazer bem e com fidelidade todas as coisas, deixando a centralidade para a vida de ora\u00e7\u00e3o, que Frei Olavo viveu a sua vida e a sua miss\u00e3o franciscana&#8221;, recordou o Ministro Provincial.<\/p>\n<p>Para o Ministro Provincial, Frei Olavo \u00e9 &#8220;o nosso s\u00eanior e, por todos os seus valores, tornou-se para todos n\u00f3s uma inspira\u00e7\u00e3o viva. Ele \u00e9 um testemunho da sabedoria que vem da santidade, como para o Santo Cura d\u2019Ars, aliada \u00e0 humildade, \u00e0 fidelidade, ao servi\u00e7o incans\u00e1vel e a uma profunda sensibilidade aos que est\u00e3o ao nosso redor e que mais precisam de n\u00f3s. Estas atitudes levam a uma viv\u00eancia muito mais l\u00facida do que o tradicionalismo e o ritualismo cegos que Jesus condena no Evangelho. Estes n\u00e3o s\u00e3o fecundos, n\u00e3o produzem frutos. Repetem apenas as f\u00f3rmulas e preceitos sem encantamento. Frei Olavo, celebramos hoje com toda a Prov\u00edncia mais um ano em sua vida centen\u00e1ria e repleta de sabedoria&#8221;, destacou.<\/p>\n<p><img loading=\"lazy\" class=\"alignnone wp-image-227424 size-full\" src=\"https:\/\/franciscanos.org.br\/noticias\/wp-content\/uploads\/2020\/08\/olavo_0408_7.jpg\" alt=\"\" width=\"960\" height=\"914\" srcset=\"https:\/\/franciscanos.org.br\/noticias\/wp-content\/uploads\/2020\/08\/olavo_0408_7.jpg 960w, https:\/\/franciscanos.org.br\/noticias\/wp-content\/uploads\/2020\/08\/olavo_0408_7-450x428.jpg 450w, https:\/\/franciscanos.org.br\/noticias\/wp-content\/uploads\/2020\/08\/olavo_0408_7-768x731.jpg 768w, https:\/\/franciscanos.org.br\/noticias\/wp-content\/uploads\/2020\/08\/olavo_0408_7-150x143.jpg 150w\" sizes=\"(max-width: 960px) 100vw, 960px\" \/><\/p>\n<p>Frei C\u00e9sar tamb\u00e9m ressaltou que hoje era um dia para render gra\u00e7as a Deus pela vida dos sacerdotes presentes na celebra\u00e7\u00e3o. &#8220;Por toda a energia j\u00e1 gasta no servi\u00e7o aos fi\u00e9is e aos mais necessitados. Queremos lembrar tamb\u00e9m os tantos frades que tamb\u00e9m acolheram o minist\u00e9rio sacerdotal na Igreja e hoje est\u00e3o presentes nos mais diferentes campos de miss\u00e3o. Deus esteja com eles e eles tamb\u00e9m possam sentir a nossa proximidade fraterna e de pedidos a Deus por for\u00e7a, coragem e santidade nesta miss\u00e3o a servi\u00e7o do povo santo de Deus! S\u00e3o Francisco mesmo d\u00e1 as indica\u00e7\u00f5es para este servi\u00e7o exercido com m\u00e1xima devo\u00e7\u00e3o \u00e0s Palavras, \u00e0 Eucaristia e aos irm\u00e3os&#8221;, frisou.<\/p>\n<p>&#8220;Parab\u00e9ns, querido Frei Olavo e irm\u00e3os sacerdotes! Muito obrigado por partilharem suas vidas e seu minist\u00e9rio conosco em fraternidade! Paz e Bem!&#8221;, completou.<\/p>\n<p>Frei Olavo, bastante l\u00facido, agradeceu ao Ministro Provincial pela celebra\u00e7\u00e3o. &#8220;Quando fiz 100 anos, foi num dia de chuva e muito frio. Agora, nos 101 anos, estamos num ano de pandemia do coronav\u00edrus. Obrigado por ter enfrentado essas dificuldades. Obrigado pelo carinho, pela caridade que t\u00eam comigo. Cem anos fiz no ano passado e o Senhor me concedeu mais um ano de vida e de b\u00ean\u00e7\u00e3os. Quero agradecer ao Senhor, de modo especial pela lucidez que me consagra em todos esses anos. Sou frade mais antigo da Prov\u00edncia e espero no ano que vem mais frades centen\u00e1rios: Frei Abel, em Rodeio far\u00e1 100 anos no dia 19 de julho; e Frei C\u00e1ssio, em Curitiba. Agrade\u00e7o a Nosso Senhor tudo o que me fez&#8221;, agradeceu Frei Olavo.<\/p>\n<p><img loading=\"lazy\" class=\"alignnone wp-image-227425 size-full\" src=\"https:\/\/franciscanos.org.br\/noticias\/wp-content\/uploads\/2020\/08\/olavo_0408_3.jpg\" alt=\"\" width=\"890\" height=\"418\" srcset=\"https:\/\/franciscanos.org.br\/noticias\/wp-content\/uploads\/2020\/08\/olavo_0408_3.jpg 890w, https:\/\/franciscanos.org.br\/noticias\/wp-content\/uploads\/2020\/08\/olavo_0408_3-450x211.jpg 450w, https:\/\/franciscanos.org.br\/noticias\/wp-content\/uploads\/2020\/08\/olavo_0408_3-768x361.jpg 768w, https:\/\/franciscanos.org.br\/noticias\/wp-content\/uploads\/2020\/08\/olavo_0408_3-150x70.jpg 150w\" sizes=\"(max-width: 890px) 100vw, 890px\" \/><\/p>\n<p><strong>NESTE ANO, MAIS UM JUBILEU: 80 ANOS DE VIDA FRANCISCANA<\/strong><\/p>\n<p>Natural de Curitiba, onde nasceu no dia 4 de agosto de 1919, Ervino Ren\u00e9 Seifert, filho do relojoeiro Gustavo e D. Maria. Quando ingressou na Ordem dos Frades Menores, passou-se a chamar Frei Olavo. Ele teve uma irm\u00e3, cinco anos mais nova, que faleceu em Curitiba aos 88 anos. Hoje, sua fam\u00edlia s\u00e3o tr\u00eas sobrinhos, que sempre o visitam em Bragan\u00e7a Paulista, onde reside.<\/p>\n<p>Um ano depois do seu nascimento, seus pais se transferiram para S\u00e3o Paulo, onde a princ\u00edpio residiram no centro da cidade, mudando-se, em 1924, para o bairro de Santana. Com apenas tr\u00eas anos e meio, Ervino frequentou o jardim de inf\u00e2ncia na Escola de Santo Alberto, dirigida por irm\u00e3s. Foi nesse per\u00edodo que o pai passou a fazer os consertos e manuten\u00e7\u00e3o do rel\u00f3gio da torre do Mosteiro S\u00e3o Bento, no centro de S\u00e3o Paulo. &#8220;Naquela \u00e9poca s\u00f3 havia rel\u00f3gios de bolso e parede&#8221;, recorda o frade.<\/p>\n<p>Na Par\u00f3quia dos Padres Saletinos de Santana fez a primeira comunh\u00e3o e serviu por longos anos como coroinha nas fun\u00e7\u00f5es lit\u00fargicas. Segundo Frei Olavo, desde pequeno j\u00e1 sabia o que queria: &#8220;Eu nunca tive dificuldade na voca\u00e7\u00e3o desde bem cedo&#8221;. Mas s\u00f3 quando j\u00e1 contava com 7 anos de idade, tomou coragem para dizer \u00e0 m\u00e3e que pretendia estudar para ser padre.<\/p>\n<p><img loading=\"lazy\" class=\"alignnone wp-image-227426 size-full\" src=\"https:\/\/franciscanos.org.br\/noticias\/wp-content\/uploads\/2020\/08\/olavo_0408_4.jpg\" alt=\"\" width=\"890\" height=\"648\" srcset=\"https:\/\/franciscanos.org.br\/noticias\/wp-content\/uploads\/2020\/08\/olavo_0408_4.jpg 890w, https:\/\/franciscanos.org.br\/noticias\/wp-content\/uploads\/2020\/08\/olavo_0408_4-450x328.jpg 450w, https:\/\/franciscanos.org.br\/noticias\/wp-content\/uploads\/2020\/08\/olavo_0408_4-768x559.jpg 768w, https:\/\/franciscanos.org.br\/noticias\/wp-content\/uploads\/2020\/08\/olavo_0408_4-150x109.jpg 150w\" sizes=\"(max-width: 890px) 100vw, 890px\" \/><\/p>\n<p>Quando tinha 13 anos, o convite de S\u00e3o Francisco para me tornar franciscano veio at\u00e9 mim na forma de um prospecto do Semin\u00e1rio Ser\u00e1fico S\u00e3o Lu\u00eds de Tolosa de Rio Negro (PR)&#8221;, revelou Frei Olavo. Segundo ele, seus tios residiam no Paran\u00e1 e tinham quatro filhos. &#8220;Minha tia rezava para que um se tornasse padre e com eles veio esse prospecto at\u00e9 S\u00e3o Paulo. N\u00e3o tive d\u00favida que ali era o local que queria estar, embora n\u00e3o conhecesse S\u00e3o Francisco de Assis, a n\u00e3o ser o frade que me batizou em Curitiba, Frei Pascoal Reuss, um santo frade&#8221;, ressaltou.<\/p>\n<p>Escolha feita, a m\u00e3e foi em busca da orienta\u00e7\u00e3o vocacional, primeiro no Convento Santo Ant\u00f4nio do Pari, mas ali indicaram o Convento S\u00e3o Francisco, no Largo de mesmo nome. Atendidos por Frei Celso Dreiling, o garoto Ervino p\u00f4de finalmente ingressar no semin\u00e1rio e, em 1940, no Noviciado, quando recebeu o h\u00e1bito franciscano e fez a profiss\u00e3o dos votos tempor\u00e1rios no dia 22 de dezembro de 1941. Portanto, neste ano estar\u00e1 comemorando 80 anos de vida franciscana.<\/p>\n<p>Segundo Frei Olavo, com dois anos de Teologia, foi ordenado padre porque havia car\u00eancia de sacerdotes para dar atendimento \u00e0s irm\u00e3s. &#8220;Padre simples de teologia. Depois continuei os estudos mais dois anos&#8221;, contou, explicando que isso n\u00e3o era um privil\u00e9gio, pois o &#8220;padre simples n\u00e3o podia fazer nada, nem pregar. S\u00f3 batizar e consagrar&#8217;. Segundo ele, s\u00f3 a sua turma, com mais quatro frades, p\u00f4de se ordenar antes.<\/p>\n<p>Conclu\u00eddo o curso de Teologia em 48, no ano seguinte, foi transferido para o Convento S\u00e3o Francisco, como coadjutor naquele tempo (vig\u00e1rio paroquial hoje). Em 56, Frei Olavo foi tamb\u00e9m escolhido pelo Ministro Provincial Frei Heliodoro para ser seu secret\u00e1rio e arquivista da Prov\u00edncia.<\/p>\n<p>Como arquivista, Frei Olavo ficou 21 anos e faz quest\u00e3o de frisar que foi um trabalho prazeroso. Segundo Frei Regis Daher, foi a primeira grande organiza\u00e7\u00e3o do arquivo da Prov\u00edncia. E tudo feito com a m\u00e1quina de escrever.<\/p>\n<p>&#8220;N\u00e3o sinto a idade. N\u00e3o sei como cheguei a tanto. Sempre tive boa sa\u00fade, fora a cirurgia no cora\u00e7\u00e3o&#8221;, garantiu Frei Olavo, em entrevista quando fez 100 anos. Ele veio para Bragan\u00e7a Paulista em 2015.<\/p>\n<hr \/>\n<p><em>Moacir Beggo (texto) e Frei Thiago Hayakawa (fotos)<\/em><\/p>\n","protected":false},"excerpt":{"rendered":"<p>Anivers\u00e1rio de Frei Olavo: 101 anos<\/p>\n","protected":false},"author":3,"featured_media":227428,"comment_status":"open","ping_status":"open","sticky":false,"template":"","format":"standard","meta":[],"categories":[1],"tags":[1514],"acf":[],"yoast_head":"<!-- This site is optimized with the Yoast SEO plugin v19.2 - https:\/\/yoast.com\/wordpress\/plugins\/seo\/ -->\n<title>Frei Olavo faz 101 anos: &quot;Ele \u00e9 nossa inspira\u00e7\u00e3o viva&quot;, diz Ministro Provincial - Not\u00edcias - Franciscanos<\/title>\n<meta name=\"robots\" content=\"index, follow, max-snippet:-1, max-image-preview:large, max-video-preview:-1\" \/>\n<link rel=\"canonical\" href=\"https:\/\/franciscanos.org.br\/noticias\/frei-olavo-faz-101-anos-ele-e-nossa-inspiracao-viva-diz-ministro-provincial.html\" \/>\n<meta property=\"og:locale\" content=\"pt_BR\" \/>\n<meta property=\"og:type\" content=\"article\" \/>\n<meta property=\"og:title\" content=\"Frei Olavo faz 101 anos: &quot;Ele \u00e9 nossa inspira\u00e7\u00e3o viva&quot;, diz Ministro Provincial - Not\u00edcias - Franciscanos\" \/>\n<meta property=\"og:description\" content=\"Anivers\u00e1rio de Frei Olavo: 101 anos\" \/>\n<meta property=\"og:url\" content=\"https:\/\/franciscanos.org.br\/noticias\/frei-olavo-faz-101-anos-ele-e-nossa-inspiracao-viva-diz-ministro-provincial.html\" \/>\n<meta property=\"og:site_name\" content=\"Not\u00edcias - Franciscanos\" \/>\n<meta property=\"article:published_time\" content=\"2020-08-04T15:51:17+00:00\" \/>\n<meta property=\"article:modified_time\" content=\"2020-08-04T16:00:03+00:00\" \/>\n<meta property=\"og:image\" content=\"https:\/\/franciscanos.org.br\/noticias\/wp-content\/uploads\/2020\/08\/olavo_0408d.jpg\" \/>\n\t<meta property=\"og:image:width\" content=\"800\" \/>\n\t<meta property=\"og:image:height\" content=\"600\" \/>\n\t<meta property=\"og:image:type\" content=\"image\/jpeg\" \/>\n<meta name=\"author\" content=\"moacir\" \/>\n<meta name=\"twitter:card\" content=\"summary_large_image\" \/>\n<meta name=\"twitter:label1\" content=\"Escrito por\" \/>\n\t<meta name=\"twitter:data1\" content=\"moacir\" \/>\n\t<meta name=\"twitter:label2\" content=\"Est. tempo de leitura\" \/>\n\t<meta name=\"twitter:data2\" content=\"8 minutos\" \/>\n<script type=\"application\/ld+json\" class=\"yoast-schema-graph\">{\"@context\":\"https:\/\/schema.org\",\"@graph\":[{\"@type\":\"WebSite\",\"@id\":\"https:\/\/franciscanos.org.br\/noticias\/#website\",\"url\":\"https:\/\/franciscanos.org.br\/noticias\/\",\"name\":\"Not\u00edcias - Franciscanos\",\"description\":\"Prov\u00edncia Franciscana da Imaculada Concei\u00e7\u00e3o do Brasil - Ordem dos Frades Menores - OFM\",\"potentialAction\":[{\"@type\":\"SearchAction\",\"target\":{\"@type\":\"EntryPoint\",\"urlTemplate\":\"https:\/\/franciscanos.org.br\/noticias\/?s={search_term_string}\"},\"query-input\":\"required name=search_term_string\"}],\"inLanguage\":\"pt-BR\"},{\"@type\":\"ImageObject\",\"inLanguage\":\"pt-BR\",\"@id\":\"https:\/\/franciscanos.org.br\/noticias\/frei-olavo-faz-101-anos-ele-e-nossa-inspiracao-viva-diz-ministro-provincial.html#primaryimage\",\"url\":\"https:\/\/franciscanos.org.br\/noticias\/wp-content\/uploads\/2020\/08\/olavo_0408d.jpg\",\"contentUrl\":\"https:\/\/franciscanos.org.br\/noticias\/wp-content\/uploads\/2020\/08\/olavo_0408d.jpg\",\"width\":800,\"height\":600},{\"@type\":\"WebPage\",\"@id\":\"https:\/\/franciscanos.org.br\/noticias\/frei-olavo-faz-101-anos-ele-e-nossa-inspiracao-viva-diz-ministro-provincial.html#webpage\",\"url\":\"https:\/\/franciscanos.org.br\/noticias\/frei-olavo-faz-101-anos-ele-e-nossa-inspiracao-viva-diz-ministro-provincial.html\",\"name\":\"Frei Olavo faz 101 anos: \\\"Ele \u00e9 nossa inspira\u00e7\u00e3o viva\\\", diz Ministro Provincial - Not\u00edcias - Franciscanos\",\"isPartOf\":{\"@id\":\"https:\/\/franciscanos.org.br\/noticias\/#website\"},\"primaryImageOfPage\":{\"@id\":\"https:\/\/franciscanos.org.br\/noticias\/frei-olavo-faz-101-anos-ele-e-nossa-inspiracao-viva-diz-ministro-provincial.html#primaryimage\"},\"datePublished\":\"2020-08-04T15:51:17+00:00\",\"dateModified\":\"2020-08-04T16:00:03+00:00\",\"author\":{\"@id\":\"https:\/\/franciscanos.org.br\/noticias\/#\/schema\/person\/b5c8cba458c330ccff548b056e95a5d4\"},\"breadcrumb\":{\"@id\":\"https:\/\/franciscanos.org.br\/noticias\/frei-olavo-faz-101-anos-ele-e-nossa-inspiracao-viva-diz-ministro-provincial.html#breadcrumb\"},\"inLanguage\":\"pt-BR\",\"potentialAction\":[{\"@type\":\"ReadAction\",\"target\":[\"https:\/\/franciscanos.org.br\/noticias\/frei-olavo-faz-101-anos-ele-e-nossa-inspiracao-viva-diz-ministro-provincial.html\"]}]},{\"@type\":\"BreadcrumbList\",\"@id\":\"https:\/\/franciscanos.org.br\/noticias\/frei-olavo-faz-101-anos-ele-e-nossa-inspiracao-viva-diz-ministro-provincial.html#breadcrumb\",\"itemListElement\":[{\"@type\":\"ListItem\",\"position\":1,\"name\":\"Home\",\"item\":\"https:\/\/franciscanos.org.br\/noticias\"},{\"@type\":\"ListItem\",\"position\":2,\"name\":\"Frei Olavo faz 101 anos: &#8220;Ele \u00e9 nossa inspira\u00e7\u00e3o viva&#8221;, diz Ministro Provincial\"}]},{\"@type\":\"Person\",\"@id\":\"https:\/\/franciscanos.org.br\/noticias\/#\/schema\/person\/b5c8cba458c330ccff548b056e95a5d4\",\"name\":\"moacir\",\"image\":{\"@type\":\"ImageObject\",\"inLanguage\":\"pt-BR\",\"@id\":\"https:\/\/franciscanos.org.br\/noticias\/#\/schema\/person\/image\/\",\"url\":\"https:\/\/secure.gravatar.com\/avatar\/d08aa2ce4c8dd416d4479aa8536fcf64?s=96&d=mm&r=g\",\"contentUrl\":\"https:\/\/secure.gravatar.com\/avatar\/d08aa2ce4c8dd416d4479aa8536fcf64?s=96&d=mm&r=g\",\"caption\":\"moacir\"},\"url\":\"https:\/\/franciscanos.org.br\/noticias\/author\/moacir\"}]}<\/script>\n<!-- \/ Yoast SEO plugin. -->","yoast_head_json":{"title":"Frei Olavo faz 101 anos: \"Ele \u00e9 nossa inspira\u00e7\u00e3o viva\", diz Ministro Provincial - Not\u00edcias - Franciscanos","robots":{"index":"index","follow":"follow","max-snippet":"max-snippet:-1","max-image-preview":"max-image-preview:large","max-video-preview":"max-video-preview:-1"},"canonical":"https:\/\/franciscanos.org.br\/noticias\/frei-olavo-faz-101-anos-ele-e-nossa-inspiracao-viva-diz-ministro-provincial.html","og_locale":"pt_BR","og_type":"article","og_title":"Frei Olavo faz 101 anos: \"Ele \u00e9 nossa inspira\u00e7\u00e3o viva\", diz Ministro Provincial - Not\u00edcias - Franciscanos","og_description":"Anivers\u00e1rio de Frei Olavo: 101 anos","og_url":"https:\/\/franciscanos.org.br\/noticias\/frei-olavo-faz-101-anos-ele-e-nossa-inspiracao-viva-diz-ministro-provincial.html","og_site_name":"Not\u00edcias - Franciscanos","article_published_time":"2020-08-04T15:51:17+00:00","article_modified_time":"2020-08-04T16:00:03+00:00","og_image":[{"width":800,"height":600,"url":"https:\/\/franciscanos.org.br\/noticias\/wp-content\/uploads\/2020\/08\/olavo_0408d.jpg","type":"image\/jpeg"}],"author":"moacir","twitter_card":"summary_large_image","twitter_misc":{"Escrito por":"moacir","Est. tempo de leitura":"8 minutos"},"schema":{"@context":"https:\/\/schema.org","@graph":[{"@type":"WebSite","@id":"https:\/\/franciscanos.org.br\/noticias\/#website","url":"https:\/\/franciscanos.org.br\/noticias\/","name":"Not\u00edcias - Franciscanos","description":"Prov\u00edncia Franciscana da Imaculada Concei\u00e7\u00e3o do Brasil - Ordem dos Frades Menores - OFM","potentialAction":[{"@type":"SearchAction","target":{"@type":"EntryPoint","urlTemplate":"https:\/\/franciscanos.org.br\/noticias\/?s={search_term_string}"},"query-input":"required name=search_term_string"}],"inLanguage":"pt-BR"},{"@type":"ImageObject","inLanguage":"pt-BR","@id":"https:\/\/franciscanos.org.br\/noticias\/frei-olavo-faz-101-anos-ele-e-nossa-inspiracao-viva-diz-ministro-provincial.html#primaryimage","url":"https:\/\/franciscanos.org.br\/noticias\/wp-content\/uploads\/2020\/08\/olavo_0408d.jpg","contentUrl":"https:\/\/franciscanos.org.br\/noticias\/wp-content\/uploads\/2020\/08\/olavo_0408d.jpg","width":800,"height":600},{"@type":"WebPage","@id":"https:\/\/franciscanos.org.br\/noticias\/frei-olavo-faz-101-anos-ele-e-nossa-inspiracao-viva-diz-ministro-provincial.html#webpage","url":"https:\/\/franciscanos.org.br\/noticias\/frei-olavo-faz-101-anos-ele-e-nossa-inspiracao-viva-diz-ministro-provincial.html","name":"Frei Olavo faz 101 anos: \"Ele \u00e9 nossa inspira\u00e7\u00e3o viva\", diz Ministro Provincial - Not\u00edcias - Franciscanos","isPartOf":{"@id":"https:\/\/franciscanos.org.br\/noticias\/#website"},"primaryImageOfPage":{"@id":"https:\/\/franciscanos.org.br\/noticias\/frei-olavo-faz-101-anos-ele-e-nossa-inspiracao-viva-diz-ministro-provincial.html#primaryimage"},"datePublished":"2020-08-04T15:51:17+00:00","dateModified":"2020-08-04T16:00:03+00:00","author":{"@id":"https:\/\/franciscanos.org.br\/noticias\/#\/schema\/person\/b5c8cba458c330ccff548b056e95a5d4"},"breadcrumb":{"@id":"https:\/\/franciscanos.org.br\/noticias\/frei-olavo-faz-101-anos-ele-e-nossa-inspiracao-viva-diz-ministro-provincial.html#breadcrumb"},"inLanguage":"pt-BR","potentialAction":[{"@type":"ReadAction","target":["https:\/\/franciscanos.org.br\/noticias\/frei-olavo-faz-101-anos-ele-e-nossa-inspiracao-viva-diz-ministro-provincial.html"]}]},{"@type":"BreadcrumbList","@id":"https:\/\/franciscanos.org.br\/noticias\/frei-olavo-faz-101-anos-ele-e-nossa-inspiracao-viva-diz-ministro-provincial.html#breadcrumb","itemListElement":[{"@type":"ListItem","position":1,"name":"Home","item":"https:\/\/franciscanos.org.br\/noticias"},{"@type":"ListItem","position":2,"name":"Frei Olavo faz 101 anos: &#8220;Ele \u00e9 nossa inspira\u00e7\u00e3o viva&#8221;, diz Ministro Provincial"}]},{"@type":"Person","@id":"https:\/\/franciscanos.org.br\/noticias\/#\/schema\/person\/b5c8cba458c330ccff548b056e95a5d4","name":"moacir","image":{"@type":"ImageObject","inLanguage":"pt-BR","@id":"https:\/\/franciscanos.org.br\/noticias\/#\/schema\/person\/image\/","url":"https:\/\/secure.gravatar.com\/avatar\/d08aa2ce4c8dd416d4479aa8536fcf64?s=96&d=mm&r=g","contentUrl":"https:\/\/secure.gravatar.com\/avatar\/d08aa2ce4c8dd416d4479aa8536fcf64?s=96&d=mm&r=g","caption":"moacir"},"url":"https:\/\/franciscanos.org.br\/noticias\/author\/moacir"}]}},"_links":{"self":[{"href":"https:\/\/franciscanos.org.br\/noticias\/wp-json\/wp\/v2\/posts\/227421"}],"collection":[{"href":"https:\/\/franciscanos.org.br\/noticias\/wp-json\/wp\/v2\/posts"}],"about":[{"href":"https:\/\/franciscanos.org.br\/noticias\/wp-json\/wp\/v2\/types\/post"}],"author":[{"embeddable":true,"href":"https:\/\/franciscanos.org.br\/noticias\/wp-json\/wp\/v2\/users\/3"}],"replies":[{"embeddable":true,"href":"https:\/\/franciscanos.org.br\/noticias\/wp-json\/wp\/v2\/comments?post=227421"}],"version-history":[{"count":6,"href":"https:\/\/franciscanos.org.br\/noticias\/wp-json\/wp\/v2\/posts\/227421\/revisions"}],"predecessor-version":[{"id":227434,"href":"https:\/\/franciscanos.org.br\/noticias\/wp-json\/wp\/v2\/posts\/227421\/revisions\/227434"}],"wp:featuredmedia":[{"embeddable":true,"href":"https:\/\/franciscanos.org.br\/noticias\/wp-json\/wp\/v2\/media\/227428"}],"wp:attachment":[{"href":"https:\/\/franciscanos.org.br\/noticias\/wp-json\/wp\/v2\/media?parent=227421"}],"wp:term":[{"taxonomy":"category","embeddable":true,"href":"https:\/\/franciscanos.org.br\/noticias\/wp-json\/wp\/v2\/categories?post=227421"},{"taxonomy":"post_tag","embeddable":true,"href":"https:\/\/franciscanos.org.br\/noticias\/wp-json\/wp\/v2\/tags?post=227421"}],"curies":[{"name":"wp","href":"https:\/\/api.w.org\/{rel}","templated":true}]}}