{"id":227403,"date":"2020-07-31T16:01:36","date_gmt":"2020-07-31T19:01:36","guid":{"rendered":"https:\/\/franciscanos.org.br\/noticias\/?p=227403"},"modified":"2020-07-31T16:01:36","modified_gmt":"2020-07-31T19:01:36","slug":"frei-mario-conclui-mestrado-em-educacao","status":"publish","type":"post","link":"https:\/\/franciscanos.org.br\/noticias\/frei-mario-conclui-mestrado-em-educacao.html","title":{"rendered":"Frei M\u00e1rio conclui Mestrado em Educa\u00e7\u00e3o"},"content":{"rendered":"<p><img loading=\"lazy\" class=\"alignnone wp-image-227404 size-full\" src=\"https:\/\/franciscanos.org.br\/noticias\/wp-content\/uploads\/2020\/07\/mario_02.jpg\" alt=\"\" width=\"1280\" height=\"663\" srcset=\"https:\/\/franciscanos.org.br\/noticias\/wp-content\/uploads\/2020\/07\/mario_02.jpg 1280w, https:\/\/franciscanos.org.br\/noticias\/wp-content\/uploads\/2020\/07\/mario_02-450x233.jpg 450w, https:\/\/franciscanos.org.br\/noticias\/wp-content\/uploads\/2020\/07\/mario_02-1024x530.jpg 1024w, https:\/\/franciscanos.org.br\/noticias\/wp-content\/uploads\/2020\/07\/mario_02-768x398.jpg 768w, https:\/\/franciscanos.org.br\/noticias\/wp-content\/uploads\/2020\/07\/mario_02-150x78.jpg 150w\" sizes=\"(max-width: 1280px) 100vw, 1280px\" \/><\/p>\n<p>No dia 29 de julho de 2020, Frei M\u00e1rio Jos\u00e9 Knapik defendeu, por videoconfer\u00eancia, o Mestrado na Pontif\u00edcia Universidade Cat\u00f3lica do Paran\u00e1 (PUCPR), em Curitiba. Tendo como tema central de investiga\u00e7\u00e3o a \u201cEduca\u00e7\u00e3o na perspectiva da complexidade: contribui\u00e7\u00f5es pedag\u00f3gicas e epistemol\u00f3gicas para uma Institui\u00e7\u00e3o de Educa\u00e7\u00e3o Superior Confessional\u201d, o estudo consistiu em analisar como os saberes da educa\u00e7\u00e3o do futuro, propostos pelo educador franc\u00eas, Edgar Morin, podem contribuir para os projetos pedag\u00f3gicos da FAE Centro Universit\u00e1rio, bem como para a forma\u00e7\u00e3o dos professores e alunos.<\/p>\n<p>A pesquisa envolveu documentos da FAE (Plano de Desenvolvimento Institucional, Projeto Pedag\u00f3gico Institucional, Projeto Pedag\u00f3gico dos cursos de Filosofia e Pedagogia), bem como gestores e professores da institui\u00e7\u00e3o investigada, com o intuito de identificar a poss\u00edvel presen\u00e7a dos saberes da educa\u00e7\u00e3o do futuro nos documentos e na pr\u00e1tica pedag\u00f3gica dos docentes.<\/p>\n<p>Inserido numa realidade complexa e marcada por constantes muta\u00e7\u00f5es e transforma\u00e7\u00f5es, o ser humano necessita de uma compreens\u00e3o multidimensional da vida, da sociedade e do planeta Terra (nossa casa comum) como uma rede de inter-rela\u00e7\u00f5es e de interconex\u00f5es entre as distintas dimens\u00f5es existenciais, sociais e c\u00f3smicas.<\/p>\n<p>Para isso, Edgar Morin prop\u00f5e, a partir de sua obra <em>Os sete saberes necess\u00e1rios \u00e0 educa\u00e7\u00e3o do futuro<\/em>, uma educa\u00e7\u00e3o alicer\u00e7ada em sete saberes, quais sejam: as cegueiras do conhecimento: o erro e a ilus\u00e3o; os princ\u00edpios do conhecimento pertinente; ensinar a condi\u00e7\u00e3o humana; ensinar a identidade terrena; enfrentar as incertezas; ensinar a compreens\u00e3o; e a \u00e9tica do g\u00eanero humano, como um conjunto de princ\u00edpios e ferramentas para uma forma\u00e7\u00e3o integral do ser humano. Os sete saberes s\u00e3o uma fonte indispens\u00e1vel de estudo e aprendizagem para os pesquisadores, professores e alunos das gera\u00e7\u00f5es presentes e futuras no \u00e2mbito da complexidade, da religa\u00e7\u00e3o dos saberes, da reflex\u00e3o cr\u00edtica, criativa e transformadora do ser humano e da sociedade.<\/p>\n<p>Nessa perspectiva, torna-se necess\u00e1rio superar o pensamento que fragmenta, isola, separa, desune, sustentado pelo conhecimento cartesiano-newtoniano, para ir em busca de um paradigma que dialoga, acolhe, une, integra, contextualiza e globaliza, considerando que os apelos e desafios do mundo contempor\u00e2neo s\u00e3o cada vez mais complexos e multirreferenciais. Assim, os saberes da educa\u00e7\u00e3o do futuro s\u00e3o ferramentas importantes para a evangeliza\u00e7\u00e3o e miss\u00e3o franciscana na educa\u00e7\u00e3o e nos diversos espa\u00e7os de atua\u00e7\u00e3o pastoral.<\/p>\n","protected":false},"excerpt":{"rendered":"<p>Frente da Educa\u00e7\u00e3o<\/p>\n","protected":false},"author":3,"featured_media":227405,"comment_status":"open","ping_status":"open","sticky":false,"template":"","format":"standard","meta":[],"categories":[1],"tags":[1117],"acf":[],"yoast_head":"<!-- This site is optimized with the Yoast SEO plugin v19.2 - https:\/\/yoast.com\/wordpress\/plugins\/seo\/ -->\n<title>Frei M\u00e1rio conclui Mestrado em Educa\u00e7\u00e3o - Not\u00edcias - Franciscanos<\/title>\n<meta name=\"robots\" content=\"index, follow, max-snippet:-1, max-image-preview:large, max-video-preview:-1\" \/>\n<link rel=\"canonical\" href=\"https:\/\/franciscanos.org.br\/noticias\/frei-mario-conclui-mestrado-em-educacao.html\" \/>\n<meta property=\"og:locale\" content=\"pt_BR\" \/>\n<meta property=\"og:type\" content=\"article\" \/>\n<meta property=\"og:title\" content=\"Frei M\u00e1rio conclui Mestrado em Educa\u00e7\u00e3o - Not\u00edcias - Franciscanos\" \/>\n<meta property=\"og:description\" content=\"Frente da Educa\u00e7\u00e3o\" \/>\n<meta property=\"og:url\" content=\"https:\/\/franciscanos.org.br\/noticias\/frei-mario-conclui-mestrado-em-educacao.html\" \/>\n<meta property=\"og:site_name\" content=\"Not\u00edcias - Franciscanos\" \/>\n<meta property=\"article:published_time\" content=\"2020-07-31T19:01:36+00:00\" \/>\n<meta property=\"og:image\" content=\"https:\/\/franciscanos.org.br\/noticias\/wp-content\/uploads\/2020\/07\/mario_d.jpg\" \/>\n\t<meta property=\"og:image:width\" content=\"800\" \/>\n\t<meta property=\"og:image:height\" content=\"600\" \/>\n\t<meta property=\"og:image:type\" content=\"image\/jpeg\" \/>\n<meta name=\"author\" content=\"moacir\" \/>\n<meta name=\"twitter:card\" content=\"summary_large_image\" \/>\n<meta name=\"twitter:label1\" content=\"Escrito por\" \/>\n\t<meta name=\"twitter:data1\" content=\"moacir\" \/>\n\t<meta name=\"twitter:label2\" content=\"Est. tempo de leitura\" \/>\n\t<meta name=\"twitter:data2\" content=\"2 minutos\" \/>\n<script type=\"application\/ld+json\" class=\"yoast-schema-graph\">{\"@context\":\"https:\/\/schema.org\",\"@graph\":[{\"@type\":\"WebSite\",\"@id\":\"https:\/\/franciscanos.org.br\/noticias\/#website\",\"url\":\"https:\/\/franciscanos.org.br\/noticias\/\",\"name\":\"Not\u00edcias - Franciscanos\",\"description\":\"Prov\u00edncia Franciscana da Imaculada Concei\u00e7\u00e3o do Brasil - Ordem dos Frades Menores - OFM\",\"potentialAction\":[{\"@type\":\"SearchAction\",\"target\":{\"@type\":\"EntryPoint\",\"urlTemplate\":\"https:\/\/franciscanos.org.br\/noticias\/?s={search_term_string}\"},\"query-input\":\"required name=search_term_string\"}],\"inLanguage\":\"pt-BR\"},{\"@type\":\"ImageObject\",\"inLanguage\":\"pt-BR\",\"@id\":\"https:\/\/franciscanos.org.br\/noticias\/frei-mario-conclui-mestrado-em-educacao.html#primaryimage\",\"url\":\"https:\/\/franciscanos.org.br\/noticias\/wp-content\/uploads\/2020\/07\/mario_d.jpg\",\"contentUrl\":\"https:\/\/franciscanos.org.br\/noticias\/wp-content\/uploads\/2020\/07\/mario_d.jpg\",\"width\":800,\"height\":600},{\"@type\":\"WebPage\",\"@id\":\"https:\/\/franciscanos.org.br\/noticias\/frei-mario-conclui-mestrado-em-educacao.html#webpage\",\"url\":\"https:\/\/franciscanos.org.br\/noticias\/frei-mario-conclui-mestrado-em-educacao.html\",\"name\":\"Frei M\u00e1rio conclui Mestrado em Educa\u00e7\u00e3o - Not\u00edcias - Franciscanos\",\"isPartOf\":{\"@id\":\"https:\/\/franciscanos.org.br\/noticias\/#website\"},\"primaryImageOfPage\":{\"@id\":\"https:\/\/franciscanos.org.br\/noticias\/frei-mario-conclui-mestrado-em-educacao.html#primaryimage\"},\"datePublished\":\"2020-07-31T19:01:36+00:00\",\"dateModified\":\"2020-07-31T19:01:36+00:00\",\"author\":{\"@id\":\"https:\/\/franciscanos.org.br\/noticias\/#\/schema\/person\/b5c8cba458c330ccff548b056e95a5d4\"},\"breadcrumb\":{\"@id\":\"https:\/\/franciscanos.org.br\/noticias\/frei-mario-conclui-mestrado-em-educacao.html#breadcrumb\"},\"inLanguage\":\"pt-BR\",\"potentialAction\":[{\"@type\":\"ReadAction\",\"target\":[\"https:\/\/franciscanos.org.br\/noticias\/frei-mario-conclui-mestrado-em-educacao.html\"]}]},{\"@type\":\"BreadcrumbList\",\"@id\":\"https:\/\/franciscanos.org.br\/noticias\/frei-mario-conclui-mestrado-em-educacao.html#breadcrumb\",\"itemListElement\":[{\"@type\":\"ListItem\",\"position\":1,\"name\":\"Home\",\"item\":\"https:\/\/franciscanos.org.br\/noticias\"},{\"@type\":\"ListItem\",\"position\":2,\"name\":\"Frei M\u00e1rio conclui Mestrado em Educa\u00e7\u00e3o\"}]},{\"@type\":\"Person\",\"@id\":\"https:\/\/franciscanos.org.br\/noticias\/#\/schema\/person\/b5c8cba458c330ccff548b056e95a5d4\",\"name\":\"moacir\",\"image\":{\"@type\":\"ImageObject\",\"inLanguage\":\"pt-BR\",\"@id\":\"https:\/\/franciscanos.org.br\/noticias\/#\/schema\/person\/image\/\",\"url\":\"https:\/\/secure.gravatar.com\/avatar\/d08aa2ce4c8dd416d4479aa8536fcf64?s=96&d=mm&r=g\",\"contentUrl\":\"https:\/\/secure.gravatar.com\/avatar\/d08aa2ce4c8dd416d4479aa8536fcf64?s=96&d=mm&r=g\",\"caption\":\"moacir\"},\"url\":\"https:\/\/franciscanos.org.br\/noticias\/author\/moacir\"}]}<\/script>\n<!-- \/ Yoast SEO plugin. -->","yoast_head_json":{"title":"Frei M\u00e1rio conclui Mestrado em Educa\u00e7\u00e3o - Not\u00edcias - Franciscanos","robots":{"index":"index","follow":"follow","max-snippet":"max-snippet:-1","max-image-preview":"max-image-preview:large","max-video-preview":"max-video-preview:-1"},"canonical":"https:\/\/franciscanos.org.br\/noticias\/frei-mario-conclui-mestrado-em-educacao.html","og_locale":"pt_BR","og_type":"article","og_title":"Frei M\u00e1rio conclui Mestrado em Educa\u00e7\u00e3o - Not\u00edcias - Franciscanos","og_description":"Frente da Educa\u00e7\u00e3o","og_url":"https:\/\/franciscanos.org.br\/noticias\/frei-mario-conclui-mestrado-em-educacao.html","og_site_name":"Not\u00edcias - Franciscanos","article_published_time":"2020-07-31T19:01:36+00:00","og_image":[{"width":800,"height":600,"url":"https:\/\/franciscanos.org.br\/noticias\/wp-content\/uploads\/2020\/07\/mario_d.jpg","type":"image\/jpeg"}],"author":"moacir","twitter_card":"summary_large_image","twitter_misc":{"Escrito por":"moacir","Est. tempo de leitura":"2 minutos"},"schema":{"@context":"https:\/\/schema.org","@graph":[{"@type":"WebSite","@id":"https:\/\/franciscanos.org.br\/noticias\/#website","url":"https:\/\/franciscanos.org.br\/noticias\/","name":"Not\u00edcias - Franciscanos","description":"Prov\u00edncia Franciscana da Imaculada Concei\u00e7\u00e3o do Brasil - Ordem dos Frades Menores - OFM","potentialAction":[{"@type":"SearchAction","target":{"@type":"EntryPoint","urlTemplate":"https:\/\/franciscanos.org.br\/noticias\/?s={search_term_string}"},"query-input":"required name=search_term_string"}],"inLanguage":"pt-BR"},{"@type":"ImageObject","inLanguage":"pt-BR","@id":"https:\/\/franciscanos.org.br\/noticias\/frei-mario-conclui-mestrado-em-educacao.html#primaryimage","url":"https:\/\/franciscanos.org.br\/noticias\/wp-content\/uploads\/2020\/07\/mario_d.jpg","contentUrl":"https:\/\/franciscanos.org.br\/noticias\/wp-content\/uploads\/2020\/07\/mario_d.jpg","width":800,"height":600},{"@type":"WebPage","@id":"https:\/\/franciscanos.org.br\/noticias\/frei-mario-conclui-mestrado-em-educacao.html#webpage","url":"https:\/\/franciscanos.org.br\/noticias\/frei-mario-conclui-mestrado-em-educacao.html","name":"Frei M\u00e1rio conclui Mestrado em Educa\u00e7\u00e3o - Not\u00edcias - Franciscanos","isPartOf":{"@id":"https:\/\/franciscanos.org.br\/noticias\/#website"},"primaryImageOfPage":{"@id":"https:\/\/franciscanos.org.br\/noticias\/frei-mario-conclui-mestrado-em-educacao.html#primaryimage"},"datePublished":"2020-07-31T19:01:36+00:00","dateModified":"2020-07-31T19:01:36+00:00","author":{"@id":"https:\/\/franciscanos.org.br\/noticias\/#\/schema\/person\/b5c8cba458c330ccff548b056e95a5d4"},"breadcrumb":{"@id":"https:\/\/franciscanos.org.br\/noticias\/frei-mario-conclui-mestrado-em-educacao.html#breadcrumb"},"inLanguage":"pt-BR","potentialAction":[{"@type":"ReadAction","target":["https:\/\/franciscanos.org.br\/noticias\/frei-mario-conclui-mestrado-em-educacao.html"]}]},{"@type":"BreadcrumbList","@id":"https:\/\/franciscanos.org.br\/noticias\/frei-mario-conclui-mestrado-em-educacao.html#breadcrumb","itemListElement":[{"@type":"ListItem","position":1,"name":"Home","item":"https:\/\/franciscanos.org.br\/noticias"},{"@type":"ListItem","position":2,"name":"Frei M\u00e1rio conclui Mestrado em Educa\u00e7\u00e3o"}]},{"@type":"Person","@id":"https:\/\/franciscanos.org.br\/noticias\/#\/schema\/person\/b5c8cba458c330ccff548b056e95a5d4","name":"moacir","image":{"@type":"ImageObject","inLanguage":"pt-BR","@id":"https:\/\/franciscanos.org.br\/noticias\/#\/schema\/person\/image\/","url":"https:\/\/secure.gravatar.com\/avatar\/d08aa2ce4c8dd416d4479aa8536fcf64?s=96&d=mm&r=g","contentUrl":"https:\/\/secure.gravatar.com\/avatar\/d08aa2ce4c8dd416d4479aa8536fcf64?s=96&d=mm&r=g","caption":"moacir"},"url":"https:\/\/franciscanos.org.br\/noticias\/author\/moacir"}]}},"_links":{"self":[{"href":"https:\/\/franciscanos.org.br\/noticias\/wp-json\/wp\/v2\/posts\/227403"}],"collection":[{"href":"https:\/\/franciscanos.org.br\/noticias\/wp-json\/wp\/v2\/posts"}],"about":[{"href":"https:\/\/franciscanos.org.br\/noticias\/wp-json\/wp\/v2\/types\/post"}],"author":[{"embeddable":true,"href":"https:\/\/franciscanos.org.br\/noticias\/wp-json\/wp\/v2\/users\/3"}],"replies":[{"embeddable":true,"href":"https:\/\/franciscanos.org.br\/noticias\/wp-json\/wp\/v2\/comments?post=227403"}],"version-history":[{"count":1,"href":"https:\/\/franciscanos.org.br\/noticias\/wp-json\/wp\/v2\/posts\/227403\/revisions"}],"predecessor-version":[{"id":227406,"href":"https:\/\/franciscanos.org.br\/noticias\/wp-json\/wp\/v2\/posts\/227403\/revisions\/227406"}],"wp:featuredmedia":[{"embeddable":true,"href":"https:\/\/franciscanos.org.br\/noticias\/wp-json\/wp\/v2\/media\/227405"}],"wp:attachment":[{"href":"https:\/\/franciscanos.org.br\/noticias\/wp-json\/wp\/v2\/media?parent=227403"}],"wp:term":[{"taxonomy":"category","embeddable":true,"href":"https:\/\/franciscanos.org.br\/noticias\/wp-json\/wp\/v2\/categories?post=227403"},{"taxonomy":"post_tag","embeddable":true,"href":"https:\/\/franciscanos.org.br\/noticias\/wp-json\/wp\/v2\/tags?post=227403"}],"curies":[{"name":"wp","href":"https:\/\/api.w.org\/{rel}","templated":true}]}}