{"id":227351,"date":"2020-07-30T18:03:35","date_gmt":"2020-07-30T21:03:35","guid":{"rendered":"https:\/\/franciscanos.org.br\/noticias\/?p=227351"},"modified":"2020-07-30T18:03:35","modified_gmt":"2020-07-30T21:03:35","slug":"emocao-marca-a-missa-de-corpo-presente-de-frei-moiseis","status":"publish","type":"post","link":"https:\/\/franciscanos.org.br\/noticias\/emocao-marca-a-missa-de-corpo-presente-de-frei-moiseis.html","title":{"rendered":"Emo\u00e7\u00e3o marca a Missa de corpo presente de Frei Mois\u00e9is"},"content":{"rendered":"<p><img loading=\"lazy\" class=\"size-full wp-image-227352 alignnone\" src=\"https:\/\/franciscanos.org.br\/noticias\/wp-content\/uploads\/2020\/07\/cappio_01.jpg\" alt=\"\" width=\"1280\" height=\"729\" srcset=\"https:\/\/franciscanos.org.br\/noticias\/wp-content\/uploads\/2020\/07\/cappio_01.jpg 1280w, https:\/\/franciscanos.org.br\/noticias\/wp-content\/uploads\/2020\/07\/cappio_01-450x256.jpg 450w, https:\/\/franciscanos.org.br\/noticias\/wp-content\/uploads\/2020\/07\/cappio_01-1024x583.jpg 1024w, https:\/\/franciscanos.org.br\/noticias\/wp-content\/uploads\/2020\/07\/cappio_01-768x437.jpg 768w, https:\/\/franciscanos.org.br\/noticias\/wp-content\/uploads\/2020\/07\/cappio_01-150x85.jpg 150w\" sizes=\"(max-width: 1280px) 100vw, 1280px\" \/><\/p>\n<p><strong>Barra (BA)<\/strong> &#8211; O bispo franciscano Dom Frei Luiz Fl\u00e1vio Cappio, da Diocese da Barra (BA), presidiu nesta quinta-feira, 30 de julho, a Missa de Corpo Presente de Frei Mois\u00e9is Beserra de Lima, que faleceu ontem em Beira Rio, na cidade de Oliveira dos Brejinhos-BA. A celebra\u00e7\u00e3o, que come\u00e7ou com a ora\u00e7\u00e3o das V\u00e9speras \u00e0s 15 horas, teve a presen\u00e7a de sacerdotes, seminaristas, di\u00e1conos e das equipes de liturgia e m\u00fasicos. A Santa Missa foi transmitida pelo Canal Youtube da Diocese.<\/p>\n<p>Dom Cappio saudou a todos e &#8220;de uma maneira muito carinhosa, nosso querido Pe. Provincial, Frei C\u00e9sar K\u00fclkamp e, na pessoa dele, todos os provinciais anteriores que permitiram a presen\u00e7a de nosso querido Mois\u00e9is conosco&#8221;.<\/p>\n<p>Na sua homilia, D. Cappio se emocionou ao fazer um resumo dos vinte anos de evangeliza\u00e7\u00e3o de Frei Mois\u00e9is na Diocese. &#8220;Meu querido Frei Mois\u00e9is, quero agradecer a voc\u00ea por ter doado para nossa Diocese da Barra os melhores anos da sua vida, quando voc\u00ea j\u00e1 havia atingido a sabedoria dos homens maduros e ainda guardava consigo o vigor e a resist\u00eancia do jovem. Voc\u00ea estava em Campos do Jord\u00e3o, era p\u00e1roco da Par\u00f3quia de Abern\u00e9ssia, uma das mais ricas do Brasil, e de l\u00e1 voc\u00ea se ofereceu para vir ajudar o seu confrade amigo nas Miss\u00f5es das Diocese da Barra. Isso j\u00e1 s\u00e3o vinte anos. E ao longo desses vinte anos, meu querido confrade, voc\u00ea sempre esteve ao nosso lado. Voc\u00ea nunca disse um n\u00e3o. Em todas as nossas iniciativas mission\u00e1rias, pastorais, voc\u00ea era o primeiro a dar o seu &#8216;sim&#8217; e ir \u00e0 frente, empurrando seus companheiros padres, religiosos, religiosas, os nossos queridos leigos, que muito lhe amam e lhe querem bem&#8221;.<\/p>\n<p>&#8220;Obrigado, meu querido confrade, por voc\u00ea ter desvendado os brejos da Barra, caminhando no meio daquele are\u00e3o, debaixo daquele sol quente, escaldante. Voc\u00ea percorreu todos os brejos da Barra, levando \u00e0quele povo a mensagem de esperan\u00e7a, a mensagem de f\u00e9, a mensagem de amor, de fraternidade&#8221;, disse, emocionando-se.<\/p>\n<p>Segundo o bispo franciscano, a casa dos mais pobres eram as suas preferidas. &#8220;Obrigado, Frei Mois\u00e9s, por esse exemplo maravilhoso de op\u00e7\u00e3o pelos pequenos, de op\u00e7\u00e3o pelos pobres, de op\u00e7\u00e3o pelos abandonados, de op\u00e7\u00e3o pela vida&#8221;, disse.<\/p>\n<p><img loading=\"lazy\" class=\"size-full wp-image-227353 aligncenter\" src=\"https:\/\/franciscanos.org.br\/noticias\/wp-content\/uploads\/2020\/07\/cappio_02.jpg\" alt=\"\" width=\"890\" height=\"1001\" srcset=\"https:\/\/franciscanos.org.br\/noticias\/wp-content\/uploads\/2020\/07\/cappio_02.jpg 890w, https:\/\/franciscanos.org.br\/noticias\/wp-content\/uploads\/2020\/07\/cappio_02-400x450.jpg 400w, https:\/\/franciscanos.org.br\/noticias\/wp-content\/uploads\/2020\/07\/cappio_02-768x864.jpg 768w, https:\/\/franciscanos.org.br\/noticias\/wp-content\/uploads\/2020\/07\/cappio_02-150x169.jpg 150w\" sizes=\"(max-width: 890px) 100vw, 890px\" \/><\/p>\n<p>&#8220;E voc\u00ea foi esse instrumento de vida para muitos de nossos irm\u00e3os. Voc\u00ea serviu praticamente em todas as par\u00f3quias de nossa Diocese, principalmente na pastoral mission\u00e1ria, nas Santas Miss\u00f5es Populares, em que voc\u00ea ia \u00e0 frente. E todos gostavam de voc\u00ea e queriam ouvi-lo cantar. E voc\u00ea congregava o povo cantando. E todos te acompanhavam. Voc\u00ea, como o bom pastor, ia \u00e0 frente das ovelhas. Mas o ponto alto de sua jornada, meu querido confrade, foi na regi\u00e3o da Chapada Diamantina, onde enfrentou corajosamente aquela regi\u00e3o do Cocal, que faz parte do munic\u00edpio de Brotas de Maca\u00fabas, mas que estava, assim, abandonada pela dist\u00e2ncia. Era muito longe. O acesso era dific\u00edlimo. E foi voc\u00ea que escolheu ir para l\u00e1, foi voc\u00ea que se ofereceu para ir l\u00e1. Eu me lembro, voc\u00ea estava em Brotas, e Pe. Joel era rec\u00e9m-ordenado. E voc\u00eas me disseram: agora, n\u00f3s temos condi\u00e7\u00f5es de ser uma presen\u00e7a no Cocal, que re\u00fane em torno de 24 comunidades. E voc\u00ea prontamente me disse: \u2018Eu vou para o Cocal!\u2019. E voc\u00ea foi para o Cocal. E voc\u00ea passou l\u00e1 os anos mais gloriosos de sua vida. L\u00e1 voc\u00ea viveu, semeou aquilo que a Igreja do Brasil nos pede: verdadeiras comunidades eclesiais. Aquilo que nosso querido Papa Francisco nos pede: no meio dos pequenos, dos pobres, dos mais esquecidos&#8221;, ressaltou.<\/p>\n<p>&#8220;Voc\u00ea viveu esta realidade, de uma maneira t\u00e3o bonita, t\u00e3o gloriosa, como Francisco de Assis, alegre, feliz, \u00a0sempre cantando. Obrigado, Frei Mois\u00e9is! Criamos a Quase Par\u00f3quia e, no seu trabalho bonito, auxiliado pela Missiozentrale Franciscana da Alemanha, que sempre o ajudou e n\u00f3s agradecemos muito. E gra\u00e7as a esses irm\u00e3os benfeitores, voc\u00ea construiu a Par\u00f3quia de Nossa Senhora da Piedade do Cocal. Hoje, est\u00e1 l\u00e1 o nosso querido Pe. Edvar, que mesmo no meio dessa pandemia, leva adiante o que voc\u00ea semeou. Hoje, ele est\u00e1 regando e colhendo os frutos&#8221;, acrescentou o bispo.<\/p>\n<p>&#8220;Obrigado, Frei Mois\u00e9is! E l\u00e1 voc\u00ea iniciou um trabalho prof\u00e9tico, a partir da <em>Enc\u00edclica Laudato Si&#8217;<\/em>. Voc\u00ea iniciou, na Diocese da Barra, a Pastoral do Meio Ambiente. E gra\u00e7as ao seu trabalho conscientizador, conseguimos recuperar cinco nascentes que j\u00e1 haviam morrido. Voc\u00ea, nesse sentido, foi um profeta. Respondendo de uma maneira muito bonita aos apelos do nosso querido Papa Francisco em favor da vida, da natureza e do meio ambiente. E est\u00e1 l\u00e1 para quem quiser ver. Tenho certeza que o Pe. Edvar vai levar adiante esta obra que \u00e9 prof\u00e9tica em toda a Igreja do Brasil&#8221;, contou.<\/p>\n<p>&#8220;Voc\u00ea j\u00e1 estava cansado. As suas artroses lhe machucavam muito e achamos por bem, em comum acordo, meu querido irm\u00e3o, que voc\u00ea descesse a Serra e ficasse mais perto dos meios que pudessem ser buscados na hora da necessidade. E voc\u00ea assumiu mais um desafio: de criar a Quase Par\u00f3quia do Beira Rio, desmembrada da Par\u00f3quia de Nossa Senhora do Brejinho. E voc\u00ea, com aquele ardor mission\u00e1rio, j\u00e1 com os 68 anos de vida, iniciou uma nova jornada na Quase Par\u00f3quia S\u00e3o Jos\u00e9 do Beira Rio. E ali estava desde o dia de S\u00e3o Jos\u00e9 deste ano. E quando voc\u00ea l\u00e1 chegou, o coronav\u00edrus tamb\u00e9m chegou. E voc\u00eas chegaram juntos. E voc\u00ea, fragilizado pela sua situa\u00e7\u00e3o f\u00edsica, j\u00e1 de certo modo alquebrada, teve muito medo e muito receio. Voc\u00ea procurou se prevenir ao m\u00e1ximo, mas o coronav\u00edrus foi mais forte. Voc\u00ea foi levado pelo surto do desespero. E voltou para a casa do Pai&#8221;, disse D. Cappio.<\/p>\n<p><img loading=\"lazy\" class=\"size-full wp-image-227354 alignnone\" src=\"https:\/\/franciscanos.org.br\/noticias\/wp-content\/uploads\/2020\/07\/cappio_03.jpg\" alt=\"\" width=\"1280\" height=\"721\" srcset=\"https:\/\/franciscanos.org.br\/noticias\/wp-content\/uploads\/2020\/07\/cappio_03.jpg 1280w, https:\/\/franciscanos.org.br\/noticias\/wp-content\/uploads\/2020\/07\/cappio_03-450x253.jpg 450w, https:\/\/franciscanos.org.br\/noticias\/wp-content\/uploads\/2020\/07\/cappio_03-1024x577.jpg 1024w, https:\/\/franciscanos.org.br\/noticias\/wp-content\/uploads\/2020\/07\/cappio_03-768x433.jpg 768w, https:\/\/franciscanos.org.br\/noticias\/wp-content\/uploads\/2020\/07\/cappio_03-150x84.jpg 150w\" sizes=\"(max-width: 1280px) 100vw, 1280px\" \/><\/p>\n<p>&#8220;Embora n\u00e3o tivesse sido contagiado pela Covid 19, Frei Mois\u00e9is, rogue a Jesus, a S\u00e3o Jos\u00e9, o Padroeiro de sua Quase Par\u00f3quia, para que Deus nos defenda dessa pandemia. Cada not\u00edcia que recebia da pandemia, era o mesmo que lhe dar uma facada. E voc\u00ea n\u00e3o suportou e voc\u00ea voltou para a casa do Pai. Obrigado, querido irm\u00e3o! Muito obrigado, pelo irm\u00e3o amigo que voc\u00ea foi de todos n\u00f3s! Todos os padres, todo o povo de Deus queria estar aqui, mas \u00e9 imposs\u00edvel.\u00a0 Mas se eles n\u00e3o podem estar aqui, voc\u00ea est\u00e1 no cora\u00e7\u00e3o de todos. Pode ter certeza disso. E seu nome est\u00e1 escrito com letras de ouro nos anais da nossa querida Diocese centen\u00e1ria da Barra&#8221;, celebrou.<\/p>\n<p>&#8220;Esteja com Deus, meu querido irm\u00e3o! Que a Imaculada Concei\u00e7\u00e3o, Padroeira da nossa Prov\u00edncia Franciscana, te cubra com seu manto materno. E essa imagem de S\u00e3o Francisco, que voc\u00ea traz na sua estola, te receba feliz no c\u00e9u, para que l\u00e1 voc\u00ea possa cantar como sempre cantou o &#8216;C\u00e2ntico das Criaturas&#8217;. Muito obrigado e Deus lhe recompense! Saiba que seu nome, a sua lembran\u00e7a, a sua fisionomia, alegre e feliz, como naquela foto ali, est\u00e1 gravada em nossos cora\u00e7\u00f5es&#8221;, garantiu.<\/p>\n<p>&#8220;Obrigado, querido Pe. Provincial, Frei C\u00e9sar, e na sua pessoa, agradecemos a todos os nossos queridos confrades da Prov\u00edncia da Imaculada Concei\u00e7\u00e3o, que sempre estiveram conosco, mas de uma maneira muito especial na pessoa do nosso querido Frei Mois\u00e9is. Paz e bem!&#8221;, completou D. Cappio.<\/p>\n<p>No momento de A\u00e7\u00e3o de Gra\u00e7as, foram muitas as mensagens de solidariedade. O corpo de Frei Mois\u00e9is foi sepultado por volta das 18 horas.<\/p>\n","protected":false},"excerpt":{"rendered":"<p>Diocese da Barra<\/p>\n","protected":false},"author":3,"featured_media":227355,"comment_status":"open","ping_status":"open","sticky":false,"template":"","format":"standard","meta":[],"categories":[1],"tags":[1320,1160,1754],"acf":[],"yoast_head":"<!-- This site is optimized with the Yoast SEO plugin v19.2 - https:\/\/yoast.com\/wordpress\/plugins\/seo\/ -->\n<title>Emo\u00e7\u00e3o marca a Missa de corpo presente de Frei Mois\u00e9is - Not\u00edcias - Franciscanos<\/title>\n<meta name=\"robots\" content=\"index, follow, max-snippet:-1, max-image-preview:large, max-video-preview:-1\" \/>\n<link rel=\"canonical\" href=\"https:\/\/franciscanos.org.br\/noticias\/emocao-marca-a-missa-de-corpo-presente-de-frei-moiseis.html\" \/>\n<meta property=\"og:locale\" content=\"pt_BR\" \/>\n<meta property=\"og:type\" content=\"article\" \/>\n<meta property=\"og:title\" content=\"Emo\u00e7\u00e3o marca a Missa de corpo presente de Frei Mois\u00e9is - Not\u00edcias - Franciscanos\" \/>\n<meta property=\"og:description\" content=\"Diocese da Barra\" \/>\n<meta property=\"og:url\" content=\"https:\/\/franciscanos.org.br\/noticias\/emocao-marca-a-missa-de-corpo-presente-de-frei-moiseis.html\" \/>\n<meta property=\"og:site_name\" content=\"Not\u00edcias - Franciscanos\" \/>\n<meta property=\"article:published_time\" content=\"2020-07-30T21:03:35+00:00\" \/>\n<meta property=\"og:image\" content=\"https:\/\/franciscanos.org.br\/noticias\/wp-content\/uploads\/2020\/07\/cappio_01d.jpg\" \/>\n\t<meta property=\"og:image:width\" content=\"800\" \/>\n\t<meta property=\"og:image:height\" content=\"600\" \/>\n\t<meta property=\"og:image:type\" content=\"image\/jpeg\" \/>\n<meta name=\"author\" content=\"moacir\" \/>\n<meta name=\"twitter:card\" content=\"summary_large_image\" \/>\n<meta name=\"twitter:label1\" content=\"Escrito por\" \/>\n\t<meta name=\"twitter:data1\" content=\"moacir\" \/>\n\t<meta name=\"twitter:label2\" content=\"Est. tempo de leitura\" \/>\n\t<meta name=\"twitter:data2\" content=\"6 minutos\" \/>\n<script type=\"application\/ld+json\" class=\"yoast-schema-graph\">{\"@context\":\"https:\/\/schema.org\",\"@graph\":[{\"@type\":\"WebSite\",\"@id\":\"https:\/\/franciscanos.org.br\/noticias\/#website\",\"url\":\"https:\/\/franciscanos.org.br\/noticias\/\",\"name\":\"Not\u00edcias - Franciscanos\",\"description\":\"Prov\u00edncia Franciscana da Imaculada Concei\u00e7\u00e3o do Brasil - Ordem dos Frades Menores - OFM\",\"potentialAction\":[{\"@type\":\"SearchAction\",\"target\":{\"@type\":\"EntryPoint\",\"urlTemplate\":\"https:\/\/franciscanos.org.br\/noticias\/?s={search_term_string}\"},\"query-input\":\"required name=search_term_string\"}],\"inLanguage\":\"pt-BR\"},{\"@type\":\"ImageObject\",\"inLanguage\":\"pt-BR\",\"@id\":\"https:\/\/franciscanos.org.br\/noticias\/emocao-marca-a-missa-de-corpo-presente-de-frei-moiseis.html#primaryimage\",\"url\":\"https:\/\/franciscanos.org.br\/noticias\/wp-content\/uploads\/2020\/07\/cappio_01d.jpg\",\"contentUrl\":\"https:\/\/franciscanos.org.br\/noticias\/wp-content\/uploads\/2020\/07\/cappio_01d.jpg\",\"width\":800,\"height\":600},{\"@type\":\"WebPage\",\"@id\":\"https:\/\/franciscanos.org.br\/noticias\/emocao-marca-a-missa-de-corpo-presente-de-frei-moiseis.html#webpage\",\"url\":\"https:\/\/franciscanos.org.br\/noticias\/emocao-marca-a-missa-de-corpo-presente-de-frei-moiseis.html\",\"name\":\"Emo\u00e7\u00e3o marca a Missa de corpo presente de Frei Mois\u00e9is - Not\u00edcias - Franciscanos\",\"isPartOf\":{\"@id\":\"https:\/\/franciscanos.org.br\/noticias\/#website\"},\"primaryImageOfPage\":{\"@id\":\"https:\/\/franciscanos.org.br\/noticias\/emocao-marca-a-missa-de-corpo-presente-de-frei-moiseis.html#primaryimage\"},\"datePublished\":\"2020-07-30T21:03:35+00:00\",\"dateModified\":\"2020-07-30T21:03:35+00:00\",\"author\":{\"@id\":\"https:\/\/franciscanos.org.br\/noticias\/#\/schema\/person\/b5c8cba458c330ccff548b056e95a5d4\"},\"breadcrumb\":{\"@id\":\"https:\/\/franciscanos.org.br\/noticias\/emocao-marca-a-missa-de-corpo-presente-de-frei-moiseis.html#breadcrumb\"},\"inLanguage\":\"pt-BR\",\"potentialAction\":[{\"@type\":\"ReadAction\",\"target\":[\"https:\/\/franciscanos.org.br\/noticias\/emocao-marca-a-missa-de-corpo-presente-de-frei-moiseis.html\"]}]},{\"@type\":\"BreadcrumbList\",\"@id\":\"https:\/\/franciscanos.org.br\/noticias\/emocao-marca-a-missa-de-corpo-presente-de-frei-moiseis.html#breadcrumb\",\"itemListElement\":[{\"@type\":\"ListItem\",\"position\":1,\"name\":\"Home\",\"item\":\"https:\/\/franciscanos.org.br\/noticias\"},{\"@type\":\"ListItem\",\"position\":2,\"name\":\"Emo\u00e7\u00e3o marca a Missa de corpo presente de Frei Mois\u00e9is\"}]},{\"@type\":\"Person\",\"@id\":\"https:\/\/franciscanos.org.br\/noticias\/#\/schema\/person\/b5c8cba458c330ccff548b056e95a5d4\",\"name\":\"moacir\",\"image\":{\"@type\":\"ImageObject\",\"inLanguage\":\"pt-BR\",\"@id\":\"https:\/\/franciscanos.org.br\/noticias\/#\/schema\/person\/image\/\",\"url\":\"https:\/\/secure.gravatar.com\/avatar\/d08aa2ce4c8dd416d4479aa8536fcf64?s=96&d=mm&r=g\",\"contentUrl\":\"https:\/\/secure.gravatar.com\/avatar\/d08aa2ce4c8dd416d4479aa8536fcf64?s=96&d=mm&r=g\",\"caption\":\"moacir\"},\"url\":\"https:\/\/franciscanos.org.br\/noticias\/author\/moacir\"}]}<\/script>\n<!-- \/ Yoast SEO plugin. -->","yoast_head_json":{"title":"Emo\u00e7\u00e3o marca a Missa de corpo presente de Frei Mois\u00e9is - Not\u00edcias - Franciscanos","robots":{"index":"index","follow":"follow","max-snippet":"max-snippet:-1","max-image-preview":"max-image-preview:large","max-video-preview":"max-video-preview:-1"},"canonical":"https:\/\/franciscanos.org.br\/noticias\/emocao-marca-a-missa-de-corpo-presente-de-frei-moiseis.html","og_locale":"pt_BR","og_type":"article","og_title":"Emo\u00e7\u00e3o marca a Missa de corpo presente de Frei Mois\u00e9is - Not\u00edcias - Franciscanos","og_description":"Diocese da Barra","og_url":"https:\/\/franciscanos.org.br\/noticias\/emocao-marca-a-missa-de-corpo-presente-de-frei-moiseis.html","og_site_name":"Not\u00edcias - Franciscanos","article_published_time":"2020-07-30T21:03:35+00:00","og_image":[{"width":800,"height":600,"url":"https:\/\/franciscanos.org.br\/noticias\/wp-content\/uploads\/2020\/07\/cappio_01d.jpg","type":"image\/jpeg"}],"author":"moacir","twitter_card":"summary_large_image","twitter_misc":{"Escrito por":"moacir","Est. tempo de leitura":"6 minutos"},"schema":{"@context":"https:\/\/schema.org","@graph":[{"@type":"WebSite","@id":"https:\/\/franciscanos.org.br\/noticias\/#website","url":"https:\/\/franciscanos.org.br\/noticias\/","name":"Not\u00edcias - Franciscanos","description":"Prov\u00edncia Franciscana da Imaculada Concei\u00e7\u00e3o do Brasil - Ordem dos Frades Menores - OFM","potentialAction":[{"@type":"SearchAction","target":{"@type":"EntryPoint","urlTemplate":"https:\/\/franciscanos.org.br\/noticias\/?s={search_term_string}"},"query-input":"required name=search_term_string"}],"inLanguage":"pt-BR"},{"@type":"ImageObject","inLanguage":"pt-BR","@id":"https:\/\/franciscanos.org.br\/noticias\/emocao-marca-a-missa-de-corpo-presente-de-frei-moiseis.html#primaryimage","url":"https:\/\/franciscanos.org.br\/noticias\/wp-content\/uploads\/2020\/07\/cappio_01d.jpg","contentUrl":"https:\/\/franciscanos.org.br\/noticias\/wp-content\/uploads\/2020\/07\/cappio_01d.jpg","width":800,"height":600},{"@type":"WebPage","@id":"https:\/\/franciscanos.org.br\/noticias\/emocao-marca-a-missa-de-corpo-presente-de-frei-moiseis.html#webpage","url":"https:\/\/franciscanos.org.br\/noticias\/emocao-marca-a-missa-de-corpo-presente-de-frei-moiseis.html","name":"Emo\u00e7\u00e3o marca a Missa de corpo presente de Frei Mois\u00e9is - Not\u00edcias - Franciscanos","isPartOf":{"@id":"https:\/\/franciscanos.org.br\/noticias\/#website"},"primaryImageOfPage":{"@id":"https:\/\/franciscanos.org.br\/noticias\/emocao-marca-a-missa-de-corpo-presente-de-frei-moiseis.html#primaryimage"},"datePublished":"2020-07-30T21:03:35+00:00","dateModified":"2020-07-30T21:03:35+00:00","author":{"@id":"https:\/\/franciscanos.org.br\/noticias\/#\/schema\/person\/b5c8cba458c330ccff548b056e95a5d4"},"breadcrumb":{"@id":"https:\/\/franciscanos.org.br\/noticias\/emocao-marca-a-missa-de-corpo-presente-de-frei-moiseis.html#breadcrumb"},"inLanguage":"pt-BR","potentialAction":[{"@type":"ReadAction","target":["https:\/\/franciscanos.org.br\/noticias\/emocao-marca-a-missa-de-corpo-presente-de-frei-moiseis.html"]}]},{"@type":"BreadcrumbList","@id":"https:\/\/franciscanos.org.br\/noticias\/emocao-marca-a-missa-de-corpo-presente-de-frei-moiseis.html#breadcrumb","itemListElement":[{"@type":"ListItem","position":1,"name":"Home","item":"https:\/\/franciscanos.org.br\/noticias"},{"@type":"ListItem","position":2,"name":"Emo\u00e7\u00e3o marca a Missa de corpo presente de Frei Mois\u00e9is"}]},{"@type":"Person","@id":"https:\/\/franciscanos.org.br\/noticias\/#\/schema\/person\/b5c8cba458c330ccff548b056e95a5d4","name":"moacir","image":{"@type":"ImageObject","inLanguage":"pt-BR","@id":"https:\/\/franciscanos.org.br\/noticias\/#\/schema\/person\/image\/","url":"https:\/\/secure.gravatar.com\/avatar\/d08aa2ce4c8dd416d4479aa8536fcf64?s=96&d=mm&r=g","contentUrl":"https:\/\/secure.gravatar.com\/avatar\/d08aa2ce4c8dd416d4479aa8536fcf64?s=96&d=mm&r=g","caption":"moacir"},"url":"https:\/\/franciscanos.org.br\/noticias\/author\/moacir"}]}},"_links":{"self":[{"href":"https:\/\/franciscanos.org.br\/noticias\/wp-json\/wp\/v2\/posts\/227351"}],"collection":[{"href":"https:\/\/franciscanos.org.br\/noticias\/wp-json\/wp\/v2\/posts"}],"about":[{"href":"https:\/\/franciscanos.org.br\/noticias\/wp-json\/wp\/v2\/types\/post"}],"author":[{"embeddable":true,"href":"https:\/\/franciscanos.org.br\/noticias\/wp-json\/wp\/v2\/users\/3"}],"replies":[{"embeddable":true,"href":"https:\/\/franciscanos.org.br\/noticias\/wp-json\/wp\/v2\/comments?post=227351"}],"version-history":[{"count":1,"href":"https:\/\/franciscanos.org.br\/noticias\/wp-json\/wp\/v2\/posts\/227351\/revisions"}],"predecessor-version":[{"id":227356,"href":"https:\/\/franciscanos.org.br\/noticias\/wp-json\/wp\/v2\/posts\/227351\/revisions\/227356"}],"wp:featuredmedia":[{"embeddable":true,"href":"https:\/\/franciscanos.org.br\/noticias\/wp-json\/wp\/v2\/media\/227355"}],"wp:attachment":[{"href":"https:\/\/franciscanos.org.br\/noticias\/wp-json\/wp\/v2\/media?parent=227351"}],"wp:term":[{"taxonomy":"category","embeddable":true,"href":"https:\/\/franciscanos.org.br\/noticias\/wp-json\/wp\/v2\/categories?post=227351"},{"taxonomy":"post_tag","embeddable":true,"href":"https:\/\/franciscanos.org.br\/noticias\/wp-json\/wp\/v2\/tags?post=227351"}],"curies":[{"name":"wp","href":"https:\/\/api.w.org\/{rel}","templated":true}]}}