{"id":227344,"date":"2020-07-30T10:06:02","date_gmt":"2020-07-30T13:06:02","guid":{"rendered":"https:\/\/franciscanos.org.br\/noticias\/?p=227344"},"modified":"2020-07-30T10:32:10","modified_gmt":"2020-07-30T13:32:10","slug":"homenagens-a-frei-moiseis-a-lembranca-dele-vai-estar-sempre-presente-em-nosso-coracao","status":"publish","type":"post","link":"https:\/\/franciscanos.org.br\/noticias\/homenagens-a-frei-moiseis-a-lembranca-dele-vai-estar-sempre-presente-em-nosso-coracao.html","title":{"rendered":"Homenagens a Frei Mois\u00e9is: &#8220;A lembran\u00e7a dele vai estar sempre presente em nosso cora\u00e7\u00e3o&#8221;"},"content":{"rendered":"<p><img loading=\"lazy\" class=\"alignright size-full wp-image-227345\" src=\"https:\/\/franciscanos.org.br\/noticias\/wp-content\/uploads\/2020\/07\/moiseis_3007.jpg\" alt=\"\" width=\"500\" height=\"559\" srcset=\"https:\/\/franciscanos.org.br\/noticias\/wp-content\/uploads\/2020\/07\/moiseis_3007.jpg 500w, https:\/\/franciscanos.org.br\/noticias\/wp-content\/uploads\/2020\/07\/moiseis_3007-403x450.jpg 403w, https:\/\/franciscanos.org.br\/noticias\/wp-content\/uploads\/2020\/07\/moiseis_3007-150x168.jpg 150w\" sizes=\"(max-width: 500px) 100vw, 500px\" \/><\/p>\n<p><strong>Dom Frei Luiz Fl\u00e1vio Cappio,<\/strong> bispo franciscano da Diocese da Barra (BA), falou do<strong><a href=\"https:\/\/franciscanos.org.br\/noticias\/falece-frei-moiseis-beserra-em-oliveira-dos-brejinhos.html#gsc.tab=0\"> falecimento de Frei Mois\u00e9is Beserra de Lima<\/a> <\/strong>e informou que seu corpo ser\u00e1 sepultado hoje na Capela da Diocese. Segundo D. Luiz, desde que apareceu a Covid-19, Frei Mois\u00e9is estava &#8220;muito triste, muito pra baixo&#8221;. &#8220;N\u00f3s procur\u00e1vamos sempre nos comunicar com ele (Pe. Ant\u00f4nio e o pessoal de Cocal tamb\u00e9m), mas ele estava muito deprimido. Semana passada quando eu estive aqui, e conversei com ele por duas vezes, percebi como ele estava com muito medo. Isso tudo o afetou, mesmo que n\u00f3s, os mais pr\u00f3ximos, nos comunic\u00e1ssemos sempre com ele. Eu acredito que essa tristeza concorreu para que ele viesse a falecer&#8221;, avaliou D. Cappio.<\/p>\n<p>&#8220;N\u00f3s temos um carinho imenso por Frei Mois\u00e9is. A Diocese \u00e9 muito agradecida a ele por tudo o que fez ao povo de Deus nas v\u00e1rias Par\u00f3quias por onde ele passou. N\u00f3s s\u00f3 temos que agradecer a Deus pela passagem de Frei Mois\u00e9is entre n\u00f3s. E a lembran\u00e7a dele vai estar sempre presente em nosso cora\u00e7\u00e3o. O seu legado \u00e9 muito grande para nossa Diocese da Barra. Que o Senhor d\u00ea a ele o descanso, a luz e a paz!&#8221;, desejou o bispo e seu confrade.<\/p>\n<p>O Ministro Provincial da Prov\u00edncia da Imaculada Concei\u00e7\u00e3o, <strong>Frei C\u00e9sar K\u00fclkamp<\/strong>, escreveu a D.Cappio: &#8220;Caro irm\u00e3o, Dom Frei Luiz Fl\u00e1vio, muito obrigado por sua comunica\u00e7\u00e3o e por suas palavras de agradecimento a Deus pelo dom da vida de nosso irm\u00e3o, Frei Mois\u00e9is! Tenho recebido tamb\u00e9m muitas manifesta\u00e7\u00f5es de carinho e reconhecimento por sua vida e por sua miss\u00e3o! Hoje, no fim da tarde, celebramos a Eucaristia em a\u00e7\u00e3o de gra\u00e7as pela vida de Frei Mois\u00e9is. Amanh\u00e3 estaremos em unidade com voc\u00eas, como tamb\u00e9m na pr\u00f3xima quarta-feira, nas celebra\u00e7\u00f5es em devolvemos a Deus o dom que ele nos deu e deu \u00e0 sua Igreja. Receba a nossa solidariedade e comunh\u00e3o de sentimentos neste momento! Ao senhor a nossa gratid\u00e3o pela acolhida fraterna do Frei Mois\u00e9is nestes \u00faltimos 20 anos e por todo o cuidado e aten\u00e7\u00e3o neste momento t\u00e3o dif\u00edcil! Deus aben\u00e7oe sua vida, seu minist\u00e9rio e aben\u00e7oe o querido povo de sua Diocese, a quem o Frei Mois\u00e9s escolheu servir nestes anos!&#8221;<\/p>\n<p><iframe loading=\"lazy\" title=\"Missa de Corpo Presente Frei Mois\u00e9s Bezerra de Lima 1951-2020\" width=\"500\" height=\"281\" src=\"https:\/\/www.youtube.com\/embed\/BIx4_BRs6Ro?feature=oembed\" frameborder=\"0\" allow=\"accelerometer; autoplay; encrypted-media; gyroscope; picture-in-picture\" allowfullscreen><\/iframe><\/p>\n<p><strong>&#8220;O DESERTO QUE VOC\u00ca VIVEU ERA F\u00c9RTIL&#8221;<\/strong><\/p>\n<p><strong>Frei Gabriel Dellandrea,<\/strong> que participou das Miss\u00f5es no sert\u00e3o da Bahia, quando fez o Ano Mission\u00e1rio no Servi\u00e7o de Anima\u00e7\u00e3o Vocacional (SAV), deixou a seguinte mensagem no Facebook: &#8220;Aquele que chamava todo mundo de &#8220;\u00d4 Criatura&#8221;, agora, encontra-se com o Criador. Obrigado, Frei Mois\u00e9s. N\u00e3o sei nem como agradecer por tudo o que voc\u00ea fez por mim e tantos outros. Voc\u00ea foi algu\u00e9m que garantiu todo o necess\u00e1rio para eu viver muitos momentos inesquec\u00edveis da minha vida no sert\u00e3o da Bahia, junto a um povo maravilhoso que muito se faz presente nas minhas mais belas mem\u00f3rias. Eu esperava ter futuras mem\u00f3rias com esse grande mission\u00e1rio que voc\u00ea foi. Mas as mem\u00f3rias passadas j\u00e1 me motivam muito!<\/p>\n<p>\u201cQuantas gargalhadas, quantas hist\u00f3rias engra\u00e7adas, quantos gestos prof\u00e9ticos, quantas intui\u00e7\u00f5es de um verdadeiro mission\u00e1rio do Reino de Deus! &#8230; Cada dia era uma aventura com o jeito &#8220;Frei Mois\u00e9s&#8221; de ser, sempre procurando garantir o melhor \u00e0queles que ele tinha que pastorear. Pastor incans\u00e1vel, n\u00e3o sabia falar uma palavra em alem\u00e3o, mas garantia patroc\u00ednio da Alemanha para as obras das comunidades, gra\u00e7as a Deus e ao Google Tradutor. N\u00e3o deixava ningu\u00e9m parado, pois era imposs\u00edvel dizer n\u00e3o a um homem t\u00e3o dispon\u00edvel. Fazia de tudo para conscientizar e cuidar das nascentes de \u00e1gua para que o povo pudesse matar a sede e promovia a Igreja em sa\u00edda para que o povo saciasse a sede de Deus. Quando chegava numa casa, logo j\u00e1 pedia algo (galinha, caf\u00e9, algo pra lanchar&#8230;), mas tamb\u00e9m dava o melhor de si para o seu povo.<\/p>\n<p>Frei Mois\u00e9is, \u00e9 imposs\u00edvel esquecer o quanto voc\u00ea fez pelos frades, pelos jovens de nossa Prov\u00edncia que estiveram a\u00ed e pelo povo querido do sert\u00e3o. Na minha vida, quando eu conheci essa terra \u00e1rida, na verdade, sentia em meu cora\u00e7\u00e3o uma chuva de testemunhos do Reino de Deus que voc\u00ea e seu povo me ofereceram. O deserto que voc\u00ea viveu era f\u00e9rtil! Quando eu e o Frei Marcos Schwengber estivemos na sua Par\u00f3quia, com tantos outros irm\u00e3os e irm\u00e3s, nos sentimos no c\u00e9u. Um c\u00e9u duro, trabalhoso, mas santificador, revigorador, inesquec\u00edvel! A experi\u00eancia de conviver com voc\u00ea foi muito marcante, e sem palavras para explicar. Apenas digo que nunca esquecerei! Depois voltamos com outros irm\u00e3os e irm\u00e3s que experimentavam esse c\u00e9u tamb\u00e9m. Eu tenho certeza que agora voc\u00ea merece esse lugar, por tudo o que fez!\u201d<\/p>\n<p>Outra manifesta\u00e7\u00e3o de carinho veio da <strong>Comunidade Santo Andr\u00e9, na Bahia<\/strong>. &#8220;Em meio a uma terra que se chama sert\u00e3o, viveu um homem simples e que chamava a aten\u00e7\u00e3o, pelo jeito simples que encarava as coisas&#8230;<\/p>\n<p style=\"padding-left: 40px;\"><em>&#8211; oi Comadre, oi Compadre!<\/em><\/p>\n<p style=\"padding-left: 40px;\"><em>&#8211; E as galinhas caipiras?<\/em><\/p>\n<p>Seu jeito agradava a maioria de n\u00f3s, paroquianos&#8230;. Foi algu\u00e9m exemplar, que ensinou a partilhar e nos ensinou a sermos igreja mission\u00e1ria e solid\u00e1ria. Este ano j\u00e1 havia deixado nossos cora\u00e7\u00f5es tristes por ter ido assumir outra par\u00f3quia, mas t\u00ednhamos que entender, pois n\u00e3o h\u00e1 padre melhor para ensinar a caminhar.<\/p>\n<p>Muitos diziam &#8220;ah mas esse padre \u00e9 anti-lit\u00fargico&#8221;, e algu\u00e9m prevenia, a liturgia que ele pratica, \u00e9 como a de S\u00e3o Francisco: &#8220;Se necess\u00e1rio, use as palavras&#8221;.<\/p>\n<p style=\"padding-left: 40px;\"><em>Uma alegria contagiante!<\/em><\/p>\n<p style=\"padding-left: 40px;\"><em>Uma bondade maravilhosa!<\/em><\/p>\n<p style=\"padding-left: 40px;\"><em>Um servir impec\u00e1vel!<\/em><\/p>\n<p style=\"padding-left: 40px;\"><em>Uma santidade que viver\u00e1 no C\u00e9u&#8230;<\/em><\/p>\n<p style=\"padding-left: 40px;\"><em>Descanse em Deus Frei Mois\u00e9s!&#8221;<\/em><\/p>\n<p><strong>PREFEITURA DE BROTAS DE MACA\u00daBAS<\/strong><\/p>\n<p>O<strong> Prefeito do Munic\u00edpio de Brotas de Maca\u00fabas, Literc\u00edlio J\u00fanior<\/strong> e toda sua equipe, veio a p\u00fablico manifestar o seu mais profundo pesar pelo falecimento do Frei Mois\u00e9is, ocorrido nesta manh\u00e3 de 29 de julho de 2020.<\/p>\n<p>Em raz\u00e3o do falecimento, a Prefeitura decretou Luto oficial por tr\u00eas dias no munic\u00edpio de Brotas de Maca\u00fabas, em sinal de pesar e respeito \u00e0 mem\u00f3ria de Frei Mois\u00e9is.<\/p>\n<p>&#8220;A honradez de Frei Mois\u00e9s e sua dedica\u00e7\u00e3o \u00e0s causas da comunidade, torna-o integrante da hist\u00f3ria brotense; o falecimento de t\u00e3o ilustre personalidade enche de dor e sensibilidade o povo de Brotas de Maca\u00fabas. A perda deste grande homem de f\u00e9 \u00e9 lament\u00e1vel, mas seus ensinamentos e exemplo ficar\u00e3o guardados em nossa mente com uma enorme saudade. A ele toda a nossa homenagem, a nossa gratid\u00e3o pelo servi\u00e7o de amor ao pr\u00f3ximo, nossos aplausos para esse grande amigo que hoje toma um outro rumo de sua hist\u00f3ria. V\u00e1 em paz, Frei Mois\u00e9s!&#8221;.<\/p>\n","protected":false},"excerpt":{"rendered":"<p>Luto na Prov\u00edncia<\/p>\n","protected":false},"author":3,"featured_media":227346,"comment_status":"open","ping_status":"open","sticky":false,"template":"","format":"standard","meta":[],"categories":[1],"tags":[1160],"acf":[],"yoast_head":"<!-- This site is optimized with the Yoast SEO plugin v19.2 - https:\/\/yoast.com\/wordpress\/plugins\/seo\/ -->\n<title>Homenagens a Frei Mois\u00e9is: &quot;A lembran\u00e7a dele vai estar sempre presente em nosso cora\u00e7\u00e3o&quot; - Not\u00edcias - Franciscanos<\/title>\n<meta name=\"robots\" content=\"index, follow, max-snippet:-1, max-image-preview:large, max-video-preview:-1\" \/>\n<link rel=\"canonical\" href=\"https:\/\/franciscanos.org.br\/noticias\/homenagens-a-frei-moiseis-a-lembranca-dele-vai-estar-sempre-presente-em-nosso-coracao.html\" \/>\n<meta property=\"og:locale\" content=\"pt_BR\" \/>\n<meta property=\"og:type\" content=\"article\" \/>\n<meta property=\"og:title\" content=\"Homenagens a Frei Mois\u00e9is: &quot;A lembran\u00e7a dele vai estar sempre presente em nosso cora\u00e7\u00e3o&quot; - Not\u00edcias - Franciscanos\" \/>\n<meta property=\"og:description\" content=\"Luto na Prov\u00edncia\" \/>\n<meta property=\"og:url\" content=\"https:\/\/franciscanos.org.br\/noticias\/homenagens-a-frei-moiseis-a-lembranca-dele-vai-estar-sempre-presente-em-nosso-coracao.html\" \/>\n<meta property=\"og:site_name\" content=\"Not\u00edcias - Franciscanos\" \/>\n<meta property=\"article:published_time\" content=\"2020-07-30T13:06:02+00:00\" \/>\n<meta property=\"article:modified_time\" content=\"2020-07-30T13:32:10+00:00\" \/>\n<meta property=\"og:image\" content=\"https:\/\/franciscanos.org.br\/noticias\/wp-content\/uploads\/2020\/07\/moiseis_3007d.jpg\" \/>\n\t<meta property=\"og:image:width\" content=\"800\" \/>\n\t<meta property=\"og:image:height\" content=\"600\" \/>\n\t<meta property=\"og:image:type\" content=\"image\/jpeg\" \/>\n<meta name=\"author\" content=\"moacir\" \/>\n<meta name=\"twitter:card\" content=\"summary_large_image\" \/>\n<meta name=\"twitter:label1\" content=\"Escrito por\" \/>\n\t<meta name=\"twitter:data1\" content=\"moacir\" \/>\n\t<meta name=\"twitter:label2\" content=\"Est. tempo de leitura\" \/>\n\t<meta name=\"twitter:data2\" content=\"6 minutos\" \/>\n<script type=\"application\/ld+json\" class=\"yoast-schema-graph\">{\"@context\":\"https:\/\/schema.org\",\"@graph\":[{\"@type\":\"WebSite\",\"@id\":\"https:\/\/franciscanos.org.br\/noticias\/#website\",\"url\":\"https:\/\/franciscanos.org.br\/noticias\/\",\"name\":\"Not\u00edcias - Franciscanos\",\"description\":\"Prov\u00edncia Franciscana da Imaculada Concei\u00e7\u00e3o do Brasil - Ordem dos Frades Menores - OFM\",\"potentialAction\":[{\"@type\":\"SearchAction\",\"target\":{\"@type\":\"EntryPoint\",\"urlTemplate\":\"https:\/\/franciscanos.org.br\/noticias\/?s={search_term_string}\"},\"query-input\":\"required name=search_term_string\"}],\"inLanguage\":\"pt-BR\"},{\"@type\":\"ImageObject\",\"inLanguage\":\"pt-BR\",\"@id\":\"https:\/\/franciscanos.org.br\/noticias\/homenagens-a-frei-moiseis-a-lembranca-dele-vai-estar-sempre-presente-em-nosso-coracao.html#primaryimage\",\"url\":\"https:\/\/franciscanos.org.br\/noticias\/wp-content\/uploads\/2020\/07\/moiseis_3007d.jpg\",\"contentUrl\":\"https:\/\/franciscanos.org.br\/noticias\/wp-content\/uploads\/2020\/07\/moiseis_3007d.jpg\",\"width\":800,\"height\":600},{\"@type\":\"WebPage\",\"@id\":\"https:\/\/franciscanos.org.br\/noticias\/homenagens-a-frei-moiseis-a-lembranca-dele-vai-estar-sempre-presente-em-nosso-coracao.html#webpage\",\"url\":\"https:\/\/franciscanos.org.br\/noticias\/homenagens-a-frei-moiseis-a-lembranca-dele-vai-estar-sempre-presente-em-nosso-coracao.html\",\"name\":\"Homenagens a Frei Mois\u00e9is: \\\"A lembran\u00e7a dele vai estar sempre presente em nosso cora\u00e7\u00e3o\\\" - Not\u00edcias - Franciscanos\",\"isPartOf\":{\"@id\":\"https:\/\/franciscanos.org.br\/noticias\/#website\"},\"primaryImageOfPage\":{\"@id\":\"https:\/\/franciscanos.org.br\/noticias\/homenagens-a-frei-moiseis-a-lembranca-dele-vai-estar-sempre-presente-em-nosso-coracao.html#primaryimage\"},\"datePublished\":\"2020-07-30T13:06:02+00:00\",\"dateModified\":\"2020-07-30T13:32:10+00:00\",\"author\":{\"@id\":\"https:\/\/franciscanos.org.br\/noticias\/#\/schema\/person\/b5c8cba458c330ccff548b056e95a5d4\"},\"breadcrumb\":{\"@id\":\"https:\/\/franciscanos.org.br\/noticias\/homenagens-a-frei-moiseis-a-lembranca-dele-vai-estar-sempre-presente-em-nosso-coracao.html#breadcrumb\"},\"inLanguage\":\"pt-BR\",\"potentialAction\":[{\"@type\":\"ReadAction\",\"target\":[\"https:\/\/franciscanos.org.br\/noticias\/homenagens-a-frei-moiseis-a-lembranca-dele-vai-estar-sempre-presente-em-nosso-coracao.html\"]}]},{\"@type\":\"BreadcrumbList\",\"@id\":\"https:\/\/franciscanos.org.br\/noticias\/homenagens-a-frei-moiseis-a-lembranca-dele-vai-estar-sempre-presente-em-nosso-coracao.html#breadcrumb\",\"itemListElement\":[{\"@type\":\"ListItem\",\"position\":1,\"name\":\"Home\",\"item\":\"https:\/\/franciscanos.org.br\/noticias\"},{\"@type\":\"ListItem\",\"position\":2,\"name\":\"Homenagens a Frei Mois\u00e9is: &#8220;A lembran\u00e7a dele vai estar sempre presente em nosso cora\u00e7\u00e3o&#8221;\"}]},{\"@type\":\"Person\",\"@id\":\"https:\/\/franciscanos.org.br\/noticias\/#\/schema\/person\/b5c8cba458c330ccff548b056e95a5d4\",\"name\":\"moacir\",\"image\":{\"@type\":\"ImageObject\",\"inLanguage\":\"pt-BR\",\"@id\":\"https:\/\/franciscanos.org.br\/noticias\/#\/schema\/person\/image\/\",\"url\":\"https:\/\/secure.gravatar.com\/avatar\/d08aa2ce4c8dd416d4479aa8536fcf64?s=96&d=mm&r=g\",\"contentUrl\":\"https:\/\/secure.gravatar.com\/avatar\/d08aa2ce4c8dd416d4479aa8536fcf64?s=96&d=mm&r=g\",\"caption\":\"moacir\"},\"url\":\"https:\/\/franciscanos.org.br\/noticias\/author\/moacir\"}]}<\/script>\n<!-- \/ Yoast SEO plugin. -->","yoast_head_json":{"title":"Homenagens a Frei Mois\u00e9is: \"A lembran\u00e7a dele vai estar sempre presente em nosso cora\u00e7\u00e3o\" - Not\u00edcias - Franciscanos","robots":{"index":"index","follow":"follow","max-snippet":"max-snippet:-1","max-image-preview":"max-image-preview:large","max-video-preview":"max-video-preview:-1"},"canonical":"https:\/\/franciscanos.org.br\/noticias\/homenagens-a-frei-moiseis-a-lembranca-dele-vai-estar-sempre-presente-em-nosso-coracao.html","og_locale":"pt_BR","og_type":"article","og_title":"Homenagens a Frei Mois\u00e9is: \"A lembran\u00e7a dele vai estar sempre presente em nosso cora\u00e7\u00e3o\" - Not\u00edcias - Franciscanos","og_description":"Luto na Prov\u00edncia","og_url":"https:\/\/franciscanos.org.br\/noticias\/homenagens-a-frei-moiseis-a-lembranca-dele-vai-estar-sempre-presente-em-nosso-coracao.html","og_site_name":"Not\u00edcias - Franciscanos","article_published_time":"2020-07-30T13:06:02+00:00","article_modified_time":"2020-07-30T13:32:10+00:00","og_image":[{"width":800,"height":600,"url":"https:\/\/franciscanos.org.br\/noticias\/wp-content\/uploads\/2020\/07\/moiseis_3007d.jpg","type":"image\/jpeg"}],"author":"moacir","twitter_card":"summary_large_image","twitter_misc":{"Escrito por":"moacir","Est. tempo de leitura":"6 minutos"},"schema":{"@context":"https:\/\/schema.org","@graph":[{"@type":"WebSite","@id":"https:\/\/franciscanos.org.br\/noticias\/#website","url":"https:\/\/franciscanos.org.br\/noticias\/","name":"Not\u00edcias - Franciscanos","description":"Prov\u00edncia Franciscana da Imaculada Concei\u00e7\u00e3o do Brasil - Ordem dos Frades Menores - OFM","potentialAction":[{"@type":"SearchAction","target":{"@type":"EntryPoint","urlTemplate":"https:\/\/franciscanos.org.br\/noticias\/?s={search_term_string}"},"query-input":"required name=search_term_string"}],"inLanguage":"pt-BR"},{"@type":"ImageObject","inLanguage":"pt-BR","@id":"https:\/\/franciscanos.org.br\/noticias\/homenagens-a-frei-moiseis-a-lembranca-dele-vai-estar-sempre-presente-em-nosso-coracao.html#primaryimage","url":"https:\/\/franciscanos.org.br\/noticias\/wp-content\/uploads\/2020\/07\/moiseis_3007d.jpg","contentUrl":"https:\/\/franciscanos.org.br\/noticias\/wp-content\/uploads\/2020\/07\/moiseis_3007d.jpg","width":800,"height":600},{"@type":"WebPage","@id":"https:\/\/franciscanos.org.br\/noticias\/homenagens-a-frei-moiseis-a-lembranca-dele-vai-estar-sempre-presente-em-nosso-coracao.html#webpage","url":"https:\/\/franciscanos.org.br\/noticias\/homenagens-a-frei-moiseis-a-lembranca-dele-vai-estar-sempre-presente-em-nosso-coracao.html","name":"Homenagens a Frei Mois\u00e9is: \"A lembran\u00e7a dele vai estar sempre presente em nosso cora\u00e7\u00e3o\" - Not\u00edcias - Franciscanos","isPartOf":{"@id":"https:\/\/franciscanos.org.br\/noticias\/#website"},"primaryImageOfPage":{"@id":"https:\/\/franciscanos.org.br\/noticias\/homenagens-a-frei-moiseis-a-lembranca-dele-vai-estar-sempre-presente-em-nosso-coracao.html#primaryimage"},"datePublished":"2020-07-30T13:06:02+00:00","dateModified":"2020-07-30T13:32:10+00:00","author":{"@id":"https:\/\/franciscanos.org.br\/noticias\/#\/schema\/person\/b5c8cba458c330ccff548b056e95a5d4"},"breadcrumb":{"@id":"https:\/\/franciscanos.org.br\/noticias\/homenagens-a-frei-moiseis-a-lembranca-dele-vai-estar-sempre-presente-em-nosso-coracao.html#breadcrumb"},"inLanguage":"pt-BR","potentialAction":[{"@type":"ReadAction","target":["https:\/\/franciscanos.org.br\/noticias\/homenagens-a-frei-moiseis-a-lembranca-dele-vai-estar-sempre-presente-em-nosso-coracao.html"]}]},{"@type":"BreadcrumbList","@id":"https:\/\/franciscanos.org.br\/noticias\/homenagens-a-frei-moiseis-a-lembranca-dele-vai-estar-sempre-presente-em-nosso-coracao.html#breadcrumb","itemListElement":[{"@type":"ListItem","position":1,"name":"Home","item":"https:\/\/franciscanos.org.br\/noticias"},{"@type":"ListItem","position":2,"name":"Homenagens a Frei Mois\u00e9is: &#8220;A lembran\u00e7a dele vai estar sempre presente em nosso cora\u00e7\u00e3o&#8221;"}]},{"@type":"Person","@id":"https:\/\/franciscanos.org.br\/noticias\/#\/schema\/person\/b5c8cba458c330ccff548b056e95a5d4","name":"moacir","image":{"@type":"ImageObject","inLanguage":"pt-BR","@id":"https:\/\/franciscanos.org.br\/noticias\/#\/schema\/person\/image\/","url":"https:\/\/secure.gravatar.com\/avatar\/d08aa2ce4c8dd416d4479aa8536fcf64?s=96&d=mm&r=g","contentUrl":"https:\/\/secure.gravatar.com\/avatar\/d08aa2ce4c8dd416d4479aa8536fcf64?s=96&d=mm&r=g","caption":"moacir"},"url":"https:\/\/franciscanos.org.br\/noticias\/author\/moacir"}]}},"_links":{"self":[{"href":"https:\/\/franciscanos.org.br\/noticias\/wp-json\/wp\/v2\/posts\/227344"}],"collection":[{"href":"https:\/\/franciscanos.org.br\/noticias\/wp-json\/wp\/v2\/posts"}],"about":[{"href":"https:\/\/franciscanos.org.br\/noticias\/wp-json\/wp\/v2\/types\/post"}],"author":[{"embeddable":true,"href":"https:\/\/franciscanos.org.br\/noticias\/wp-json\/wp\/v2\/users\/3"}],"replies":[{"embeddable":true,"href":"https:\/\/franciscanos.org.br\/noticias\/wp-json\/wp\/v2\/comments?post=227344"}],"version-history":[{"count":3,"href":"https:\/\/franciscanos.org.br\/noticias\/wp-json\/wp\/v2\/posts\/227344\/revisions"}],"predecessor-version":[{"id":227349,"href":"https:\/\/franciscanos.org.br\/noticias\/wp-json\/wp\/v2\/posts\/227344\/revisions\/227349"}],"wp:featuredmedia":[{"embeddable":true,"href":"https:\/\/franciscanos.org.br\/noticias\/wp-json\/wp\/v2\/media\/227346"}],"wp:attachment":[{"href":"https:\/\/franciscanos.org.br\/noticias\/wp-json\/wp\/v2\/media?parent=227344"}],"wp:term":[{"taxonomy":"category","embeddable":true,"href":"https:\/\/franciscanos.org.br\/noticias\/wp-json\/wp\/v2\/categories?post=227344"},{"taxonomy":"post_tag","embeddable":true,"href":"https:\/\/franciscanos.org.br\/noticias\/wp-json\/wp\/v2\/tags?post=227344"}],"curies":[{"name":"wp","href":"https:\/\/api.w.org\/{rel}","templated":true}]}}