{"id":227319,"date":"2020-07-30T07:11:08","date_gmt":"2020-07-30T10:11:08","guid":{"rendered":"https:\/\/franciscanos.org.br\/noticias\/?p=227319"},"modified":"2021-07-05T20:07:42","modified_gmt":"2021-07-05T23:07:42","slug":"recital-on-line-dos-canarinhos-de-petropolis","status":"publish","type":"post","link":"https:\/\/franciscanos.org.br\/noticias\/recital-on-line-dos-canarinhos-de-petropolis.html","title":{"rendered":"Recital on-line dos Canarinhos de Petr\u00f3polis"},"content":{"rendered":"<div id=\"attachment_227323\" style=\"width: 1290px\" class=\"wp-caption alignleft\"><img aria-describedby=\"caption-attachment-227323\" loading=\"lazy\" class=\"wp-image-227323 size-full\" src=\"https:\/\/franciscanos.org.br\/noticias\/wp-content\/uploads\/2020\/07\/canarinhos_3007_3.jpg\" alt=\"\" width=\"1280\" height=\"720\" srcset=\"https:\/\/franciscanos.org.br\/noticias\/wp-content\/uploads\/2020\/07\/canarinhos_3007_3.jpg 1280w, https:\/\/franciscanos.org.br\/noticias\/wp-content\/uploads\/2020\/07\/canarinhos_3007_3-450x253.jpg 450w, https:\/\/franciscanos.org.br\/noticias\/wp-content\/uploads\/2020\/07\/canarinhos_3007_3-1024x576.jpg 1024w, https:\/\/franciscanos.org.br\/noticias\/wp-content\/uploads\/2020\/07\/canarinhos_3007_3-768x432.jpg 768w, https:\/\/franciscanos.org.br\/noticias\/wp-content\/uploads\/2020\/07\/canarinhos_3007_3-150x84.jpg 150w\" sizes=\"(max-width: 1280px) 100vw, 1280px\" \/><p id=\"caption-attachment-227323\" class=\"wp-caption-text\">\u00a0 \u00a0 \u00a0 \u00a0 \u00a0 \u00a0 \u00a0 \u00a0 \u00a0 \u00a0 \u00a0 \u00a0 \u00a0 \u00a0 \u00a0 \u00a0 \u00a0 \u00a0 \u00a0 \u00a0 \u00a0 \u00a0 \u00a0 \u00a0 \u00a0 \u00a0 \u00a0 \u00a0 \u00a0 \u00a0 \u00a0 \u00a0 \u00a0 \u00a0 \u00a0 \u00a0 \u00a0 \u00a0 \u00a0 \u00a0 \u00a0 \u00a0 \u00a0 \u00a0 \u00a0 \u00a0 \u00a0 \u00a0 \u00a0 \u00a0 \u00a0 \u00a0 \u00a0 \u00a0 \u00a0 \u00a0 \u00a0 \u00a0 \u00a0 \u00a0 \u00a0 \u00a0 \u00a0 \u00a0 \u00a0 \u00a0 \u00a0 \u00a0 \u00a0 \u00a0 \u00a0 \u00a0 \u00a0 \u00a0 \u00a0 \u00a0 \u00a0 \u00a0 \u00a0 \u00a0 \u00a0 \u00a0 \u00a0 \u00a0 \u00a0 \u00a0 \u00a0 \u00a0 \u00a0 \u00a0 \u00a0 \u00a0 \u00a0 \u00a0 \u00a0 \u00a0 <em>\u00a0 \u00a0 \u00a0 \u00a0Foto: Reprodu\u00e7\u00e3o<\/em><\/p><\/div>\n<p><em>\u00a0 \u00a0 \u00a0 \u00a0 \u00a0 \u00a0<\/em><span style=\"font-size: 16px;\">Os alunos da Escola de M\u00fasica do Instituto dos Meninos Cantores de Petr\u00f3polis (IMCP) far\u00e3o um recital in\u00e9dito. Por causa da pandemia, as apresenta\u00e7\u00f5es marcadas para os pr\u00f3ximos dias 29, 30 e 31 ser\u00e3o transmitidas pela p\u00e1gina dos Canarinhos no Facebook. As apresenta\u00e7\u00f5es acontecer\u00e3o sempre \u00e0s 19 horas. As apresenta\u00e7\u00f5es ser\u00e3o individuais e contar\u00e3o com a participa\u00e7\u00e3o dos alunos dos cursos de piano, violino, viol\u00e3o, guitarra e canto.<\/span><\/p>\n<p style=\"font-weight: 400;\">A\u00a0Escola\u00a0de\u00a0M\u00fasica\u00a0do IMCP \u00e9 aberta para pessoas de todas as idades. Durante a pandemia, as aulas que podem ser de 30 minutos ou 1 hora, est\u00e3o sendo realizadas pela internet.<\/p>\n<p style=\"font-weight: 400;\">Mais informa\u00e7\u00f5es sobre as atividades do Instituto podem ser consultadas pelo site\u00a0<a href=\"http:\/\/canarinhos.com.br\/\" data-saferedirecturl=\"https:\/\/www.google.com\/url?q=http:\/\/canarinhos.com.br\/&amp;source=gmail&amp;ust=1596188084747000&amp;usg=AFQjCNGrdPsT1Gr7XJyOPpHAs0zIgxfiKg\">http:\/\/canarinhos.com.br<\/a>, pelo Facebook\u00a0<a href=\"http:\/\/fb.com\/canarinhosdepetropolis\" data-saferedirecturl=\"https:\/\/www.google.com\/url?q=http:\/\/fb.com\/canarinhosdepetropolis&amp;source=gmail&amp;ust=1596188084747000&amp;usg=AFQjCNGNPxUqfUq2pQpgmo481hnBEvAZBw\">http:\/\/fb.com\/canarinhosdepetropolis<\/a>\u00a0ou pelo telefone\u00a0<a href=\"tel:%2824%29%202104-4141\">(24) 2104-4141<\/a>. O Instituto dos Corais dos Canarinhos de Petr\u00f3polis fica Rua Santos Dumont, 355, no Centro Hist\u00f3rico.<\/p>\n<hr \/>\n<p style=\"padding-left: 40px;\"><strong>VEJA COMO FOI O PRIMEIRO DIA:<\/strong><\/p>\n<p style=\"padding-left: 40px;\">https:\/\/www.facebook.com\/pages\/Instituto-Meninos-Cantores-de-Petr%C3%B3polis\/169604213093600<\/p>\n","protected":false},"excerpt":{"rendered":"<p>Escola de M\u00fasica do Instituto dos Meninos Cantores de Petr\u00f3polis (IMCP)<\/p>\n","protected":false},"author":3,"featured_media":227324,"comment_status":"open","ping_status":"open","sticky":false,"template":"","format":"standard","meta":[],"categories":[1],"tags":[1378,1531],"acf":[],"yoast_head":"<!-- This site is optimized with the Yoast SEO plugin v19.2 - https:\/\/yoast.com\/wordpress\/plugins\/seo\/ -->\n<title>Recital on-line dos Canarinhos de Petr\u00f3polis - Not\u00edcias - Franciscanos<\/title>\n<meta name=\"robots\" content=\"index, follow, max-snippet:-1, max-image-preview:large, max-video-preview:-1\" \/>\n<link rel=\"canonical\" href=\"https:\/\/franciscanos.org.br\/noticias\/recital-on-line-dos-canarinhos-de-petropolis.html\" \/>\n<meta property=\"og:locale\" content=\"pt_BR\" \/>\n<meta property=\"og:type\" content=\"article\" \/>\n<meta property=\"og:title\" content=\"Recital on-line dos Canarinhos de Petr\u00f3polis - Not\u00edcias - Franciscanos\" \/>\n<meta property=\"og:description\" content=\"Escola de M\u00fasica do Instituto dos Meninos Cantores de Petr\u00f3polis (IMCP)\" \/>\n<meta property=\"og:url\" content=\"https:\/\/franciscanos.org.br\/noticias\/recital-on-line-dos-canarinhos-de-petropolis.html\" \/>\n<meta property=\"og:site_name\" content=\"Not\u00edcias - Franciscanos\" \/>\n<meta property=\"article:published_time\" content=\"2020-07-30T10:11:08+00:00\" \/>\n<meta property=\"article:modified_time\" content=\"2021-07-05T23:07:42+00:00\" \/>\n<meta property=\"og:image\" content=\"https:\/\/franciscanos.org.br\/noticias\/wp-content\/uploads\/2020\/07\/canarinhos_3007d.jpg\" \/>\n\t<meta property=\"og:image:width\" content=\"800\" \/>\n\t<meta property=\"og:image:height\" content=\"600\" \/>\n\t<meta property=\"og:image:type\" content=\"image\/jpeg\" \/>\n<meta name=\"author\" content=\"moacir\" \/>\n<meta name=\"twitter:card\" content=\"summary_large_image\" \/>\n<meta name=\"twitter:label1\" content=\"Escrito por\" \/>\n\t<meta name=\"twitter:data1\" content=\"moacir\" \/>\n\t<meta name=\"twitter:label2\" content=\"Est. tempo de leitura\" \/>\n\t<meta name=\"twitter:data2\" content=\"1 minuto\" \/>\n<script type=\"application\/ld+json\" class=\"yoast-schema-graph\">{\"@context\":\"https:\/\/schema.org\",\"@graph\":[{\"@type\":\"WebSite\",\"@id\":\"https:\/\/franciscanos.org.br\/noticias\/#website\",\"url\":\"https:\/\/franciscanos.org.br\/noticias\/\",\"name\":\"Not\u00edcias - Franciscanos\",\"description\":\"Prov\u00edncia Franciscana da Imaculada Concei\u00e7\u00e3o do Brasil - Ordem dos Frades Menores - OFM\",\"potentialAction\":[{\"@type\":\"SearchAction\",\"target\":{\"@type\":\"EntryPoint\",\"urlTemplate\":\"https:\/\/franciscanos.org.br\/noticias\/?s={search_term_string}\"},\"query-input\":\"required name=search_term_string\"}],\"inLanguage\":\"pt-BR\"},{\"@type\":\"ImageObject\",\"inLanguage\":\"pt-BR\",\"@id\":\"https:\/\/franciscanos.org.br\/noticias\/recital-on-line-dos-canarinhos-de-petropolis.html#primaryimage\",\"url\":\"https:\/\/franciscanos.org.br\/noticias\/wp-content\/uploads\/2020\/07\/canarinhos_3007d.jpg\",\"contentUrl\":\"https:\/\/franciscanos.org.br\/noticias\/wp-content\/uploads\/2020\/07\/canarinhos_3007d.jpg\",\"width\":800,\"height\":600},{\"@type\":\"WebPage\",\"@id\":\"https:\/\/franciscanos.org.br\/noticias\/recital-on-line-dos-canarinhos-de-petropolis.html#webpage\",\"url\":\"https:\/\/franciscanos.org.br\/noticias\/recital-on-line-dos-canarinhos-de-petropolis.html\",\"name\":\"Recital on-line dos Canarinhos de Petr\u00f3polis - Not\u00edcias - Franciscanos\",\"isPartOf\":{\"@id\":\"https:\/\/franciscanos.org.br\/noticias\/#website\"},\"primaryImageOfPage\":{\"@id\":\"https:\/\/franciscanos.org.br\/noticias\/recital-on-line-dos-canarinhos-de-petropolis.html#primaryimage\"},\"datePublished\":\"2020-07-30T10:11:08+00:00\",\"dateModified\":\"2021-07-05T23:07:42+00:00\",\"author\":{\"@id\":\"https:\/\/franciscanos.org.br\/noticias\/#\/schema\/person\/b5c8cba458c330ccff548b056e95a5d4\"},\"breadcrumb\":{\"@id\":\"https:\/\/franciscanos.org.br\/noticias\/recital-on-line-dos-canarinhos-de-petropolis.html#breadcrumb\"},\"inLanguage\":\"pt-BR\",\"potentialAction\":[{\"@type\":\"ReadAction\",\"target\":[\"https:\/\/franciscanos.org.br\/noticias\/recital-on-line-dos-canarinhos-de-petropolis.html\"]}]},{\"@type\":\"BreadcrumbList\",\"@id\":\"https:\/\/franciscanos.org.br\/noticias\/recital-on-line-dos-canarinhos-de-petropolis.html#breadcrumb\",\"itemListElement\":[{\"@type\":\"ListItem\",\"position\":1,\"name\":\"Home\",\"item\":\"https:\/\/franciscanos.org.br\/noticias\"},{\"@type\":\"ListItem\",\"position\":2,\"name\":\"Recital on-line dos Canarinhos de Petr\u00f3polis\"}]},{\"@type\":\"Person\",\"@id\":\"https:\/\/franciscanos.org.br\/noticias\/#\/schema\/person\/b5c8cba458c330ccff548b056e95a5d4\",\"name\":\"moacir\",\"image\":{\"@type\":\"ImageObject\",\"inLanguage\":\"pt-BR\",\"@id\":\"https:\/\/franciscanos.org.br\/noticias\/#\/schema\/person\/image\/\",\"url\":\"https:\/\/secure.gravatar.com\/avatar\/d08aa2ce4c8dd416d4479aa8536fcf64?s=96&d=mm&r=g\",\"contentUrl\":\"https:\/\/secure.gravatar.com\/avatar\/d08aa2ce4c8dd416d4479aa8536fcf64?s=96&d=mm&r=g\",\"caption\":\"moacir\"},\"url\":\"https:\/\/franciscanos.org.br\/noticias\/author\/moacir\"}]}<\/script>\n<!-- \/ Yoast SEO plugin. -->","yoast_head_json":{"title":"Recital on-line dos Canarinhos de Petr\u00f3polis - Not\u00edcias - Franciscanos","robots":{"index":"index","follow":"follow","max-snippet":"max-snippet:-1","max-image-preview":"max-image-preview:large","max-video-preview":"max-video-preview:-1"},"canonical":"https:\/\/franciscanos.org.br\/noticias\/recital-on-line-dos-canarinhos-de-petropolis.html","og_locale":"pt_BR","og_type":"article","og_title":"Recital on-line dos Canarinhos de Petr\u00f3polis - Not\u00edcias - Franciscanos","og_description":"Escola de M\u00fasica do Instituto dos Meninos Cantores de Petr\u00f3polis (IMCP)","og_url":"https:\/\/franciscanos.org.br\/noticias\/recital-on-line-dos-canarinhos-de-petropolis.html","og_site_name":"Not\u00edcias - Franciscanos","article_published_time":"2020-07-30T10:11:08+00:00","article_modified_time":"2021-07-05T23:07:42+00:00","og_image":[{"width":800,"height":600,"url":"https:\/\/franciscanos.org.br\/noticias\/wp-content\/uploads\/2020\/07\/canarinhos_3007d.jpg","type":"image\/jpeg"}],"author":"moacir","twitter_card":"summary_large_image","twitter_misc":{"Escrito por":"moacir","Est. tempo de leitura":"1 minuto"},"schema":{"@context":"https:\/\/schema.org","@graph":[{"@type":"WebSite","@id":"https:\/\/franciscanos.org.br\/noticias\/#website","url":"https:\/\/franciscanos.org.br\/noticias\/","name":"Not\u00edcias - Franciscanos","description":"Prov\u00edncia Franciscana da Imaculada Concei\u00e7\u00e3o do Brasil - Ordem dos Frades Menores - OFM","potentialAction":[{"@type":"SearchAction","target":{"@type":"EntryPoint","urlTemplate":"https:\/\/franciscanos.org.br\/noticias\/?s={search_term_string}"},"query-input":"required name=search_term_string"}],"inLanguage":"pt-BR"},{"@type":"ImageObject","inLanguage":"pt-BR","@id":"https:\/\/franciscanos.org.br\/noticias\/recital-on-line-dos-canarinhos-de-petropolis.html#primaryimage","url":"https:\/\/franciscanos.org.br\/noticias\/wp-content\/uploads\/2020\/07\/canarinhos_3007d.jpg","contentUrl":"https:\/\/franciscanos.org.br\/noticias\/wp-content\/uploads\/2020\/07\/canarinhos_3007d.jpg","width":800,"height":600},{"@type":"WebPage","@id":"https:\/\/franciscanos.org.br\/noticias\/recital-on-line-dos-canarinhos-de-petropolis.html#webpage","url":"https:\/\/franciscanos.org.br\/noticias\/recital-on-line-dos-canarinhos-de-petropolis.html","name":"Recital on-line dos Canarinhos de Petr\u00f3polis - Not\u00edcias - Franciscanos","isPartOf":{"@id":"https:\/\/franciscanos.org.br\/noticias\/#website"},"primaryImageOfPage":{"@id":"https:\/\/franciscanos.org.br\/noticias\/recital-on-line-dos-canarinhos-de-petropolis.html#primaryimage"},"datePublished":"2020-07-30T10:11:08+00:00","dateModified":"2021-07-05T23:07:42+00:00","author":{"@id":"https:\/\/franciscanos.org.br\/noticias\/#\/schema\/person\/b5c8cba458c330ccff548b056e95a5d4"},"breadcrumb":{"@id":"https:\/\/franciscanos.org.br\/noticias\/recital-on-line-dos-canarinhos-de-petropolis.html#breadcrumb"},"inLanguage":"pt-BR","potentialAction":[{"@type":"ReadAction","target":["https:\/\/franciscanos.org.br\/noticias\/recital-on-line-dos-canarinhos-de-petropolis.html"]}]},{"@type":"BreadcrumbList","@id":"https:\/\/franciscanos.org.br\/noticias\/recital-on-line-dos-canarinhos-de-petropolis.html#breadcrumb","itemListElement":[{"@type":"ListItem","position":1,"name":"Home","item":"https:\/\/franciscanos.org.br\/noticias"},{"@type":"ListItem","position":2,"name":"Recital on-line dos Canarinhos de Petr\u00f3polis"}]},{"@type":"Person","@id":"https:\/\/franciscanos.org.br\/noticias\/#\/schema\/person\/b5c8cba458c330ccff548b056e95a5d4","name":"moacir","image":{"@type":"ImageObject","inLanguage":"pt-BR","@id":"https:\/\/franciscanos.org.br\/noticias\/#\/schema\/person\/image\/","url":"https:\/\/secure.gravatar.com\/avatar\/d08aa2ce4c8dd416d4479aa8536fcf64?s=96&d=mm&r=g","contentUrl":"https:\/\/secure.gravatar.com\/avatar\/d08aa2ce4c8dd416d4479aa8536fcf64?s=96&d=mm&r=g","caption":"moacir"},"url":"https:\/\/franciscanos.org.br\/noticias\/author\/moacir"}]}},"_links":{"self":[{"href":"https:\/\/franciscanos.org.br\/noticias\/wp-json\/wp\/v2\/posts\/227319"}],"collection":[{"href":"https:\/\/franciscanos.org.br\/noticias\/wp-json\/wp\/v2\/posts"}],"about":[{"href":"https:\/\/franciscanos.org.br\/noticias\/wp-json\/wp\/v2\/types\/post"}],"author":[{"embeddable":true,"href":"https:\/\/franciscanos.org.br\/noticias\/wp-json\/wp\/v2\/users\/3"}],"replies":[{"embeddable":true,"href":"https:\/\/franciscanos.org.br\/noticias\/wp-json\/wp\/v2\/comments?post=227319"}],"version-history":[{"count":2,"href":"https:\/\/franciscanos.org.br\/noticias\/wp-json\/wp\/v2\/posts\/227319\/revisions"}],"predecessor-version":[{"id":227326,"href":"https:\/\/franciscanos.org.br\/noticias\/wp-json\/wp\/v2\/posts\/227319\/revisions\/227326"}],"wp:featuredmedia":[{"embeddable":true,"href":"https:\/\/franciscanos.org.br\/noticias\/wp-json\/wp\/v2\/media\/227324"}],"wp:attachment":[{"href":"https:\/\/franciscanos.org.br\/noticias\/wp-json\/wp\/v2\/media?parent=227319"}],"wp:term":[{"taxonomy":"category","embeddable":true,"href":"https:\/\/franciscanos.org.br\/noticias\/wp-json\/wp\/v2\/categories?post=227319"},{"taxonomy":"post_tag","embeddable":true,"href":"https:\/\/franciscanos.org.br\/noticias\/wp-json\/wp\/v2\/tags?post=227319"}],"curies":[{"name":"wp","href":"https:\/\/api.w.org\/{rel}","templated":true}]}}