{"id":227306,"date":"2020-07-29T12:53:00","date_gmt":"2020-07-29T15:53:00","guid":{"rendered":"https:\/\/franciscanos.org.br\/noticias\/?p=227306"},"modified":"2020-07-29T17:52:34","modified_gmt":"2020-07-29T20:52:34","slug":"falece-frei-moiseis-beserra-em-oliveira-dos-brejinhos","status":"publish","type":"post","link":"https:\/\/franciscanos.org.br\/noticias\/falece-frei-moiseis-beserra-em-oliveira-dos-brejinhos.html","title":{"rendered":"Falece Frei Mois\u00e9is Beserra em Oliveira dos Brejinhos"},"content":{"rendered":"<p><img loading=\"lazy\" class=\"alignnone wp-image-227312 size-full\" src=\"https:\/\/franciscanos.org.br\/noticias\/wp-content\/uploads\/2020\/07\/moises.png\" alt=\"\" width=\"1024\" height=\"638\" srcset=\"https:\/\/franciscanos.org.br\/noticias\/wp-content\/uploads\/2020\/07\/moises.png 1024w, https:\/\/franciscanos.org.br\/noticias\/wp-content\/uploads\/2020\/07\/moises-450x280.png 450w, https:\/\/franciscanos.org.br\/noticias\/wp-content\/uploads\/2020\/07\/moises-768x479.png 768w, https:\/\/franciscanos.org.br\/noticias\/wp-content\/uploads\/2020\/07\/moises-150x93.png 150w\" sizes=\"(max-width: 1024px) 100vw, 1024px\" \/><\/p>\n<p>Por volta das 11h30 da manh\u00e3 de hoje, 29 de julho, a Prov\u00edncia recebeu o comunicado do bispo franciscano da Diocese da Barra (BA),\u00a0 Dom Frei Luiz Fl\u00e1vio Cappio, sobre o falecimento de Frei Mois\u00e9is Beserra de Lima. Dom Cappio relatou que Frei Mois\u00e9is foi encontrado morto \u00e0s 10 horas da manh\u00e3, em sua cama, na casa paroquial.<\/p>\n<p>Atualmente, Frei Mois\u00e9is estava a servi\u00e7o da Diocese de Barra, atuando na Par\u00f3quia S\u00e3o Jos\u00e9, na localidade de Beira Rio, na cidade de Oliveira dos Brejinhos-BA. Ap\u00f3s os encaminhamentos legais serem feitos, o corpo dever\u00e1 ser levado para Barra para sepultamento na Capela mortu\u00e1ria da Diocese. Dom Cappio disse que a Diocese est\u00e1 em luto, pois todos queriam muito bem a ele.<\/p>\n<p><strong>Dados pessoais, forma\u00e7\u00e3o e atividades<\/strong><\/p>\n<div id=\"attachment_227316\" style=\"width: 374px\" class=\"wp-caption alignright\"><img aria-describedby=\"caption-attachment-227316\" loading=\"lazy\" class=\"wp-image-227316 size-medium\" src=\"https:\/\/franciscanos.org.br\/noticias\/wp-content\/uploads\/2020\/07\/moises_1-364x450.jpg\" alt=\"\" width=\"364\" height=\"450\" srcset=\"https:\/\/franciscanos.org.br\/noticias\/wp-content\/uploads\/2020\/07\/moises_1-364x450.jpg 364w, https:\/\/franciscanos.org.br\/noticias\/wp-content\/uploads\/2020\/07\/moises_1-150x185.jpg 150w, https:\/\/franciscanos.org.br\/noticias\/wp-content\/uploads\/2020\/07\/moises_1.jpg 524w\" sizes=\"(max-width: 364px) 100vw, 364px\" \/><p id=\"caption-attachment-227316\" class=\"wp-caption-text\"><em>Frei Mois\u00e9is, \u00e0 esquerda. \u00c0 direita, Dom Cappio.<\/em><\/p><\/div>\n<p>&#8211; <strong>Nascimento:<\/strong> 15.10.1951 (68 anos de idade)<br \/>\n&#8211; Hidrol\u00e2ndia, CE.<br \/>\n&#8211;<strong> Vesti\u00e7\u00e3o:<\/strong> 20.01.1976 \u2013 Rodeio<br \/>\n&#8211; <strong>Primeira Profiss\u00e3o<\/strong>: 20.01.1977 (43 anos de Vida Franciscana)<br \/>\n&#8211; <strong>Profiss\u00e3o Solene:<\/strong> 18.04.1981<br \/>\n&#8211; <strong>Ordena\u00e7\u00e3o<\/strong>: 20.06.1982 (38 anos de Sacerd\u00f3cio)<br \/>\n&#8211;<strong> 1977-1982:<\/strong> Estudos de filosofia e teologia em Petr\u00f3polis-RJ.<br \/>\n&#8211; <strong>1982<\/strong> \u2013 Vila Clementino\/S\u00e3o Paulo \u2013 vig\u00e1rio paroquial;<br \/>\n&#8211; <strong>1986<\/strong> \u2013 Campos do Jord\u00e3o \u2013 p\u00e1roco<br \/>\n&#8211; <strong>1990<\/strong> \u2013 Sorocaba\/Bom Jesus \u2013 guardi\u00e3o e p\u00e1roco<br \/>\n&#8211;<strong> 1995<\/strong> \u2013 Vila Velha \u2013ES\/Convento da Penha \u2013 guardi\u00e3o<br \/>\n&#8211; <strong>1997<\/strong> \u2013 S\u00e3o Paulo\/Convento S\u00e3o Francisco \u2013 vig\u00e1rio paroquial<br \/>\n&#8211;<strong> 2000<\/strong> \u2013 Diocese de Barra-BA \u2013 \u00e0 servi\u00e7o da Diocese<\/p>\n<p><strong>O frade menor<\/strong><\/p>\n<p>Frei Mois\u00e9is nasceu em Hidrol\u00e2ndia, no interior do Cear\u00e1. \u00c9 o quinto filho de uma fam\u00edlia de doze irm\u00e3os. Sua fam\u00edlia, de origem humilde e marcada por uma forte religiosidade foi seu sustent\u00e1culo durante a vida. O Santu\u00e1rio de S\u00e3o Francisco das Chagas, no Canind\u00e9, era o lugar de refer\u00eancia para toda a fam\u00edlia. Ao menos duas vezes por ano faziam juntos a romaria para o Santu\u00e1rio de Canind\u00e9. Segundo Frei Mois\u00e9is, esse foi um fator determinante para o seu sim \u00e0 voca\u00e7\u00e3o franciscana. Ainda jovem migrou para o Rio de Janeiro e, na Par\u00f3quia Nossa Senhora da Paz, em Ipanema, continuou a alimentar o desejo pela vida franciscana. Atuava, principalmente, na Pastoral da Juventude. Aos 24 anos ingressou no SEVOA (Semin\u00e1rio de Voca\u00e7\u00f5es Adultas) em Guaratinguet\u00e1, para iniciar a sua forma\u00e7\u00e3o.<\/p>\n<p>Frei Mois\u00e9is se dizia uma pessoa extrovertida, alegre e otimista. Gostava de estar com o povo e servir de maneira simples e feliz. \u201cO nosso testemunho, a nossa convic\u00e7\u00e3o e entusiasmo, a nossa maneira de ser e viver \u00e9 a melhor maneira de ser evangelizador\u201d.<\/p>\n<p>Depois de cinco anos de experi\u00eancia mission\u00e1ria na Diocese de Barra, Frei Mois\u00e9is relatou ao Ministro Provincial: \u201cPosso dizer que tem sido especial. \u00c9 uma regi\u00e3o com o povo muito carente. Os desafios s\u00e3o muitos, mas a alegria de poder contribuir na forma\u00e7\u00e3o das comunidades e lideran\u00e7as, a busca por melhorias sociais participando de Associa\u00e7\u00f5es, ajudando o povo a assumir as suas vidas e hist\u00f3ria nos deixa muito feliz\u201d.<\/p>\n<p>Diante do ocorrido, Dom Cappio manifestou agradecimento ao Ministro Provincial, Frei C\u00e9sar: \u201cObrigado ao senhor Pe. Provincial por ter consentido de Frei Mois\u00e9s estar conosco. Fez muito bem a muita gente, aqui ,entre n\u00f3s. Faremos tudo da melhor maneira que estiver em nosso alcance. Nosso irm\u00e3o merece. Deus o tenha! \u201d<\/p>\n<p>Frei C\u00e9sar agradeceu tamb\u00e9m a Dom Cappio pela acolhida fraterna e cuidadosa que deu a este nosso irm\u00e3o nos \u00faltimos vinte anos.<\/p>\n<p>Deus o acolha em seu abra\u00e7o misericordioso!<\/p>\n<p>R.I.P.<\/p>\n<p><strong>Frei Je\u00e2 Paulo Andrade<\/strong><\/p>\n","protected":false},"excerpt":{"rendered":"<p>Luto na Prov\u00edncia<\/p>\n","protected":false},"author":3,"featured_media":227313,"comment_status":"open","ping_status":"open","sticky":false,"template":"","format":"standard","meta":[],"categories":[1],"tags":[1320],"acf":[],"yoast_head":"<!-- This site is optimized with the Yoast SEO plugin v19.2 - https:\/\/yoast.com\/wordpress\/plugins\/seo\/ -->\n<title>Falece Frei Mois\u00e9is Beserra em Oliveira dos Brejinhos - Not\u00edcias - Franciscanos<\/title>\n<meta name=\"robots\" content=\"index, follow, max-snippet:-1, max-image-preview:large, max-video-preview:-1\" \/>\n<link rel=\"canonical\" href=\"https:\/\/franciscanos.org.br\/noticias\/falece-frei-moiseis-beserra-em-oliveira-dos-brejinhos.html\" \/>\n<meta property=\"og:locale\" content=\"pt_BR\" \/>\n<meta property=\"og:type\" content=\"article\" \/>\n<meta property=\"og:title\" content=\"Falece Frei Mois\u00e9is Beserra em Oliveira dos Brejinhos - Not\u00edcias - Franciscanos\" \/>\n<meta property=\"og:description\" content=\"Luto na Prov\u00edncia\" \/>\n<meta property=\"og:url\" content=\"https:\/\/franciscanos.org.br\/noticias\/falece-frei-moiseis-beserra-em-oliveira-dos-brejinhos.html\" \/>\n<meta property=\"og:site_name\" content=\"Not\u00edcias - Franciscanos\" \/>\n<meta property=\"article:published_time\" content=\"2020-07-29T15:53:00+00:00\" \/>\n<meta property=\"article:modified_time\" content=\"2020-07-29T20:52:34+00:00\" \/>\n<meta property=\"og:image\" content=\"https:\/\/franciscanos.org.br\/noticias\/wp-content\/uploads\/2020\/07\/moises_d.png\" \/>\n\t<meta property=\"og:image:width\" content=\"800\" \/>\n\t<meta property=\"og:image:height\" content=\"600\" \/>\n\t<meta property=\"og:image:type\" content=\"image\/png\" \/>\n<meta name=\"author\" content=\"moacir\" \/>\n<meta name=\"twitter:card\" content=\"summary_large_image\" \/>\n<meta name=\"twitter:label1\" content=\"Escrito por\" \/>\n\t<meta name=\"twitter:data1\" content=\"moacir\" \/>\n\t<meta name=\"twitter:label2\" content=\"Est. tempo de leitura\" \/>\n\t<meta name=\"twitter:data2\" content=\"3 minutos\" \/>\n<script type=\"application\/ld+json\" class=\"yoast-schema-graph\">{\"@context\":\"https:\/\/schema.org\",\"@graph\":[{\"@type\":\"WebSite\",\"@id\":\"https:\/\/franciscanos.org.br\/noticias\/#website\",\"url\":\"https:\/\/franciscanos.org.br\/noticias\/\",\"name\":\"Not\u00edcias - Franciscanos\",\"description\":\"Prov\u00edncia Franciscana da Imaculada Concei\u00e7\u00e3o do Brasil - Ordem dos Frades Menores - OFM\",\"potentialAction\":[{\"@type\":\"SearchAction\",\"target\":{\"@type\":\"EntryPoint\",\"urlTemplate\":\"https:\/\/franciscanos.org.br\/noticias\/?s={search_term_string}\"},\"query-input\":\"required name=search_term_string\"}],\"inLanguage\":\"pt-BR\"},{\"@type\":\"ImageObject\",\"inLanguage\":\"pt-BR\",\"@id\":\"https:\/\/franciscanos.org.br\/noticias\/falece-frei-moiseis-beserra-em-oliveira-dos-brejinhos.html#primaryimage\",\"url\":\"https:\/\/franciscanos.org.br\/noticias\/wp-content\/uploads\/2020\/07\/moises_d.png\",\"contentUrl\":\"https:\/\/franciscanos.org.br\/noticias\/wp-content\/uploads\/2020\/07\/moises_d.png\",\"width\":800,\"height\":600},{\"@type\":\"WebPage\",\"@id\":\"https:\/\/franciscanos.org.br\/noticias\/falece-frei-moiseis-beserra-em-oliveira-dos-brejinhos.html#webpage\",\"url\":\"https:\/\/franciscanos.org.br\/noticias\/falece-frei-moiseis-beserra-em-oliveira-dos-brejinhos.html\",\"name\":\"Falece Frei Mois\u00e9is Beserra em Oliveira dos Brejinhos - Not\u00edcias - Franciscanos\",\"isPartOf\":{\"@id\":\"https:\/\/franciscanos.org.br\/noticias\/#website\"},\"primaryImageOfPage\":{\"@id\":\"https:\/\/franciscanos.org.br\/noticias\/falece-frei-moiseis-beserra-em-oliveira-dos-brejinhos.html#primaryimage\"},\"datePublished\":\"2020-07-29T15:53:00+00:00\",\"dateModified\":\"2020-07-29T20:52:34+00:00\",\"author\":{\"@id\":\"https:\/\/franciscanos.org.br\/noticias\/#\/schema\/person\/b5c8cba458c330ccff548b056e95a5d4\"},\"breadcrumb\":{\"@id\":\"https:\/\/franciscanos.org.br\/noticias\/falece-frei-moiseis-beserra-em-oliveira-dos-brejinhos.html#breadcrumb\"},\"inLanguage\":\"pt-BR\",\"potentialAction\":[{\"@type\":\"ReadAction\",\"target\":[\"https:\/\/franciscanos.org.br\/noticias\/falece-frei-moiseis-beserra-em-oliveira-dos-brejinhos.html\"]}]},{\"@type\":\"BreadcrumbList\",\"@id\":\"https:\/\/franciscanos.org.br\/noticias\/falece-frei-moiseis-beserra-em-oliveira-dos-brejinhos.html#breadcrumb\",\"itemListElement\":[{\"@type\":\"ListItem\",\"position\":1,\"name\":\"Home\",\"item\":\"https:\/\/franciscanos.org.br\/noticias\"},{\"@type\":\"ListItem\",\"position\":2,\"name\":\"Falece Frei Mois\u00e9is Beserra em Oliveira dos Brejinhos\"}]},{\"@type\":\"Person\",\"@id\":\"https:\/\/franciscanos.org.br\/noticias\/#\/schema\/person\/b5c8cba458c330ccff548b056e95a5d4\",\"name\":\"moacir\",\"image\":{\"@type\":\"ImageObject\",\"inLanguage\":\"pt-BR\",\"@id\":\"https:\/\/franciscanos.org.br\/noticias\/#\/schema\/person\/image\/\",\"url\":\"https:\/\/secure.gravatar.com\/avatar\/d08aa2ce4c8dd416d4479aa8536fcf64?s=96&d=mm&r=g\",\"contentUrl\":\"https:\/\/secure.gravatar.com\/avatar\/d08aa2ce4c8dd416d4479aa8536fcf64?s=96&d=mm&r=g\",\"caption\":\"moacir\"},\"url\":\"https:\/\/franciscanos.org.br\/noticias\/author\/moacir\"}]}<\/script>\n<!-- \/ Yoast SEO plugin. -->","yoast_head_json":{"title":"Falece Frei Mois\u00e9is Beserra em Oliveira dos Brejinhos - Not\u00edcias - Franciscanos","robots":{"index":"index","follow":"follow","max-snippet":"max-snippet:-1","max-image-preview":"max-image-preview:large","max-video-preview":"max-video-preview:-1"},"canonical":"https:\/\/franciscanos.org.br\/noticias\/falece-frei-moiseis-beserra-em-oliveira-dos-brejinhos.html","og_locale":"pt_BR","og_type":"article","og_title":"Falece Frei Mois\u00e9is Beserra em Oliveira dos Brejinhos - Not\u00edcias - Franciscanos","og_description":"Luto na Prov\u00edncia","og_url":"https:\/\/franciscanos.org.br\/noticias\/falece-frei-moiseis-beserra-em-oliveira-dos-brejinhos.html","og_site_name":"Not\u00edcias - Franciscanos","article_published_time":"2020-07-29T15:53:00+00:00","article_modified_time":"2020-07-29T20:52:34+00:00","og_image":[{"width":800,"height":600,"url":"https:\/\/franciscanos.org.br\/noticias\/wp-content\/uploads\/2020\/07\/moises_d.png","type":"image\/png"}],"author":"moacir","twitter_card":"summary_large_image","twitter_misc":{"Escrito por":"moacir","Est. tempo de leitura":"3 minutos"},"schema":{"@context":"https:\/\/schema.org","@graph":[{"@type":"WebSite","@id":"https:\/\/franciscanos.org.br\/noticias\/#website","url":"https:\/\/franciscanos.org.br\/noticias\/","name":"Not\u00edcias - Franciscanos","description":"Prov\u00edncia Franciscana da Imaculada Concei\u00e7\u00e3o do Brasil - Ordem dos Frades Menores - OFM","potentialAction":[{"@type":"SearchAction","target":{"@type":"EntryPoint","urlTemplate":"https:\/\/franciscanos.org.br\/noticias\/?s={search_term_string}"},"query-input":"required name=search_term_string"}],"inLanguage":"pt-BR"},{"@type":"ImageObject","inLanguage":"pt-BR","@id":"https:\/\/franciscanos.org.br\/noticias\/falece-frei-moiseis-beserra-em-oliveira-dos-brejinhos.html#primaryimage","url":"https:\/\/franciscanos.org.br\/noticias\/wp-content\/uploads\/2020\/07\/moises_d.png","contentUrl":"https:\/\/franciscanos.org.br\/noticias\/wp-content\/uploads\/2020\/07\/moises_d.png","width":800,"height":600},{"@type":"WebPage","@id":"https:\/\/franciscanos.org.br\/noticias\/falece-frei-moiseis-beserra-em-oliveira-dos-brejinhos.html#webpage","url":"https:\/\/franciscanos.org.br\/noticias\/falece-frei-moiseis-beserra-em-oliveira-dos-brejinhos.html","name":"Falece Frei Mois\u00e9is Beserra em Oliveira dos Brejinhos - Not\u00edcias - Franciscanos","isPartOf":{"@id":"https:\/\/franciscanos.org.br\/noticias\/#website"},"primaryImageOfPage":{"@id":"https:\/\/franciscanos.org.br\/noticias\/falece-frei-moiseis-beserra-em-oliveira-dos-brejinhos.html#primaryimage"},"datePublished":"2020-07-29T15:53:00+00:00","dateModified":"2020-07-29T20:52:34+00:00","author":{"@id":"https:\/\/franciscanos.org.br\/noticias\/#\/schema\/person\/b5c8cba458c330ccff548b056e95a5d4"},"breadcrumb":{"@id":"https:\/\/franciscanos.org.br\/noticias\/falece-frei-moiseis-beserra-em-oliveira-dos-brejinhos.html#breadcrumb"},"inLanguage":"pt-BR","potentialAction":[{"@type":"ReadAction","target":["https:\/\/franciscanos.org.br\/noticias\/falece-frei-moiseis-beserra-em-oliveira-dos-brejinhos.html"]}]},{"@type":"BreadcrumbList","@id":"https:\/\/franciscanos.org.br\/noticias\/falece-frei-moiseis-beserra-em-oliveira-dos-brejinhos.html#breadcrumb","itemListElement":[{"@type":"ListItem","position":1,"name":"Home","item":"https:\/\/franciscanos.org.br\/noticias"},{"@type":"ListItem","position":2,"name":"Falece Frei Mois\u00e9is Beserra em Oliveira dos Brejinhos"}]},{"@type":"Person","@id":"https:\/\/franciscanos.org.br\/noticias\/#\/schema\/person\/b5c8cba458c330ccff548b056e95a5d4","name":"moacir","image":{"@type":"ImageObject","inLanguage":"pt-BR","@id":"https:\/\/franciscanos.org.br\/noticias\/#\/schema\/person\/image\/","url":"https:\/\/secure.gravatar.com\/avatar\/d08aa2ce4c8dd416d4479aa8536fcf64?s=96&d=mm&r=g","contentUrl":"https:\/\/secure.gravatar.com\/avatar\/d08aa2ce4c8dd416d4479aa8536fcf64?s=96&d=mm&r=g","caption":"moacir"},"url":"https:\/\/franciscanos.org.br\/noticias\/author\/moacir"}]}},"_links":{"self":[{"href":"https:\/\/franciscanos.org.br\/noticias\/wp-json\/wp\/v2\/posts\/227306"}],"collection":[{"href":"https:\/\/franciscanos.org.br\/noticias\/wp-json\/wp\/v2\/posts"}],"about":[{"href":"https:\/\/franciscanos.org.br\/noticias\/wp-json\/wp\/v2\/types\/post"}],"author":[{"embeddable":true,"href":"https:\/\/franciscanos.org.br\/noticias\/wp-json\/wp\/v2\/users\/3"}],"replies":[{"embeddable":true,"href":"https:\/\/franciscanos.org.br\/noticias\/wp-json\/wp\/v2\/comments?post=227306"}],"version-history":[{"count":7,"href":"https:\/\/franciscanos.org.br\/noticias\/wp-json\/wp\/v2\/posts\/227306\/revisions"}],"predecessor-version":[{"id":227318,"href":"https:\/\/franciscanos.org.br\/noticias\/wp-json\/wp\/v2\/posts\/227306\/revisions\/227318"}],"wp:featuredmedia":[{"embeddable":true,"href":"https:\/\/franciscanos.org.br\/noticias\/wp-json\/wp\/v2\/media\/227313"}],"wp:attachment":[{"href":"https:\/\/franciscanos.org.br\/noticias\/wp-json\/wp\/v2\/media?parent=227306"}],"wp:term":[{"taxonomy":"category","embeddable":true,"href":"https:\/\/franciscanos.org.br\/noticias\/wp-json\/wp\/v2\/categories?post=227306"},{"taxonomy":"post_tag","embeddable":true,"href":"https:\/\/franciscanos.org.br\/noticias\/wp-json\/wp\/v2\/tags?post=227306"}],"curies":[{"name":"wp","href":"https:\/\/api.w.org\/{rel}","templated":true}]}}