{"id":227299,"date":"2020-07-29T08:34:36","date_gmt":"2020-07-29T11:34:36","guid":{"rendered":"https:\/\/franciscanos.org.br\/noticias\/?p=227299"},"modified":"2020-07-29T08:57:03","modified_gmt":"2020-07-29T11:57:03","slug":"frades-estudantes-de-rondinha-fazem-experiencia-eremitica-e-votam-as-visitas-aos-hospitais","status":"publish","type":"post","link":"https:\/\/franciscanos.org.br\/noticias\/frades-estudantes-de-rondinha-fazem-experiencia-eremitica-e-votam-as-visitas-aos-hospitais.html","title":{"rendered":"Frades estudantes de Rondinha fazem experi\u00eancia erem\u00edtica e voltam \u00e0s visitas aos hospitais"},"content":{"rendered":"<p><img loading=\"lazy\" class=\"alignnone size-full wp-image-227300\" src=\"https:\/\/franciscanos.org.br\/noticias\/wp-content\/uploads\/2020\/07\/rondinha_2907.jpg\" alt=\"\" width=\"1280\" height=\"720\" srcset=\"https:\/\/franciscanos.org.br\/noticias\/wp-content\/uploads\/2020\/07\/rondinha_2907.jpg 1280w, https:\/\/franciscanos.org.br\/noticias\/wp-content\/uploads\/2020\/07\/rondinha_2907-450x253.jpg 450w, https:\/\/franciscanos.org.br\/noticias\/wp-content\/uploads\/2020\/07\/rondinha_2907-1024x576.jpg 1024w, https:\/\/franciscanos.org.br\/noticias\/wp-content\/uploads\/2020\/07\/rondinha_2907-768x432.jpg 768w, https:\/\/franciscanos.org.br\/noticias\/wp-content\/uploads\/2020\/07\/rondinha_2907-150x84.jpg 150w\" sizes=\"(max-width: 1280px) 100vw, 1280px\" \/><\/p>\n<p><strong>Campo Largo (PR)<\/strong> &#8211; Do dia 17 a 26 de julho de 2020, os frades estudantes da Fraternidade S\u00e3o Boaventura de Rondinha &#8211; Frei Daniel Carlos, Frei Franklin Matheus, Frei Jeronimo Cheia, Frei Lucas Moreira, Frei Roberto Rocha, Frei S\u00e9rgio Hide, o mestre Frei Samuel Ferreira de Lima e o sr. Ant\u00f4nio Ev\u00eancio de Carvalho, benfeitor e ministro da Eucaristia do Convento Bom Jesus dos Perd\u00f5es de Curitiba -, dirigiram-se ao Eremit\u00e9rio Frei Eg\u00eddio, no alto do monte em Rodeio (SC). A ideia surgiu ap\u00f3s os transtornos decorridos da pandemia da Covid-19, impossibilitando os frades estudantes de realizassem o m\u00eas de est\u00e1gio pastoral nas Fraternidades da Prov\u00edncia, um per\u00edodo considerado, nos \u00e2mbitos acad\u00eamicos, de recesso, uma transi\u00e7\u00e3o de semestres.<\/p>\n<p>&#8220;Passamos uma excelente semana de ora\u00e7\u00e3o, conviv\u00eancia e trabalho. As horas can\u00f4nicas ditaram o decurso do tempo. A manh\u00e3 foi dedicada \u00e0 ora\u00e7\u00e3o e \u00e0 medita\u00e7\u00e3o e a tarde aos trabalhos manuais. A missa celebrada, a hora de V\u00e9speras coroaram o labor e as medita\u00e7\u00f5es espirituais. Pudemos, nesses dias, fazer alguns trabalhos de manuten\u00e7\u00e3o predial, limpeza da estrada de acesso e das trilhas. No s\u00e1bado, dia 25, celebramos a festa de S\u00e3o Tiago Maior, ap\u00f3stolo, no cume do monte; batizamos, entre n\u00f3s, o nome do lugar de \u201cClareira de S\u00e3o Tiago\u201d, com a Celebra\u00e7\u00e3o Eucar\u00edstica e a ora\u00e7\u00e3o do ter\u00e7o. Na manh\u00e3, do dia 26, fomos ao Noviciado s\u00e3o Jos\u00e9, onde almo\u00e7amos e retornamos para Casa&#8221;, explicou Frei Lucas Moreira.<\/p>\n<p><img loading=\"lazy\" class=\"alignnone size-full wp-image-227301\" src=\"https:\/\/franciscanos.org.br\/noticias\/wp-content\/uploads\/2020\/07\/rondinha_2907_2.jpg\" alt=\"\" width=\"1280\" height=\"720\" srcset=\"https:\/\/franciscanos.org.br\/noticias\/wp-content\/uploads\/2020\/07\/rondinha_2907_2.jpg 1280w, https:\/\/franciscanos.org.br\/noticias\/wp-content\/uploads\/2020\/07\/rondinha_2907_2-450x253.jpg 450w, https:\/\/franciscanos.org.br\/noticias\/wp-content\/uploads\/2020\/07\/rondinha_2907_2-1024x576.jpg 1024w, https:\/\/franciscanos.org.br\/noticias\/wp-content\/uploads\/2020\/07\/rondinha_2907_2-768x432.jpg 768w, https:\/\/franciscanos.org.br\/noticias\/wp-content\/uploads\/2020\/07\/rondinha_2907_2-150x84.jpg 150w\" sizes=\"(max-width: 1280px) 100vw, 1280px\" \/><\/p>\n<p><strong>Visitas aos hospitais<\/strong><\/p>\n<p>Em algumas oportunidades, os frades que fazem Pastorais nos hospitais puderam, com todo o cuidado necess\u00e1rio, devidamente protegidos e seguindo as orienta\u00e7\u00f5es, retornar \u00e0s visitas aos nossos irm\u00e3os enfermos. Com as severas restri\u00e7\u00f5es, abriu-se o horizonte para a musicoterapia, onde os confrades perpassam todos os corredores e depend\u00eancias dos hospitais tocando e cantando m\u00fasicas religiosas para louvar e bendizer a Deus todo-poderoso. Isso traz leveza e esperan\u00e7a para todos os que est\u00e3o nos hospitais e seus familiares. Est\u00e3o sendo realizados tamb\u00e9m aconselhamentos e di\u00e1logos com os profissionais da sa\u00fade, de forma on-line e por telefone.<\/p>\n<p>Alguns frades tamb\u00e9m fizeram uma experi\u00eancia fraterna na Fraternidade Bom Jesus dos Perd\u00f5es de Curitiba. &#8220;Ajudamos em algumas poucas atividades da casa, mas a vida fraterna \u00e9 a maior forma de pastoral nesses dias. Aprendemos muito e temos certeza de que sairemos melhores do que entramos nesse per\u00edodo de viv\u00eancia. Ajudamos tamb\u00e9m na arruma\u00e7\u00e3o da alimenta\u00e7\u00e3o das pessoas em situa\u00e7\u00e3o de rua&#8221;, adiantaram Frei Guilherme Plotegher e Frei Josi\u00e9lio Oliveira.<\/p>\n<p><img loading=\"lazy\" class=\"alignnone size-full wp-image-227302\" src=\"https:\/\/franciscanos.org.br\/noticias\/wp-content\/uploads\/2020\/07\/rondinha_2907_1.jpg\" alt=\"\" width=\"1152\" height=\"560\" srcset=\"https:\/\/franciscanos.org.br\/noticias\/wp-content\/uploads\/2020\/07\/rondinha_2907_1.jpg 1152w, https:\/\/franciscanos.org.br\/noticias\/wp-content\/uploads\/2020\/07\/rondinha_2907_1-450x219.jpg 450w, https:\/\/franciscanos.org.br\/noticias\/wp-content\/uploads\/2020\/07\/rondinha_2907_1-1024x498.jpg 1024w, https:\/\/franciscanos.org.br\/noticias\/wp-content\/uploads\/2020\/07\/rondinha_2907_1-768x373.jpg 768w, https:\/\/franciscanos.org.br\/noticias\/wp-content\/uploads\/2020\/07\/rondinha_2907_1-150x73.jpg 150w\" sizes=\"(max-width: 1152px) 100vw, 1152px\" \/><\/p>\n<p><strong>Pequenos Reparos e manuten\u00e7\u00f5es no Convento<\/strong><\/p>\n<p>Enquanto parte dos confrades encontravam-se no Eremit\u00e9rio Frei Eg\u00eddio e em Curitiba, a rotina na Fraternidade S\u00e3o Boaventura (PR) sofreu poucas altera\u00e7\u00f5es. &#8220;Os trabalhos assumidos durante estes dias, estenderam-se mais a manuten\u00e7\u00e3o de algumas ferragens da casa, bastantes deterioradas pelo clima. Estas tiveram sua pintura completamente refeita, desde a raspagem do antigo revestimento at\u00e9 a finaliza\u00e7\u00e3o da nova pintura. Como o inverno n\u00e3o se mostrou rigoroso este ano, vivemos ainda um certo clima de ver\u00e3o-outono, tamb\u00e9m nos dedicamos \u00e0 limpeza dos jardins&#8221;, contou Frei Bruno Cez\u00e1rio.<\/p>\n<hr \/>\n<p><em>Frades estudantes de Rondinha<\/em><\/p>\n","protected":false},"excerpt":{"rendered":"<p>Fraternidade S\u00e3o Boaventura de Rondinha<\/p>\n","protected":false},"author":3,"featured_media":227303,"comment_status":"open","ping_status":"open","sticky":false,"template":"","format":"standard","meta":[],"categories":[1],"tags":[1590],"acf":[],"yoast_head":"<!-- This site is optimized with the Yoast SEO plugin v19.2 - https:\/\/yoast.com\/wordpress\/plugins\/seo\/ -->\n<title>Frades estudantes de Rondinha fazem experi\u00eancia erem\u00edtica e voltam \u00e0s visitas aos hospitais - Not\u00edcias - Franciscanos<\/title>\n<meta name=\"robots\" content=\"index, follow, max-snippet:-1, max-image-preview:large, max-video-preview:-1\" \/>\n<link rel=\"canonical\" href=\"https:\/\/franciscanos.org.br\/noticias\/frades-estudantes-de-rondinha-fazem-experiencia-eremitica-e-votam-as-visitas-aos-hospitais.html\" \/>\n<meta property=\"og:locale\" content=\"pt_BR\" \/>\n<meta property=\"og:type\" content=\"article\" \/>\n<meta property=\"og:title\" content=\"Frades estudantes de Rondinha fazem experi\u00eancia erem\u00edtica e voltam \u00e0s visitas aos hospitais - Not\u00edcias - Franciscanos\" \/>\n<meta property=\"og:description\" content=\"Fraternidade S\u00e3o Boaventura de Rondinha\" \/>\n<meta property=\"og:url\" content=\"https:\/\/franciscanos.org.br\/noticias\/frades-estudantes-de-rondinha-fazem-experiencia-eremitica-e-votam-as-visitas-aos-hospitais.html\" \/>\n<meta property=\"og:site_name\" content=\"Not\u00edcias - Franciscanos\" \/>\n<meta property=\"article:published_time\" content=\"2020-07-29T11:34:36+00:00\" \/>\n<meta property=\"article:modified_time\" content=\"2020-07-29T11:57:03+00:00\" \/>\n<meta property=\"og:image\" content=\"https:\/\/franciscanos.org.br\/noticias\/wp-content\/uploads\/2020\/07\/rondinha_2907d.jpg\" \/>\n\t<meta property=\"og:image:width\" content=\"800\" \/>\n\t<meta property=\"og:image:height\" content=\"600\" \/>\n\t<meta property=\"og:image:type\" content=\"image\/jpeg\" \/>\n<meta name=\"author\" content=\"moacir\" \/>\n<meta name=\"twitter:card\" content=\"summary_large_image\" \/>\n<meta name=\"twitter:label1\" content=\"Escrito por\" \/>\n\t<meta name=\"twitter:data1\" content=\"moacir\" \/>\n\t<meta name=\"twitter:label2\" content=\"Est. tempo de leitura\" \/>\n\t<meta name=\"twitter:data2\" content=\"3 minutos\" \/>\n<script type=\"application\/ld+json\" class=\"yoast-schema-graph\">{\"@context\":\"https:\/\/schema.org\",\"@graph\":[{\"@type\":\"WebSite\",\"@id\":\"https:\/\/franciscanos.org.br\/noticias\/#website\",\"url\":\"https:\/\/franciscanos.org.br\/noticias\/\",\"name\":\"Not\u00edcias - Franciscanos\",\"description\":\"Prov\u00edncia Franciscana da Imaculada Concei\u00e7\u00e3o do Brasil - Ordem dos Frades Menores - OFM\",\"potentialAction\":[{\"@type\":\"SearchAction\",\"target\":{\"@type\":\"EntryPoint\",\"urlTemplate\":\"https:\/\/franciscanos.org.br\/noticias\/?s={search_term_string}\"},\"query-input\":\"required name=search_term_string\"}],\"inLanguage\":\"pt-BR\"},{\"@type\":\"ImageObject\",\"inLanguage\":\"pt-BR\",\"@id\":\"https:\/\/franciscanos.org.br\/noticias\/frades-estudantes-de-rondinha-fazem-experiencia-eremitica-e-votam-as-visitas-aos-hospitais.html#primaryimage\",\"url\":\"https:\/\/franciscanos.org.br\/noticias\/wp-content\/uploads\/2020\/07\/rondinha_2907d.jpg\",\"contentUrl\":\"https:\/\/franciscanos.org.br\/noticias\/wp-content\/uploads\/2020\/07\/rondinha_2907d.jpg\",\"width\":800,\"height\":600},{\"@type\":\"WebPage\",\"@id\":\"https:\/\/franciscanos.org.br\/noticias\/frades-estudantes-de-rondinha-fazem-experiencia-eremitica-e-votam-as-visitas-aos-hospitais.html#webpage\",\"url\":\"https:\/\/franciscanos.org.br\/noticias\/frades-estudantes-de-rondinha-fazem-experiencia-eremitica-e-votam-as-visitas-aos-hospitais.html\",\"name\":\"Frades estudantes de Rondinha fazem experi\u00eancia erem\u00edtica e voltam \u00e0s visitas aos hospitais - Not\u00edcias - Franciscanos\",\"isPartOf\":{\"@id\":\"https:\/\/franciscanos.org.br\/noticias\/#website\"},\"primaryImageOfPage\":{\"@id\":\"https:\/\/franciscanos.org.br\/noticias\/frades-estudantes-de-rondinha-fazem-experiencia-eremitica-e-votam-as-visitas-aos-hospitais.html#primaryimage\"},\"datePublished\":\"2020-07-29T11:34:36+00:00\",\"dateModified\":\"2020-07-29T11:57:03+00:00\",\"author\":{\"@id\":\"https:\/\/franciscanos.org.br\/noticias\/#\/schema\/person\/b5c8cba458c330ccff548b056e95a5d4\"},\"breadcrumb\":{\"@id\":\"https:\/\/franciscanos.org.br\/noticias\/frades-estudantes-de-rondinha-fazem-experiencia-eremitica-e-votam-as-visitas-aos-hospitais.html#breadcrumb\"},\"inLanguage\":\"pt-BR\",\"potentialAction\":[{\"@type\":\"ReadAction\",\"target\":[\"https:\/\/franciscanos.org.br\/noticias\/frades-estudantes-de-rondinha-fazem-experiencia-eremitica-e-votam-as-visitas-aos-hospitais.html\"]}]},{\"@type\":\"BreadcrumbList\",\"@id\":\"https:\/\/franciscanos.org.br\/noticias\/frades-estudantes-de-rondinha-fazem-experiencia-eremitica-e-votam-as-visitas-aos-hospitais.html#breadcrumb\",\"itemListElement\":[{\"@type\":\"ListItem\",\"position\":1,\"name\":\"Home\",\"item\":\"https:\/\/franciscanos.org.br\/noticias\"},{\"@type\":\"ListItem\",\"position\":2,\"name\":\"Frades estudantes de Rondinha fazem experi\u00eancia erem\u00edtica e voltam \u00e0s visitas aos hospitais\"}]},{\"@type\":\"Person\",\"@id\":\"https:\/\/franciscanos.org.br\/noticias\/#\/schema\/person\/b5c8cba458c330ccff548b056e95a5d4\",\"name\":\"moacir\",\"image\":{\"@type\":\"ImageObject\",\"inLanguage\":\"pt-BR\",\"@id\":\"https:\/\/franciscanos.org.br\/noticias\/#\/schema\/person\/image\/\",\"url\":\"https:\/\/secure.gravatar.com\/avatar\/d08aa2ce4c8dd416d4479aa8536fcf64?s=96&d=mm&r=g\",\"contentUrl\":\"https:\/\/secure.gravatar.com\/avatar\/d08aa2ce4c8dd416d4479aa8536fcf64?s=96&d=mm&r=g\",\"caption\":\"moacir\"},\"url\":\"https:\/\/franciscanos.org.br\/noticias\/author\/moacir\"}]}<\/script>\n<!-- \/ Yoast SEO plugin. -->","yoast_head_json":{"title":"Frades estudantes de Rondinha fazem experi\u00eancia erem\u00edtica e voltam \u00e0s visitas aos hospitais - Not\u00edcias - Franciscanos","robots":{"index":"index","follow":"follow","max-snippet":"max-snippet:-1","max-image-preview":"max-image-preview:large","max-video-preview":"max-video-preview:-1"},"canonical":"https:\/\/franciscanos.org.br\/noticias\/frades-estudantes-de-rondinha-fazem-experiencia-eremitica-e-votam-as-visitas-aos-hospitais.html","og_locale":"pt_BR","og_type":"article","og_title":"Frades estudantes de Rondinha fazem experi\u00eancia erem\u00edtica e voltam \u00e0s visitas aos hospitais - Not\u00edcias - Franciscanos","og_description":"Fraternidade S\u00e3o Boaventura de Rondinha","og_url":"https:\/\/franciscanos.org.br\/noticias\/frades-estudantes-de-rondinha-fazem-experiencia-eremitica-e-votam-as-visitas-aos-hospitais.html","og_site_name":"Not\u00edcias - Franciscanos","article_published_time":"2020-07-29T11:34:36+00:00","article_modified_time":"2020-07-29T11:57:03+00:00","og_image":[{"width":800,"height":600,"url":"https:\/\/franciscanos.org.br\/noticias\/wp-content\/uploads\/2020\/07\/rondinha_2907d.jpg","type":"image\/jpeg"}],"author":"moacir","twitter_card":"summary_large_image","twitter_misc":{"Escrito por":"moacir","Est. tempo de leitura":"3 minutos"},"schema":{"@context":"https:\/\/schema.org","@graph":[{"@type":"WebSite","@id":"https:\/\/franciscanos.org.br\/noticias\/#website","url":"https:\/\/franciscanos.org.br\/noticias\/","name":"Not\u00edcias - Franciscanos","description":"Prov\u00edncia Franciscana da Imaculada Concei\u00e7\u00e3o do Brasil - Ordem dos Frades Menores - OFM","potentialAction":[{"@type":"SearchAction","target":{"@type":"EntryPoint","urlTemplate":"https:\/\/franciscanos.org.br\/noticias\/?s={search_term_string}"},"query-input":"required name=search_term_string"}],"inLanguage":"pt-BR"},{"@type":"ImageObject","inLanguage":"pt-BR","@id":"https:\/\/franciscanos.org.br\/noticias\/frades-estudantes-de-rondinha-fazem-experiencia-eremitica-e-votam-as-visitas-aos-hospitais.html#primaryimage","url":"https:\/\/franciscanos.org.br\/noticias\/wp-content\/uploads\/2020\/07\/rondinha_2907d.jpg","contentUrl":"https:\/\/franciscanos.org.br\/noticias\/wp-content\/uploads\/2020\/07\/rondinha_2907d.jpg","width":800,"height":600},{"@type":"WebPage","@id":"https:\/\/franciscanos.org.br\/noticias\/frades-estudantes-de-rondinha-fazem-experiencia-eremitica-e-votam-as-visitas-aos-hospitais.html#webpage","url":"https:\/\/franciscanos.org.br\/noticias\/frades-estudantes-de-rondinha-fazem-experiencia-eremitica-e-votam-as-visitas-aos-hospitais.html","name":"Frades estudantes de Rondinha fazem experi\u00eancia erem\u00edtica e voltam \u00e0s visitas aos hospitais - Not\u00edcias - Franciscanos","isPartOf":{"@id":"https:\/\/franciscanos.org.br\/noticias\/#website"},"primaryImageOfPage":{"@id":"https:\/\/franciscanos.org.br\/noticias\/frades-estudantes-de-rondinha-fazem-experiencia-eremitica-e-votam-as-visitas-aos-hospitais.html#primaryimage"},"datePublished":"2020-07-29T11:34:36+00:00","dateModified":"2020-07-29T11:57:03+00:00","author":{"@id":"https:\/\/franciscanos.org.br\/noticias\/#\/schema\/person\/b5c8cba458c330ccff548b056e95a5d4"},"breadcrumb":{"@id":"https:\/\/franciscanos.org.br\/noticias\/frades-estudantes-de-rondinha-fazem-experiencia-eremitica-e-votam-as-visitas-aos-hospitais.html#breadcrumb"},"inLanguage":"pt-BR","potentialAction":[{"@type":"ReadAction","target":["https:\/\/franciscanos.org.br\/noticias\/frades-estudantes-de-rondinha-fazem-experiencia-eremitica-e-votam-as-visitas-aos-hospitais.html"]}]},{"@type":"BreadcrumbList","@id":"https:\/\/franciscanos.org.br\/noticias\/frades-estudantes-de-rondinha-fazem-experiencia-eremitica-e-votam-as-visitas-aos-hospitais.html#breadcrumb","itemListElement":[{"@type":"ListItem","position":1,"name":"Home","item":"https:\/\/franciscanos.org.br\/noticias"},{"@type":"ListItem","position":2,"name":"Frades estudantes de Rondinha fazem experi\u00eancia erem\u00edtica e voltam \u00e0s visitas aos hospitais"}]},{"@type":"Person","@id":"https:\/\/franciscanos.org.br\/noticias\/#\/schema\/person\/b5c8cba458c330ccff548b056e95a5d4","name":"moacir","image":{"@type":"ImageObject","inLanguage":"pt-BR","@id":"https:\/\/franciscanos.org.br\/noticias\/#\/schema\/person\/image\/","url":"https:\/\/secure.gravatar.com\/avatar\/d08aa2ce4c8dd416d4479aa8536fcf64?s=96&d=mm&r=g","contentUrl":"https:\/\/secure.gravatar.com\/avatar\/d08aa2ce4c8dd416d4479aa8536fcf64?s=96&d=mm&r=g","caption":"moacir"},"url":"https:\/\/franciscanos.org.br\/noticias\/author\/moacir"}]}},"_links":{"self":[{"href":"https:\/\/franciscanos.org.br\/noticias\/wp-json\/wp\/v2\/posts\/227299"}],"collection":[{"href":"https:\/\/franciscanos.org.br\/noticias\/wp-json\/wp\/v2\/posts"}],"about":[{"href":"https:\/\/franciscanos.org.br\/noticias\/wp-json\/wp\/v2\/types\/post"}],"author":[{"embeddable":true,"href":"https:\/\/franciscanos.org.br\/noticias\/wp-json\/wp\/v2\/users\/3"}],"replies":[{"embeddable":true,"href":"https:\/\/franciscanos.org.br\/noticias\/wp-json\/wp\/v2\/comments?post=227299"}],"version-history":[{"count":2,"href":"https:\/\/franciscanos.org.br\/noticias\/wp-json\/wp\/v2\/posts\/227299\/revisions"}],"predecessor-version":[{"id":227305,"href":"https:\/\/franciscanos.org.br\/noticias\/wp-json\/wp\/v2\/posts\/227299\/revisions\/227305"}],"wp:featuredmedia":[{"embeddable":true,"href":"https:\/\/franciscanos.org.br\/noticias\/wp-json\/wp\/v2\/media\/227303"}],"wp:attachment":[{"href":"https:\/\/franciscanos.org.br\/noticias\/wp-json\/wp\/v2\/media?parent=227299"}],"wp:term":[{"taxonomy":"category","embeddable":true,"href":"https:\/\/franciscanos.org.br\/noticias\/wp-json\/wp\/v2\/categories?post=227299"},{"taxonomy":"post_tag","embeddable":true,"href":"https:\/\/franciscanos.org.br\/noticias\/wp-json\/wp\/v2\/tags?post=227299"}],"curies":[{"name":"wp","href":"https:\/\/api.w.org\/{rel}","templated":true}]}}