{"id":227266,"date":"2020-07-26T15:43:27","date_gmt":"2020-07-26T18:43:27","guid":{"rendered":"https:\/\/franciscanos.org.br\/noticias\/?p=227266"},"modified":"2020-07-26T15:46:09","modified_gmt":"2020-07-26T18:46:09","slug":"papa-francisco-inspira-retiro-dos-professos-temporarios-de-angola","status":"publish","type":"post","link":"https:\/\/franciscanos.org.br\/noticias\/papa-francisco-inspira-retiro-dos-professos-temporarios-de-angola.html","title":{"rendered":"Angola: Papa Francisco inspira professos tempor\u00e1rios em retiro"},"content":{"rendered":"<p><img loading=\"lazy\" class=\"alignnone wp-image-227267 size-full\" src=\"https:\/\/franciscanos.org.br\/noticias\/wp-content\/uploads\/2020\/07\/retiro_2607_1.jpg\" alt=\"\" width=\"1280\" height=\"720\" srcset=\"https:\/\/franciscanos.org.br\/noticias\/wp-content\/uploads\/2020\/07\/retiro_2607_1.jpg 1280w, https:\/\/franciscanos.org.br\/noticias\/wp-content\/uploads\/2020\/07\/retiro_2607_1-450x253.jpg 450w, https:\/\/franciscanos.org.br\/noticias\/wp-content\/uploads\/2020\/07\/retiro_2607_1-1024x576.jpg 1024w, https:\/\/franciscanos.org.br\/noticias\/wp-content\/uploads\/2020\/07\/retiro_2607_1-768x432.jpg 768w, https:\/\/franciscanos.org.br\/noticias\/wp-content\/uploads\/2020\/07\/retiro_2607_1-150x84.jpg 150w\" sizes=\"(max-width: 1280px) 100vw, 1280px\" \/><\/p>\n<p><strong>Luanda (Angola)<\/strong> &#8211; Desde a manh\u00e3 do dia 24 de julho at\u00e9 ao in\u00edcio da noite deste domingo, 26, os frades de profiss\u00e3o tempor\u00e1ria do tempo de Filosofia da Funda\u00e7\u00e3o Imaculada M\u00e3e de Deus de Angola estiveram em retiro semestral. Em decorr\u00eancia do momento que o mundo vive e, particularmente a cidade de Luanda, esse ano diferente dos demais. O retiro realizou-se na Fraternidade S\u00e3o Francisco de Assis, ou seja, em casa, mas propriamente no Centro Franciscano que est\u00e1 junto \u00e0 Fraternidade e o Mosteiro Sagrado Cora\u00e7\u00e3o de Jesus das Irm\u00e3s Clarissas.<\/p>\n<p>O retiro aberto com Missa \u00e0s 7 horas, presidida por Frei Laurindo Lauro da Silva J\u00fanior, mestre dos postulantes e guardi\u00e3o da Fraternidade Nossa senhora dos Anjos, que foi tamb\u00e9m o pregador, e concelebrada por Frei Jos\u00e9 Cambolo, guardi\u00e3o da Fraternidade S\u00e3o Francisco de Assis.<\/p>\n<p><img loading=\"lazy\" class=\"alignnone wp-image-227268 size-full\" src=\"https:\/\/franciscanos.org.br\/noticias\/wp-content\/uploads\/2020\/07\/retiro_2607_3.jpg\" alt=\"\" width=\"1280\" height=\"720\" srcset=\"https:\/\/franciscanos.org.br\/noticias\/wp-content\/uploads\/2020\/07\/retiro_2607_3.jpg 1280w, https:\/\/franciscanos.org.br\/noticias\/wp-content\/uploads\/2020\/07\/retiro_2607_3-450x253.jpg 450w, https:\/\/franciscanos.org.br\/noticias\/wp-content\/uploads\/2020\/07\/retiro_2607_3-1024x576.jpg 1024w, https:\/\/franciscanos.org.br\/noticias\/wp-content\/uploads\/2020\/07\/retiro_2607_3-768x432.jpg 768w, https:\/\/franciscanos.org.br\/noticias\/wp-content\/uploads\/2020\/07\/retiro_2607_3-150x84.jpg 150w\" sizes=\"(max-width: 1280px) 100vw, 1280px\" \/><\/p>\n<p>As atividades foram marcadas por tr\u00eas sess\u00f5es di\u00e1rias: as manh\u00e3s foram reservadas para conte\u00fados; a tarde foi reservada para plen\u00e1rios e partilhas em torno as quest\u00f5es deixadas; e a noite foi destinada ao recolhimento ou momento de deserto.<\/p>\n<p>O retiro esteve permeado de momentos devocionais tais como: o ros\u00e1rio, na sexta-feira; via-sacra, no s\u00e1bado; adora\u00e7\u00e3o ao Sant\u00edssimo, no domingo. Participaram do mesmo um total de 29 frades que comp\u00f5em as turmas do primeiro ao quarto ano de Filosofia.<\/p>\n<p>Nesses tr\u00eas dias, refletiram e meditaram com a ajuda de Frei Laurindo, que escolheu como inspira\u00e7\u00e3o a obra \u201cA for\u00e7a da voca\u00e7\u00e3o &#8211; A vida consagrada hoje\u201d, do Papa Francisco. No primeiro dia, refletiu-se sobre o tema: \u201cViver o passado com gratid\u00e3o; no segundo dia: \u201cViver o presente com paix\u00e3o\u201d; e, no terceiro e \u00faltimo: \u201cOlhar o futuro com esperan\u00e7a\u201d.<\/p>\n<p>&nbsp;<\/p>\n<p><img loading=\"lazy\" class=\"alignnone wp-image-227270 size-full\" src=\"https:\/\/franciscanos.org.br\/noticias\/wp-content\/uploads\/2020\/07\/retiro_2607_4.jpg\" alt=\"\" width=\"1280\" height=\"720\" srcset=\"https:\/\/franciscanos.org.br\/noticias\/wp-content\/uploads\/2020\/07\/retiro_2607_4.jpg 1280w, https:\/\/franciscanos.org.br\/noticias\/wp-content\/uploads\/2020\/07\/retiro_2607_4-450x253.jpg 450w, https:\/\/franciscanos.org.br\/noticias\/wp-content\/uploads\/2020\/07\/retiro_2607_4-1024x576.jpg 1024w, https:\/\/franciscanos.org.br\/noticias\/wp-content\/uploads\/2020\/07\/retiro_2607_4-768x432.jpg 768w, https:\/\/franciscanos.org.br\/noticias\/wp-content\/uploads\/2020\/07\/retiro_2607_4-150x84.jpg 150w\" sizes=\"(max-width: 1280px) 100vw, 1280px\" \/><\/p>\n<p>O pregador chamou a aten\u00e7\u00e3o constante de que na vida consagrada sempre vai existir tens\u00e3o e esta, por sua vez, vai exigir uma certa resili\u00eancia.<\/p>\n<p>Durante esses dias, as reflex\u00f5es foram em torno as quest\u00f5es ligadas \u00e0 vida religiosa e franciscana. E os frades contaram tamb\u00e9m com um certo apoio log\u00edstico das Irm\u00e3s Clarissas. O mesmo terminou neste domingo com Adora\u00e7\u00e3o Eucar\u00edstica no Mosteiro do Sagrado Cora\u00e7\u00e3o de Jesus.<\/p>\n<hr \/>\n<p><strong>Equipe:<\/strong> <em>Frei Abel Ndala Sahuma Nganji e Frei Evaristo Seque Joaquim (texto); e Frei Eduardo Jos\u00e9 Cavita Camunha (fotos).<\/em><\/p>\n<p><img loading=\"lazy\" class=\"alignnone wp-image-227269 size-full\" src=\"https:\/\/franciscanos.org.br\/noticias\/wp-content\/uploads\/2020\/07\/retiro_2607_2.jpg\" alt=\"\" width=\"1280\" height=\"720\" srcset=\"https:\/\/franciscanos.org.br\/noticias\/wp-content\/uploads\/2020\/07\/retiro_2607_2.jpg 1280w, https:\/\/franciscanos.org.br\/noticias\/wp-content\/uploads\/2020\/07\/retiro_2607_2-450x253.jpg 450w, https:\/\/franciscanos.org.br\/noticias\/wp-content\/uploads\/2020\/07\/retiro_2607_2-1024x576.jpg 1024w, https:\/\/franciscanos.org.br\/noticias\/wp-content\/uploads\/2020\/07\/retiro_2607_2-768x432.jpg 768w, https:\/\/franciscanos.org.br\/noticias\/wp-content\/uploads\/2020\/07\/retiro_2607_2-150x84.jpg 150w\" sizes=\"(max-width: 1280px) 100vw, 1280px\" \/><\/p>\n","protected":false},"excerpt":{"rendered":"<p>Miss\u00e3o de Angola<\/p>\n","protected":false},"author":3,"featured_media":227271,"comment_status":"open","ping_status":"open","sticky":false,"template":"","format":"standard","meta":[],"categories":[1],"tags":[360],"acf":[],"yoast_head":"<!-- This site is optimized with the Yoast SEO plugin v19.2 - https:\/\/yoast.com\/wordpress\/plugins\/seo\/ -->\n<title>Angola: Papa Francisco inspira professos tempor\u00e1rios em retiro - Not\u00edcias - Franciscanos<\/title>\n<meta name=\"robots\" content=\"index, follow, max-snippet:-1, max-image-preview:large, max-video-preview:-1\" \/>\n<link rel=\"canonical\" href=\"https:\/\/franciscanos.org.br\/noticias\/papa-francisco-inspira-retiro-dos-professos-temporarios-de-angola.html\" \/>\n<meta property=\"og:locale\" content=\"pt_BR\" \/>\n<meta property=\"og:type\" content=\"article\" \/>\n<meta property=\"og:title\" content=\"Angola: Papa Francisco inspira professos tempor\u00e1rios em retiro - Not\u00edcias - Franciscanos\" \/>\n<meta property=\"og:description\" content=\"Miss\u00e3o de Angola\" \/>\n<meta property=\"og:url\" content=\"https:\/\/franciscanos.org.br\/noticias\/papa-francisco-inspira-retiro-dos-professos-temporarios-de-angola.html\" \/>\n<meta property=\"og:site_name\" content=\"Not\u00edcias - Franciscanos\" \/>\n<meta property=\"article:published_time\" content=\"2020-07-26T18:43:27+00:00\" \/>\n<meta property=\"article:modified_time\" content=\"2020-07-26T18:46:09+00:00\" \/>\n<meta property=\"og:image\" content=\"https:\/\/franciscanos.org.br\/noticias\/wp-content\/uploads\/2020\/07\/retiro_d.jpg\" \/>\n\t<meta property=\"og:image:width\" content=\"800\" \/>\n\t<meta property=\"og:image:height\" content=\"600\" \/>\n\t<meta property=\"og:image:type\" content=\"image\/jpeg\" \/>\n<meta name=\"author\" content=\"moacir\" \/>\n<meta name=\"twitter:card\" content=\"summary_large_image\" \/>\n<meta name=\"twitter:label1\" content=\"Escrito por\" \/>\n\t<meta name=\"twitter:data1\" content=\"moacir\" \/>\n\t<meta name=\"twitter:label2\" content=\"Est. tempo de leitura\" \/>\n\t<meta name=\"twitter:data2\" content=\"2 minutos\" \/>\n<script type=\"application\/ld+json\" class=\"yoast-schema-graph\">{\"@context\":\"https:\/\/schema.org\",\"@graph\":[{\"@type\":\"WebSite\",\"@id\":\"https:\/\/franciscanos.org.br\/noticias\/#website\",\"url\":\"https:\/\/franciscanos.org.br\/noticias\/\",\"name\":\"Not\u00edcias - Franciscanos\",\"description\":\"Prov\u00edncia Franciscana da Imaculada Concei\u00e7\u00e3o do Brasil - Ordem dos Frades Menores - OFM\",\"potentialAction\":[{\"@type\":\"SearchAction\",\"target\":{\"@type\":\"EntryPoint\",\"urlTemplate\":\"https:\/\/franciscanos.org.br\/noticias\/?s={search_term_string}\"},\"query-input\":\"required name=search_term_string\"}],\"inLanguage\":\"pt-BR\"},{\"@type\":\"ImageObject\",\"inLanguage\":\"pt-BR\",\"@id\":\"https:\/\/franciscanos.org.br\/noticias\/papa-francisco-inspira-retiro-dos-professos-temporarios-de-angola.html#primaryimage\",\"url\":\"https:\/\/franciscanos.org.br\/noticias\/wp-content\/uploads\/2020\/07\/retiro_d.jpg\",\"contentUrl\":\"https:\/\/franciscanos.org.br\/noticias\/wp-content\/uploads\/2020\/07\/retiro_d.jpg\",\"width\":800,\"height\":600},{\"@type\":\"WebPage\",\"@id\":\"https:\/\/franciscanos.org.br\/noticias\/papa-francisco-inspira-retiro-dos-professos-temporarios-de-angola.html#webpage\",\"url\":\"https:\/\/franciscanos.org.br\/noticias\/papa-francisco-inspira-retiro-dos-professos-temporarios-de-angola.html\",\"name\":\"Angola: Papa Francisco inspira professos tempor\u00e1rios em retiro - Not\u00edcias - Franciscanos\",\"isPartOf\":{\"@id\":\"https:\/\/franciscanos.org.br\/noticias\/#website\"},\"primaryImageOfPage\":{\"@id\":\"https:\/\/franciscanos.org.br\/noticias\/papa-francisco-inspira-retiro-dos-professos-temporarios-de-angola.html#primaryimage\"},\"datePublished\":\"2020-07-26T18:43:27+00:00\",\"dateModified\":\"2020-07-26T18:46:09+00:00\",\"author\":{\"@id\":\"https:\/\/franciscanos.org.br\/noticias\/#\/schema\/person\/b5c8cba458c330ccff548b056e95a5d4\"},\"breadcrumb\":{\"@id\":\"https:\/\/franciscanos.org.br\/noticias\/papa-francisco-inspira-retiro-dos-professos-temporarios-de-angola.html#breadcrumb\"},\"inLanguage\":\"pt-BR\",\"potentialAction\":[{\"@type\":\"ReadAction\",\"target\":[\"https:\/\/franciscanos.org.br\/noticias\/papa-francisco-inspira-retiro-dos-professos-temporarios-de-angola.html\"]}]},{\"@type\":\"BreadcrumbList\",\"@id\":\"https:\/\/franciscanos.org.br\/noticias\/papa-francisco-inspira-retiro-dos-professos-temporarios-de-angola.html#breadcrumb\",\"itemListElement\":[{\"@type\":\"ListItem\",\"position\":1,\"name\":\"Home\",\"item\":\"https:\/\/franciscanos.org.br\/noticias\"},{\"@type\":\"ListItem\",\"position\":2,\"name\":\"Angola: Papa Francisco inspira professos tempor\u00e1rios em retiro\"}]},{\"@type\":\"Person\",\"@id\":\"https:\/\/franciscanos.org.br\/noticias\/#\/schema\/person\/b5c8cba458c330ccff548b056e95a5d4\",\"name\":\"moacir\",\"image\":{\"@type\":\"ImageObject\",\"inLanguage\":\"pt-BR\",\"@id\":\"https:\/\/franciscanos.org.br\/noticias\/#\/schema\/person\/image\/\",\"url\":\"https:\/\/secure.gravatar.com\/avatar\/d08aa2ce4c8dd416d4479aa8536fcf64?s=96&d=mm&r=g\",\"contentUrl\":\"https:\/\/secure.gravatar.com\/avatar\/d08aa2ce4c8dd416d4479aa8536fcf64?s=96&d=mm&r=g\",\"caption\":\"moacir\"},\"url\":\"https:\/\/franciscanos.org.br\/noticias\/author\/moacir\"}]}<\/script>\n<!-- \/ Yoast SEO plugin. -->","yoast_head_json":{"title":"Angola: Papa Francisco inspira professos tempor\u00e1rios em retiro - Not\u00edcias - Franciscanos","robots":{"index":"index","follow":"follow","max-snippet":"max-snippet:-1","max-image-preview":"max-image-preview:large","max-video-preview":"max-video-preview:-1"},"canonical":"https:\/\/franciscanos.org.br\/noticias\/papa-francisco-inspira-retiro-dos-professos-temporarios-de-angola.html","og_locale":"pt_BR","og_type":"article","og_title":"Angola: Papa Francisco inspira professos tempor\u00e1rios em retiro - Not\u00edcias - Franciscanos","og_description":"Miss\u00e3o de Angola","og_url":"https:\/\/franciscanos.org.br\/noticias\/papa-francisco-inspira-retiro-dos-professos-temporarios-de-angola.html","og_site_name":"Not\u00edcias - Franciscanos","article_published_time":"2020-07-26T18:43:27+00:00","article_modified_time":"2020-07-26T18:46:09+00:00","og_image":[{"width":800,"height":600,"url":"https:\/\/franciscanos.org.br\/noticias\/wp-content\/uploads\/2020\/07\/retiro_d.jpg","type":"image\/jpeg"}],"author":"moacir","twitter_card":"summary_large_image","twitter_misc":{"Escrito por":"moacir","Est. tempo de leitura":"2 minutos"},"schema":{"@context":"https:\/\/schema.org","@graph":[{"@type":"WebSite","@id":"https:\/\/franciscanos.org.br\/noticias\/#website","url":"https:\/\/franciscanos.org.br\/noticias\/","name":"Not\u00edcias - Franciscanos","description":"Prov\u00edncia Franciscana da Imaculada Concei\u00e7\u00e3o do Brasil - Ordem dos Frades Menores - OFM","potentialAction":[{"@type":"SearchAction","target":{"@type":"EntryPoint","urlTemplate":"https:\/\/franciscanos.org.br\/noticias\/?s={search_term_string}"},"query-input":"required name=search_term_string"}],"inLanguage":"pt-BR"},{"@type":"ImageObject","inLanguage":"pt-BR","@id":"https:\/\/franciscanos.org.br\/noticias\/papa-francisco-inspira-retiro-dos-professos-temporarios-de-angola.html#primaryimage","url":"https:\/\/franciscanos.org.br\/noticias\/wp-content\/uploads\/2020\/07\/retiro_d.jpg","contentUrl":"https:\/\/franciscanos.org.br\/noticias\/wp-content\/uploads\/2020\/07\/retiro_d.jpg","width":800,"height":600},{"@type":"WebPage","@id":"https:\/\/franciscanos.org.br\/noticias\/papa-francisco-inspira-retiro-dos-professos-temporarios-de-angola.html#webpage","url":"https:\/\/franciscanos.org.br\/noticias\/papa-francisco-inspira-retiro-dos-professos-temporarios-de-angola.html","name":"Angola: Papa Francisco inspira professos tempor\u00e1rios em retiro - Not\u00edcias - Franciscanos","isPartOf":{"@id":"https:\/\/franciscanos.org.br\/noticias\/#website"},"primaryImageOfPage":{"@id":"https:\/\/franciscanos.org.br\/noticias\/papa-francisco-inspira-retiro-dos-professos-temporarios-de-angola.html#primaryimage"},"datePublished":"2020-07-26T18:43:27+00:00","dateModified":"2020-07-26T18:46:09+00:00","author":{"@id":"https:\/\/franciscanos.org.br\/noticias\/#\/schema\/person\/b5c8cba458c330ccff548b056e95a5d4"},"breadcrumb":{"@id":"https:\/\/franciscanos.org.br\/noticias\/papa-francisco-inspira-retiro-dos-professos-temporarios-de-angola.html#breadcrumb"},"inLanguage":"pt-BR","potentialAction":[{"@type":"ReadAction","target":["https:\/\/franciscanos.org.br\/noticias\/papa-francisco-inspira-retiro-dos-professos-temporarios-de-angola.html"]}]},{"@type":"BreadcrumbList","@id":"https:\/\/franciscanos.org.br\/noticias\/papa-francisco-inspira-retiro-dos-professos-temporarios-de-angola.html#breadcrumb","itemListElement":[{"@type":"ListItem","position":1,"name":"Home","item":"https:\/\/franciscanos.org.br\/noticias"},{"@type":"ListItem","position":2,"name":"Angola: Papa Francisco inspira professos tempor\u00e1rios em retiro"}]},{"@type":"Person","@id":"https:\/\/franciscanos.org.br\/noticias\/#\/schema\/person\/b5c8cba458c330ccff548b056e95a5d4","name":"moacir","image":{"@type":"ImageObject","inLanguage":"pt-BR","@id":"https:\/\/franciscanos.org.br\/noticias\/#\/schema\/person\/image\/","url":"https:\/\/secure.gravatar.com\/avatar\/d08aa2ce4c8dd416d4479aa8536fcf64?s=96&d=mm&r=g","contentUrl":"https:\/\/secure.gravatar.com\/avatar\/d08aa2ce4c8dd416d4479aa8536fcf64?s=96&d=mm&r=g","caption":"moacir"},"url":"https:\/\/franciscanos.org.br\/noticias\/author\/moacir"}]}},"_links":{"self":[{"href":"https:\/\/franciscanos.org.br\/noticias\/wp-json\/wp\/v2\/posts\/227266"}],"collection":[{"href":"https:\/\/franciscanos.org.br\/noticias\/wp-json\/wp\/v2\/posts"}],"about":[{"href":"https:\/\/franciscanos.org.br\/noticias\/wp-json\/wp\/v2\/types\/post"}],"author":[{"embeddable":true,"href":"https:\/\/franciscanos.org.br\/noticias\/wp-json\/wp\/v2\/users\/3"}],"replies":[{"embeddable":true,"href":"https:\/\/franciscanos.org.br\/noticias\/wp-json\/wp\/v2\/comments?post=227266"}],"version-history":[{"count":2,"href":"https:\/\/franciscanos.org.br\/noticias\/wp-json\/wp\/v2\/posts\/227266\/revisions"}],"predecessor-version":[{"id":227273,"href":"https:\/\/franciscanos.org.br\/noticias\/wp-json\/wp\/v2\/posts\/227266\/revisions\/227273"}],"wp:featuredmedia":[{"embeddable":true,"href":"https:\/\/franciscanos.org.br\/noticias\/wp-json\/wp\/v2\/media\/227271"}],"wp:attachment":[{"href":"https:\/\/franciscanos.org.br\/noticias\/wp-json\/wp\/v2\/media?parent=227266"}],"wp:term":[{"taxonomy":"category","embeddable":true,"href":"https:\/\/franciscanos.org.br\/noticias\/wp-json\/wp\/v2\/categories?post=227266"},{"taxonomy":"post_tag","embeddable":true,"href":"https:\/\/franciscanos.org.br\/noticias\/wp-json\/wp\/v2\/tags?post=227266"}],"curies":[{"name":"wp","href":"https:\/\/api.w.org\/{rel}","templated":true}]}}