{"id":227256,"date":"2020-07-26T08:27:19","date_gmt":"2020-07-26T11:27:19","guid":{"rendered":"https:\/\/franciscanos.org.br\/noticias\/?p=227256"},"modified":"2020-07-26T08:37:28","modified_gmt":"2020-07-26T11:37:28","slug":"papa-pede-gesto-de-ternura-dos-jovens-para-com-os-avos","status":"publish","type":"post","link":"https:\/\/franciscanos.org.br\/noticias\/papa-pede-gesto-de-ternura-dos-jovens-para-com-os-avos.html","title":{"rendered":"Papa pede &#8220;gesto de ternura&#8221; dos jovens para com os av\u00f3s"},"content":{"rendered":"<div id=\"attachment_227258\" style=\"width: 1290px\" class=\"wp-caption alignnone\"><img aria-describedby=\"caption-attachment-227258\" loading=\"lazy\" class=\"wp-image-227258 size-full\" src=\"https:\/\/franciscanos.org.br\/noticias\/wp-content\/uploads\/2020\/07\/avos_2607_1.jpg\" alt=\"\" width=\"1280\" height=\"720\" srcset=\"https:\/\/franciscanos.org.br\/noticias\/wp-content\/uploads\/2020\/07\/avos_2607_1.jpg 1280w, https:\/\/franciscanos.org.br\/noticias\/wp-content\/uploads\/2020\/07\/avos_2607_1-450x253.jpg 450w, https:\/\/franciscanos.org.br\/noticias\/wp-content\/uploads\/2020\/07\/avos_2607_1-1024x576.jpg 1024w, https:\/\/franciscanos.org.br\/noticias\/wp-content\/uploads\/2020\/07\/avos_2607_1-768x432.jpg 768w, https:\/\/franciscanos.org.br\/noticias\/wp-content\/uploads\/2020\/07\/avos_2607_1-150x84.jpg 150w\" sizes=\"(max-width: 1280px) 100vw, 1280px\" \/><p id=\"caption-attachment-227258\" class=\"wp-caption-text\">\u00a0 \u00a0 \u00a0 \u00a0 \u00a0 \u00a0 \u00a0 \u00a0 \u00a0 \u00a0 \u00a0 \u00a0 \u00a0 \u00a0 \u00a0 \u00a0 \u00a0 \u00a0 \u00a0 \u00a0 \u00a0 \u00a0 \u00a0 \u00a0 \u00a0 \u00a0 \u00a0 \u00a0 \u00a0 \u00a0 \u00a0 \u00a0 \u00a0 \u00a0 \u00a0 \u00a0 \u00a0 \u00a0 \u00a0 \u00a0 \u00a0 \u00a0 \u00a0 \u00a0 \u00a0 \u00a0 \u00a0 \u00a0 \u00a0 \u00a0 \u00a0 \u00a0 \u00a0 \u00a0 \u00a0 \u00a0 \u00a0 \u00a0 \u00a0 \u00a0 \u00a0 \u00a0 \u00a0 \u00a0 \u00a0 \u00a0 \u00a0 \u00a0 \u00a0 \u00a0 \u00a0 \u00a0 \u00a0 \u00a0 \u00a0 \u00a0 \u00a0 \u00a0 \u00a0 \u00a0 \u00a0 \u00a0 \u00a0 \u00a0 \u00a0<em> \u00a0 \u00a0 \u00a0 Foto: Vatican News<\/em><\/p><\/div>\n<p><strong>Cidade do Vaticano <\/strong><em>&#8211; <\/em>Os jovens, \u00e1rvores prontas para crescer, mas com ra\u00edzes s\u00f3lidas que s\u00e3o os av\u00f3s. No Angelus, este domingo (26\/07), o Papa Francisco definiu assim os jovens de hoje chamados, no dia em que a Igreja recorda dos Santos Joaquim e Ana, a n\u00e3o esquecer seus entes queridos, sobretudo neste tempo de pandemia. Pediu-lhes um gesto de afeto, sugeriu caminhos a seguir para n\u00e3o fazer com que os av\u00f3s se sintam sozinhos:<\/p>\n<p><i>\u201cGostaria de convidar os jovens a fazer um gesto de ternura para com os idosos, sobretudo os mais solit\u00e1rios, nos lares e resid\u00eancias, aqueles que n\u00e3o veem seus entes queridos h\u00e1 tantos meses. Queridos jovens, cada um desses idosos \u00e9 seu av\u00f4! N\u00e3o os deixe sozinhos! Usem a fantasia do amor, fa\u00e7am chamadas telef\u00f4nicas, v\u00eddeo-chamadas, enviem mensagens, os escutem e, sempre que poss\u00edvel, em conformidade com as normas sanit\u00e1rias, os visitem tamb\u00e9m. Enviem a eles um abra\u00e7o.\u201d<\/i><\/p>\n<p>Retomando os versos de um poeta argentino, recordou-lhes que para ser s\u00f3lidos \u00e9 preciso ter ra\u00edzes s\u00f3lidas. Ra\u00edzes que t\u00eam um nome: av\u00f3s.<\/p>\n<p><i>\u201cEles s\u00e3o suas ra\u00edzes. Uma \u00e1rvore separada de suas ra\u00edzes n\u00e3o cresce, n\u00e3o d\u00e1 flores e frutos. \u00c9 por isso que a uni\u00e3o com suas ra\u00edzes \u00e9 importante. O que a \u00e1rvore floresceu vem daquilo que tem de enterrado, diz um poeta de minha p\u00e1tria. \u00c9 por isso que os convido a dar um grande aplauso aos nossos av\u00f3s, a todos!\u201d<\/i><\/p>\n","protected":false},"excerpt":{"rendered":"<p>Apelo aos jovens no Dia dos Av\u00f3s<\/p>\n","protected":false},"author":3,"featured_media":227257,"comment_status":"open","ping_status":"open","sticky":false,"template":"","format":"standard","meta":[],"categories":[1428],"tags":[1752,55],"acf":[],"yoast_head":"<!-- This site is optimized with the Yoast SEO plugin v19.2 - https:\/\/yoast.com\/wordpress\/plugins\/seo\/ -->\n<title>Papa pede &quot;gesto de ternura&quot; dos jovens para com os av\u00f3s - Not\u00edcias - Franciscanos<\/title>\n<meta name=\"robots\" content=\"index, follow, max-snippet:-1, max-image-preview:large, max-video-preview:-1\" \/>\n<link rel=\"canonical\" href=\"https:\/\/franciscanos.org.br\/noticias\/papa-pede-gesto-de-ternura-dos-jovens-para-com-os-avos.html\" \/>\n<meta property=\"og:locale\" content=\"pt_BR\" \/>\n<meta property=\"og:type\" content=\"article\" \/>\n<meta property=\"og:title\" content=\"Papa pede &quot;gesto de ternura&quot; dos jovens para com os av\u00f3s - Not\u00edcias - Franciscanos\" \/>\n<meta property=\"og:description\" content=\"Apelo aos jovens no Dia dos Av\u00f3s\" \/>\n<meta property=\"og:url\" content=\"https:\/\/franciscanos.org.br\/noticias\/papa-pede-gesto-de-ternura-dos-jovens-para-com-os-avos.html\" \/>\n<meta property=\"og:site_name\" content=\"Not\u00edcias - Franciscanos\" \/>\n<meta property=\"article:published_time\" content=\"2020-07-26T11:27:19+00:00\" \/>\n<meta property=\"article:modified_time\" content=\"2020-07-26T11:37:28+00:00\" \/>\n<meta property=\"og:image\" content=\"https:\/\/franciscanos.org.br\/noticias\/wp-content\/uploads\/2020\/07\/avos_2607.jpg\" \/>\n\t<meta property=\"og:image:width\" content=\"800\" \/>\n\t<meta property=\"og:image:height\" content=\"600\" \/>\n\t<meta property=\"og:image:type\" content=\"image\/jpeg\" \/>\n<meta name=\"author\" content=\"moacir\" \/>\n<meta name=\"twitter:card\" content=\"summary_large_image\" \/>\n<meta name=\"twitter:label1\" content=\"Escrito por\" \/>\n\t<meta name=\"twitter:data1\" content=\"moacir\" \/>\n\t<meta name=\"twitter:label2\" content=\"Est. tempo de leitura\" \/>\n\t<meta name=\"twitter:data2\" content=\"1 minuto\" \/>\n<script type=\"application\/ld+json\" class=\"yoast-schema-graph\">{\"@context\":\"https:\/\/schema.org\",\"@graph\":[{\"@type\":\"WebSite\",\"@id\":\"https:\/\/franciscanos.org.br\/noticias\/#website\",\"url\":\"https:\/\/franciscanos.org.br\/noticias\/\",\"name\":\"Not\u00edcias - Franciscanos\",\"description\":\"Prov\u00edncia Franciscana da Imaculada Concei\u00e7\u00e3o do Brasil - Ordem dos Frades Menores - OFM\",\"potentialAction\":[{\"@type\":\"SearchAction\",\"target\":{\"@type\":\"EntryPoint\",\"urlTemplate\":\"https:\/\/franciscanos.org.br\/noticias\/?s={search_term_string}\"},\"query-input\":\"required name=search_term_string\"}],\"inLanguage\":\"pt-BR\"},{\"@type\":\"ImageObject\",\"inLanguage\":\"pt-BR\",\"@id\":\"https:\/\/franciscanos.org.br\/noticias\/papa-pede-gesto-de-ternura-dos-jovens-para-com-os-avos.html#primaryimage\",\"url\":\"https:\/\/franciscanos.org.br\/noticias\/wp-content\/uploads\/2020\/07\/avos_2607.jpg\",\"contentUrl\":\"https:\/\/franciscanos.org.br\/noticias\/wp-content\/uploads\/2020\/07\/avos_2607.jpg\",\"width\":800,\"height\":600},{\"@type\":\"WebPage\",\"@id\":\"https:\/\/franciscanos.org.br\/noticias\/papa-pede-gesto-de-ternura-dos-jovens-para-com-os-avos.html#webpage\",\"url\":\"https:\/\/franciscanos.org.br\/noticias\/papa-pede-gesto-de-ternura-dos-jovens-para-com-os-avos.html\",\"name\":\"Papa pede \\\"gesto de ternura\\\" dos jovens para com os av\u00f3s - Not\u00edcias - Franciscanos\",\"isPartOf\":{\"@id\":\"https:\/\/franciscanos.org.br\/noticias\/#website\"},\"primaryImageOfPage\":{\"@id\":\"https:\/\/franciscanos.org.br\/noticias\/papa-pede-gesto-de-ternura-dos-jovens-para-com-os-avos.html#primaryimage\"},\"datePublished\":\"2020-07-26T11:27:19+00:00\",\"dateModified\":\"2020-07-26T11:37:28+00:00\",\"author\":{\"@id\":\"https:\/\/franciscanos.org.br\/noticias\/#\/schema\/person\/b5c8cba458c330ccff548b056e95a5d4\"},\"breadcrumb\":{\"@id\":\"https:\/\/franciscanos.org.br\/noticias\/papa-pede-gesto-de-ternura-dos-jovens-para-com-os-avos.html#breadcrumb\"},\"inLanguage\":\"pt-BR\",\"potentialAction\":[{\"@type\":\"ReadAction\",\"target\":[\"https:\/\/franciscanos.org.br\/noticias\/papa-pede-gesto-de-ternura-dos-jovens-para-com-os-avos.html\"]}]},{\"@type\":\"BreadcrumbList\",\"@id\":\"https:\/\/franciscanos.org.br\/noticias\/papa-pede-gesto-de-ternura-dos-jovens-para-com-os-avos.html#breadcrumb\",\"itemListElement\":[{\"@type\":\"ListItem\",\"position\":1,\"name\":\"Home\",\"item\":\"https:\/\/franciscanos.org.br\/noticias\"},{\"@type\":\"ListItem\",\"position\":2,\"name\":\"Papa pede &#8220;gesto de ternura&#8221; dos jovens para com os av\u00f3s\"}]},{\"@type\":\"Person\",\"@id\":\"https:\/\/franciscanos.org.br\/noticias\/#\/schema\/person\/b5c8cba458c330ccff548b056e95a5d4\",\"name\":\"moacir\",\"image\":{\"@type\":\"ImageObject\",\"inLanguage\":\"pt-BR\",\"@id\":\"https:\/\/franciscanos.org.br\/noticias\/#\/schema\/person\/image\/\",\"url\":\"https:\/\/secure.gravatar.com\/avatar\/d08aa2ce4c8dd416d4479aa8536fcf64?s=96&d=mm&r=g\",\"contentUrl\":\"https:\/\/secure.gravatar.com\/avatar\/d08aa2ce4c8dd416d4479aa8536fcf64?s=96&d=mm&r=g\",\"caption\":\"moacir\"},\"url\":\"https:\/\/franciscanos.org.br\/noticias\/author\/moacir\"}]}<\/script>\n<!-- \/ Yoast SEO plugin. -->","yoast_head_json":{"title":"Papa pede \"gesto de ternura\" dos jovens para com os av\u00f3s - Not\u00edcias - Franciscanos","robots":{"index":"index","follow":"follow","max-snippet":"max-snippet:-1","max-image-preview":"max-image-preview:large","max-video-preview":"max-video-preview:-1"},"canonical":"https:\/\/franciscanos.org.br\/noticias\/papa-pede-gesto-de-ternura-dos-jovens-para-com-os-avos.html","og_locale":"pt_BR","og_type":"article","og_title":"Papa pede \"gesto de ternura\" dos jovens para com os av\u00f3s - Not\u00edcias - Franciscanos","og_description":"Apelo aos jovens no Dia dos Av\u00f3s","og_url":"https:\/\/franciscanos.org.br\/noticias\/papa-pede-gesto-de-ternura-dos-jovens-para-com-os-avos.html","og_site_name":"Not\u00edcias - Franciscanos","article_published_time":"2020-07-26T11:27:19+00:00","article_modified_time":"2020-07-26T11:37:28+00:00","og_image":[{"width":800,"height":600,"url":"https:\/\/franciscanos.org.br\/noticias\/wp-content\/uploads\/2020\/07\/avos_2607.jpg","type":"image\/jpeg"}],"author":"moacir","twitter_card":"summary_large_image","twitter_misc":{"Escrito por":"moacir","Est. tempo de leitura":"1 minuto"},"schema":{"@context":"https:\/\/schema.org","@graph":[{"@type":"WebSite","@id":"https:\/\/franciscanos.org.br\/noticias\/#website","url":"https:\/\/franciscanos.org.br\/noticias\/","name":"Not\u00edcias - Franciscanos","description":"Prov\u00edncia Franciscana da Imaculada Concei\u00e7\u00e3o do Brasil - Ordem dos Frades Menores - OFM","potentialAction":[{"@type":"SearchAction","target":{"@type":"EntryPoint","urlTemplate":"https:\/\/franciscanos.org.br\/noticias\/?s={search_term_string}"},"query-input":"required name=search_term_string"}],"inLanguage":"pt-BR"},{"@type":"ImageObject","inLanguage":"pt-BR","@id":"https:\/\/franciscanos.org.br\/noticias\/papa-pede-gesto-de-ternura-dos-jovens-para-com-os-avos.html#primaryimage","url":"https:\/\/franciscanos.org.br\/noticias\/wp-content\/uploads\/2020\/07\/avos_2607.jpg","contentUrl":"https:\/\/franciscanos.org.br\/noticias\/wp-content\/uploads\/2020\/07\/avos_2607.jpg","width":800,"height":600},{"@type":"WebPage","@id":"https:\/\/franciscanos.org.br\/noticias\/papa-pede-gesto-de-ternura-dos-jovens-para-com-os-avos.html#webpage","url":"https:\/\/franciscanos.org.br\/noticias\/papa-pede-gesto-de-ternura-dos-jovens-para-com-os-avos.html","name":"Papa pede \"gesto de ternura\" dos jovens para com os av\u00f3s - Not\u00edcias - Franciscanos","isPartOf":{"@id":"https:\/\/franciscanos.org.br\/noticias\/#website"},"primaryImageOfPage":{"@id":"https:\/\/franciscanos.org.br\/noticias\/papa-pede-gesto-de-ternura-dos-jovens-para-com-os-avos.html#primaryimage"},"datePublished":"2020-07-26T11:27:19+00:00","dateModified":"2020-07-26T11:37:28+00:00","author":{"@id":"https:\/\/franciscanos.org.br\/noticias\/#\/schema\/person\/b5c8cba458c330ccff548b056e95a5d4"},"breadcrumb":{"@id":"https:\/\/franciscanos.org.br\/noticias\/papa-pede-gesto-de-ternura-dos-jovens-para-com-os-avos.html#breadcrumb"},"inLanguage":"pt-BR","potentialAction":[{"@type":"ReadAction","target":["https:\/\/franciscanos.org.br\/noticias\/papa-pede-gesto-de-ternura-dos-jovens-para-com-os-avos.html"]}]},{"@type":"BreadcrumbList","@id":"https:\/\/franciscanos.org.br\/noticias\/papa-pede-gesto-de-ternura-dos-jovens-para-com-os-avos.html#breadcrumb","itemListElement":[{"@type":"ListItem","position":1,"name":"Home","item":"https:\/\/franciscanos.org.br\/noticias"},{"@type":"ListItem","position":2,"name":"Papa pede &#8220;gesto de ternura&#8221; dos jovens para com os av\u00f3s"}]},{"@type":"Person","@id":"https:\/\/franciscanos.org.br\/noticias\/#\/schema\/person\/b5c8cba458c330ccff548b056e95a5d4","name":"moacir","image":{"@type":"ImageObject","inLanguage":"pt-BR","@id":"https:\/\/franciscanos.org.br\/noticias\/#\/schema\/person\/image\/","url":"https:\/\/secure.gravatar.com\/avatar\/d08aa2ce4c8dd416d4479aa8536fcf64?s=96&d=mm&r=g","contentUrl":"https:\/\/secure.gravatar.com\/avatar\/d08aa2ce4c8dd416d4479aa8536fcf64?s=96&d=mm&r=g","caption":"moacir"},"url":"https:\/\/franciscanos.org.br\/noticias\/author\/moacir"}]}},"_links":{"self":[{"href":"https:\/\/franciscanos.org.br\/noticias\/wp-json\/wp\/v2\/posts\/227256"}],"collection":[{"href":"https:\/\/franciscanos.org.br\/noticias\/wp-json\/wp\/v2\/posts"}],"about":[{"href":"https:\/\/franciscanos.org.br\/noticias\/wp-json\/wp\/v2\/types\/post"}],"author":[{"embeddable":true,"href":"https:\/\/franciscanos.org.br\/noticias\/wp-json\/wp\/v2\/users\/3"}],"replies":[{"embeddable":true,"href":"https:\/\/franciscanos.org.br\/noticias\/wp-json\/wp\/v2\/comments?post=227256"}],"version-history":[{"count":7,"href":"https:\/\/franciscanos.org.br\/noticias\/wp-json\/wp\/v2\/posts\/227256\/revisions"}],"predecessor-version":[{"id":227265,"href":"https:\/\/franciscanos.org.br\/noticias\/wp-json\/wp\/v2\/posts\/227256\/revisions\/227265"}],"wp:featuredmedia":[{"embeddable":true,"href":"https:\/\/franciscanos.org.br\/noticias\/wp-json\/wp\/v2\/media\/227257"}],"wp:attachment":[{"href":"https:\/\/franciscanos.org.br\/noticias\/wp-json\/wp\/v2\/media?parent=227256"}],"wp:term":[{"taxonomy":"category","embeddable":true,"href":"https:\/\/franciscanos.org.br\/noticias\/wp-json\/wp\/v2\/categories?post=227256"},{"taxonomy":"post_tag","embeddable":true,"href":"https:\/\/franciscanos.org.br\/noticias\/wp-json\/wp\/v2\/tags?post=227256"}],"curies":[{"name":"wp","href":"https:\/\/api.w.org\/{rel}","templated":true}]}}