{"id":227251,"date":"2020-07-26T07:48:10","date_gmt":"2020-07-26T10:48:10","guid":{"rendered":"https:\/\/franciscanos.org.br\/noticias\/?p=227251"},"modified":"2020-07-26T07:48:10","modified_gmt":"2020-07-26T10:48:10","slug":"papa-jesus-e-o-tesouro-escondido-que-da-sentido-a-nossa-vida","status":"publish","type":"post","link":"https:\/\/franciscanos.org.br\/noticias\/papa-jesus-e-o-tesouro-escondido-que-da-sentido-a-nossa-vida.html","title":{"rendered":"Papa: Jesus \u00e9 o tesouro escondido que d\u00e1 sentido a nossa vida"},"content":{"rendered":"<div id=\"attachment_227252\" style=\"width: 1290px\" class=\"wp-caption alignnone\"><img aria-describedby=\"caption-attachment-227252\" loading=\"lazy\" class=\"wp-image-227252 size-full\" src=\"https:\/\/franciscanos.org.br\/noticias\/wp-content\/uploads\/2020\/07\/angelus_2607_2.jpg\" alt=\"\" width=\"1280\" height=\"720\" srcset=\"https:\/\/franciscanos.org.br\/noticias\/wp-content\/uploads\/2020\/07\/angelus_2607_2.jpg 1280w, https:\/\/franciscanos.org.br\/noticias\/wp-content\/uploads\/2020\/07\/angelus_2607_2-450x253.jpg 450w, https:\/\/franciscanos.org.br\/noticias\/wp-content\/uploads\/2020\/07\/angelus_2607_2-1024x576.jpg 1024w, https:\/\/franciscanos.org.br\/noticias\/wp-content\/uploads\/2020\/07\/angelus_2607_2-768x432.jpg 768w, https:\/\/franciscanos.org.br\/noticias\/wp-content\/uploads\/2020\/07\/angelus_2607_2-150x84.jpg 150w\" sizes=\"(max-width: 1280px) 100vw, 1280px\" \/><p id=\"caption-attachment-227252\" class=\"wp-caption-text\">\u00a0 \u00a0 \u00a0 \u00a0 \u00a0 \u00a0 \u00a0 \u00a0 \u00a0 \u00a0 \u00a0 \u00a0 \u00a0 \u00a0 \u00a0 \u00a0 \u00a0 \u00a0 \u00a0 \u00a0 \u00a0 \u00a0 \u00a0 \u00a0 \u00a0 \u00a0 \u00a0 \u00a0 \u00a0 \u00a0 \u00a0 \u00a0 \u00a0 \u00a0 \u00a0 \u00a0 \u00a0 \u00a0 \u00a0 \u00a0 \u00a0 \u00a0 \u00a0 \u00a0 \u00a0 \u00a0 \u00a0 \u00a0 \u00a0 \u00a0 \u00a0 \u00a0 \u00a0 \u00a0 \u00a0 \u00a0 \u00a0 \u00a0 \u00a0 \u00a0 \u00a0 \u00a0 \u00a0 \u00a0 \u00a0 \u00a0 \u00a0 \u00a0 <em>\u00a0 \u00a0Foto: captura de tela da transmiss\u00e3o da\u00a0 Vatican News<\/em><\/p><\/div>\n<p><strong>Cidade do Vaticano<\/strong> &#8211; \u201cO Reino dos C\u00e9us \u00e9 o contr\u00e1rio das coisas sup\u00e9rfluas que o mundo oferece, \u00e9 o contr\u00e1rio de uma vida banal: \u00e9 um tesouro que renova a vida a cada dia e a expande em dire\u00e7\u00e3o a horizontes mais amplos.\u201d Foi o que disse o Papa Francisco no Angelus ao meio-dia deste XVII Domingo do Tempo Comum, falando da janela do pal\u00e1cio apost\u00f3lico que d\u00e1 para a Pra\u00e7a S\u00e3o Pedro aos fi\u00e9is e peregrinos que com o Santo Padre rezaram a ora\u00e7\u00e3o mariana.<\/p>\n<p>A reflex\u00e3o do Pont\u00edfice concentrou-se no Evangelho do dia (Mt 13,44-52), que corresponde aos \u00faltimos vers\u00edculos do cap\u00edtulo que Mateus dedica \u00e0s par\u00e1bolas do Reino dos C\u00e9us. O trecho compreende tr\u00eas par\u00e1bolas brevemente acenadas e muito curtas: a do tesouro escondido no campo, a da p\u00e9rola preciosa e a da rede lan\u00e7ada ao mar.<\/p>\n<p>Na alocu\u00e7\u00e3o que precedeu \u00e0 ora\u00e7\u00e3o mariana Francisco deteve-se sobre as duas primeiras nas quais o Reino dos C\u00e9us \u00e9 assimilado a duas diferentes realidades \u201cpreciosas\u201d, ou seja, o tesouro no campo e a p\u00e9rola de grande valor.<\/p>\n<p><strong>A constru\u00e7\u00e3o do Reino exige disponibilidade ativa do homem<\/strong><br \/>\n\u201cA rea\u00e7\u00e3o daquele que encontra a p\u00e9rola ou o tesouro \u00e9 praticamente igual\u201d, observou: \u201co homem e o mercante vendem tudo para adquirir aquilo mais t\u00eam a peito\u201d.<\/p>\n<p>\u201cCom essas duas semelhan\u00e7as, Jesus se prop\u00f5e envolver-nos na constru\u00e7\u00e3o do Reino dos C\u00e9us, apresentando uma caracter\u00edstica essencial do mesmo: aderem plenamente ao Reino aqueles que est\u00e3o dispostos a arriscar tudo\u201d, ressaltou:<\/p>\n<p>\u201cDe fato, tanto o homem quanto o mercante das duas par\u00e1bolas vendem tudo aquilo que possuem, abandonando assim suas seguran\u00e7as materiais. Disso se entende que a constru\u00e7\u00e3o do Reino exige n\u00e3o somente a gra\u00e7a de Deus, mas tamb\u00e9m a disponibilidade ativa do homem.\u201d<\/p>\n<p><img loading=\"lazy\" class=\"alignnone size-full wp-image-227253\" src=\"https:\/\/franciscanos.org.br\/noticias\/wp-content\/uploads\/2020\/07\/angelus_2607_1.jpg\" alt=\"\" width=\"1280\" height=\"720\" srcset=\"https:\/\/franciscanos.org.br\/noticias\/wp-content\/uploads\/2020\/07\/angelus_2607_1.jpg 1280w, https:\/\/franciscanos.org.br\/noticias\/wp-content\/uploads\/2020\/07\/angelus_2607_1-450x253.jpg 450w, https:\/\/franciscanos.org.br\/noticias\/wp-content\/uploads\/2020\/07\/angelus_2607_1-1024x576.jpg 1024w, https:\/\/franciscanos.org.br\/noticias\/wp-content\/uploads\/2020\/07\/angelus_2607_1-768x432.jpg 768w, https:\/\/franciscanos.org.br\/noticias\/wp-content\/uploads\/2020\/07\/angelus_2607_1-150x84.jpg 150w\" sizes=\"(max-width: 1280px) 100vw, 1280px\" \/><\/p>\n<p><strong>Abandonar o pesado fardo de nossas seguran\u00e7as mundanas<\/strong><br \/>\nOs gestos daquele homem e do mercante que v\u00e3o em busca, privando-se de seus bens, para comprar realidades mais preciosas, s\u00e3o gestos decididos e radicais. \u201cE, sobretudo \u2013 observou \u2013, feitos com alegria, porque ambos encontraram o tesouro.\u201d<\/p>\n<p>\u201cSomos chamados a assumir a atitude destes dois personagens evang\u00e9licos, tornando-nos tamb\u00e9m n\u00f3s saud\u00e1veis buscadores irrequietos do Reino dos C\u00e9us. Trata-se de abandonar o pesado fardo de nossas seguran\u00e7as mundanas que nos impedem de buscar e construir o Reino: a gan\u00e2ncia pela posse, a sede de lucro e de poder, o pensar somente em n\u00f3s mesmos.\u201d<\/p>\n<p>Em nossos dias, prosseguiu o Papa, \u201ca vida de alguns pode resultar med\u00edocre e sem brilho porque provavelmente n\u00e3o foram em busca de um verdadeiro tesouro: contentaram-se com coisas atraentes, mas ef\u00eameras, cintilantes, mas ilus\u00f3rias, porque depois deixam na escurid\u00e3o.\u201d<\/p>\n<p><strong>Amar Deus, os outros e verdadeiramente a n\u00f3s mesmos<\/strong><br \/>\nRessaltando que o Reino dos C\u00e9us \u201c\u00e9 um tesouro que renova a vida a cada dia e a expande em dire\u00e7\u00e3o a horizontes mais amplos\u201d, o Pont\u00edfice acrescentou que \u201cquem encontrou este tesouro tem um cora\u00e7\u00e3o criativo e em busca, que n\u00e3o repete, mas inventa, tra\u00e7ando e percorrendo novos caminhos, que nos levam a amar Deus, a amar os outros, a amar verdadeiramente a n\u00f3s mesmos\u201d.<\/p>\n<p>\u201cJesus, que \u00e9 o tesouro escondido e a p\u00e9rola de grande valor, s\u00f3 pode suscitar alegria, toda a alegria do mundo: a alegria de descobrir um sentido para a pr\u00f3pria vida, a alegria de senti-la comprometida com a aventura da santidade.\u201d<\/p>\n<p>\u201cQue a Sant\u00edssima Virgem nos ajude a buscar todos os dias o tesouro do Reino dos C\u00e9us, a fim de que em nossas palavras e em nossos gestos se manifeste o amor que Deus nos deu atrav\u00e9s de Jesus\u201d, disse o Santo Padre dirigindo-se a Nossa Senhora antes de recitar a ora\u00e7\u00e3o do Angelus.<\/p>\n<hr \/>\n<p><em>Fonte: Vatican News<\/em><\/p>\n","protected":false},"excerpt":{"rendered":"<p>Angelus<\/p>\n","protected":false},"author":3,"featured_media":227254,"comment_status":"open","ping_status":"open","sticky":false,"template":"","format":"standard","meta":[],"categories":[1428],"tags":[403],"acf":[],"yoast_head":"<!-- This site is optimized with the Yoast SEO plugin v19.2 - https:\/\/yoast.com\/wordpress\/plugins\/seo\/ -->\n<title>Papa: Jesus \u00e9 o tesouro escondido que d\u00e1 sentido a nossa vida - Not\u00edcias - Franciscanos<\/title>\n<meta name=\"robots\" content=\"index, follow, max-snippet:-1, max-image-preview:large, max-video-preview:-1\" \/>\n<link rel=\"canonical\" href=\"https:\/\/franciscanos.org.br\/noticias\/papa-jesus-e-o-tesouro-escondido-que-da-sentido-a-nossa-vida.html\" \/>\n<meta property=\"og:locale\" content=\"pt_BR\" \/>\n<meta property=\"og:type\" content=\"article\" \/>\n<meta property=\"og:title\" content=\"Papa: Jesus \u00e9 o tesouro escondido que d\u00e1 sentido a nossa vida - Not\u00edcias - Franciscanos\" \/>\n<meta property=\"og:description\" content=\"Angelus\" \/>\n<meta property=\"og:url\" content=\"https:\/\/franciscanos.org.br\/noticias\/papa-jesus-e-o-tesouro-escondido-que-da-sentido-a-nossa-vida.html\" \/>\n<meta property=\"og:site_name\" content=\"Not\u00edcias - Franciscanos\" \/>\n<meta property=\"article:published_time\" content=\"2020-07-26T10:48:10+00:00\" \/>\n<meta property=\"og:image\" content=\"https:\/\/franciscanos.org.br\/noticias\/wp-content\/uploads\/2020\/07\/angelus_2607_2d.jpg\" \/>\n\t<meta property=\"og:image:width\" content=\"800\" \/>\n\t<meta property=\"og:image:height\" content=\"600\" \/>\n\t<meta property=\"og:image:type\" content=\"image\/jpeg\" \/>\n<meta name=\"author\" content=\"moacir\" \/>\n<meta name=\"twitter:card\" content=\"summary_large_image\" \/>\n<meta name=\"twitter:label1\" content=\"Escrito por\" \/>\n\t<meta name=\"twitter:data1\" content=\"moacir\" \/>\n\t<meta name=\"twitter:label2\" content=\"Est. tempo de leitura\" \/>\n\t<meta name=\"twitter:data2\" content=\"3 minutos\" \/>\n<script type=\"application\/ld+json\" class=\"yoast-schema-graph\">{\"@context\":\"https:\/\/schema.org\",\"@graph\":[{\"@type\":\"WebSite\",\"@id\":\"https:\/\/franciscanos.org.br\/noticias\/#website\",\"url\":\"https:\/\/franciscanos.org.br\/noticias\/\",\"name\":\"Not\u00edcias - Franciscanos\",\"description\":\"Prov\u00edncia Franciscana da Imaculada Concei\u00e7\u00e3o do Brasil - Ordem dos Frades Menores - OFM\",\"potentialAction\":[{\"@type\":\"SearchAction\",\"target\":{\"@type\":\"EntryPoint\",\"urlTemplate\":\"https:\/\/franciscanos.org.br\/noticias\/?s={search_term_string}\"},\"query-input\":\"required name=search_term_string\"}],\"inLanguage\":\"pt-BR\"},{\"@type\":\"ImageObject\",\"inLanguage\":\"pt-BR\",\"@id\":\"https:\/\/franciscanos.org.br\/noticias\/papa-jesus-e-o-tesouro-escondido-que-da-sentido-a-nossa-vida.html#primaryimage\",\"url\":\"https:\/\/franciscanos.org.br\/noticias\/wp-content\/uploads\/2020\/07\/angelus_2607_2d.jpg\",\"contentUrl\":\"https:\/\/franciscanos.org.br\/noticias\/wp-content\/uploads\/2020\/07\/angelus_2607_2d.jpg\",\"width\":800,\"height\":600},{\"@type\":\"WebPage\",\"@id\":\"https:\/\/franciscanos.org.br\/noticias\/papa-jesus-e-o-tesouro-escondido-que-da-sentido-a-nossa-vida.html#webpage\",\"url\":\"https:\/\/franciscanos.org.br\/noticias\/papa-jesus-e-o-tesouro-escondido-que-da-sentido-a-nossa-vida.html\",\"name\":\"Papa: Jesus \u00e9 o tesouro escondido que d\u00e1 sentido a nossa vida - Not\u00edcias - Franciscanos\",\"isPartOf\":{\"@id\":\"https:\/\/franciscanos.org.br\/noticias\/#website\"},\"primaryImageOfPage\":{\"@id\":\"https:\/\/franciscanos.org.br\/noticias\/papa-jesus-e-o-tesouro-escondido-que-da-sentido-a-nossa-vida.html#primaryimage\"},\"datePublished\":\"2020-07-26T10:48:10+00:00\",\"dateModified\":\"2020-07-26T10:48:10+00:00\",\"author\":{\"@id\":\"https:\/\/franciscanos.org.br\/noticias\/#\/schema\/person\/b5c8cba458c330ccff548b056e95a5d4\"},\"breadcrumb\":{\"@id\":\"https:\/\/franciscanos.org.br\/noticias\/papa-jesus-e-o-tesouro-escondido-que-da-sentido-a-nossa-vida.html#breadcrumb\"},\"inLanguage\":\"pt-BR\",\"potentialAction\":[{\"@type\":\"ReadAction\",\"target\":[\"https:\/\/franciscanos.org.br\/noticias\/papa-jesus-e-o-tesouro-escondido-que-da-sentido-a-nossa-vida.html\"]}]},{\"@type\":\"BreadcrumbList\",\"@id\":\"https:\/\/franciscanos.org.br\/noticias\/papa-jesus-e-o-tesouro-escondido-que-da-sentido-a-nossa-vida.html#breadcrumb\",\"itemListElement\":[{\"@type\":\"ListItem\",\"position\":1,\"name\":\"Home\",\"item\":\"https:\/\/franciscanos.org.br\/noticias\"},{\"@type\":\"ListItem\",\"position\":2,\"name\":\"Papa: Jesus \u00e9 o tesouro escondido que d\u00e1 sentido a nossa vida\"}]},{\"@type\":\"Person\",\"@id\":\"https:\/\/franciscanos.org.br\/noticias\/#\/schema\/person\/b5c8cba458c330ccff548b056e95a5d4\",\"name\":\"moacir\",\"image\":{\"@type\":\"ImageObject\",\"inLanguage\":\"pt-BR\",\"@id\":\"https:\/\/franciscanos.org.br\/noticias\/#\/schema\/person\/image\/\",\"url\":\"https:\/\/secure.gravatar.com\/avatar\/d08aa2ce4c8dd416d4479aa8536fcf64?s=96&d=mm&r=g\",\"contentUrl\":\"https:\/\/secure.gravatar.com\/avatar\/d08aa2ce4c8dd416d4479aa8536fcf64?s=96&d=mm&r=g\",\"caption\":\"moacir\"},\"url\":\"https:\/\/franciscanos.org.br\/noticias\/author\/moacir\"}]}<\/script>\n<!-- \/ Yoast SEO plugin. -->","yoast_head_json":{"title":"Papa: Jesus \u00e9 o tesouro escondido que d\u00e1 sentido a nossa vida - Not\u00edcias - Franciscanos","robots":{"index":"index","follow":"follow","max-snippet":"max-snippet:-1","max-image-preview":"max-image-preview:large","max-video-preview":"max-video-preview:-1"},"canonical":"https:\/\/franciscanos.org.br\/noticias\/papa-jesus-e-o-tesouro-escondido-que-da-sentido-a-nossa-vida.html","og_locale":"pt_BR","og_type":"article","og_title":"Papa: Jesus \u00e9 o tesouro escondido que d\u00e1 sentido a nossa vida - Not\u00edcias - Franciscanos","og_description":"Angelus","og_url":"https:\/\/franciscanos.org.br\/noticias\/papa-jesus-e-o-tesouro-escondido-que-da-sentido-a-nossa-vida.html","og_site_name":"Not\u00edcias - Franciscanos","article_published_time":"2020-07-26T10:48:10+00:00","og_image":[{"width":800,"height":600,"url":"https:\/\/franciscanos.org.br\/noticias\/wp-content\/uploads\/2020\/07\/angelus_2607_2d.jpg","type":"image\/jpeg"}],"author":"moacir","twitter_card":"summary_large_image","twitter_misc":{"Escrito por":"moacir","Est. tempo de leitura":"3 minutos"},"schema":{"@context":"https:\/\/schema.org","@graph":[{"@type":"WebSite","@id":"https:\/\/franciscanos.org.br\/noticias\/#website","url":"https:\/\/franciscanos.org.br\/noticias\/","name":"Not\u00edcias - Franciscanos","description":"Prov\u00edncia Franciscana da Imaculada Concei\u00e7\u00e3o do Brasil - Ordem dos Frades Menores - OFM","potentialAction":[{"@type":"SearchAction","target":{"@type":"EntryPoint","urlTemplate":"https:\/\/franciscanos.org.br\/noticias\/?s={search_term_string}"},"query-input":"required name=search_term_string"}],"inLanguage":"pt-BR"},{"@type":"ImageObject","inLanguage":"pt-BR","@id":"https:\/\/franciscanos.org.br\/noticias\/papa-jesus-e-o-tesouro-escondido-que-da-sentido-a-nossa-vida.html#primaryimage","url":"https:\/\/franciscanos.org.br\/noticias\/wp-content\/uploads\/2020\/07\/angelus_2607_2d.jpg","contentUrl":"https:\/\/franciscanos.org.br\/noticias\/wp-content\/uploads\/2020\/07\/angelus_2607_2d.jpg","width":800,"height":600},{"@type":"WebPage","@id":"https:\/\/franciscanos.org.br\/noticias\/papa-jesus-e-o-tesouro-escondido-que-da-sentido-a-nossa-vida.html#webpage","url":"https:\/\/franciscanos.org.br\/noticias\/papa-jesus-e-o-tesouro-escondido-que-da-sentido-a-nossa-vida.html","name":"Papa: Jesus \u00e9 o tesouro escondido que d\u00e1 sentido a nossa vida - Not\u00edcias - Franciscanos","isPartOf":{"@id":"https:\/\/franciscanos.org.br\/noticias\/#website"},"primaryImageOfPage":{"@id":"https:\/\/franciscanos.org.br\/noticias\/papa-jesus-e-o-tesouro-escondido-que-da-sentido-a-nossa-vida.html#primaryimage"},"datePublished":"2020-07-26T10:48:10+00:00","dateModified":"2020-07-26T10:48:10+00:00","author":{"@id":"https:\/\/franciscanos.org.br\/noticias\/#\/schema\/person\/b5c8cba458c330ccff548b056e95a5d4"},"breadcrumb":{"@id":"https:\/\/franciscanos.org.br\/noticias\/papa-jesus-e-o-tesouro-escondido-que-da-sentido-a-nossa-vida.html#breadcrumb"},"inLanguage":"pt-BR","potentialAction":[{"@type":"ReadAction","target":["https:\/\/franciscanos.org.br\/noticias\/papa-jesus-e-o-tesouro-escondido-que-da-sentido-a-nossa-vida.html"]}]},{"@type":"BreadcrumbList","@id":"https:\/\/franciscanos.org.br\/noticias\/papa-jesus-e-o-tesouro-escondido-que-da-sentido-a-nossa-vida.html#breadcrumb","itemListElement":[{"@type":"ListItem","position":1,"name":"Home","item":"https:\/\/franciscanos.org.br\/noticias"},{"@type":"ListItem","position":2,"name":"Papa: Jesus \u00e9 o tesouro escondido que d\u00e1 sentido a nossa vida"}]},{"@type":"Person","@id":"https:\/\/franciscanos.org.br\/noticias\/#\/schema\/person\/b5c8cba458c330ccff548b056e95a5d4","name":"moacir","image":{"@type":"ImageObject","inLanguage":"pt-BR","@id":"https:\/\/franciscanos.org.br\/noticias\/#\/schema\/person\/image\/","url":"https:\/\/secure.gravatar.com\/avatar\/d08aa2ce4c8dd416d4479aa8536fcf64?s=96&d=mm&r=g","contentUrl":"https:\/\/secure.gravatar.com\/avatar\/d08aa2ce4c8dd416d4479aa8536fcf64?s=96&d=mm&r=g","caption":"moacir"},"url":"https:\/\/franciscanos.org.br\/noticias\/author\/moacir"}]}},"_links":{"self":[{"href":"https:\/\/franciscanos.org.br\/noticias\/wp-json\/wp\/v2\/posts\/227251"}],"collection":[{"href":"https:\/\/franciscanos.org.br\/noticias\/wp-json\/wp\/v2\/posts"}],"about":[{"href":"https:\/\/franciscanos.org.br\/noticias\/wp-json\/wp\/v2\/types\/post"}],"author":[{"embeddable":true,"href":"https:\/\/franciscanos.org.br\/noticias\/wp-json\/wp\/v2\/users\/3"}],"replies":[{"embeddable":true,"href":"https:\/\/franciscanos.org.br\/noticias\/wp-json\/wp\/v2\/comments?post=227251"}],"version-history":[{"count":1,"href":"https:\/\/franciscanos.org.br\/noticias\/wp-json\/wp\/v2\/posts\/227251\/revisions"}],"predecessor-version":[{"id":227255,"href":"https:\/\/franciscanos.org.br\/noticias\/wp-json\/wp\/v2\/posts\/227251\/revisions\/227255"}],"wp:featuredmedia":[{"embeddable":true,"href":"https:\/\/franciscanos.org.br\/noticias\/wp-json\/wp\/v2\/media\/227254"}],"wp:attachment":[{"href":"https:\/\/franciscanos.org.br\/noticias\/wp-json\/wp\/v2\/media?parent=227251"}],"wp:term":[{"taxonomy":"category","embeddable":true,"href":"https:\/\/franciscanos.org.br\/noticias\/wp-json\/wp\/v2\/categories?post=227251"},{"taxonomy":"post_tag","embeddable":true,"href":"https:\/\/franciscanos.org.br\/noticias\/wp-json\/wp\/v2\/tags?post=227251"}],"curies":[{"name":"wp","href":"https:\/\/api.w.org\/{rel}","templated":true}]}}