{"id":227233,"date":"2020-07-25T13:47:22","date_gmt":"2020-07-25T16:47:22","guid":{"rendered":"https:\/\/franciscanos.org.br\/noticias\/?p=227233"},"modified":"2020-07-25T17:37:09","modified_gmt":"2020-07-25T20:37:09","slug":"frei-policarpo-berri-celebra-70-anos-de-sacerdocio-em-pato-branco","status":"publish","type":"post","link":"https:\/\/franciscanos.org.br\/noticias\/frei-policarpo-berri-celebra-70-anos-de-sacerdocio-em-pato-branco.html","title":{"rendered":"Frei Policarpo Berri celebra 70 anos de sacerd\u00f3cio em Pato Branco"},"content":{"rendered":"<div id=\"attachment_227234\" style=\"width: 1290px\" class=\"wp-caption alignnone\"><img aria-describedby=\"caption-attachment-227234\" loading=\"lazy\" class=\"wp-image-227234 size-full\" src=\"https:\/\/franciscanos.org.br\/noticias\/wp-content\/uploads\/2020\/07\/berri_2507.jpg\" alt=\"\" width=\"1280\" height=\"720\" srcset=\"https:\/\/franciscanos.org.br\/noticias\/wp-content\/uploads\/2020\/07\/berri_2507.jpg 1280w, https:\/\/franciscanos.org.br\/noticias\/wp-content\/uploads\/2020\/07\/berri_2507-450x253.jpg 450w, https:\/\/franciscanos.org.br\/noticias\/wp-content\/uploads\/2020\/07\/berri_2507-1024x576.jpg 1024w, https:\/\/franciscanos.org.br\/noticias\/wp-content\/uploads\/2020\/07\/berri_2507-768x432.jpg 768w, https:\/\/franciscanos.org.br\/noticias\/wp-content\/uploads\/2020\/07\/berri_2507-150x84.jpg 150w\" sizes=\"(max-width: 1280px) 100vw, 1280px\" \/><p id=\"caption-attachment-227234\" class=\"wp-caption-text\"><em> Imagens capturadas da transmiss\u00e3o da TV Sudoeste<\/em><\/p><\/div>\n<p><strong>Moacir Beggo (com TV Sudoeste)<\/strong><\/p>\n<p><strong>\u00a0<\/strong><strong>Pato Branco (PR)<\/strong> \u2013 &#8220;Como homem de ora\u00e7\u00e3o, de contempla\u00e7\u00e3o, Frei Policarpo transmite para a pessoa com quem convive, a quem ele serve, um pouco dessa face de Deus. E isso que encanta nele&#8221;. Foi assim que o Ministro Provincial da Prov\u00edncia Franciscana da Imaculada Concei\u00e7\u00e3o, Frei C\u00e9sar K\u00fclkamp, definiu Frei Policarpo Berri durante a Celebra\u00e7\u00e3o Eucar\u00edstica que marcou os 70 anos de vida sacerdotal deste frade, muito estimado e querido pelo povo de Pato Branco e regi\u00e3o.<\/p>\n<p>O guardi\u00e3o da Fraternidade Franciscana S\u00e3o Pedro Ap\u00f3stolo de Pato Branco (PR), Frei Neuri Reinisch, fez a acolhida e falou da alegria de celebrar o dom da vida e da voca\u00e7\u00e3o de Frei Policarpo. Presentes na Santa Missa, que come\u00e7ou \u00e0s 10 horas, com transmiss\u00e3o pela TV Sudoeste, atrav\u00e9s do seu canal no Youtube, estavam os confrades de Frei Policarpo da Fraternidade e das cidades vizinhas.<\/p>\n<p><img loading=\"lazy\" class=\"alignnone wp-image-227235 size-full\" src=\"https:\/\/franciscanos.org.br\/noticias\/wp-content\/uploads\/2020\/07\/berri_2507_1.jpg\" alt=\"\" width=\"1280\" height=\"720\" srcset=\"https:\/\/franciscanos.org.br\/noticias\/wp-content\/uploads\/2020\/07\/berri_2507_1.jpg 1280w, https:\/\/franciscanos.org.br\/noticias\/wp-content\/uploads\/2020\/07\/berri_2507_1-450x253.jpg 450w, https:\/\/franciscanos.org.br\/noticias\/wp-content\/uploads\/2020\/07\/berri_2507_1-1024x576.jpg 1024w, https:\/\/franciscanos.org.br\/noticias\/wp-content\/uploads\/2020\/07\/berri_2507_1-768x432.jpg 768w, https:\/\/franciscanos.org.br\/noticias\/wp-content\/uploads\/2020\/07\/berri_2507_1-150x84.jpg 150w\" sizes=\"(max-width: 1280px) 100vw, 1280px\" \/><\/p>\n<p>Ainda neste m\u00eas, Frei Policarpo, que \u00e9 natural de Rodeio (SC), completou 96 anos de vida. Sua vida caminhada vocacional come\u00e7ou aos 11 anos no Semin\u00e1rio de Rio Negro, no Paran\u00e1. In\u00e1cio, seu nome de batismo, tornou-se novi\u00e7o aos 19 anos, em sua cidade natal, ingressando na Ordem dos Frades Menores no dia 20 de dezembro de 1943. Em seguida, estudou Filosofia em Curitiba (PR) e Teologia em Petr\u00f3polis (RJ). Fez a Profiss\u00e3o Solene no dia 21 de dezembro de 1947 e foi ordenado sacerdote no dia 25 de julho de 1950, passando a ser chamado de Frei Policarpo.<\/p>\n<p>O frade \u00e9 um dos 11 filhos de Mel\u00e2nia e F\u00e9lix Berri. Depois de uma breve passagem pela cidade de Niter\u00f3i, no Rio de Janeiro, foi transferido para a cidade de Francisco Beltr\u00e3o (PR). E depois, com 32 anos de idade, em 1956, mudou-se para Pato Branco, onde permanece por 64 anos.<\/p>\n<p>&#8220;Ao acolher o chamado de Deus para a vida franciscana e sacerdotal, Frei Policarpo \u00e9 como que um luminar, um referencial para todos n\u00f3s, sacerdotes franciscanos, para todos n\u00f3s, povo de Deus, que rendemos gra\u00e7as a ele neste dia&#8221;, disse Frei C\u00e9sar na sua homilia.<\/p>\n<p><img loading=\"lazy\" class=\"alignnone size-full wp-image-227236\" src=\"https:\/\/franciscanos.org.br\/noticias\/wp-content\/uploads\/2020\/07\/berri_2507_2.jpg\" alt=\"\" width=\"1280\" height=\"723\" srcset=\"https:\/\/franciscanos.org.br\/noticias\/wp-content\/uploads\/2020\/07\/berri_2507_2.jpg 1280w, https:\/\/franciscanos.org.br\/noticias\/wp-content\/uploads\/2020\/07\/berri_2507_2-450x254.jpg 450w, https:\/\/franciscanos.org.br\/noticias\/wp-content\/uploads\/2020\/07\/berri_2507_2-1024x578.jpg 1024w, https:\/\/franciscanos.org.br\/noticias\/wp-content\/uploads\/2020\/07\/berri_2507_2-768x434.jpg 768w, https:\/\/franciscanos.org.br\/noticias\/wp-content\/uploads\/2020\/07\/berri_2507_2-150x85.jpg 150w\" sizes=\"(max-width: 1280px) 100vw, 1280px\" \/><\/p>\n<p>&#8220;Por esta consagra\u00e7\u00e3o, por esta voca\u00e7\u00e3o, n\u00f3s podemos dizer que Frei Policarpo se tornou um homem novo, porque acima de tudo, se a voca\u00e7\u00e3o \u00e9 dada por Deus, \u00e9 um envio, um mandato do pr\u00f3prio Cristo, ela \u00e9 um revestir-se do pr\u00f3prio Cristo. \u00c9 ele o grande modelo de servi\u00e7o, de consagra\u00e7\u00e3o. Ele \u00e9 o verdadeiro sacerdote que se entregou por n\u00f3s todos&#8221;, acrescentou.<\/p>\n<p>Segundo o Ministro, esse testemunho, com esse luminar de conforma\u00e7\u00e3o de consagra\u00e7\u00e3o ao pr\u00f3prio Cristo, n\u00e3o aconteceu de uma hora para outra, mas foi crescendo nesta ades\u00e3o ao pr\u00f3prio Cristo, nesta resposta fiel aos p\u00e9s do Senhor. &#8220;Quem convive mais com ele, quem est\u00e1 mais pr\u00f3ximo dele, sabe que \u00e9 uma pessoa reservada porque ele tem o cora\u00e7\u00e3o tamb\u00e9m voltado para o Senhor. \u00c9 do Senhor que ele aprendeu a amar, como o Senhor mesmo nos ama e a servir aqueles que mais precisam desse mesmo amor&#8221;, observou Frei C\u00e9sar.<\/p>\n<p><img loading=\"lazy\" class=\"alignnone size-full wp-image-227237\" src=\"https:\/\/franciscanos.org.br\/noticias\/wp-content\/uploads\/2020\/07\/berri_2507_3.jpg\" alt=\"\" width=\"1280\" height=\"720\" srcset=\"https:\/\/franciscanos.org.br\/noticias\/wp-content\/uploads\/2020\/07\/berri_2507_3.jpg 1280w, https:\/\/franciscanos.org.br\/noticias\/wp-content\/uploads\/2020\/07\/berri_2507_3-450x253.jpg 450w, https:\/\/franciscanos.org.br\/noticias\/wp-content\/uploads\/2020\/07\/berri_2507_3-1024x576.jpg 1024w, https:\/\/franciscanos.org.br\/noticias\/wp-content\/uploads\/2020\/07\/berri_2507_3-768x432.jpg 768w, https:\/\/franciscanos.org.br\/noticias\/wp-content\/uploads\/2020\/07\/berri_2507_3-150x84.jpg 150w\" sizes=\"(max-width: 1280px) 100vw, 1280px\" \/><\/p>\n<p>Para Frei C\u00e9sar, a fidelidade do consagrado, que parte desse voltar-se para o Senhor numa vida de contempla\u00e7\u00e3o e de ora\u00e7\u00e3o, faz-se servi\u00e7o aos doentes, aos aflitos, aos mais pobres, \u00e0queles que buscam a reconcilia\u00e7\u00e3o com Deus e com os irm\u00e3os.<\/p>\n<p>&#8220;E o Frei Policarpo n\u00e3o \u00e9 um homem, assim, de arroubos entusiasmados. A gente o conhece justamente por este modo reservado, discreto, e assim viveu a sua vida e o seu servi\u00e7o e assim continua a sua entrega. Justamente desse modo \u00e9 um servi\u00e7o duradouro; n\u00e3o \u00e9 um entusiasmo passageiro&#8221;, constata o Ministro Provincial.<\/p>\n<p>&#8220;Como homem de ora\u00e7\u00e3o, de contempla\u00e7\u00e3o, transmite para a pessoa com quem convive, a quem ele serve, um pouco dessa face de Deus. E isso que encanta no Frei Policarpo. \u00c9 isso que leva tanta gente a busc\u00e1-lo pelos mais diferentes motivos, mas talvez para sentir um pouquinho mais dessa face de Deus que quer chegar a cada um de n\u00f3s. Dessa face de Deus que se volta para todos com aten\u00e7\u00e3o e cuidado. Por isso, ele tem sempre uma palavra r\u00e1pida de est\u00edmulo, de anima\u00e7\u00e3o e uma b\u00ean\u00e7\u00e3o para cada pessoa que chega \u00e0 sua presen\u00e7a&#8221;, continuou Frei C\u00e9sar.<\/p>\n<p>Fazendo refer\u00eancia ao salmo cantado na liturgia, disse que a grande heran\u00e7a que temos \u00e9 o pr\u00f3prio Senhor. &#8220;Esse Senhor que se faz ref\u00fagio, que se d\u00e1 em conselho como inspira\u00e7\u00e3o e como motivo de profunda alegria. E \u00e9 tudo isso que significa o servi\u00e7o sacerdotal de Frei Policarpo, seguindo justamente essa l\u00f3gica de tornar-se revela\u00e7\u00e3o dessa face amorosa, cuidadora do nosso Deus&#8221;, assinalou.<\/p>\n<p><img loading=\"lazy\" class=\"alignnone size-full wp-image-227238\" src=\"https:\/\/franciscanos.org.br\/noticias\/wp-content\/uploads\/2020\/07\/berri_2507_4.jpg\" alt=\"\" width=\"1280\" height=\"720\" srcset=\"https:\/\/franciscanos.org.br\/noticias\/wp-content\/uploads\/2020\/07\/berri_2507_4.jpg 1280w, https:\/\/franciscanos.org.br\/noticias\/wp-content\/uploads\/2020\/07\/berri_2507_4-450x253.jpg 450w, https:\/\/franciscanos.org.br\/noticias\/wp-content\/uploads\/2020\/07\/berri_2507_4-1024x576.jpg 1024w, https:\/\/franciscanos.org.br\/noticias\/wp-content\/uploads\/2020\/07\/berri_2507_4-768x432.jpg 768w, https:\/\/franciscanos.org.br\/noticias\/wp-content\/uploads\/2020\/07\/berri_2507_4-150x84.jpg 150w\" sizes=\"(max-width: 1280px) 100vw, 1280px\" \/><\/p>\n<p>Frei C\u00e9sar destacou uma caracter\u00edstica bem peculiar do Frei Policarpo: a sua b\u00ean\u00e7\u00e3o, buscada por tanta gente. &#8220;Ele faz com muita fidelidade e aten\u00e7\u00e3o, mas de uma forma bastante r\u00e1pida, porque a b\u00ean\u00e7\u00e3o \u00e9 sempre dada pelo Senhor. E Frei Policarpo nos ensina isso. N\u00e3o \u00e9 b\u00ean\u00e7\u00e3o do padre, n\u00e3o \u00e9 a b\u00ean\u00e7\u00e3o do Frei Policarpo, mas \u00e9 a b\u00ean\u00e7\u00e3o de Deus a quem ele serve, a quem ele ministra. A b\u00ean\u00e7\u00e3o dada por Deus. A miss\u00e3o do sacerdote \u00e9 justamente aben\u00e7oar. A grande miss\u00e3o de cada padre \u00e9 de sempre aben\u00e7oar&#8221;, exortou.<\/p>\n<p>Segundo o celebrante, todos n\u00f3s devemos pedir sempre as b\u00ean\u00e7\u00e3os de Deus. &#8220;E \u00e9 bonito quando os pais, as pessoas mais velhas, fazem isso a seus filhos e a todas as pessoas, mas \u00e9 miss\u00e3o do sacerdote transmitir essa a\u00e7\u00e3o, esse cuidado que vem da parte de Deus&#8221;, observou.<\/p>\n<p>&#8220;Por isso, Frei Policarpo, hoje n\u00f3s queremos agradecer a Deus e tamb\u00e9m agradecer ao sr. por essa heran\u00e7a que continua nos dando, por esse testemunho que deixa para cada um de n\u00f3s&#8221;, disse.<\/p>\n<p><img loading=\"lazy\" class=\"alignnone size-full wp-image-227239\" src=\"https:\/\/franciscanos.org.br\/noticias\/wp-content\/uploads\/2020\/07\/berri_2507_5.jpg\" alt=\"\" width=\"1250\" height=\"703\" srcset=\"https:\/\/franciscanos.org.br\/noticias\/wp-content\/uploads\/2020\/07\/berri_2507_5.jpg 1250w, https:\/\/franciscanos.org.br\/noticias\/wp-content\/uploads\/2020\/07\/berri_2507_5-450x253.jpg 450w, https:\/\/franciscanos.org.br\/noticias\/wp-content\/uploads\/2020\/07\/berri_2507_5-1024x576.jpg 1024w, https:\/\/franciscanos.org.br\/noticias\/wp-content\/uploads\/2020\/07\/berri_2507_5-768x432.jpg 768w, https:\/\/franciscanos.org.br\/noticias\/wp-content\/uploads\/2020\/07\/berri_2507_5-150x84.jpg 150w\" sizes=\"(max-width: 1250px) 100vw, 1250px\" \/><\/p>\n<p>Frei C\u00e9sar lembrou que em 64 anos de sua caminhada &#8211; e de modo especial em Pato Branco e nesta regi\u00e3o &#8211; foram muitas realiza\u00e7\u00f5es. Frei Policarpo foi tamb\u00e9m um dos idealizadores da Rede Celinauta de Comunica\u00e7\u00e3o, e batalhou pela aquisi\u00e7\u00e3o da r\u00e1dio FM e pela concess\u00e3o do canal de televis\u00e3o da rede. Com sua participa\u00e7\u00e3o, hoje a rede Celinauta \u00e9 o maior grupo de comunica\u00e7\u00e3o sob a coordena\u00e7\u00e3o da Prov\u00edncia Franciscana da Imaculada Concei\u00e7\u00e3o no pa\u00eds, e \u00e9 composta pelas r\u00e1dios Celinauta AM e Movimento FM e pela TV Sudoeste. &#8220;Eu pude verificar nas fichas que est\u00e3o na Sede Provincial que o Frei Policarpo, cada vez que consultado se um dia aceitaria sair de Pato Branco ou transferir para outra miss\u00e3o, ele sempre disse &#8216;sim&#8217;, que estaria dispon\u00edvel, mas pela gra\u00e7a de Deus p\u00f4de continuar e realizar tanta coisa importante aqui. O importante \u00e9 esta generosidade de buscar realizar, a cada dia, aquilo que \u00e9 da vontade do Senhor. E por isso tantas coisas bonitas aconteceram para esta regi\u00e3o&#8221;, celebrou Frei C\u00e9sar.<\/p>\n<p>&#8220;Acima de tudo, hoje, queremos agradecer a Frei Policarpo por esse testemunho de vida e queremos pedir a seus confrades, ao povo de Deus, de Pato Branco e da pr\u00f3pria regi\u00e3o, que j\u00e1 p\u00f4de contar com sua entrega, com seu servi\u00e7o, que Deus o aben\u00e7oe sempre mais, para que tamb\u00e9m n\u00f3s possamos celebrar muitas vezes a sua vida, a sua voca\u00e7\u00e3o e este servi\u00e7o sacerdotal que hoje celebramos de modo especial. Que n\u00f3s possamos celebrar esse dom que \u00e9 a sua vida para todos n\u00f3s. Tanto como Prov\u00edncia, como a Fraternidade de Pato Branco, como a Par\u00f3quia de S\u00e3o Pedro, como todo o servi\u00e7o de comunica\u00e7\u00e3o, t\u00e3o expressivo nesta cidade, mas tamb\u00e9m como povo e sociedade de Pato Branco e regi\u00e3o. Parab\u00e9ns pelos 70 anos de servi\u00e7o e que, a partir de sua b\u00ean\u00e7\u00e3o e que se torna b\u00ean\u00e7\u00e3o para todos n\u00f3s que participamos de sua vida, sejamos tamb\u00e9m aben\u00e7oados&#8221;, completou o Ministro Provincial.<\/p>\n<p>&nbsp;<\/p>\n<p><img loading=\"lazy\" class=\"alignnone size-full wp-image-227241\" src=\"https:\/\/franciscanos.org.br\/noticias\/wp-content\/uploads\/2020\/07\/berri_2507_7.jpg\" alt=\"\" width=\"1280\" height=\"720\" srcset=\"https:\/\/franciscanos.org.br\/noticias\/wp-content\/uploads\/2020\/07\/berri_2507_7.jpg 1280w, https:\/\/franciscanos.org.br\/noticias\/wp-content\/uploads\/2020\/07\/berri_2507_7-450x253.jpg 450w, https:\/\/franciscanos.org.br\/noticias\/wp-content\/uploads\/2020\/07\/berri_2507_7-1024x576.jpg 1024w, https:\/\/franciscanos.org.br\/noticias\/wp-content\/uploads\/2020\/07\/berri_2507_7-768x432.jpg 768w, https:\/\/franciscanos.org.br\/noticias\/wp-content\/uploads\/2020\/07\/berri_2507_7-150x84.jpg 150w\" sizes=\"(max-width: 1280px) 100vw, 1280px\" \/><\/p>\n<p><strong>MAIS HOMENAGENS E AGRADECIMENTOS<\/strong><\/p>\n<p>Frei Policarpo foi homenageado pelos fi\u00e9is durante a a\u00e7\u00e3o de gra\u00e7as. Foram colocados no altar alguns s\u00edmbolos que fazem parte da vida do frade: estola, ter\u00e7o, h\u00e1bito, a imagem da Imaculada Concei\u00e7\u00e3o, livros, c\u00e2mera, r\u00e1dio e sapatos. Segundo Frei Neuri, os s\u00edmbolos representam o minist\u00e9rio de Frei Policarpo. &#8220;Nossa Fraternidade Provincial, a nossa Fraternidade de Pato Branco, o nosso Regional, a Par\u00f3quia, est\u00e3o contentes pela sua vida, pelo seu minist\u00e9rio&#8221;, disse, garantindo que, na Festa de S\u00e3o Francisco, haver\u00e1 uma grande celebra\u00e7\u00e3o com a presen\u00e7a do povo de Deus.<\/p>\n<p>&#8220;Quando a gente se encontra com Frei Policarpo, nos chamam muita aten\u00e7\u00e3o suas m\u00e3os que aben\u00e7oam. Mas foram trazidos aqui \u00e0 frente os sapatos de Frei Policarpo, e eu me pergunto e fico imaginando em quantos lugares Frei Policarpo andou, em quantas casas entrou, em quantos quartos de hospitais visitou, em quantas fam\u00edlias ele levou a Palavra de Deus e quantas comunidades foram visitadas. Frei Policarpo, a nossa Par\u00f3quia S\u00e3o Pedro e a nossa Diocese t\u00eam as marcas de sua evangeliza\u00e7\u00e3o. O Senhor nos agraciou com o dom da voca\u00e7\u00e3o e o sr. espalhou muitas sementes por onde passou. Em nome da nossa Par\u00f3quia e\u00a0 nossas lideran\u00e7as, muito obrigado, porque o Senhor fez de ti um instrumento de paz e de bem&#8221;, agradeceu o p\u00e1roco Frei Alex Sandro Ciarnoscki.<\/p>\n<p><img loading=\"lazy\" class=\"alignnone size-full wp-image-227242\" src=\"https:\/\/franciscanos.org.br\/noticias\/wp-content\/uploads\/2020\/07\/berri_2507_8.jpg\" alt=\"\" width=\"1322\" height=\"744\" srcset=\"https:\/\/franciscanos.org.br\/noticias\/wp-content\/uploads\/2020\/07\/berri_2507_8.jpg 1322w, https:\/\/franciscanos.org.br\/noticias\/wp-content\/uploads\/2020\/07\/berri_2507_8-450x253.jpg 450w, https:\/\/franciscanos.org.br\/noticias\/wp-content\/uploads\/2020\/07\/berri_2507_8-1024x576.jpg 1024w, https:\/\/franciscanos.org.br\/noticias\/wp-content\/uploads\/2020\/07\/berri_2507_8-768x432.jpg 768w, https:\/\/franciscanos.org.br\/noticias\/wp-content\/uploads\/2020\/07\/berri_2507_8-150x84.jpg 150w\" sizes=\"(max-width: 1322px) 100vw, 1322px\" \/><\/p>\n<p>Dom Edgar Xavier Ertl, bispo da Diocese de Palmas\/Francisco Beltr\u00e3o, escreveu no &#8220;Di\u00e1rio do Sudoeste&#8221; a seguinte mensagem: &#8220;Em nome dos sacerdotes, di\u00e1conos, religiosas, seminaristas e do povo de Deus da Diocese de Palmas-Francisco Beltr\u00e3o, quero unir-me ao Frei Policarpo Berri pelos seus 96 anos completados, no dia 13 de julho de 2020, e pelos seus 70 anos de vida sacerdotal, em 25 de julho. Que b\u00ean\u00e7\u00e3o e gra\u00e7a \u00e0 Igreja pela vida deste frade franciscano, como servidor da boa semente do Reino de Nosso Senhor Jesus Cristo, que gra\u00e7a \u00e0 Diocese em t\u00ea-lo como presb\u00edtero por d\u00e9cadas. Cumprimentos pela vida em celebra\u00e7\u00e3o, caro Frei Policarpo, cujo seu nome significa \u2018o que produz muitos frutos\u2019! E os frutos que este homem consagrado a Deus, segundo os conselhos evang\u00e9licos e o carisma de S\u00e3o Francisco de Assis, produziu em favor das pessoas neste Sudoeste do Paran\u00e1 s\u00e3o imensur\u00e1veis, incalcul\u00e1veis! Deus sabe quantos e quais foram os frutos produzidos em sua seara! Deus seja louvado pelo Frei Policarpo que est\u00e1 passando pelo mundo e gerando frutos para o seu Reinado&#8221;.<\/p>\n<p>O homenageado ganhou um bolo de presente decorado com um boneco seu e o &#8220;Parab\u00e9ns a Voc\u00ea&#8221;. Ele, por sua vez, n\u00e3o economizou nos agradecimentos, a come\u00e7ar pelo Ministro Provincial que viajou para sua festa em meio \u00e0 pandemia. &#8220;Eu rezo em gratid\u00e3o por todos voc\u00eas&#8221;, disse, dando a b\u00ean\u00e7\u00e3o final.<\/p>\n<p><img loading=\"lazy\" class=\"alignnone size-full wp-image-227240\" src=\"https:\/\/franciscanos.org.br\/noticias\/wp-content\/uploads\/2020\/07\/berri_2507_6.jpg\" alt=\"\" width=\"1280\" height=\"720\" srcset=\"https:\/\/franciscanos.org.br\/noticias\/wp-content\/uploads\/2020\/07\/berri_2507_6.jpg 1280w, https:\/\/franciscanos.org.br\/noticias\/wp-content\/uploads\/2020\/07\/berri_2507_6-450x253.jpg 450w, https:\/\/franciscanos.org.br\/noticias\/wp-content\/uploads\/2020\/07\/berri_2507_6-1024x576.jpg 1024w, https:\/\/franciscanos.org.br\/noticias\/wp-content\/uploads\/2020\/07\/berri_2507_6-768x432.jpg 768w, https:\/\/franciscanos.org.br\/noticias\/wp-content\/uploads\/2020\/07\/berri_2507_6-150x84.jpg 150w\" sizes=\"(max-width: 1280px) 100vw, 1280px\" \/><\/p>\n","protected":false},"excerpt":{"rendered":"<p>70 anos de vida sacerdotal de Frei Policarpo Berri<\/p>\n","protected":false},"author":3,"featured_media":227243,"comment_status":"open","ping_status":"open","sticky":false,"template":"","format":"standard","meta":[],"categories":[1],"tags":[1751],"acf":[],"yoast_head":"<!-- This site is optimized with the Yoast SEO plugin v19.2 - https:\/\/yoast.com\/wordpress\/plugins\/seo\/ -->\n<title>Frei Policarpo Berri celebra 70 anos de sacerd\u00f3cio em Pato Branco - Not\u00edcias - Franciscanos<\/title>\n<meta name=\"robots\" content=\"index, follow, max-snippet:-1, max-image-preview:large, max-video-preview:-1\" \/>\n<link rel=\"canonical\" href=\"https:\/\/franciscanos.org.br\/noticias\/frei-policarpo-berri-celebra-70-anos-de-sacerdocio-em-pato-branco.html\" \/>\n<meta property=\"og:locale\" content=\"pt_BR\" \/>\n<meta property=\"og:type\" content=\"article\" \/>\n<meta property=\"og:title\" content=\"Frei Policarpo Berri celebra 70 anos de sacerd\u00f3cio em Pato Branco - Not\u00edcias - Franciscanos\" \/>\n<meta property=\"og:description\" content=\"70 anos de vida sacerdotal de Frei Policarpo Berri\" \/>\n<meta property=\"og:url\" content=\"https:\/\/franciscanos.org.br\/noticias\/frei-policarpo-berri-celebra-70-anos-de-sacerdocio-em-pato-branco.html\" \/>\n<meta property=\"og:site_name\" content=\"Not\u00edcias - Franciscanos\" \/>\n<meta property=\"article:published_time\" content=\"2020-07-25T16:47:22+00:00\" \/>\n<meta property=\"article:modified_time\" content=\"2020-07-25T20:37:09+00:00\" \/>\n<meta property=\"og:image\" content=\"https:\/\/franciscanos.org.br\/noticias\/wp-content\/uploads\/2020\/07\/berri_2507d.jpg\" \/>\n\t<meta property=\"og:image:width\" content=\"800\" \/>\n\t<meta property=\"og:image:height\" content=\"600\" \/>\n\t<meta property=\"og:image:type\" content=\"image\/jpeg\" \/>\n<meta name=\"author\" content=\"moacir\" \/>\n<meta name=\"twitter:card\" content=\"summary_large_image\" \/>\n<meta name=\"twitter:label1\" content=\"Escrito por\" \/>\n\t<meta name=\"twitter:data1\" content=\"moacir\" \/>\n\t<meta name=\"twitter:label2\" content=\"Est. tempo de leitura\" \/>\n\t<meta name=\"twitter:data2\" content=\"9 minutos\" \/>\n<script type=\"application\/ld+json\" class=\"yoast-schema-graph\">{\"@context\":\"https:\/\/schema.org\",\"@graph\":[{\"@type\":\"WebSite\",\"@id\":\"https:\/\/franciscanos.org.br\/noticias\/#website\",\"url\":\"https:\/\/franciscanos.org.br\/noticias\/\",\"name\":\"Not\u00edcias - Franciscanos\",\"description\":\"Prov\u00edncia Franciscana da Imaculada Concei\u00e7\u00e3o do Brasil - Ordem dos Frades Menores - OFM\",\"potentialAction\":[{\"@type\":\"SearchAction\",\"target\":{\"@type\":\"EntryPoint\",\"urlTemplate\":\"https:\/\/franciscanos.org.br\/noticias\/?s={search_term_string}\"},\"query-input\":\"required name=search_term_string\"}],\"inLanguage\":\"pt-BR\"},{\"@type\":\"ImageObject\",\"inLanguage\":\"pt-BR\",\"@id\":\"https:\/\/franciscanos.org.br\/noticias\/frei-policarpo-berri-celebra-70-anos-de-sacerdocio-em-pato-branco.html#primaryimage\",\"url\":\"https:\/\/franciscanos.org.br\/noticias\/wp-content\/uploads\/2020\/07\/berri_2507d.jpg\",\"contentUrl\":\"https:\/\/franciscanos.org.br\/noticias\/wp-content\/uploads\/2020\/07\/berri_2507d.jpg\",\"width\":800,\"height\":600},{\"@type\":\"WebPage\",\"@id\":\"https:\/\/franciscanos.org.br\/noticias\/frei-policarpo-berri-celebra-70-anos-de-sacerdocio-em-pato-branco.html#webpage\",\"url\":\"https:\/\/franciscanos.org.br\/noticias\/frei-policarpo-berri-celebra-70-anos-de-sacerdocio-em-pato-branco.html\",\"name\":\"Frei Policarpo Berri celebra 70 anos de sacerd\u00f3cio em Pato Branco - Not\u00edcias - Franciscanos\",\"isPartOf\":{\"@id\":\"https:\/\/franciscanos.org.br\/noticias\/#website\"},\"primaryImageOfPage\":{\"@id\":\"https:\/\/franciscanos.org.br\/noticias\/frei-policarpo-berri-celebra-70-anos-de-sacerdocio-em-pato-branco.html#primaryimage\"},\"datePublished\":\"2020-07-25T16:47:22+00:00\",\"dateModified\":\"2020-07-25T20:37:09+00:00\",\"author\":{\"@id\":\"https:\/\/franciscanos.org.br\/noticias\/#\/schema\/person\/b5c8cba458c330ccff548b056e95a5d4\"},\"breadcrumb\":{\"@id\":\"https:\/\/franciscanos.org.br\/noticias\/frei-policarpo-berri-celebra-70-anos-de-sacerdocio-em-pato-branco.html#breadcrumb\"},\"inLanguage\":\"pt-BR\",\"potentialAction\":[{\"@type\":\"ReadAction\",\"target\":[\"https:\/\/franciscanos.org.br\/noticias\/frei-policarpo-berri-celebra-70-anos-de-sacerdocio-em-pato-branco.html\"]}]},{\"@type\":\"BreadcrumbList\",\"@id\":\"https:\/\/franciscanos.org.br\/noticias\/frei-policarpo-berri-celebra-70-anos-de-sacerdocio-em-pato-branco.html#breadcrumb\",\"itemListElement\":[{\"@type\":\"ListItem\",\"position\":1,\"name\":\"Home\",\"item\":\"https:\/\/franciscanos.org.br\/noticias\"},{\"@type\":\"ListItem\",\"position\":2,\"name\":\"Frei Policarpo Berri celebra 70 anos de sacerd\u00f3cio em Pato Branco\"}]},{\"@type\":\"Person\",\"@id\":\"https:\/\/franciscanos.org.br\/noticias\/#\/schema\/person\/b5c8cba458c330ccff548b056e95a5d4\",\"name\":\"moacir\",\"image\":{\"@type\":\"ImageObject\",\"inLanguage\":\"pt-BR\",\"@id\":\"https:\/\/franciscanos.org.br\/noticias\/#\/schema\/person\/image\/\",\"url\":\"https:\/\/secure.gravatar.com\/avatar\/d08aa2ce4c8dd416d4479aa8536fcf64?s=96&d=mm&r=g\",\"contentUrl\":\"https:\/\/secure.gravatar.com\/avatar\/d08aa2ce4c8dd416d4479aa8536fcf64?s=96&d=mm&r=g\",\"caption\":\"moacir\"},\"url\":\"https:\/\/franciscanos.org.br\/noticias\/author\/moacir\"}]}<\/script>\n<!-- \/ Yoast SEO plugin. -->","yoast_head_json":{"title":"Frei Policarpo Berri celebra 70 anos de sacerd\u00f3cio em Pato Branco - Not\u00edcias - Franciscanos","robots":{"index":"index","follow":"follow","max-snippet":"max-snippet:-1","max-image-preview":"max-image-preview:large","max-video-preview":"max-video-preview:-1"},"canonical":"https:\/\/franciscanos.org.br\/noticias\/frei-policarpo-berri-celebra-70-anos-de-sacerdocio-em-pato-branco.html","og_locale":"pt_BR","og_type":"article","og_title":"Frei Policarpo Berri celebra 70 anos de sacerd\u00f3cio em Pato Branco - Not\u00edcias - Franciscanos","og_description":"70 anos de vida sacerdotal de Frei Policarpo Berri","og_url":"https:\/\/franciscanos.org.br\/noticias\/frei-policarpo-berri-celebra-70-anos-de-sacerdocio-em-pato-branco.html","og_site_name":"Not\u00edcias - Franciscanos","article_published_time":"2020-07-25T16:47:22+00:00","article_modified_time":"2020-07-25T20:37:09+00:00","og_image":[{"width":800,"height":600,"url":"https:\/\/franciscanos.org.br\/noticias\/wp-content\/uploads\/2020\/07\/berri_2507d.jpg","type":"image\/jpeg"}],"author":"moacir","twitter_card":"summary_large_image","twitter_misc":{"Escrito por":"moacir","Est. tempo de leitura":"9 minutos"},"schema":{"@context":"https:\/\/schema.org","@graph":[{"@type":"WebSite","@id":"https:\/\/franciscanos.org.br\/noticias\/#website","url":"https:\/\/franciscanos.org.br\/noticias\/","name":"Not\u00edcias - Franciscanos","description":"Prov\u00edncia Franciscana da Imaculada Concei\u00e7\u00e3o do Brasil - Ordem dos Frades Menores - OFM","potentialAction":[{"@type":"SearchAction","target":{"@type":"EntryPoint","urlTemplate":"https:\/\/franciscanos.org.br\/noticias\/?s={search_term_string}"},"query-input":"required name=search_term_string"}],"inLanguage":"pt-BR"},{"@type":"ImageObject","inLanguage":"pt-BR","@id":"https:\/\/franciscanos.org.br\/noticias\/frei-policarpo-berri-celebra-70-anos-de-sacerdocio-em-pato-branco.html#primaryimage","url":"https:\/\/franciscanos.org.br\/noticias\/wp-content\/uploads\/2020\/07\/berri_2507d.jpg","contentUrl":"https:\/\/franciscanos.org.br\/noticias\/wp-content\/uploads\/2020\/07\/berri_2507d.jpg","width":800,"height":600},{"@type":"WebPage","@id":"https:\/\/franciscanos.org.br\/noticias\/frei-policarpo-berri-celebra-70-anos-de-sacerdocio-em-pato-branco.html#webpage","url":"https:\/\/franciscanos.org.br\/noticias\/frei-policarpo-berri-celebra-70-anos-de-sacerdocio-em-pato-branco.html","name":"Frei Policarpo Berri celebra 70 anos de sacerd\u00f3cio em Pato Branco - Not\u00edcias - Franciscanos","isPartOf":{"@id":"https:\/\/franciscanos.org.br\/noticias\/#website"},"primaryImageOfPage":{"@id":"https:\/\/franciscanos.org.br\/noticias\/frei-policarpo-berri-celebra-70-anos-de-sacerdocio-em-pato-branco.html#primaryimage"},"datePublished":"2020-07-25T16:47:22+00:00","dateModified":"2020-07-25T20:37:09+00:00","author":{"@id":"https:\/\/franciscanos.org.br\/noticias\/#\/schema\/person\/b5c8cba458c330ccff548b056e95a5d4"},"breadcrumb":{"@id":"https:\/\/franciscanos.org.br\/noticias\/frei-policarpo-berri-celebra-70-anos-de-sacerdocio-em-pato-branco.html#breadcrumb"},"inLanguage":"pt-BR","potentialAction":[{"@type":"ReadAction","target":["https:\/\/franciscanos.org.br\/noticias\/frei-policarpo-berri-celebra-70-anos-de-sacerdocio-em-pato-branco.html"]}]},{"@type":"BreadcrumbList","@id":"https:\/\/franciscanos.org.br\/noticias\/frei-policarpo-berri-celebra-70-anos-de-sacerdocio-em-pato-branco.html#breadcrumb","itemListElement":[{"@type":"ListItem","position":1,"name":"Home","item":"https:\/\/franciscanos.org.br\/noticias"},{"@type":"ListItem","position":2,"name":"Frei Policarpo Berri celebra 70 anos de sacerd\u00f3cio em Pato Branco"}]},{"@type":"Person","@id":"https:\/\/franciscanos.org.br\/noticias\/#\/schema\/person\/b5c8cba458c330ccff548b056e95a5d4","name":"moacir","image":{"@type":"ImageObject","inLanguage":"pt-BR","@id":"https:\/\/franciscanos.org.br\/noticias\/#\/schema\/person\/image\/","url":"https:\/\/secure.gravatar.com\/avatar\/d08aa2ce4c8dd416d4479aa8536fcf64?s=96&d=mm&r=g","contentUrl":"https:\/\/secure.gravatar.com\/avatar\/d08aa2ce4c8dd416d4479aa8536fcf64?s=96&d=mm&r=g","caption":"moacir"},"url":"https:\/\/franciscanos.org.br\/noticias\/author\/moacir"}]}},"_links":{"self":[{"href":"https:\/\/franciscanos.org.br\/noticias\/wp-json\/wp\/v2\/posts\/227233"}],"collection":[{"href":"https:\/\/franciscanos.org.br\/noticias\/wp-json\/wp\/v2\/posts"}],"about":[{"href":"https:\/\/franciscanos.org.br\/noticias\/wp-json\/wp\/v2\/types\/post"}],"author":[{"embeddable":true,"href":"https:\/\/franciscanos.org.br\/noticias\/wp-json\/wp\/v2\/users\/3"}],"replies":[{"embeddable":true,"href":"https:\/\/franciscanos.org.br\/noticias\/wp-json\/wp\/v2\/comments?post=227233"}],"version-history":[{"count":2,"href":"https:\/\/franciscanos.org.br\/noticias\/wp-json\/wp\/v2\/posts\/227233\/revisions"}],"predecessor-version":[{"id":227245,"href":"https:\/\/franciscanos.org.br\/noticias\/wp-json\/wp\/v2\/posts\/227233\/revisions\/227245"}],"wp:featuredmedia":[{"embeddable":true,"href":"https:\/\/franciscanos.org.br\/noticias\/wp-json\/wp\/v2\/media\/227243"}],"wp:attachment":[{"href":"https:\/\/franciscanos.org.br\/noticias\/wp-json\/wp\/v2\/media?parent=227233"}],"wp:term":[{"taxonomy":"category","embeddable":true,"href":"https:\/\/franciscanos.org.br\/noticias\/wp-json\/wp\/v2\/categories?post=227233"},{"taxonomy":"post_tag","embeddable":true,"href":"https:\/\/franciscanos.org.br\/noticias\/wp-json\/wp\/v2\/tags?post=227233"}],"curies":[{"name":"wp","href":"https:\/\/api.w.org\/{rel}","templated":true}]}}