{"id":227181,"date":"2020-07-19T08:36:48","date_gmt":"2020-07-19T11:36:48","guid":{"rendered":"https:\/\/franciscanos.org.br\/noticias\/?p=227181"},"modified":"2020-07-19T08:36:48","modified_gmt":"2020-07-19T11:36:48","slug":"papa-colabora-com-deus-quem-reconhece-o-bem-que-cresce-silenciosamente","status":"publish","type":"post","link":"https:\/\/franciscanos.org.br\/noticias\/papa-colabora-com-deus-quem-reconhece-o-bem-que-cresce-silenciosamente.html","title":{"rendered":"Papa: &#8220;Colabora com Deus quem reconhece o bem que cresce silenciosamente&#8221;"},"content":{"rendered":"<p><img loading=\"lazy\" class=\"alignnone size-full wp-image-227182\" src=\"https:\/\/franciscanos.org.br\/noticias\/wp-content\/uploads\/2020\/07\/angelus_1907.jpg\" alt=\"\" width=\"1280\" height=\"720\" srcset=\"https:\/\/franciscanos.org.br\/noticias\/wp-content\/uploads\/2020\/07\/angelus_1907.jpg 1280w, https:\/\/franciscanos.org.br\/noticias\/wp-content\/uploads\/2020\/07\/angelus_1907-450x253.jpg 450w, https:\/\/franciscanos.org.br\/noticias\/wp-content\/uploads\/2020\/07\/angelus_1907-1024x576.jpg 1024w, https:\/\/franciscanos.org.br\/noticias\/wp-content\/uploads\/2020\/07\/angelus_1907-768x432.jpg 768w, https:\/\/franciscanos.org.br\/noticias\/wp-content\/uploads\/2020\/07\/angelus_1907-150x84.jpg 150w\" sizes=\"(max-width: 1280px) 100vw, 1280px\" \/><br \/>\n<strong>Cidade do Vaticano<\/strong> &#8211; A paci\u00eancia de Deus, representada pelo propriet\u00e1rio do campo que tem seu olhar fixo no bom trigo, nos foi proposta pelo Papa como exemplo do agir crist\u00e3o e abre nosso cora\u00e7\u00e3o \u00e0 esperan\u00e7a. \u201cSuportar as persegui\u00e7\u00f5es e as hostilidades faz parte da voca\u00e7\u00e3o crist\u00e3\u201d, disse Francisco &#8211; e colaboram bem com Deus \u201caqueles que sabem reconhecer o bem que cresce silenciosamente no campo da Igreja e da hist\u00f3ria, cultivando-o at\u00e9 a matura\u00e7\u00e3o. E ent\u00e3o ser\u00e1 Deus, e somente Ele, a recompensar os bons e punir os malvados.<\/p>\n<p>A Par\u00e1bola do Joio, descrita no Evangelho de Mateus, inspirou a alocu\u00e7\u00e3o do Santo Padre neste XVI Domingo do Tempo Comum, antes de rezar o Angelus com os fi\u00e9is reunidos na Pra\u00e7a S\u00e3o Pedro, em maior n\u00famero que nos domingos precedentes, visto o constante aumento de turistas e peregrinos em Roma ap\u00f3s a abertura das fronteiras entre os pa\u00edses da Uni\u00e3o Europeia em 1\u00ba de julho.<\/p>\n<p>Na Par\u00e1bola, Jesus conta que no campo onde foi semeado um bom trigo, surgem ervas daninhas. &#8220;Entre n\u00f3s &#8211; disse o Papa saindo do texto escrito &#8211; podemos dizer que tamb\u00e9m hoje o solo \u00e9 devastado por tantos herbicidas e pesticidas, que no tamb\u00e9m fazem mal quer \u00e0s ervas, como \u00e0 terra e \u00e0 sa\u00fade. Mas isso, entre par\u00eanteses&#8221;.<\/p>\n<p>Os servidores ent\u00e3o &#8211; continuou Francisco &#8211; foram at\u00e9 o propriet\u00e1rio perguntar de onde veio o joio: \u201cFoi o inimigo que fez isso\u201d, respondeu. Os servidores quiseram imediatamente limpar o campo, mas foram advertidos pelo propriet\u00e1rio de que havia o risco de tamb\u00e9m o trigo ser arrancado junto com as ervas daninhas. Assim, \u201c\u00e9 preciso esperar o momento da colheita: somente ent\u00e3o ser\u00e3o separadas e o joio ser\u00e1 queimado\u201d.<\/p>\n<p>O Papa explica que esta \u00e9 &#8220;uma hist\u00f3ria de bom senso. Pode-se ler nesta par\u00e1bola uma vis\u00e3o da hist\u00f3ria. Ao lado de Deus &#8211; o dono do campo &#8211; que semeia sempre e somente boa semente, h\u00e1 um advers\u00e1rio, que espalha o joio para impedir o crescimento do trigo\u201d: O propriet\u00e1rio age abertamente, \u00e0 luz do sol, e seu objetivo \u00e9 uma boa colheita; o outro, o advers\u00e1rio, no entanto, tira proveito da escurid\u00e3o da noite e trabalha por inveja, por hostilidade, para arruinar tudo. O advers\u00e1rio tem um nome, o advers\u00e1rio ao qual se refere Jesus tem um nome: \u00e9 o diabo, o opositor por excel\u00eancia de Deus. Sua inten\u00e7\u00e3o \u00e9 atrapalhar a obra da salva\u00e7\u00e3o, fazer com que o Reino de Deus seja obstaculizado por oper\u00e1rios in\u00edquos, semeadores de esc\u00e2ndalos. De fato, a boa semente e o joio representam, n\u00e3o o bem e o mal abstratamente, n\u00e3o, mas n\u00f3s seres humanos, que podemos seguir a Deus ou ao diabo.<\/p>\n<p>Tantas vezes, observou o Papa, ouvimos que uma fam\u00edlia vivia em paz, depois come\u00e7aram as guerras, as invejas. Um bairro vivia em paz, depois come\u00e7aram coisas ruins: \u201cE n\u00f3s nos acostumamos a dizer: &#8216;Eh, algu\u00e9m veio ali semear ciz\u00e2nia&#8217;, ou &#8216;esta pessoa da fam\u00edlia, com as fofocas, semeia ciz\u00e2nia&#8217;. \u00c9 sempre semear o mal que destr\u00f3i. E isso \u00e9 sempre o diabo que faz, ou a nossa tenta\u00e7\u00e3o,quando ca\u00edmos na tenta\u00e7\u00e3o de fofocar para destruir os outros\u201d.<\/p>\n<p><img loading=\"lazy\" class=\"alignnone size-full wp-image-227184\" src=\"https:\/\/franciscanos.org.br\/noticias\/wp-content\/uploads\/2020\/07\/angelus_1907_1.jpg\" alt=\"\" width=\"1280\" height=\"720\" srcset=\"https:\/\/franciscanos.org.br\/noticias\/wp-content\/uploads\/2020\/07\/angelus_1907_1.jpg 1280w, https:\/\/franciscanos.org.br\/noticias\/wp-content\/uploads\/2020\/07\/angelus_1907_1-450x253.jpg 450w, https:\/\/franciscanos.org.br\/noticias\/wp-content\/uploads\/2020\/07\/angelus_1907_1-1024x576.jpg 1024w, https:\/\/franciscanos.org.br\/noticias\/wp-content\/uploads\/2020\/07\/angelus_1907_1-768x432.jpg 768w, https:\/\/franciscanos.org.br\/noticias\/wp-content\/uploads\/2020\/07\/angelus_1907_1-150x84.jpg 150w\" sizes=\"(max-width: 1280px) 100vw, 1280px\" \/><\/p>\n<p>A inten\u00e7\u00e3o dos servidores \u2013 diz Francisco &#8211; \u00e9 eliminar imediatamente o mal, isto \u00e9, as pessoas m\u00e1s, \u201cmas o propriet\u00e1rio \u00e9 mais s\u00e1bio, v\u00ea mais longe: eles devem saber esperar, porque suportar as persegui\u00e7\u00f5es e as hostilidades faz parte da voca\u00e7\u00e3o crist\u00e3\u201d: O mal, certamente, deve ser rejeitado, mas os malvados s\u00e3o pessoas com as quais \u00e9 preciso ter paci\u00eancia. N\u00e3o se trata daquela toler\u00e2ncia hip\u00f3crita que oculta ambiguidade, mas da justi\u00e7a mitigada pela miseric\u00f3rdia. Se Jesus veio buscar os pecadores mais que os justos, curar os enfermos antes ainda que os saud\u00e1veis, tamb\u00e9m a a\u00e7\u00e3o de n\u00f3s, seus disc\u00edpulos, deve ser dirigida para n\u00e3o eliminar os malvados, mas para salv\u00e1-los. E nisso, a paci\u00eancia. \u201cSuportar as persegui\u00e7\u00f5es e as hostilidades faz parte da voca\u00e7\u00e3o crist\u00e3\u201d, disse.<\/p>\n<p>\u201cOs servidores querem um campo sem ervas daninhas, o propriet\u00e1rio um bom trigo\u201d, observa o Pont\u00edfice. Assim, o Evangelho do dia \u201capresenta duas maneiras de agir e viver a hist\u00f3ria: por um lado, o olhar do patr\u00e3o, que v\u00ea longe; por outro, o olhar dos servidores, que veem o problema\u201d: O Senhor nos convida a assumir seu pr\u00f3prio olhar, o que se fixa no bom trigo, que sabe proteg\u00ea-lo mesmo entre as ervas daninhas. Aqueles que buscam os limites e defeitos de outros n\u00e3o colaboram bem com Deus, mas sim aqueles que sabem reconhecer o bem que cresce silenciosamente no campo da Igreja e da hist\u00f3ria, cultivando-o at\u00e9 a matura\u00e7\u00e3o. E ent\u00e3o ser\u00e1 Deus, e somente Ele, a recompensar os bons e punir os malvados. \u201cSer\u00e1 Deus, e somente Ele, a recompensar os bons e punir os malvados\u201d, acrescentou.<\/p>\n<p>Que a Virgem Maria &#8211; disse o Santo Padre ao concluir &#8211; nos ajude a entender e imitar a paci\u00eancia de Deus, que deseja que nenhum de seus filhos se perca, a quem Ele ama com o amor do Pai.<\/p>\n<h3>Papa pede solu\u00e7\u00e3o pac\u00edfica e duradoura para conflito no C\u00e1ucaso<\/h3>\n<p>Ap\u00f3s rezar o Angelus com os fi\u00e9is reunidos na Pra\u00e7a S\u00e3o Pedro, o Papa demonstrou mais uma vez sua preocupa\u00e7\u00e3o com \u201ca pandemia n\u00e3o mostra sinais de parar\u201d, assegurando sua \u201cproximidade com os que est\u00e3o enfrentando a doen\u00e7a e suas consequ\u00eancias econ\u00f4micas e sociais\u201d e reiterando o apelo por um cessar-fogo global: Meus pensamentos v\u00e3o especialmente para aquelas popula\u00e7\u00f5es, cujos sofrimentos s\u00e3o agravados por situa\u00e7\u00f5es de conflito. Com base em uma recente resolu\u00e7\u00e3o do Conselho de Seguran\u00e7a das Na\u00e7\u00f5es Unidas, renovo o apelo por um cessar-fogo global e imediato, que permita a paz e a seguran\u00e7a essenciais para fornecer a assist\u00eancia humanit\u00e1ria necess\u00e1ria.<\/p>\n<p>O Papa fez refer\u00eancia, em particular, ao aumento das tens\u00f5es no C\u00e1ucaso entre Arm\u00eania e Azerbaij\u00e3o: Em particular, acompanho com preocupa\u00e7\u00e3o o aumento nos \u00faltimos dias das tens\u00f5es armadas na regi\u00e3o do C\u00e1ucaso, entre a Arm\u00eania e o Azerbaij\u00e3o. Enquanto asseguro minhas ora\u00e7\u00f5es pelas fam\u00edlias daqueles que perderam a vida durante os confrontos, fa\u00e7o votos que, com o esfor\u00e7o da comunidade internacional e por meio do di\u00e1logo e da boa vontade das partes, se possa alcan\u00e7ar uma solu\u00e7\u00e3o pac\u00edfica duradoura, que tenha no cora\u00e7\u00e3o o bem daquelas amadas popula\u00e7\u00f5es.<\/p>\n<hr \/>\n<p><em>Fonte: Vatican News<\/em><\/p>\n","protected":false},"excerpt":{"rendered":"<p>Angelus<\/p>\n","protected":false},"author":3,"featured_media":227183,"comment_status":"open","ping_status":"open","sticky":false,"template":"","format":"standard","meta":[],"categories":[1428],"tags":[403],"acf":[],"yoast_head":"<!-- This site is optimized with the Yoast SEO plugin v19.2 - https:\/\/yoast.com\/wordpress\/plugins\/seo\/ -->\n<title>Papa: &quot;Colabora com Deus quem reconhece o bem que cresce silenciosamente&quot; - Not\u00edcias - Franciscanos<\/title>\n<meta name=\"robots\" content=\"index, follow, max-snippet:-1, max-image-preview:large, max-video-preview:-1\" \/>\n<link rel=\"canonical\" href=\"https:\/\/franciscanos.org.br\/noticias\/papa-colabora-com-deus-quem-reconhece-o-bem-que-cresce-silenciosamente.html\" \/>\n<meta property=\"og:locale\" content=\"pt_BR\" \/>\n<meta property=\"og:type\" content=\"article\" \/>\n<meta property=\"og:title\" content=\"Papa: &quot;Colabora com Deus quem reconhece o bem que cresce silenciosamente&quot; - Not\u00edcias - Franciscanos\" \/>\n<meta property=\"og:description\" content=\"Angelus\" \/>\n<meta property=\"og:url\" content=\"https:\/\/franciscanos.org.br\/noticias\/papa-colabora-com-deus-quem-reconhece-o-bem-que-cresce-silenciosamente.html\" \/>\n<meta property=\"og:site_name\" content=\"Not\u00edcias - Franciscanos\" \/>\n<meta property=\"article:published_time\" content=\"2020-07-19T11:36:48+00:00\" \/>\n<meta property=\"og:image\" content=\"https:\/\/franciscanos.org.br\/noticias\/wp-content\/uploads\/2020\/07\/aangelus_d.jpg\" \/>\n\t<meta property=\"og:image:width\" content=\"800\" \/>\n\t<meta property=\"og:image:height\" content=\"600\" \/>\n\t<meta property=\"og:image:type\" content=\"image\/jpeg\" \/>\n<meta name=\"author\" content=\"moacir\" \/>\n<meta name=\"twitter:card\" content=\"summary_large_image\" \/>\n<meta name=\"twitter:label1\" content=\"Escrito por\" \/>\n\t<meta name=\"twitter:data1\" content=\"moacir\" \/>\n\t<meta name=\"twitter:label2\" content=\"Est. tempo de leitura\" \/>\n\t<meta name=\"twitter:data2\" content=\"6 minutos\" \/>\n<script type=\"application\/ld+json\" class=\"yoast-schema-graph\">{\"@context\":\"https:\/\/schema.org\",\"@graph\":[{\"@type\":\"WebSite\",\"@id\":\"https:\/\/franciscanos.org.br\/noticias\/#website\",\"url\":\"https:\/\/franciscanos.org.br\/noticias\/\",\"name\":\"Not\u00edcias - Franciscanos\",\"description\":\"Prov\u00edncia Franciscana da Imaculada Concei\u00e7\u00e3o do Brasil - Ordem dos Frades Menores - OFM\",\"potentialAction\":[{\"@type\":\"SearchAction\",\"target\":{\"@type\":\"EntryPoint\",\"urlTemplate\":\"https:\/\/franciscanos.org.br\/noticias\/?s={search_term_string}\"},\"query-input\":\"required name=search_term_string\"}],\"inLanguage\":\"pt-BR\"},{\"@type\":\"ImageObject\",\"inLanguage\":\"pt-BR\",\"@id\":\"https:\/\/franciscanos.org.br\/noticias\/papa-colabora-com-deus-quem-reconhece-o-bem-que-cresce-silenciosamente.html#primaryimage\",\"url\":\"https:\/\/franciscanos.org.br\/noticias\/wp-content\/uploads\/2020\/07\/aangelus_d.jpg\",\"contentUrl\":\"https:\/\/franciscanos.org.br\/noticias\/wp-content\/uploads\/2020\/07\/aangelus_d.jpg\",\"width\":800,\"height\":600},{\"@type\":\"WebPage\",\"@id\":\"https:\/\/franciscanos.org.br\/noticias\/papa-colabora-com-deus-quem-reconhece-o-bem-que-cresce-silenciosamente.html#webpage\",\"url\":\"https:\/\/franciscanos.org.br\/noticias\/papa-colabora-com-deus-quem-reconhece-o-bem-que-cresce-silenciosamente.html\",\"name\":\"Papa: \\\"Colabora com Deus quem reconhece o bem que cresce silenciosamente\\\" - Not\u00edcias - Franciscanos\",\"isPartOf\":{\"@id\":\"https:\/\/franciscanos.org.br\/noticias\/#website\"},\"primaryImageOfPage\":{\"@id\":\"https:\/\/franciscanos.org.br\/noticias\/papa-colabora-com-deus-quem-reconhece-o-bem-que-cresce-silenciosamente.html#primaryimage\"},\"datePublished\":\"2020-07-19T11:36:48+00:00\",\"dateModified\":\"2020-07-19T11:36:48+00:00\",\"author\":{\"@id\":\"https:\/\/franciscanos.org.br\/noticias\/#\/schema\/person\/b5c8cba458c330ccff548b056e95a5d4\"},\"breadcrumb\":{\"@id\":\"https:\/\/franciscanos.org.br\/noticias\/papa-colabora-com-deus-quem-reconhece-o-bem-que-cresce-silenciosamente.html#breadcrumb\"},\"inLanguage\":\"pt-BR\",\"potentialAction\":[{\"@type\":\"ReadAction\",\"target\":[\"https:\/\/franciscanos.org.br\/noticias\/papa-colabora-com-deus-quem-reconhece-o-bem-que-cresce-silenciosamente.html\"]}]},{\"@type\":\"BreadcrumbList\",\"@id\":\"https:\/\/franciscanos.org.br\/noticias\/papa-colabora-com-deus-quem-reconhece-o-bem-que-cresce-silenciosamente.html#breadcrumb\",\"itemListElement\":[{\"@type\":\"ListItem\",\"position\":1,\"name\":\"Home\",\"item\":\"https:\/\/franciscanos.org.br\/noticias\"},{\"@type\":\"ListItem\",\"position\":2,\"name\":\"Papa: &#8220;Colabora com Deus quem reconhece o bem que cresce silenciosamente&#8221;\"}]},{\"@type\":\"Person\",\"@id\":\"https:\/\/franciscanos.org.br\/noticias\/#\/schema\/person\/b5c8cba458c330ccff548b056e95a5d4\",\"name\":\"moacir\",\"image\":{\"@type\":\"ImageObject\",\"inLanguage\":\"pt-BR\",\"@id\":\"https:\/\/franciscanos.org.br\/noticias\/#\/schema\/person\/image\/\",\"url\":\"https:\/\/secure.gravatar.com\/avatar\/d08aa2ce4c8dd416d4479aa8536fcf64?s=96&d=mm&r=g\",\"contentUrl\":\"https:\/\/secure.gravatar.com\/avatar\/d08aa2ce4c8dd416d4479aa8536fcf64?s=96&d=mm&r=g\",\"caption\":\"moacir\"},\"url\":\"https:\/\/franciscanos.org.br\/noticias\/author\/moacir\"}]}<\/script>\n<!-- \/ Yoast SEO plugin. -->","yoast_head_json":{"title":"Papa: \"Colabora com Deus quem reconhece o bem que cresce silenciosamente\" - Not\u00edcias - Franciscanos","robots":{"index":"index","follow":"follow","max-snippet":"max-snippet:-1","max-image-preview":"max-image-preview:large","max-video-preview":"max-video-preview:-1"},"canonical":"https:\/\/franciscanos.org.br\/noticias\/papa-colabora-com-deus-quem-reconhece-o-bem-que-cresce-silenciosamente.html","og_locale":"pt_BR","og_type":"article","og_title":"Papa: \"Colabora com Deus quem reconhece o bem que cresce silenciosamente\" - Not\u00edcias - Franciscanos","og_description":"Angelus","og_url":"https:\/\/franciscanos.org.br\/noticias\/papa-colabora-com-deus-quem-reconhece-o-bem-que-cresce-silenciosamente.html","og_site_name":"Not\u00edcias - Franciscanos","article_published_time":"2020-07-19T11:36:48+00:00","og_image":[{"width":800,"height":600,"url":"https:\/\/franciscanos.org.br\/noticias\/wp-content\/uploads\/2020\/07\/aangelus_d.jpg","type":"image\/jpeg"}],"author":"moacir","twitter_card":"summary_large_image","twitter_misc":{"Escrito por":"moacir","Est. tempo de leitura":"6 minutos"},"schema":{"@context":"https:\/\/schema.org","@graph":[{"@type":"WebSite","@id":"https:\/\/franciscanos.org.br\/noticias\/#website","url":"https:\/\/franciscanos.org.br\/noticias\/","name":"Not\u00edcias - Franciscanos","description":"Prov\u00edncia Franciscana da Imaculada Concei\u00e7\u00e3o do Brasil - Ordem dos Frades Menores - OFM","potentialAction":[{"@type":"SearchAction","target":{"@type":"EntryPoint","urlTemplate":"https:\/\/franciscanos.org.br\/noticias\/?s={search_term_string}"},"query-input":"required name=search_term_string"}],"inLanguage":"pt-BR"},{"@type":"ImageObject","inLanguage":"pt-BR","@id":"https:\/\/franciscanos.org.br\/noticias\/papa-colabora-com-deus-quem-reconhece-o-bem-que-cresce-silenciosamente.html#primaryimage","url":"https:\/\/franciscanos.org.br\/noticias\/wp-content\/uploads\/2020\/07\/aangelus_d.jpg","contentUrl":"https:\/\/franciscanos.org.br\/noticias\/wp-content\/uploads\/2020\/07\/aangelus_d.jpg","width":800,"height":600},{"@type":"WebPage","@id":"https:\/\/franciscanos.org.br\/noticias\/papa-colabora-com-deus-quem-reconhece-o-bem-que-cresce-silenciosamente.html#webpage","url":"https:\/\/franciscanos.org.br\/noticias\/papa-colabora-com-deus-quem-reconhece-o-bem-que-cresce-silenciosamente.html","name":"Papa: \"Colabora com Deus quem reconhece o bem que cresce silenciosamente\" - Not\u00edcias - Franciscanos","isPartOf":{"@id":"https:\/\/franciscanos.org.br\/noticias\/#website"},"primaryImageOfPage":{"@id":"https:\/\/franciscanos.org.br\/noticias\/papa-colabora-com-deus-quem-reconhece-o-bem-que-cresce-silenciosamente.html#primaryimage"},"datePublished":"2020-07-19T11:36:48+00:00","dateModified":"2020-07-19T11:36:48+00:00","author":{"@id":"https:\/\/franciscanos.org.br\/noticias\/#\/schema\/person\/b5c8cba458c330ccff548b056e95a5d4"},"breadcrumb":{"@id":"https:\/\/franciscanos.org.br\/noticias\/papa-colabora-com-deus-quem-reconhece-o-bem-que-cresce-silenciosamente.html#breadcrumb"},"inLanguage":"pt-BR","potentialAction":[{"@type":"ReadAction","target":["https:\/\/franciscanos.org.br\/noticias\/papa-colabora-com-deus-quem-reconhece-o-bem-que-cresce-silenciosamente.html"]}]},{"@type":"BreadcrumbList","@id":"https:\/\/franciscanos.org.br\/noticias\/papa-colabora-com-deus-quem-reconhece-o-bem-que-cresce-silenciosamente.html#breadcrumb","itemListElement":[{"@type":"ListItem","position":1,"name":"Home","item":"https:\/\/franciscanos.org.br\/noticias"},{"@type":"ListItem","position":2,"name":"Papa: &#8220;Colabora com Deus quem reconhece o bem que cresce silenciosamente&#8221;"}]},{"@type":"Person","@id":"https:\/\/franciscanos.org.br\/noticias\/#\/schema\/person\/b5c8cba458c330ccff548b056e95a5d4","name":"moacir","image":{"@type":"ImageObject","inLanguage":"pt-BR","@id":"https:\/\/franciscanos.org.br\/noticias\/#\/schema\/person\/image\/","url":"https:\/\/secure.gravatar.com\/avatar\/d08aa2ce4c8dd416d4479aa8536fcf64?s=96&d=mm&r=g","contentUrl":"https:\/\/secure.gravatar.com\/avatar\/d08aa2ce4c8dd416d4479aa8536fcf64?s=96&d=mm&r=g","caption":"moacir"},"url":"https:\/\/franciscanos.org.br\/noticias\/author\/moacir"}]}},"_links":{"self":[{"href":"https:\/\/franciscanos.org.br\/noticias\/wp-json\/wp\/v2\/posts\/227181"}],"collection":[{"href":"https:\/\/franciscanos.org.br\/noticias\/wp-json\/wp\/v2\/posts"}],"about":[{"href":"https:\/\/franciscanos.org.br\/noticias\/wp-json\/wp\/v2\/types\/post"}],"author":[{"embeddable":true,"href":"https:\/\/franciscanos.org.br\/noticias\/wp-json\/wp\/v2\/users\/3"}],"replies":[{"embeddable":true,"href":"https:\/\/franciscanos.org.br\/noticias\/wp-json\/wp\/v2\/comments?post=227181"}],"version-history":[{"count":1,"href":"https:\/\/franciscanos.org.br\/noticias\/wp-json\/wp\/v2\/posts\/227181\/revisions"}],"predecessor-version":[{"id":227185,"href":"https:\/\/franciscanos.org.br\/noticias\/wp-json\/wp\/v2\/posts\/227181\/revisions\/227185"}],"wp:featuredmedia":[{"embeddable":true,"href":"https:\/\/franciscanos.org.br\/noticias\/wp-json\/wp\/v2\/media\/227183"}],"wp:attachment":[{"href":"https:\/\/franciscanos.org.br\/noticias\/wp-json\/wp\/v2\/media?parent=227181"}],"wp:term":[{"taxonomy":"category","embeddable":true,"href":"https:\/\/franciscanos.org.br\/noticias\/wp-json\/wp\/v2\/categories?post=227181"},{"taxonomy":"post_tag","embeddable":true,"href":"https:\/\/franciscanos.org.br\/noticias\/wp-json\/wp\/v2\/tags?post=227181"}],"curies":[{"name":"wp","href":"https:\/\/api.w.org\/{rel}","templated":true}]}}