{"id":227085,"date":"2020-07-18T17:43:13","date_gmt":"2020-07-18T20:43:13","guid":{"rendered":"https:\/\/franciscanos.org.br\/noticias\/?p=227085"},"modified":"2021-07-05T20:13:31","modified_gmt":"2021-07-05T23:13:31","slug":"canarinhos-e-a-vez-das-meninas-soltarem-a-voz-no-clipe-deste-sabado","status":"publish","type":"post","link":"https:\/\/franciscanos.org.br\/noticias\/canarinhos-e-a-vez-das-meninas-soltarem-a-voz-no-clipe-deste-sabado.html","title":{"rendered":"Canarinhos: Meninas encantam no clipe &#8220;Ave Maria&#8221; de Deborah Lutz"},"content":{"rendered":"<p><img loading=\"lazy\" class=\"alignnone size-full wp-image-227176\" src=\"https:\/\/franciscanos.org.br\/noticias\/wp-content\/uploads\/2020\/07\/meninas_1807.jpg\" alt=\"\" width=\"1280\" height=\"689\" srcset=\"https:\/\/franciscanos.org.br\/noticias\/wp-content\/uploads\/2020\/07\/meninas_1807.jpg 1280w, https:\/\/franciscanos.org.br\/noticias\/wp-content\/uploads\/2020\/07\/meninas_1807-450x242.jpg 450w, https:\/\/franciscanos.org.br\/noticias\/wp-content\/uploads\/2020\/07\/meninas_1807-1024x551.jpg 1024w, https:\/\/franciscanos.org.br\/noticias\/wp-content\/uploads\/2020\/07\/meninas_1807-768x413.jpg 768w, https:\/\/franciscanos.org.br\/noticias\/wp-content\/uploads\/2020\/07\/meninas_1807-150x81.jpg 150w\" sizes=\"(max-width: 1280px) 100vw, 1280px\" \/><\/p>\n<p>O coral das Meninas dos Canarinhos de Petr\u00f3polis preparou uma surpresa para o p\u00fablico neste s\u00e1bado. O coro lan\u00e7ou um clipe in\u00e9dito da composi\u00e7\u00e3o feita por Deborah Lutz sobre o texto da ora\u00e7\u00e3o da Ave Maria. A grava\u00e7\u00e3o, feita \u00e0 dist\u00e2ncia, ganhou uma edi\u00e7\u00e3o especial\u00a0 e foi apresentada, \u00e0s 18h, simultaneamente nas p\u00e1ginas dos Canarinhos e da Par\u00f3quia do Sagrado no Facebook e na TVFranciscanos, no Youtube.<\/p>\n<p><iframe loading=\"lazy\" src=\"https:\/\/www.youtube.com\/embed\/uTFsqfuqffo\" width=\"100%\" height=\"480\" frameborder=\"0\" allowfullscreen=\"allowfullscreen\"><span data-mce-type=\"bookmark\" style=\"display: inline-block; width: 0px; overflow: hidden; line-height: 0;\" class=\"mce_SELRES_start\">\ufeff<\/span><\/iframe><\/p>\n<p>\u201cPreparar este material para as pessoas sentirem como \u00e9 o nosso trabalho e como est\u00e1 sendo este momento foi uma experi\u00eancia incr\u00edvel. Apesar da dist\u00e2ncia f\u00edsica, a m\u00fasica n\u00e3o para e encontramos uma forma de manter o trabalho\u201d, contou o maestro Marcelo Vizani. Ele explicou que cantar a Ave Maria neste momento \u00e9 uma forma de pedir b\u00ean\u00e7\u00e3os a Nossa Senhora: \u201cVamos pedir que tudo isso passe logo e voltemos a nos encontrar presencialmente o quanto antes\u201d.<\/p>\n<p>A composi\u00e7\u00e3o escolhida pelo coral para este clipe j\u00e1 faz parte do repert\u00f3rio das Meninas dos Canarinhos. A vers\u00e3o da compositora Deborah Lutz \u00e9 descrita com melodias fluidas, como uma j\u00f3ia musical moderna.<\/p>\n<p>O hor\u00e1rio escolhido para o lan\u00e7amento do clipe obedece \u00e0 tradi\u00e7\u00e3o da Igreja para a ora\u00e7\u00e3o do \u00c2ngelus, que acontece sempre \u00e0s 6h, 12h, e 18h, incluindo o costume de tocar os sinos das igrejas para chamar os fi\u00e9is para a \u201chora da Ave-Maria\u201d.<\/p>\n<p>Este ano, o Coral das Meninas chega aos seus 32 anos, parte desse tempo exaltando a m\u00fasica popular brasileira, mas tamb\u00e9m a m\u00fasica sacra. J\u00e1 o Coral dos Canarinhos comemora 78 anos de exist\u00eancia, dedicados \u00e0 m\u00fasica sacra. O Instituto dos Meninos Cantores de Petr\u00f3polis (IMCP) oferece forma\u00e7\u00e3o coral inteiramente gratuita. O objetivo \u00e9 transformar a realidade dos integrantes, por meio da integra\u00e7\u00e3o e do conv\u00edvio, formando cidad\u00e3os conscientes.<\/p>\n<hr \/>\n<p style=\"padding-left: 40px;\"><em>Para a manuten\u00e7\u00e3o do trabalho, o IMCP conta com doa\u00e7\u00f5es que podem ser depositadas na conta da Institui\u00e7\u00e3o no Banco Bradesco, ag\u00eancia 6349, conta corrente 7546-9, sob o CNPJ 31.164.007\/0001-72.<\/em><\/p>\n","protected":false},"excerpt":{"rendered":"<p>Coral das Meninas dos Canarinhos de Petr\u00f3polis<\/p>\n","protected":false},"author":3,"featured_media":227177,"comment_status":"open","ping_status":"open","sticky":false,"template":"","format":"standard","meta":[],"categories":[1],"tags":[1378,1531],"acf":[],"yoast_head":"<!-- This site is optimized with the Yoast SEO plugin v19.2 - https:\/\/yoast.com\/wordpress\/plugins\/seo\/ -->\n<title>Canarinhos: Meninas encantam no clipe &quot;Ave Maria&quot; de Deborah Lutz - Not\u00edcias - Franciscanos<\/title>\n<meta name=\"robots\" content=\"index, follow, max-snippet:-1, max-image-preview:large, max-video-preview:-1\" \/>\n<link rel=\"canonical\" href=\"https:\/\/franciscanos.org.br\/noticias\/canarinhos-e-a-vez-das-meninas-soltarem-a-voz-no-clipe-deste-sabado.html\" \/>\n<meta property=\"og:locale\" content=\"pt_BR\" \/>\n<meta property=\"og:type\" content=\"article\" \/>\n<meta property=\"og:title\" content=\"Canarinhos: Meninas encantam no clipe &quot;Ave Maria&quot; de Deborah Lutz - Not\u00edcias - Franciscanos\" \/>\n<meta property=\"og:description\" content=\"Coral das Meninas dos Canarinhos de Petr\u00f3polis\" \/>\n<meta property=\"og:url\" content=\"https:\/\/franciscanos.org.br\/noticias\/canarinhos-e-a-vez-das-meninas-soltarem-a-voz-no-clipe-deste-sabado.html\" \/>\n<meta property=\"og:site_name\" content=\"Not\u00edcias - Franciscanos\" \/>\n<meta property=\"article:published_time\" content=\"2020-07-18T20:43:13+00:00\" \/>\n<meta property=\"article:modified_time\" content=\"2021-07-05T23:13:31+00:00\" \/>\n<meta property=\"og:image\" content=\"https:\/\/franciscanos.org.br\/noticias\/wp-content\/uploads\/2020\/07\/meninas_d.jpg\" \/>\n\t<meta property=\"og:image:width\" content=\"800\" \/>\n\t<meta property=\"og:image:height\" content=\"600\" \/>\n\t<meta property=\"og:image:type\" content=\"image\/jpeg\" \/>\n<meta name=\"author\" content=\"moacir\" \/>\n<meta name=\"twitter:card\" content=\"summary_large_image\" \/>\n<meta name=\"twitter:label1\" content=\"Escrito por\" \/>\n\t<meta name=\"twitter:data1\" content=\"moacir\" \/>\n\t<meta name=\"twitter:label2\" content=\"Est. tempo de leitura\" \/>\n\t<meta name=\"twitter:data2\" content=\"2 minutos\" \/>\n<script type=\"application\/ld+json\" class=\"yoast-schema-graph\">{\"@context\":\"https:\/\/schema.org\",\"@graph\":[{\"@type\":\"WebSite\",\"@id\":\"https:\/\/franciscanos.org.br\/noticias\/#website\",\"url\":\"https:\/\/franciscanos.org.br\/noticias\/\",\"name\":\"Not\u00edcias - Franciscanos\",\"description\":\"Prov\u00edncia Franciscana da Imaculada Concei\u00e7\u00e3o do Brasil - Ordem dos Frades Menores - OFM\",\"potentialAction\":[{\"@type\":\"SearchAction\",\"target\":{\"@type\":\"EntryPoint\",\"urlTemplate\":\"https:\/\/franciscanos.org.br\/noticias\/?s={search_term_string}\"},\"query-input\":\"required name=search_term_string\"}],\"inLanguage\":\"pt-BR\"},{\"@type\":\"ImageObject\",\"inLanguage\":\"pt-BR\",\"@id\":\"https:\/\/franciscanos.org.br\/noticias\/canarinhos-e-a-vez-das-meninas-soltarem-a-voz-no-clipe-deste-sabado.html#primaryimage\",\"url\":\"https:\/\/franciscanos.org.br\/noticias\/wp-content\/uploads\/2020\/07\/meninas_d.jpg\",\"contentUrl\":\"https:\/\/franciscanos.org.br\/noticias\/wp-content\/uploads\/2020\/07\/meninas_d.jpg\",\"width\":800,\"height\":600},{\"@type\":\"WebPage\",\"@id\":\"https:\/\/franciscanos.org.br\/noticias\/canarinhos-e-a-vez-das-meninas-soltarem-a-voz-no-clipe-deste-sabado.html#webpage\",\"url\":\"https:\/\/franciscanos.org.br\/noticias\/canarinhos-e-a-vez-das-meninas-soltarem-a-voz-no-clipe-deste-sabado.html\",\"name\":\"Canarinhos: Meninas encantam no clipe \\\"Ave Maria\\\" de Deborah Lutz - Not\u00edcias - Franciscanos\",\"isPartOf\":{\"@id\":\"https:\/\/franciscanos.org.br\/noticias\/#website\"},\"primaryImageOfPage\":{\"@id\":\"https:\/\/franciscanos.org.br\/noticias\/canarinhos-e-a-vez-das-meninas-soltarem-a-voz-no-clipe-deste-sabado.html#primaryimage\"},\"datePublished\":\"2020-07-18T20:43:13+00:00\",\"dateModified\":\"2021-07-05T23:13:31+00:00\",\"author\":{\"@id\":\"https:\/\/franciscanos.org.br\/noticias\/#\/schema\/person\/b5c8cba458c330ccff548b056e95a5d4\"},\"breadcrumb\":{\"@id\":\"https:\/\/franciscanos.org.br\/noticias\/canarinhos-e-a-vez-das-meninas-soltarem-a-voz-no-clipe-deste-sabado.html#breadcrumb\"},\"inLanguage\":\"pt-BR\",\"potentialAction\":[{\"@type\":\"ReadAction\",\"target\":[\"https:\/\/franciscanos.org.br\/noticias\/canarinhos-e-a-vez-das-meninas-soltarem-a-voz-no-clipe-deste-sabado.html\"]}]},{\"@type\":\"BreadcrumbList\",\"@id\":\"https:\/\/franciscanos.org.br\/noticias\/canarinhos-e-a-vez-das-meninas-soltarem-a-voz-no-clipe-deste-sabado.html#breadcrumb\",\"itemListElement\":[{\"@type\":\"ListItem\",\"position\":1,\"name\":\"Home\",\"item\":\"https:\/\/franciscanos.org.br\/noticias\"},{\"@type\":\"ListItem\",\"position\":2,\"name\":\"Canarinhos: Meninas encantam no clipe &#8220;Ave Maria&#8221; de Deborah Lutz\"}]},{\"@type\":\"Person\",\"@id\":\"https:\/\/franciscanos.org.br\/noticias\/#\/schema\/person\/b5c8cba458c330ccff548b056e95a5d4\",\"name\":\"moacir\",\"image\":{\"@type\":\"ImageObject\",\"inLanguage\":\"pt-BR\",\"@id\":\"https:\/\/franciscanos.org.br\/noticias\/#\/schema\/person\/image\/\",\"url\":\"https:\/\/secure.gravatar.com\/avatar\/d08aa2ce4c8dd416d4479aa8536fcf64?s=96&d=mm&r=g\",\"contentUrl\":\"https:\/\/secure.gravatar.com\/avatar\/d08aa2ce4c8dd416d4479aa8536fcf64?s=96&d=mm&r=g\",\"caption\":\"moacir\"},\"url\":\"https:\/\/franciscanos.org.br\/noticias\/author\/moacir\"}]}<\/script>\n<!-- \/ Yoast SEO plugin. -->","yoast_head_json":{"title":"Canarinhos: Meninas encantam no clipe \"Ave Maria\" de Deborah Lutz - Not\u00edcias - Franciscanos","robots":{"index":"index","follow":"follow","max-snippet":"max-snippet:-1","max-image-preview":"max-image-preview:large","max-video-preview":"max-video-preview:-1"},"canonical":"https:\/\/franciscanos.org.br\/noticias\/canarinhos-e-a-vez-das-meninas-soltarem-a-voz-no-clipe-deste-sabado.html","og_locale":"pt_BR","og_type":"article","og_title":"Canarinhos: Meninas encantam no clipe \"Ave Maria\" de Deborah Lutz - Not\u00edcias - Franciscanos","og_description":"Coral das Meninas dos Canarinhos de Petr\u00f3polis","og_url":"https:\/\/franciscanos.org.br\/noticias\/canarinhos-e-a-vez-das-meninas-soltarem-a-voz-no-clipe-deste-sabado.html","og_site_name":"Not\u00edcias - Franciscanos","article_published_time":"2020-07-18T20:43:13+00:00","article_modified_time":"2021-07-05T23:13:31+00:00","og_image":[{"width":800,"height":600,"url":"https:\/\/franciscanos.org.br\/noticias\/wp-content\/uploads\/2020\/07\/meninas_d.jpg","type":"image\/jpeg"}],"author":"moacir","twitter_card":"summary_large_image","twitter_misc":{"Escrito por":"moacir","Est. tempo de leitura":"2 minutos"},"schema":{"@context":"https:\/\/schema.org","@graph":[{"@type":"WebSite","@id":"https:\/\/franciscanos.org.br\/noticias\/#website","url":"https:\/\/franciscanos.org.br\/noticias\/","name":"Not\u00edcias - Franciscanos","description":"Prov\u00edncia Franciscana da Imaculada Concei\u00e7\u00e3o do Brasil - Ordem dos Frades Menores - OFM","potentialAction":[{"@type":"SearchAction","target":{"@type":"EntryPoint","urlTemplate":"https:\/\/franciscanos.org.br\/noticias\/?s={search_term_string}"},"query-input":"required name=search_term_string"}],"inLanguage":"pt-BR"},{"@type":"ImageObject","inLanguage":"pt-BR","@id":"https:\/\/franciscanos.org.br\/noticias\/canarinhos-e-a-vez-das-meninas-soltarem-a-voz-no-clipe-deste-sabado.html#primaryimage","url":"https:\/\/franciscanos.org.br\/noticias\/wp-content\/uploads\/2020\/07\/meninas_d.jpg","contentUrl":"https:\/\/franciscanos.org.br\/noticias\/wp-content\/uploads\/2020\/07\/meninas_d.jpg","width":800,"height":600},{"@type":"WebPage","@id":"https:\/\/franciscanos.org.br\/noticias\/canarinhos-e-a-vez-das-meninas-soltarem-a-voz-no-clipe-deste-sabado.html#webpage","url":"https:\/\/franciscanos.org.br\/noticias\/canarinhos-e-a-vez-das-meninas-soltarem-a-voz-no-clipe-deste-sabado.html","name":"Canarinhos: Meninas encantam no clipe \"Ave Maria\" de Deborah Lutz - Not\u00edcias - Franciscanos","isPartOf":{"@id":"https:\/\/franciscanos.org.br\/noticias\/#website"},"primaryImageOfPage":{"@id":"https:\/\/franciscanos.org.br\/noticias\/canarinhos-e-a-vez-das-meninas-soltarem-a-voz-no-clipe-deste-sabado.html#primaryimage"},"datePublished":"2020-07-18T20:43:13+00:00","dateModified":"2021-07-05T23:13:31+00:00","author":{"@id":"https:\/\/franciscanos.org.br\/noticias\/#\/schema\/person\/b5c8cba458c330ccff548b056e95a5d4"},"breadcrumb":{"@id":"https:\/\/franciscanos.org.br\/noticias\/canarinhos-e-a-vez-das-meninas-soltarem-a-voz-no-clipe-deste-sabado.html#breadcrumb"},"inLanguage":"pt-BR","potentialAction":[{"@type":"ReadAction","target":["https:\/\/franciscanos.org.br\/noticias\/canarinhos-e-a-vez-das-meninas-soltarem-a-voz-no-clipe-deste-sabado.html"]}]},{"@type":"BreadcrumbList","@id":"https:\/\/franciscanos.org.br\/noticias\/canarinhos-e-a-vez-das-meninas-soltarem-a-voz-no-clipe-deste-sabado.html#breadcrumb","itemListElement":[{"@type":"ListItem","position":1,"name":"Home","item":"https:\/\/franciscanos.org.br\/noticias"},{"@type":"ListItem","position":2,"name":"Canarinhos: Meninas encantam no clipe &#8220;Ave Maria&#8221; de Deborah Lutz"}]},{"@type":"Person","@id":"https:\/\/franciscanos.org.br\/noticias\/#\/schema\/person\/b5c8cba458c330ccff548b056e95a5d4","name":"moacir","image":{"@type":"ImageObject","inLanguage":"pt-BR","@id":"https:\/\/franciscanos.org.br\/noticias\/#\/schema\/person\/image\/","url":"https:\/\/secure.gravatar.com\/avatar\/d08aa2ce4c8dd416d4479aa8536fcf64?s=96&d=mm&r=g","contentUrl":"https:\/\/secure.gravatar.com\/avatar\/d08aa2ce4c8dd416d4479aa8536fcf64?s=96&d=mm&r=g","caption":"moacir"},"url":"https:\/\/franciscanos.org.br\/noticias\/author\/moacir"}]}},"_links":{"self":[{"href":"https:\/\/franciscanos.org.br\/noticias\/wp-json\/wp\/v2\/posts\/227085"}],"collection":[{"href":"https:\/\/franciscanos.org.br\/noticias\/wp-json\/wp\/v2\/posts"}],"about":[{"href":"https:\/\/franciscanos.org.br\/noticias\/wp-json\/wp\/v2\/types\/post"}],"author":[{"embeddable":true,"href":"https:\/\/franciscanos.org.br\/noticias\/wp-json\/wp\/v2\/users\/3"}],"replies":[{"embeddable":true,"href":"https:\/\/franciscanos.org.br\/noticias\/wp-json\/wp\/v2\/comments?post=227085"}],"version-history":[{"count":7,"href":"https:\/\/franciscanos.org.br\/noticias\/wp-json\/wp\/v2\/posts\/227085\/revisions"}],"predecessor-version":[{"id":227179,"href":"https:\/\/franciscanos.org.br\/noticias\/wp-json\/wp\/v2\/posts\/227085\/revisions\/227179"}],"wp:featuredmedia":[{"embeddable":true,"href":"https:\/\/franciscanos.org.br\/noticias\/wp-json\/wp\/v2\/media\/227177"}],"wp:attachment":[{"href":"https:\/\/franciscanos.org.br\/noticias\/wp-json\/wp\/v2\/media?parent=227085"}],"wp:term":[{"taxonomy":"category","embeddable":true,"href":"https:\/\/franciscanos.org.br\/noticias\/wp-json\/wp\/v2\/categories?post=227085"},{"taxonomy":"post_tag","embeddable":true,"href":"https:\/\/franciscanos.org.br\/noticias\/wp-json\/wp\/v2\/tags?post=227085"}],"curies":[{"name":"wp","href":"https:\/\/api.w.org\/{rel}","templated":true}]}}