{"id":227070,"date":"2020-07-16T17:57:03","date_gmt":"2020-07-16T20:57:03","guid":{"rendered":"https:\/\/franciscanos.org.br\/noticias\/?p=227070"},"modified":"2020-07-16T18:55:47","modified_gmt":"2020-07-16T21:55:47","slug":"quando-que-a-igreja-e-um-servico-essencial","status":"publish","type":"post","link":"https:\/\/franciscanos.org.br\/noticias\/quando-que-a-igreja-e-um-servico-essencial.html","title":{"rendered":"Quando que a Igreja \u00e9 um servi\u00e7o essencial?"},"content":{"rendered":"<p><img loading=\"lazy\" class=\"alignnone size-full wp-image-227071\" src=\"https:\/\/franciscanos.org.br\/noticias\/wp-content\/uploads\/2020\/07\/frente_02.jpg\" alt=\"\" width=\"1280\" height=\"720\" srcset=\"https:\/\/franciscanos.org.br\/noticias\/wp-content\/uploads\/2020\/07\/frente_02.jpg 1280w, https:\/\/franciscanos.org.br\/noticias\/wp-content\/uploads\/2020\/07\/frente_02-450x253.jpg 450w, https:\/\/franciscanos.org.br\/noticias\/wp-content\/uploads\/2020\/07\/frente_02-1024x576.jpg 1024w, https:\/\/franciscanos.org.br\/noticias\/wp-content\/uploads\/2020\/07\/frente_02-768x432.jpg 768w, https:\/\/franciscanos.org.br\/noticias\/wp-content\/uploads\/2020\/07\/frente_02-150x84.jpg 150w\" sizes=\"(max-width: 1280px) 100vw, 1280px\" \/><\/p>\n<p><strong>S\u00e3o Paulo (SP)<\/strong>\u00a0 \u2013 O Encontro dos frades que atuam na Frente de Evangeliza\u00e7\u00e3o das Par\u00f3quias, Santu\u00e1rios e Centros de Acolhimento teve continuidade nesta quinta-feira, 16 de julho, com a segunda parte formativa, j\u00e1 que na \u00faltima ter\u00e7a-feira, o fil\u00f3sofo e te\u00f3logo leigo cat\u00f3lico,<strong><a href=\"https:\/\/franciscanos.org.br\/noticias\/pandemia-e-transformacoes-entre-necessidades-expectativas-e-realidade.html#gsc.tab=0\"> Jung Mo Sung<\/a><\/strong>, abriu o tema \u201cPandemia e transforma\u00e7\u00f5es \u2013 entre necessidades, expectativas e realidade\u201d, oferecendo um olhar mais pol\u00edtico e econ\u00f4mico.<\/p>\n<p>Nesta quinta, foi a vez do mestre e doutor em Teologia, Frei Jo\u00e3o Reinert, frade desta Prov\u00edncia e professor do Instituto Teol\u00f3gico Franciscano em Petr\u00f3polis, abordar o tema com um olhar mais teol\u00f3gico e eclesial.<\/p>\n<p>Das 10 \u00e0s 11h30, em videoconfer\u00eancia, os frades das 45 Par\u00f3quias, Santu\u00e1rios e Centros de Acolhimento foram recebidos pelo Ministro Provincial, Frei C\u00e9sar K\u00fclkamp, e pelo secret\u00e1rio de Evangeliza\u00e7\u00e3o da Prov\u00edncia da Imaculada Concei\u00e7\u00e3o, Frei Gustavo Medella. Antes da palestra, um momento de ora\u00e7\u00e3o, fazendo mem\u00f3ria a Nossa Senhora do Carmo.<\/p>\n<p>&#8220;\u00c9 uma alegria muito grande estar aqui e ver, ainda que de longe, um pouco de cada frade, de cada fraternidade, principalmente nesse trabalho voltado \u00e0s nossas Par\u00f3quias, Santu\u00e1rios e Centros de Acolhimento&#8221;, saudou Frei C\u00e9sar, que explicou n\u00e3o ter participado do primeiro encontro porque viajou para o sepultamento de Frei Leonir Ansolin em Guaratinguet\u00e1. &#8220;Foi um dia de profunda comunh\u00e3o a partir de Guaratinguet\u00e1 com todas as nossas presen\u00e7as fraternas e evangelizadoras. J\u00e1 pude acompanhar um pouco da discuss\u00e3o e vi que foi boa e melhor ainda a participa\u00e7\u00e3o das nossas par\u00f3quias. E, com isso, a gente vai caminhando tamb\u00e9m para uma comunh\u00e3o de miss\u00e3o, que \u00e9 o grande trabalho que a gente precisa fazer, mais adiante e aos poucos, no aprofundamento da miss\u00e3o e raz\u00e3o de ser dessa Frente das Par\u00f3quias e Santu\u00e1rios&#8221;, acrescentou Frei C\u00e9sar.<\/p>\n<p>Frei Medella fez um resumo da apresenta\u00e7\u00e3o de Jung Mo Sung e deixou Frei Reinert \u00e0 vontade para falar.<\/p>\n<p><img loading=\"lazy\" class=\"alignnone size-full wp-image-227072\" src=\"https:\/\/franciscanos.org.br\/noticias\/wp-content\/uploads\/2020\/07\/frente_06.jpg\" alt=\"\" width=\"1280\" height=\"720\" srcset=\"https:\/\/franciscanos.org.br\/noticias\/wp-content\/uploads\/2020\/07\/frente_06.jpg 1280w, https:\/\/franciscanos.org.br\/noticias\/wp-content\/uploads\/2020\/07\/frente_06-450x253.jpg 450w, https:\/\/franciscanos.org.br\/noticias\/wp-content\/uploads\/2020\/07\/frente_06-1024x576.jpg 1024w, https:\/\/franciscanos.org.br\/noticias\/wp-content\/uploads\/2020\/07\/frente_06-768x432.jpg 768w, https:\/\/franciscanos.org.br\/noticias\/wp-content\/uploads\/2020\/07\/frente_06-150x84.jpg 150w\" sizes=\"(max-width: 1280px) 100vw, 1280px\" \/><\/p>\n<p><strong>MULTIPANDEMIAS<\/strong><\/p>\n<p>Frei Jo\u00e3o partiu sua explana\u00e7\u00e3o enfatizando que n\u00e3o existe apenas uma pandemia sanit\u00e1ria. &#8220;Vivemos num tempo de multipandemias. Talvez a mais evidente, \u00e9 claro, \u00e9 a sanit\u00e1ria, a da sa\u00fade, haja vista tantas mortes (mais de 75 mil mortes no Brasil). Mas existem outras. Por exemplo, a pandemia econ\u00f4mica, muito evidente, com o aumento do desemprego, da perda de renda etc. N\u00e3o tem como n\u00e3o pensar nessa pandemia ao pensarmos na evangeliza\u00e7\u00e3o&#8221;, observou.<\/p>\n<p>Depois, h\u00e1 a pandemia pol\u00edtica. &#8220;Ela \u00e9 mundial, marcada pela aus\u00eancia de lideran\u00e7as mundiais. Quem \u00e9 o nosso grande l\u00edder mundialmente falando? \u00c9 o Papa Francisco&#8221;, ilustrou. Segundo ele, essa pol\u00edtica tende a minimizar as metas. Ou seja, tenta resolver os problemas de forma isolada. &#8220;N\u00e3o existe um projeto mundial, nacional. Exemplo concreto: Vamos salvar a economia ou vamos salvar a sa\u00fade? Ent\u00e3o, sempre a tentativa de dar uma resposta isolada&#8221;, explicou o palestrante. Esse mesmo problema \u00e9 visto com a pandemia institucional, que no Brasil se faz ver com a crise dos poderes,<em> fake news<\/em>, amea\u00e7as de fechar o Congresso etc. H\u00e1 tamb\u00e9m uma pandemia ambiental e n\u00e3o \u00e9 dif\u00edcil observar que a Terra est\u00e1 chegando ao seu limite.<\/p>\n<p>Mas para Frei Jo\u00e3o, a pandemia religiosa \u00e9 muito evidente e afeta diretamente o trabalho evangelizador da Igreja. &#8220;Outro dia vi uma express\u00e3o para falar do fundamentalismo religioso. O artigo falava dos &#8216;neocatolicob\u00e3s&#8217;, que est\u00e3o voltando com for\u00e7a e agressividade. Quando a gente fala em pandemia religiosa \u00e9 porque est\u00e1 em jogo uma recusa, um desmonte, do Vaticano II. Todo ataque ao Papa Francisco &#8211;\u00a0 e hoje se critica abertamente o Papa -, na verdade n\u00e3o se est\u00e1 querendo atingir o Papa, mas o Vaticano II. O Papa \u00e9 o representante mais l\u00facido do Vaticano II&#8221;, explicou Frei Jo\u00e3o, descrevendo as quatro linhas de a\u00e7\u00e3o do Pontificado de Francisco e do Vaticano: a dimens\u00e3o da sinodalidade, uma Igreja descentralizada, a convers\u00e3o das estruturas e a quest\u00e3o dos pobres. &#8220;E isso que est\u00e1 sendo atacado. \u00c9 interessante perceber que esse ataque religioso \u00e9 simultaneamente pol\u00edtico. As mesmas causas est\u00e3o sendo atacadas. Por exemplo, quando se ataca a sinodalidade se ataca a quest\u00e3o da democracia. Ent\u00e3o, trata-se de um projeto religioso-pol\u00edtico de m\u00e3os dadas. Hoje quer se implantar uma nova cristandade e, nessa tentativa de retorno, conta-se com projeto pol\u00edtico e um projeto religioso&#8221;, detalhou o frade.<\/p>\n<p>Por \u00faltimo, a pandemia antropol\u00f3gica, que talvez seja a causa das outras. &#8220;Quem est\u00e1 em crise \u00e9 o ser humano, os valores. Na semana retrasada, acompanhamos a quest\u00e3o dos bares lotados no Leblon, o deboche da classe m\u00e9dia-alta e o descaso com a dor do outro. Tamb\u00e9m vimos o racismo na sua forma mais violenta e tantos outros exemplos que poderiam ser dados&#8221;, assinalou o frade.<\/p>\n<p><img loading=\"lazy\" class=\"alignnone size-full wp-image-227073\" src=\"https:\/\/franciscanos.org.br\/noticias\/wp-content\/uploads\/2020\/07\/frente_05.jpg\" alt=\"\" width=\"1280\" height=\"720\" srcset=\"https:\/\/franciscanos.org.br\/noticias\/wp-content\/uploads\/2020\/07\/frente_05.jpg 1280w, https:\/\/franciscanos.org.br\/noticias\/wp-content\/uploads\/2020\/07\/frente_05-450x253.jpg 450w, https:\/\/franciscanos.org.br\/noticias\/wp-content\/uploads\/2020\/07\/frente_05-1024x576.jpg 1024w, https:\/\/franciscanos.org.br\/noticias\/wp-content\/uploads\/2020\/07\/frente_05-768x432.jpg 768w, https:\/\/franciscanos.org.br\/noticias\/wp-content\/uploads\/2020\/07\/frente_05-150x84.jpg 150w\" sizes=\"(max-width: 1280px) 100vw, 1280px\" \/><\/p>\n<p><strong>LER A REALIDADE<\/strong><\/p>\n<p>Para Frei Jo\u00e3o, esse quadro, vai exigir da gente a capacidade de ler essa realidade. &#8220;Nunca foi t\u00e3o importante que o trabalho da evangeliza\u00e7\u00e3o consiga ler a realidade a partir desse conjunto de pandemias&#8221;, disse, e o v\u00edrus corona veio mostra essa realidade mais ampla. &#8220;Quantas mortes poderiam ter sido evitadas se n\u00e3o houvesse essas outras pandemias? Ou se houvesse um projeto de sociedade maior, mais amplo e n\u00e3o apenas tentar resolver parcialmente as quest\u00f5es?&#8221;, lamentou.<\/p>\n<p>Segundo ele, tudo isso gera em n\u00f3s um quadro de inseguran\u00e7a. &#8220;Nosso professor [Jung Mo Sung] falava dessa sociedade do medo, da inseguran\u00e7a. Ent\u00e3o, todo esse conjunto de pandemias, onde a gente n\u00e3o v\u00ea um projeto universal e coeso, aumenta a sensa\u00e7\u00e3o de medo. E com isso surgem alguns gurus. Eles v\u00eam de ambos os lados, seja da esquerda ou da direita, e com isso a gente tenta se apegar a eles por uma pseudo-seguran\u00e7a&#8221;, disse, exemplificando:<em> lockdown<\/em> ou n\u00e3o <em>lockdown<\/em>; usar cloroquina ou n\u00e3o usar; abrir as igrejas ou n\u00e3o; portas abertas ou n\u00e3o.<\/p>\n<p>Frei Jo\u00e3o convidou ent\u00e3o o seu confrade, Frei Gabriel Dellandrea, para ilustrar com dois depoimentos como se vive o medo e a inseguran\u00e7a nesse tempo de pandemia. Frei Gabriel resumiu o depoimento de Aline Machado, publicado no<span style=\"color: #000000;\"><strong> <a style=\"color: #000000;\" href=\"https:\/\/conexaofraterna.com.br\/\" target=\"_blank\" rel=\"noopener noreferrer\">Conex\u00e3o Fraterna<\/a>. <a style=\"color: #000000;\" href=\"https:\/\/conexaofraterna.com.br\/2020\/07\/16\/trabalhar-com-a-finitude-da-vida-me-faz-entender-como-a-fe-e-sagrada\/\" target=\"_blank\" rel=\"noopener noreferrer\">&#8220;Tra<\/a><a style=\"color: #000000;\" href=\"https:\/\/conexaofraterna.com.br\/2020\/07\/16\/trabalhar-com-a-finitude-da-vida-me-faz-entender-como-a-fe-e-sagrada\/\" target=\"_blank\" rel=\"noopener noreferrer\">balhar com a finitude da vida me faz entender como a f\u00e9 \u00e9 sagrada\u201d<\/a>,<\/strong><\/span> diz a profissional da \u00e1rea de enfermagem do Hospital da Cruz Vermelha Brasileira de S\u00e3o Paulo.<\/p>\n<p>Segundo Frei Gabriel, que tem participado do trabalho da Tenda Franciscana no Rio, aumentou a popula\u00e7\u00e3o em situa\u00e7\u00e3o de rua do Rio de Janeiro. &#8220;Essa popula\u00e7\u00e3o mais vulner\u00e1vel e os profissionais da frente da sa\u00fade v\u00e3o precisar de nossa aten\u00e7\u00e3o. Esse pessoal est\u00e1 fazendo o que o Papa pede quando fala para a Igreja ser um Hospital de Campanha&#8221;, assinalou Frei Gabriel.<\/p>\n<p>Para Frei Jo\u00e3o, a pergunta que se coloca nesse momento \u00e9: Qual deve ser a resposta da evangeliza\u00e7\u00e3o?<\/p>\n<p>&#8220;A igreja hoje \u00e9 um servi\u00e7o essencial? N\u00e3o essencial no sentido de que pode abrir ou n\u00e3o as portas. Que Igreja temos que ser para que ela tenha, em termos de pertin\u00eancia, um servi\u00e7o essencial? Para onde caminhar? Qual a vacina que a gente deve oferecer, digamos assim?&#8221;, questionou o palestrante.<\/p>\n<p><img loading=\"lazy\" class=\"alignnone size-full wp-image-227074\" src=\"https:\/\/franciscanos.org.br\/noticias\/wp-content\/uploads\/2020\/07\/frente_03.jpg\" alt=\"\" width=\"1280\" height=\"714\" srcset=\"https:\/\/franciscanos.org.br\/noticias\/wp-content\/uploads\/2020\/07\/frente_03.jpg 1280w, https:\/\/franciscanos.org.br\/noticias\/wp-content\/uploads\/2020\/07\/frente_03-450x251.jpg 450w, https:\/\/franciscanos.org.br\/noticias\/wp-content\/uploads\/2020\/07\/frente_03-1024x571.jpg 1024w, https:\/\/franciscanos.org.br\/noticias\/wp-content\/uploads\/2020\/07\/frente_03-768x428.jpg 768w, https:\/\/franciscanos.org.br\/noticias\/wp-content\/uploads\/2020\/07\/frente_03-150x84.jpg 150w\" sizes=\"(max-width: 1280px) 100vw, 1280px\" \/><\/p>\n<p><strong>DIMENS\u00c3O DO CUIDADO<\/strong><\/p>\n<p>Frei Jo\u00e3o deu as pistas, partindo da dimens\u00e3o do cuidado. &#8220;Nesse tempo de pandemia, mais do que nunca, podemos descobrir e resgatar qual o sentido da palavra &#8220;pastoral&#8221;. N\u00f3s fazemos pastoral nas nossas par\u00f3quias, usamos o termo 24 horas. Mas talvez at\u00e9 de forma inconsciente. Ent\u00e3o, esse atual quadro de pandemias nos ajuda a resgatar o que significa &#8220;pastoral&#8221;. Vem de pastor, cuidado, a m\u00e3e que cuida, a m\u00e3e que cura feridas, a m\u00e3e que devolve esperan\u00e7a, a m\u00e3e que confere sentido de vida. Mais do que nunca, pode-se entender o que significa aquela express\u00e3o do Papa &#8220;Hospital de Campanha&#8221;. \u00c9 a dimens\u00e3o do luto, do cuidado, ser presen\u00e7a solid\u00e1ria. Ent\u00e3o seria um suic\u00eddio se continu\u00e1ssemos nossas pastorais sem ter como espinha dorsal essa dimens\u00e3o o cuidado, das rela\u00e7\u00f5es humanas.<\/p>\n<p>Para Frei Jo\u00e3o, a Igreja vai ser pertinente quando unir a for\u00e7a do profetismo e a alian\u00e7a com os pobres. &#8220;O que a igreja tem feito de fato nesse tempo? Onde est\u00e1 o profetismo? Ser\u00e1 que deixar igrejas fechadas para evitar contamina\u00e7\u00e3o \u00e9 o suficiente? Onde est\u00e1 o profetismo da igreja? A Igreja est\u00e1 dividida, tamb\u00e9m sofre uma pandemia. Por exemplo, n\u00f3s vemos de um lado pessoas que fazem uma reuni\u00e3o com Bolsonaro para pedir verbas ou patroc\u00ednios e vemos serm\u00f5es do Pe. Edson que fala que quem votou em Bolsonaro est\u00e1 em pecado. A pr\u00f3pria Igreja est\u00e1 dividida e essa divis\u00e3o dificulta ela ser prof\u00e9tica. Tem medo de dar um passo al\u00e9m&#8221;, avalia o frade. Frei Jo\u00e3o lembrou, contudo, que a Igreja foi prof\u00e9tica quando a CNBB fez duras cr\u00edticas aos vetos do presidente Jair Bolsonaro (sem partido) ao Projeto de Lei 1142\/2020.<\/p>\n<p>Frei Jo\u00e3o lembra que a Igreja tem uma grande chance de fazer alian\u00e7a com os pobres dentro desse quadro de pobreza e desigualdade. &#8220;A ONU advertiu esta semana que, com a pandemia, est\u00e1 aumentando a concentra\u00e7\u00e3o econ\u00f4mica e pol\u00edtica nas m\u00e3os de uma elite apenas. As consequ\u00eancias ser\u00e3o o aumento da desigualdade social&#8221;, destacou.<\/p>\n<p>Frei Jo\u00e3o lembra que essa alian\u00e7a com os pobres \u00e9 uma quest\u00e3o sociol\u00f3gica, uma quest\u00e3o teol\u00f3gica &#8211; de f\u00e9 -, e uma quest\u00e3o eclesial. &#8220;De f\u00e9 por causa da nossa profiss\u00e3o de f\u00e9 no Cristo que se fez pobre e nos leva a fazer o mesmo&#8221;, enfatizou.<\/p>\n<p>Segundo o frade, uma das formas privilegiadas de ser Igreja nesta pandemia foi a social. &#8220;N\u00e3o tivemos muitas missas, umas e outras transmiss\u00e3o. Fomos presen\u00e7a pela a\u00e7\u00e3o social. Na distribui\u00e7\u00e3o de alimentos, cestas b\u00e1sicas, etc. Ent\u00e3o, com isso vem uma provoca\u00e7\u00e3o: ser\u00e1 que a dimens\u00e3o social n\u00e3o pode ser um caminho mais ordin\u00e1rio para sermos presen\u00e7a eclesial? N\u00e3o pode ser um caminho mais natural, mais cotidiano de evangeliza\u00e7\u00e3o? Aqui, em Imbari\u00ea, gra\u00e7as a Deus (o Sefras e o Minist\u00e9rio P\u00fablico nos ajudaram), o jeito de ser Igreja foi assistindo de forma imediata e assistencialista a popula\u00e7\u00e3o vulner\u00e1vel&#8221;, contou, decretando: &#8220;\u00c9 poss\u00edvel ser Igreja atrav\u00e9s dessa dimens\u00e3o solidariedade&#8221;.<\/p>\n<p><img loading=\"lazy\" class=\"alignnone size-full wp-image-227075\" src=\"https:\/\/franciscanos.org.br\/noticias\/wp-content\/uploads\/2020\/07\/frente_04.jpg\" alt=\"\" width=\"1280\" height=\"720\" srcset=\"https:\/\/franciscanos.org.br\/noticias\/wp-content\/uploads\/2020\/07\/frente_04.jpg 1280w, https:\/\/franciscanos.org.br\/noticias\/wp-content\/uploads\/2020\/07\/frente_04-450x253.jpg 450w, https:\/\/franciscanos.org.br\/noticias\/wp-content\/uploads\/2020\/07\/frente_04-1024x576.jpg 1024w, https:\/\/franciscanos.org.br\/noticias\/wp-content\/uploads\/2020\/07\/frente_04-768x432.jpg 768w, https:\/\/franciscanos.org.br\/noticias\/wp-content\/uploads\/2020\/07\/frente_04-150x84.jpg 150w\" sizes=\"(max-width: 1280px) 100vw, 1280px\" \/><\/p>\n<p><strong>SERVI\u00c7O ESSENCIAL<\/strong><\/p>\n<p>Outro questionamento feito por Frei Jo\u00e3o: quando a Igreja vai ser um servi\u00e7o essencial? Segundo ele, atrav\u00e9s da pastoral da simplicidade mission\u00e1ria. &#8220;Simplicidade n\u00e3o \u00e9 ser simpl\u00f3rio, mas voltar ao essencial, \u00e0 f\u00e9. Na ter\u00e7a, o professor Jung falava que a f\u00e9 \u00e9 a resposta para a crise. \u00c9 preciso resgatar a f\u00e9&#8221;, ensinou.<\/p>\n<p>Essa simplicidade, segundo o palestrante, ficou evidente na viv\u00eancia com poucas coisas. &#8220;Reduziu-se o ritmo de consumo, os animais apareceram em volta de nossas casas, nas cidades. Estamos aprendendo a viver de forma muito mais simples. Logo, o retorno ao essencial na evangeliza\u00e7\u00e3o pede simplicidade de vida e\u00a0 simplicidade pastoral&#8221;, acredita.<\/p>\n<p>Frei Jo\u00e3o denomina isso de ess\u00eancia da densidade cristol\u00f3gica, ou seja, apresentar de fato o querigma. &#8220;\u00c9 somente a centralidade em Jesus Cristo que a Igreja vai poder dar uma resposta a esse quadro de medo, de inseguran\u00e7a, etc&#8221;, acrescentou, pedindo uma pastoral centrada no querigma.<\/p>\n<p><strong>SENTIDO DE VIDA E LAICATO<\/strong><\/p>\n<p>Nesse tempo pand\u00eamico se percebeu mais a busca pelo sentido da vida. &#8220;O ser humano se confronta com a fragilidade humana, com o medo, com a morte, e tem se perguntado pelo sentido da vida. Deu mais abertura para o transcendente.<\/p>\n<p>Essa situa\u00e7\u00e3o de busca de vida \u00e9 uma porta que se abre para a evangeliza\u00e7\u00e3o. Basta que a gente saiba oferecer o essencial, que \u00e9 o querigma&#8221;, orientou.<\/p>\n<p>Para ele, a religi\u00e3o vai se um servi\u00e7o essencial quando estiver centrada na f\u00e9. &#8220;Durante muito tempo, a nossa evangeliza\u00e7\u00e3o esteve centrada mais nas consequ\u00eancias da f\u00e9 do que na pr\u00f3pria f\u00e9&#8221;, observou.<\/p>\n<p>Segundo ele, padres e religiosos representam\u00a0 muito mais a institui\u00e7\u00e3o, muito mais os sacramentos, como consequ\u00eancias da f\u00e9. &#8220;O leigo est\u00e1 mais livre para representar o querigma. Apresentar a centralidade de Jesus Cristo&#8221;, diz, lembrando que esse tempo do laicato n\u00e3o vem s\u00f3 pela eclesiologia do Vaticano II, mas que uma configura\u00e7\u00e3o social-religiosa oferece essa possibilidade.<\/p>\n<p>O frade partiu de tr\u00eas palavras essenciais: f\u00e9, religi\u00e3o e religiosidade. &#8220;N\u00f3s sabemos que quem trabalhava com essas tr\u00eas palavras era o falecido Lib\u00e2nio (te\u00f3logo Jos\u00e9 Lib\u00e2nio). Nem sempre a religi\u00e3o oferece esperan\u00e7a, a religiosidade oferece esperan\u00e7a. \u00c0s vezes at\u00e9 oprime. Ent\u00e3o, como fazer com que a nossa evangeliza\u00e7\u00e3o esteja centrada na f\u00e9 e n\u00e3o tanto religi\u00e3o e na religiosidade? Quem est\u00e1 em crise hoje \u00e9 a pr\u00f3pria religi\u00e3o enquanto institui\u00e7\u00e3o e a religiosidade. Est\u00e1 em crise porque ela n\u00e3o tem credibilidade. Ela n\u00e3o confere sentido de vida muitas vezes. O que confere sentido \u00e9 a f\u00e9&#8221;, disse.<\/p>\n<p>Outras tr\u00eas palavras que \u00a0Frei Jo\u00e3o usou para ajudar na busca da evangeliza\u00e7\u00e3o: pressupor, propor e impor. &#8220;N\u00e3o podemos pressupor que as pessoas estejam abertas procurando sentido da vida. Estejam abertas a encontrar a Jesus Cristo. N\u00e3o podemos pressupor. O caminho pastoral s\u00f3 pode ser o propor e n\u00e3o impor&#8221;, disse.<\/p>\n<p>Nessa simplicidade pastoral talvez a gente deva reduzir o ritmo. &#8220;N\u00f3s fazemos mil coisas. N\u00e3o seria o caso de fazer menos, mas com mais densidade pastoral?&#8221;, pergunta.<\/p>\n<p>Para que a igreja seja um servi\u00e7o essencial, ensina o pregador, \u00e9 preciso repensar a quest\u00e3o do ritmo. &#8220;O ativismo pode ser um inimigo \u00e0 f\u00e9, porque est\u00e1 marcado pela desempenho, qualidade, e n\u00e3o pelo essencial que \u00e9 a pr\u00f3pria f\u00e9. O ativismo n\u00e3o deixa focar nas rela\u00e7\u00f5es humanas. Eu quero fazer tudo sozinho \u00e0s vezes. Nos rouba o essencial que s\u00e3o as rela\u00e7\u00f5es humanas&#8221;, disse.<\/p>\n<p>Frei Jo\u00e3o lembrou que o Papa tem chamado muito aten\u00e7\u00e3o sobre o retorno ao neopelagianismo. &#8220;Sabemos quem foi Pel\u00e1gio, algu\u00e9m que dispensava a gra\u00e7a de Deus. Pregava que podemos nos salvar pela nossa pr\u00f3pria capacidade&#8221;, observou, indicando que vai ser um inimigo na evangeliza\u00e7\u00e3o nesse tempo.<\/p>\n<p><img loading=\"lazy\" class=\"alignnone size-full wp-image-227076\" src=\"https:\/\/franciscanos.org.br\/noticias\/wp-content\/uploads\/2020\/07\/frente_07.jpg\" alt=\"\" width=\"1280\" height=\"720\" srcset=\"https:\/\/franciscanos.org.br\/noticias\/wp-content\/uploads\/2020\/07\/frente_07.jpg 1280w, https:\/\/franciscanos.org.br\/noticias\/wp-content\/uploads\/2020\/07\/frente_07-450x253.jpg 450w, https:\/\/franciscanos.org.br\/noticias\/wp-content\/uploads\/2020\/07\/frente_07-1024x576.jpg 1024w, https:\/\/franciscanos.org.br\/noticias\/wp-content\/uploads\/2020\/07\/frente_07-768x432.jpg 768w, https:\/\/franciscanos.org.br\/noticias\/wp-content\/uploads\/2020\/07\/frente_07-150x84.jpg 150w\" sizes=\"(max-width: 1280px) 100vw, 1280px\" \/><\/p>\n<p><strong>IGREJA DOM\u00c9STICA<\/strong><\/p>\n<p>Outra dimens\u00e3o \u00e9 a Igreja dom\u00e9stica, que nos ajuda a perceber quando a evangeliza\u00e7\u00e3o \u00e9 um servi\u00e7o essencial. &#8220;Quem usou o termo foi Paulo VI. Veja que interessante. Foi preciso uma pandemia para descobrir a Igreja dom\u00e9stica. Precisou fechar igrejas para redescobrir a Igreja dom\u00e9stica&#8221;, indicou, lembrando que ela foi a base do primeiro s\u00e9culo do cristianismo, a fonte primordial de ser Igreja.<\/p>\n<p>Para o frade, nesse tempo de pandemia, a Igreja foi dom\u00e9stica. As fam\u00edlias passaram a rezar juntas, assistir juntas. &#8220;As casas foram uma fonte de vida eclesial. Foi uma forma de ser igreja&#8221;, disse.<\/p>\n<p>Frei Jo\u00e3o fez uma ressalva, no entanto. \u00c9 preciso valorizar essas igrejas dom\u00e9sticas mas ter o cuidado de n\u00e3o fazer a partir do clericalismo, criando uma igreja dependente do padre. &#8220;Que ela seja protagonista da a\u00e7\u00e3o eclesial&#8221;, pediu, lembrando que no s\u00e9culo 4, o que matou a Igreja dom\u00e9stica foi o clericalismo.\u00a0 &#8220;Nesse tempo da pandemia vimos tanto sinais de clericalismo: passeios de avi\u00e3o com o Sant\u00edssimo foi um deles e outros. Sinais de uma Igreja fechada, mas ainda clerical. H\u00e1 muitos questionamentos: Missa sem o povo pode, agora missa sem o padre n\u00e3o pode. O povo \u00e9 secund\u00e1rio e o Vaticano II \u00e9 totalmente contr\u00e1rio a isso. Outro exemplo: o povo foi privado da comunh\u00e3o eucar\u00edstica, mas n\u00f3s n\u00e3o. N\u00e3o seria mais coerente todos serem privados da Eucaristia?&#8221;<\/p>\n<p><strong>\u00daLTIMA DIMENS\u00c3O<\/strong><\/p>\n<p>As novas tecnologias vieram para ficar e \u00e9 importante perceber que essas ferramentas podem descobrir novas formas de conectividade. &#8220;Leandro Karnal diz que em tempos como esses ou de guerras, acelera-se os processos sociais. H\u00e1 s\u00e9culos se falava no ensino on-line. Em dois meses est\u00e1 todo mundo dando aula!&#8221;, ilustrou.<\/p>\n<p>Essa nova configura\u00e7\u00e3o atrav\u00e9s das redes sociais est\u00e1, segundo Frei Jo\u00e3o, de acordo com o Documento 100 da CNBB, \u201cComunidade de comunidades: uma nova par\u00f3quia\u201d, que prop\u00f5e reflex\u00e3o e a\u00e7\u00f5es pr\u00e1ticas para uma convers\u00e3o pastoral da par\u00f3quia. &#8220;\u00c9 a rede de rela\u00e7\u00f5es que s\u00e3o estabelecidas numa comunidade paroquial. As redes sociais ajudam a ampliar a compreens\u00e3o de ser comunidade de comunidades&#8221;, disse, lembrando que o momento pede um investimento na Pastoral da Comunica\u00e7\u00e3o, mas observando o cuidado de n\u00e3o cair no clericalismo, ao achar que pode fazer tudo sem a presen\u00e7a dos leigos.<\/p>\n<p>Frei Jo\u00e3o terminou deixando a pergunta: \u00a0Quando que a Igreja \u00e9 um servi\u00e7o essencial?<\/p>\n<p>Frei Gustavo deixou para o pr\u00f3ximo encontro, na ter\u00e7a-feira, duas perguntas que v\u00e3o nortear as reflex\u00f5es: 1) A partir do que foi apresentado pelos assessores e de nossas experi\u00eancias locais, o que poder\u00edamos destacar como ilumina\u00e7\u00e3o para nossa miss\u00e3o Evangelizadora em Par\u00f3quias, Santu\u00e1rios e Centros de Acolhimento?<br \/>\n2) Que a\u00e7\u00f5es pr\u00e1ticas poder\u00edamos assumir a partir destas luzes em rela\u00e7\u00e3o \u00e0 anima\u00e7\u00e3o de nossa Frente?<\/p>\n<p>O secret\u00e1rio da Evangeliza\u00e7\u00e3o terminou o encontro pedindo que Frei C\u00e1ssio Vieira de Lima, que hoje completa 71 anos de sacerd\u00f3cio, desse a b\u00ean\u00e7\u00e3o final.<\/p>\n<hr \/>\n<p><em>Moacir Beggo<\/em><\/p>\n","protected":false},"excerpt":{"rendered":"<p>Encontro dos Frades da Frente de Evangeliza\u00e7\u00e3o das Par\u00f3quias, Santu\u00e1rios e Centros de Acolhimento<\/p>\n","protected":false},"author":3,"featured_media":227077,"comment_status":"open","ping_status":"open","sticky":false,"template":"","format":"standard","meta":[],"categories":[1],"tags":[1145],"acf":[],"yoast_head":"<!-- This site is optimized with the Yoast SEO plugin v19.2 - https:\/\/yoast.com\/wordpress\/plugins\/seo\/ -->\n<title>Quando que a Igreja \u00e9 um servi\u00e7o essencial? - Not\u00edcias - Franciscanos<\/title>\n<meta name=\"robots\" content=\"index, follow, max-snippet:-1, max-image-preview:large, max-video-preview:-1\" \/>\n<link rel=\"canonical\" href=\"https:\/\/franciscanos.org.br\/noticias\/quando-que-a-igreja-e-um-servico-essencial.html\" \/>\n<meta property=\"og:locale\" content=\"pt_BR\" \/>\n<meta property=\"og:type\" content=\"article\" \/>\n<meta property=\"og:title\" content=\"Quando que a Igreja \u00e9 um servi\u00e7o essencial? - Not\u00edcias - Franciscanos\" \/>\n<meta property=\"og:description\" content=\"Encontro dos Frades da Frente de Evangeliza\u00e7\u00e3o das Par\u00f3quias, Santu\u00e1rios e Centros de Acolhimento\" \/>\n<meta property=\"og:url\" content=\"https:\/\/franciscanos.org.br\/noticias\/quando-que-a-igreja-e-um-servico-essencial.html\" \/>\n<meta property=\"og:site_name\" content=\"Not\u00edcias - Franciscanos\" \/>\n<meta property=\"article:published_time\" content=\"2020-07-16T20:57:03+00:00\" \/>\n<meta property=\"article:modified_time\" content=\"2020-07-16T21:55:47+00:00\" \/>\n<meta property=\"og:image\" content=\"https:\/\/franciscanos.org.br\/noticias\/wp-content\/uploads\/2020\/07\/frente_01.jpg\" \/>\n\t<meta property=\"og:image:width\" content=\"800\" \/>\n\t<meta property=\"og:image:height\" content=\"600\" \/>\n\t<meta property=\"og:image:type\" content=\"image\/jpeg\" \/>\n<meta name=\"author\" content=\"moacir\" \/>\n<meta name=\"twitter:card\" content=\"summary_large_image\" \/>\n<meta name=\"twitter:label1\" content=\"Escrito por\" \/>\n\t<meta name=\"twitter:data1\" content=\"moacir\" \/>\n\t<meta name=\"twitter:label2\" content=\"Est. tempo de leitura\" \/>\n\t<meta name=\"twitter:data2\" content=\"15 minutos\" \/>\n<script type=\"application\/ld+json\" class=\"yoast-schema-graph\">{\"@context\":\"https:\/\/schema.org\",\"@graph\":[{\"@type\":\"WebSite\",\"@id\":\"https:\/\/franciscanos.org.br\/noticias\/#website\",\"url\":\"https:\/\/franciscanos.org.br\/noticias\/\",\"name\":\"Not\u00edcias - Franciscanos\",\"description\":\"Prov\u00edncia Franciscana da Imaculada Concei\u00e7\u00e3o do Brasil - Ordem dos Frades Menores - OFM\",\"potentialAction\":[{\"@type\":\"SearchAction\",\"target\":{\"@type\":\"EntryPoint\",\"urlTemplate\":\"https:\/\/franciscanos.org.br\/noticias\/?s={search_term_string}\"},\"query-input\":\"required name=search_term_string\"}],\"inLanguage\":\"pt-BR\"},{\"@type\":\"ImageObject\",\"inLanguage\":\"pt-BR\",\"@id\":\"https:\/\/franciscanos.org.br\/noticias\/quando-que-a-igreja-e-um-servico-essencial.html#primaryimage\",\"url\":\"https:\/\/franciscanos.org.br\/noticias\/wp-content\/uploads\/2020\/07\/frente_01.jpg\",\"contentUrl\":\"https:\/\/franciscanos.org.br\/noticias\/wp-content\/uploads\/2020\/07\/frente_01.jpg\",\"width\":800,\"height\":600},{\"@type\":\"WebPage\",\"@id\":\"https:\/\/franciscanos.org.br\/noticias\/quando-que-a-igreja-e-um-servico-essencial.html#webpage\",\"url\":\"https:\/\/franciscanos.org.br\/noticias\/quando-que-a-igreja-e-um-servico-essencial.html\",\"name\":\"Quando que a Igreja \u00e9 um servi\u00e7o essencial? - Not\u00edcias - Franciscanos\",\"isPartOf\":{\"@id\":\"https:\/\/franciscanos.org.br\/noticias\/#website\"},\"primaryImageOfPage\":{\"@id\":\"https:\/\/franciscanos.org.br\/noticias\/quando-que-a-igreja-e-um-servico-essencial.html#primaryimage\"},\"datePublished\":\"2020-07-16T20:57:03+00:00\",\"dateModified\":\"2020-07-16T21:55:47+00:00\",\"author\":{\"@id\":\"https:\/\/franciscanos.org.br\/noticias\/#\/schema\/person\/b5c8cba458c330ccff548b056e95a5d4\"},\"breadcrumb\":{\"@id\":\"https:\/\/franciscanos.org.br\/noticias\/quando-que-a-igreja-e-um-servico-essencial.html#breadcrumb\"},\"inLanguage\":\"pt-BR\",\"potentialAction\":[{\"@type\":\"ReadAction\",\"target\":[\"https:\/\/franciscanos.org.br\/noticias\/quando-que-a-igreja-e-um-servico-essencial.html\"]}]},{\"@type\":\"BreadcrumbList\",\"@id\":\"https:\/\/franciscanos.org.br\/noticias\/quando-que-a-igreja-e-um-servico-essencial.html#breadcrumb\",\"itemListElement\":[{\"@type\":\"ListItem\",\"position\":1,\"name\":\"Home\",\"item\":\"https:\/\/franciscanos.org.br\/noticias\"},{\"@type\":\"ListItem\",\"position\":2,\"name\":\"Quando que a Igreja \u00e9 um servi\u00e7o essencial?\"}]},{\"@type\":\"Person\",\"@id\":\"https:\/\/franciscanos.org.br\/noticias\/#\/schema\/person\/b5c8cba458c330ccff548b056e95a5d4\",\"name\":\"moacir\",\"image\":{\"@type\":\"ImageObject\",\"inLanguage\":\"pt-BR\",\"@id\":\"https:\/\/franciscanos.org.br\/noticias\/#\/schema\/person\/image\/\",\"url\":\"https:\/\/secure.gravatar.com\/avatar\/d08aa2ce4c8dd416d4479aa8536fcf64?s=96&d=mm&r=g\",\"contentUrl\":\"https:\/\/secure.gravatar.com\/avatar\/d08aa2ce4c8dd416d4479aa8536fcf64?s=96&d=mm&r=g\",\"caption\":\"moacir\"},\"url\":\"https:\/\/franciscanos.org.br\/noticias\/author\/moacir\"}]}<\/script>\n<!-- \/ Yoast SEO plugin. -->","yoast_head_json":{"title":"Quando que a Igreja \u00e9 um servi\u00e7o essencial? - Not\u00edcias - Franciscanos","robots":{"index":"index","follow":"follow","max-snippet":"max-snippet:-1","max-image-preview":"max-image-preview:large","max-video-preview":"max-video-preview:-1"},"canonical":"https:\/\/franciscanos.org.br\/noticias\/quando-que-a-igreja-e-um-servico-essencial.html","og_locale":"pt_BR","og_type":"article","og_title":"Quando que a Igreja \u00e9 um servi\u00e7o essencial? - Not\u00edcias - Franciscanos","og_description":"Encontro dos Frades da Frente de Evangeliza\u00e7\u00e3o das Par\u00f3quias, Santu\u00e1rios e Centros de Acolhimento","og_url":"https:\/\/franciscanos.org.br\/noticias\/quando-que-a-igreja-e-um-servico-essencial.html","og_site_name":"Not\u00edcias - Franciscanos","article_published_time":"2020-07-16T20:57:03+00:00","article_modified_time":"2020-07-16T21:55:47+00:00","og_image":[{"width":800,"height":600,"url":"https:\/\/franciscanos.org.br\/noticias\/wp-content\/uploads\/2020\/07\/frente_01.jpg","type":"image\/jpeg"}],"author":"moacir","twitter_card":"summary_large_image","twitter_misc":{"Escrito por":"moacir","Est. tempo de leitura":"15 minutos"},"schema":{"@context":"https:\/\/schema.org","@graph":[{"@type":"WebSite","@id":"https:\/\/franciscanos.org.br\/noticias\/#website","url":"https:\/\/franciscanos.org.br\/noticias\/","name":"Not\u00edcias - Franciscanos","description":"Prov\u00edncia Franciscana da Imaculada Concei\u00e7\u00e3o do Brasil - Ordem dos Frades Menores - OFM","potentialAction":[{"@type":"SearchAction","target":{"@type":"EntryPoint","urlTemplate":"https:\/\/franciscanos.org.br\/noticias\/?s={search_term_string}"},"query-input":"required name=search_term_string"}],"inLanguage":"pt-BR"},{"@type":"ImageObject","inLanguage":"pt-BR","@id":"https:\/\/franciscanos.org.br\/noticias\/quando-que-a-igreja-e-um-servico-essencial.html#primaryimage","url":"https:\/\/franciscanos.org.br\/noticias\/wp-content\/uploads\/2020\/07\/frente_01.jpg","contentUrl":"https:\/\/franciscanos.org.br\/noticias\/wp-content\/uploads\/2020\/07\/frente_01.jpg","width":800,"height":600},{"@type":"WebPage","@id":"https:\/\/franciscanos.org.br\/noticias\/quando-que-a-igreja-e-um-servico-essencial.html#webpage","url":"https:\/\/franciscanos.org.br\/noticias\/quando-que-a-igreja-e-um-servico-essencial.html","name":"Quando que a Igreja \u00e9 um servi\u00e7o essencial? - Not\u00edcias - Franciscanos","isPartOf":{"@id":"https:\/\/franciscanos.org.br\/noticias\/#website"},"primaryImageOfPage":{"@id":"https:\/\/franciscanos.org.br\/noticias\/quando-que-a-igreja-e-um-servico-essencial.html#primaryimage"},"datePublished":"2020-07-16T20:57:03+00:00","dateModified":"2020-07-16T21:55:47+00:00","author":{"@id":"https:\/\/franciscanos.org.br\/noticias\/#\/schema\/person\/b5c8cba458c330ccff548b056e95a5d4"},"breadcrumb":{"@id":"https:\/\/franciscanos.org.br\/noticias\/quando-que-a-igreja-e-um-servico-essencial.html#breadcrumb"},"inLanguage":"pt-BR","potentialAction":[{"@type":"ReadAction","target":["https:\/\/franciscanos.org.br\/noticias\/quando-que-a-igreja-e-um-servico-essencial.html"]}]},{"@type":"BreadcrumbList","@id":"https:\/\/franciscanos.org.br\/noticias\/quando-que-a-igreja-e-um-servico-essencial.html#breadcrumb","itemListElement":[{"@type":"ListItem","position":1,"name":"Home","item":"https:\/\/franciscanos.org.br\/noticias"},{"@type":"ListItem","position":2,"name":"Quando que a Igreja \u00e9 um servi\u00e7o essencial?"}]},{"@type":"Person","@id":"https:\/\/franciscanos.org.br\/noticias\/#\/schema\/person\/b5c8cba458c330ccff548b056e95a5d4","name":"moacir","image":{"@type":"ImageObject","inLanguage":"pt-BR","@id":"https:\/\/franciscanos.org.br\/noticias\/#\/schema\/person\/image\/","url":"https:\/\/secure.gravatar.com\/avatar\/d08aa2ce4c8dd416d4479aa8536fcf64?s=96&d=mm&r=g","contentUrl":"https:\/\/secure.gravatar.com\/avatar\/d08aa2ce4c8dd416d4479aa8536fcf64?s=96&d=mm&r=g","caption":"moacir"},"url":"https:\/\/franciscanos.org.br\/noticias\/author\/moacir"}]}},"_links":{"self":[{"href":"https:\/\/franciscanos.org.br\/noticias\/wp-json\/wp\/v2\/posts\/227070"}],"collection":[{"href":"https:\/\/franciscanos.org.br\/noticias\/wp-json\/wp\/v2\/posts"}],"about":[{"href":"https:\/\/franciscanos.org.br\/noticias\/wp-json\/wp\/v2\/types\/post"}],"author":[{"embeddable":true,"href":"https:\/\/franciscanos.org.br\/noticias\/wp-json\/wp\/v2\/users\/3"}],"replies":[{"embeddable":true,"href":"https:\/\/franciscanos.org.br\/noticias\/wp-json\/wp\/v2\/comments?post=227070"}],"version-history":[{"count":7,"href":"https:\/\/franciscanos.org.br\/noticias\/wp-json\/wp\/v2\/posts\/227070\/revisions"}],"predecessor-version":[{"id":227084,"href":"https:\/\/franciscanos.org.br\/noticias\/wp-json\/wp\/v2\/posts\/227070\/revisions\/227084"}],"wp:featuredmedia":[{"embeddable":true,"href":"https:\/\/franciscanos.org.br\/noticias\/wp-json\/wp\/v2\/media\/227077"}],"wp:attachment":[{"href":"https:\/\/franciscanos.org.br\/noticias\/wp-json\/wp\/v2\/media?parent=227070"}],"wp:term":[{"taxonomy":"category","embeddable":true,"href":"https:\/\/franciscanos.org.br\/noticias\/wp-json\/wp\/v2\/categories?post=227070"},{"taxonomy":"post_tag","embeddable":true,"href":"https:\/\/franciscanos.org.br\/noticias\/wp-json\/wp\/v2\/tags?post=227070"}],"curies":[{"name":"wp","href":"https:\/\/api.w.org\/{rel}","templated":true}]}}