{"id":227053,"date":"2020-07-14T17:47:26","date_gmt":"2020-07-14T20:47:26","guid":{"rendered":"https:\/\/franciscanos.org.br\/noticias\/?p=227053"},"modified":"2020-07-14T17:48:41","modified_gmt":"2020-07-14T20:48:41","slug":"tenda-franciscana-chega-a-meio-milhao-de-refeicoes-distribuidas","status":"publish","type":"post","link":"https:\/\/franciscanos.org.br\/noticias\/tenda-franciscana-chega-a-meio-milhao-de-refeicoes-distribuidas.html","title":{"rendered":"Tenda Franciscana chega a meio milh\u00e3o de refei\u00e7\u00f5es distribu\u00eddas"},"content":{"rendered":"<p><img loading=\"lazy\" class=\"alignnone size-full wp-image-227054\" src=\"https:\/\/franciscanos.org.br\/noticias\/wp-content\/uploads\/2020\/07\/sefras_1407.jpg\" alt=\"\" width=\"1280\" height=\"720\" srcset=\"https:\/\/franciscanos.org.br\/noticias\/wp-content\/uploads\/2020\/07\/sefras_1407.jpg 1280w, https:\/\/franciscanos.org.br\/noticias\/wp-content\/uploads\/2020\/07\/sefras_1407-450x253.jpg 450w, https:\/\/franciscanos.org.br\/noticias\/wp-content\/uploads\/2020\/07\/sefras_1407-1024x576.jpg 1024w, https:\/\/franciscanos.org.br\/noticias\/wp-content\/uploads\/2020\/07\/sefras_1407-768x432.jpg 768w, https:\/\/franciscanos.org.br\/noticias\/wp-content\/uploads\/2020\/07\/sefras_1407-150x84.jpg 150w\" sizes=\"(max-width: 1280px) 100vw, 1280px\" \/><\/p>\n<p>O Servi\u00e7o Franciscano de Solidariedade (Sefras) entregou, no almo\u00e7o do dia 13 de julho, a refei\u00e7\u00e3o de n\u00famero 500 mil na Tenda Franciscana de S\u00e3o Paulo, localizada no Largo do S\u00e3o Francisco, centro da capital. Foram meio milh\u00e3o de refei\u00e7\u00f5es destinadas \u00e0 popula\u00e7\u00e3o em situa\u00e7\u00e3o de rua, desempregados, imigrantes e refugiados, nas a\u00e7\u00f5es franciscanas de combate aos impactos da pandemia. H\u00e1 quatro meses t\u00eam sido distribu\u00eddas, em m\u00e9dia, mais de 4 mil refei\u00e7\u00f5es diariamente.<\/p>\n<p>A doa\u00e7\u00e3o foi marcada por um ato simb\u00f3lico, que reuniu a equipe do Sefras, doadores, volunt\u00e1rios, representantes do poder p\u00fablico, da Arquidiocese de S\u00e3o Paulo e da Prov\u00edncia Franciscana da Imaculada Concei\u00e7\u00e3o do Brasil. \u201cEstou h\u00e1 dois anos na rua e sei como \u00e9 importante esta alimenta\u00e7\u00e3o todos os dias\u201d, disse Laura Cruz, porta-voz das pessoas atendidas aos presentes.<\/p>\n<p>Frei Jos\u00e9 Francisco de C\u00e1ssia dos Santos, diretor-presidente do Sefras, iniciou o momento dirigindo a palavra de gratid\u00e3o aos envolvidos no processo. \u201cNossa gratid\u00e3o a todos os trabalhadores, volunt\u00e1rios, doadores e parceiros que nos ajudaram a manter firme nosso compromisso de acolher, cuidar e defender aqueles que mais precisam. A tenda se transformou num espa\u00e7o simb\u00f3lico onde encontramos o reflexo da vulnerabilidade da estrutura social em que vivemos e, tamb\u00e9m, a for\u00e7a que tem uma corrente de solidariedade \u201d, disse.<\/p>\n<p><img loading=\"lazy\" class=\"alignnone size-full wp-image-227055\" src=\"https:\/\/franciscanos.org.br\/noticias\/wp-content\/uploads\/2020\/07\/sefras_1407_1.jpg\" alt=\"\" width=\"1280\" height=\"720\" srcset=\"https:\/\/franciscanos.org.br\/noticias\/wp-content\/uploads\/2020\/07\/sefras_1407_1.jpg 1280w, https:\/\/franciscanos.org.br\/noticias\/wp-content\/uploads\/2020\/07\/sefras_1407_1-450x253.jpg 450w, https:\/\/franciscanos.org.br\/noticias\/wp-content\/uploads\/2020\/07\/sefras_1407_1-1024x576.jpg 1024w, https:\/\/franciscanos.org.br\/noticias\/wp-content\/uploads\/2020\/07\/sefras_1407_1-768x432.jpg 768w, https:\/\/franciscanos.org.br\/noticias\/wp-content\/uploads\/2020\/07\/sefras_1407_1-150x84.jpg 150w\" sizes=\"(max-width: 1280px) 100vw, 1280px\" \/><\/p>\n<p>O Vig\u00e1rio Provincial Frei Gustavo Medella completou a fala do Frei Jos\u00e9. \u201cCelebrar a entrega da refei\u00e7\u00e3o de n\u00famero 500 mil, primeiro, \u00e9 motivo de alegria e de gratid\u00e3o pois nos mostra que, mesmo diante do cen\u00e1rio desafiador, ainda existem muitos que revelam seus lados mais bonitos de solidariedade e empatia. Mas, ao mesmo tempo, \u00e9 motivo de preocupa\u00e7\u00e3o pois, se distribu\u00edmos tanta comida em t\u00e3o pouco tempo, \u00e9 sinal de que tem muita gente sendo privada desse direito b\u00e1sico que \u00e9 o da alimenta\u00e7\u00e3o. A nossa esperan\u00e7a \u00e9 de que a mesma energia empreendida durante a emerg\u00eancia, seja mantida para buscarmos juntos as transforma\u00e7\u00f5es para sanar esfor\u00e7os como esses\u201d, disse o Secret\u00e1rio de Evangeliza\u00e7\u00e3o da Prov\u00edncia.<\/p>\n<p>A secret\u00e1ria municipal de Assist\u00eancia e Desenvolvimento Social, Berenice Giannela, participou do momento e agradeceu a todos, em nome do munic\u00edpio de S\u00e3o Paulo. \u201cO Sefras j\u00e1 \u00e9 um parceiro de anos da Prefeitura de S\u00e3o Paulo e o momento \u00e9 de agradecimento pelo apoio que todos t\u00eam dado para que possamos superar essa situa\u00e7\u00e3o de pandemia\u201d.<\/p>\n<p>Representando os milhares de doadores e parceiros, participaram do momento Alexandre Pernet da Soul Kitchen, Ant\u00f4nio Carlos do SESI, Lena da Silva da Casa de Francisco e Viko Tangoda do projeto Mesa Solid\u00e1ria, que, emocionado, afirmou que \u201co momento \u00e9 tamb\u00e9m espa\u00e7o de gratid\u00e3o pela abertura dada ao projeto desde o terceiro dia da Tenda em S\u00e3o Paulo\u201d.<\/p>\n<p>A soci\u00f3loga Ariadne Natal representou os mais de 500 volunt\u00e1rios e deu voz \u00e0 diversidade de experi\u00eancias que esse espa\u00e7o tem proporcionado. \u201cN\u00f3s, volunt\u00e1rios, somos muito diversos em idade, sexo, renda, profiss\u00e3o, credo, mas em comum, temos a empatia e o olhar pelo outro. Todos os dias quando chegamos na Tenda, colocamos o colete e nos transformamos. N\u00e3o importa o que aconteceu no nosso dia, aqui estamos para servir n\u00e3o s\u00f3 comida, mas para servir esperan\u00e7a! \u201d<\/p>\n<p><img loading=\"lazy\" class=\"alignnone size-full wp-image-227056\" src=\"https:\/\/franciscanos.org.br\/noticias\/wp-content\/uploads\/2020\/07\/sefras_1407_2.jpg\" alt=\"\" width=\"1280\" height=\"720\" srcset=\"https:\/\/franciscanos.org.br\/noticias\/wp-content\/uploads\/2020\/07\/sefras_1407_2.jpg 1280w, https:\/\/franciscanos.org.br\/noticias\/wp-content\/uploads\/2020\/07\/sefras_1407_2-450x253.jpg 450w, https:\/\/franciscanos.org.br\/noticias\/wp-content\/uploads\/2020\/07\/sefras_1407_2-1024x576.jpg 1024w, https:\/\/franciscanos.org.br\/noticias\/wp-content\/uploads\/2020\/07\/sefras_1407_2-768x432.jpg 768w, https:\/\/franciscanos.org.br\/noticias\/wp-content\/uploads\/2020\/07\/sefras_1407_2-150x84.jpg 150w\" sizes=\"(max-width: 1280px) 100vw, 1280px\" \/><\/p>\n<p>A campanha emergencial, chamada de \u201cVida para Todos\u201d come\u00e7ou em S\u00e3o Paulo e h\u00e1 um m\u00eas se expandiu para o Rio de Janeiro tendo cinco espa\u00e7os de distribui\u00e7\u00e3o de alimentos, e tamb\u00e9m cinco cozinhas solid\u00e1rias. \u201cA demanda \u00e9 muito grande, o que nos fez pensar em medidas provis\u00f3rias para o atendimento, como \u00e9 o caso das tendas. Mas sabemos que estes espa\u00e7os n\u00e3o suprir\u00e3o os desafios. Precisaremos nos reorganizar, estudar novas estrat\u00e9gias, pois n\u00e3o sabemos at\u00e9 quando sofreremos com os impactos econ\u00f4micos e sociais da pandemia\u201d, completou Frei Jos\u00e9.<\/p>\n<p>Dom Eduardo Vieira finalizou o momento com a b\u00ean\u00e7\u00e3o das refei\u00e7\u00f5es e, refor\u00e7ando nosso compromisso de sermos uma Igreja em sa\u00edda, que vai ao encontro dos que mais precisam.<\/p>\n<p>O trabalho solid\u00e1rio s\u00f3 \u00e9 poss\u00edvel gra\u00e7as ao compromisso de milhares de doadores e tamb\u00e9m a gratuidade de mais de 500 volunt\u00e1rios. A a\u00e7\u00e3o franciscana j\u00e1 distribuiu mais de 350 toneladas de alimentos, entre cestas b\u00e1sicas mensais (15mil), marmitas e refei\u00e7\u00f5es (500 mil), al\u00e9m de milhares cobertores e de kits de higiene e prote\u00e7\u00e3o.<\/p>\n<p>&nbsp;<\/p>\n<p><img loading=\"lazy\" class=\"alignnone size-full wp-image-227057\" src=\"https:\/\/franciscanos.org.br\/noticias\/wp-content\/uploads\/2020\/07\/sefras_14073.jpg\" alt=\"\" width=\"1280\" height=\"720\" srcset=\"https:\/\/franciscanos.org.br\/noticias\/wp-content\/uploads\/2020\/07\/sefras_14073.jpg 1280w, https:\/\/franciscanos.org.br\/noticias\/wp-content\/uploads\/2020\/07\/sefras_14073-450x253.jpg 450w, https:\/\/franciscanos.org.br\/noticias\/wp-content\/uploads\/2020\/07\/sefras_14073-1024x576.jpg 1024w, https:\/\/franciscanos.org.br\/noticias\/wp-content\/uploads\/2020\/07\/sefras_14073-768x432.jpg 768w, https:\/\/franciscanos.org.br\/noticias\/wp-content\/uploads\/2020\/07\/sefras_14073-150x84.jpg 150w\" sizes=\"(max-width: 1280px) 100vw, 1280px\" \/><\/p>\n","protected":false},"excerpt":{"rendered":"<p>Servi\u00e7o Franciscano de Solidariedade<\/p>\n","protected":false},"author":3,"featured_media":227059,"comment_status":"open","ping_status":"open","sticky":false,"template":"","format":"standard","meta":[],"categories":[1],"tags":[228],"acf":[],"yoast_head":"<!-- This site is optimized with the Yoast SEO plugin v19.2 - https:\/\/yoast.com\/wordpress\/plugins\/seo\/ -->\n<title>Tenda Franciscana chega a meio milh\u00e3o de refei\u00e7\u00f5es distribu\u00eddas - Not\u00edcias - Franciscanos<\/title>\n<meta name=\"robots\" content=\"index, follow, max-snippet:-1, max-image-preview:large, max-video-preview:-1\" \/>\n<link rel=\"canonical\" href=\"https:\/\/franciscanos.org.br\/noticias\/tenda-franciscana-chega-a-meio-milhao-de-refeicoes-distribuidas.html\" \/>\n<meta property=\"og:locale\" content=\"pt_BR\" \/>\n<meta property=\"og:type\" content=\"article\" \/>\n<meta property=\"og:title\" content=\"Tenda Franciscana chega a meio milh\u00e3o de refei\u00e7\u00f5es distribu\u00eddas - Not\u00edcias - Franciscanos\" \/>\n<meta property=\"og:description\" content=\"Servi\u00e7o Franciscano de Solidariedade\" \/>\n<meta property=\"og:url\" content=\"https:\/\/franciscanos.org.br\/noticias\/tenda-franciscana-chega-a-meio-milhao-de-refeicoes-distribuidas.html\" \/>\n<meta property=\"og:site_name\" content=\"Not\u00edcias - Franciscanos\" \/>\n<meta property=\"article:published_time\" content=\"2020-07-14T20:47:26+00:00\" \/>\n<meta property=\"article:modified_time\" content=\"2020-07-14T20:48:41+00:00\" \/>\n<meta property=\"og:image\" content=\"https:\/\/franciscanos.org.br\/noticias\/wp-content\/uploads\/2020\/07\/sefras_14073d.jpg\" \/>\n\t<meta property=\"og:image:width\" content=\"800\" \/>\n\t<meta property=\"og:image:height\" content=\"600\" \/>\n\t<meta property=\"og:image:type\" content=\"image\/jpeg\" \/>\n<meta name=\"author\" content=\"moacir\" \/>\n<meta name=\"twitter:card\" content=\"summary_large_image\" \/>\n<meta name=\"twitter:label1\" content=\"Escrito por\" \/>\n\t<meta name=\"twitter:data1\" content=\"moacir\" \/>\n\t<meta name=\"twitter:label2\" content=\"Est. tempo de leitura\" \/>\n\t<meta name=\"twitter:data2\" content=\"4 minutos\" \/>\n<script type=\"application\/ld+json\" class=\"yoast-schema-graph\">{\"@context\":\"https:\/\/schema.org\",\"@graph\":[{\"@type\":\"WebSite\",\"@id\":\"https:\/\/franciscanos.org.br\/noticias\/#website\",\"url\":\"https:\/\/franciscanos.org.br\/noticias\/\",\"name\":\"Not\u00edcias - Franciscanos\",\"description\":\"Prov\u00edncia Franciscana da Imaculada Concei\u00e7\u00e3o do Brasil - Ordem dos Frades Menores - OFM\",\"potentialAction\":[{\"@type\":\"SearchAction\",\"target\":{\"@type\":\"EntryPoint\",\"urlTemplate\":\"https:\/\/franciscanos.org.br\/noticias\/?s={search_term_string}\"},\"query-input\":\"required name=search_term_string\"}],\"inLanguage\":\"pt-BR\"},{\"@type\":\"ImageObject\",\"inLanguage\":\"pt-BR\",\"@id\":\"https:\/\/franciscanos.org.br\/noticias\/tenda-franciscana-chega-a-meio-milhao-de-refeicoes-distribuidas.html#primaryimage\",\"url\":\"https:\/\/franciscanos.org.br\/noticias\/wp-content\/uploads\/2020\/07\/sefras_14073d.jpg\",\"contentUrl\":\"https:\/\/franciscanos.org.br\/noticias\/wp-content\/uploads\/2020\/07\/sefras_14073d.jpg\",\"width\":800,\"height\":600},{\"@type\":\"WebPage\",\"@id\":\"https:\/\/franciscanos.org.br\/noticias\/tenda-franciscana-chega-a-meio-milhao-de-refeicoes-distribuidas.html#webpage\",\"url\":\"https:\/\/franciscanos.org.br\/noticias\/tenda-franciscana-chega-a-meio-milhao-de-refeicoes-distribuidas.html\",\"name\":\"Tenda Franciscana chega a meio milh\u00e3o de refei\u00e7\u00f5es distribu\u00eddas - Not\u00edcias - Franciscanos\",\"isPartOf\":{\"@id\":\"https:\/\/franciscanos.org.br\/noticias\/#website\"},\"primaryImageOfPage\":{\"@id\":\"https:\/\/franciscanos.org.br\/noticias\/tenda-franciscana-chega-a-meio-milhao-de-refeicoes-distribuidas.html#primaryimage\"},\"datePublished\":\"2020-07-14T20:47:26+00:00\",\"dateModified\":\"2020-07-14T20:48:41+00:00\",\"author\":{\"@id\":\"https:\/\/franciscanos.org.br\/noticias\/#\/schema\/person\/b5c8cba458c330ccff548b056e95a5d4\"},\"breadcrumb\":{\"@id\":\"https:\/\/franciscanos.org.br\/noticias\/tenda-franciscana-chega-a-meio-milhao-de-refeicoes-distribuidas.html#breadcrumb\"},\"inLanguage\":\"pt-BR\",\"potentialAction\":[{\"@type\":\"ReadAction\",\"target\":[\"https:\/\/franciscanos.org.br\/noticias\/tenda-franciscana-chega-a-meio-milhao-de-refeicoes-distribuidas.html\"]}]},{\"@type\":\"BreadcrumbList\",\"@id\":\"https:\/\/franciscanos.org.br\/noticias\/tenda-franciscana-chega-a-meio-milhao-de-refeicoes-distribuidas.html#breadcrumb\",\"itemListElement\":[{\"@type\":\"ListItem\",\"position\":1,\"name\":\"Home\",\"item\":\"https:\/\/franciscanos.org.br\/noticias\"},{\"@type\":\"ListItem\",\"position\":2,\"name\":\"Tenda Franciscana chega a meio milh\u00e3o de refei\u00e7\u00f5es distribu\u00eddas\"}]},{\"@type\":\"Person\",\"@id\":\"https:\/\/franciscanos.org.br\/noticias\/#\/schema\/person\/b5c8cba458c330ccff548b056e95a5d4\",\"name\":\"moacir\",\"image\":{\"@type\":\"ImageObject\",\"inLanguage\":\"pt-BR\",\"@id\":\"https:\/\/franciscanos.org.br\/noticias\/#\/schema\/person\/image\/\",\"url\":\"https:\/\/secure.gravatar.com\/avatar\/d08aa2ce4c8dd416d4479aa8536fcf64?s=96&d=mm&r=g\",\"contentUrl\":\"https:\/\/secure.gravatar.com\/avatar\/d08aa2ce4c8dd416d4479aa8536fcf64?s=96&d=mm&r=g\",\"caption\":\"moacir\"},\"url\":\"https:\/\/franciscanos.org.br\/noticias\/author\/moacir\"}]}<\/script>\n<!-- \/ Yoast SEO plugin. -->","yoast_head_json":{"title":"Tenda Franciscana chega a meio milh\u00e3o de refei\u00e7\u00f5es distribu\u00eddas - Not\u00edcias - Franciscanos","robots":{"index":"index","follow":"follow","max-snippet":"max-snippet:-1","max-image-preview":"max-image-preview:large","max-video-preview":"max-video-preview:-1"},"canonical":"https:\/\/franciscanos.org.br\/noticias\/tenda-franciscana-chega-a-meio-milhao-de-refeicoes-distribuidas.html","og_locale":"pt_BR","og_type":"article","og_title":"Tenda Franciscana chega a meio milh\u00e3o de refei\u00e7\u00f5es distribu\u00eddas - Not\u00edcias - Franciscanos","og_description":"Servi\u00e7o Franciscano de Solidariedade","og_url":"https:\/\/franciscanos.org.br\/noticias\/tenda-franciscana-chega-a-meio-milhao-de-refeicoes-distribuidas.html","og_site_name":"Not\u00edcias - Franciscanos","article_published_time":"2020-07-14T20:47:26+00:00","article_modified_time":"2020-07-14T20:48:41+00:00","og_image":[{"width":800,"height":600,"url":"https:\/\/franciscanos.org.br\/noticias\/wp-content\/uploads\/2020\/07\/sefras_14073d.jpg","type":"image\/jpeg"}],"author":"moacir","twitter_card":"summary_large_image","twitter_misc":{"Escrito por":"moacir","Est. tempo de leitura":"4 minutos"},"schema":{"@context":"https:\/\/schema.org","@graph":[{"@type":"WebSite","@id":"https:\/\/franciscanos.org.br\/noticias\/#website","url":"https:\/\/franciscanos.org.br\/noticias\/","name":"Not\u00edcias - Franciscanos","description":"Prov\u00edncia Franciscana da Imaculada Concei\u00e7\u00e3o do Brasil - Ordem dos Frades Menores - OFM","potentialAction":[{"@type":"SearchAction","target":{"@type":"EntryPoint","urlTemplate":"https:\/\/franciscanos.org.br\/noticias\/?s={search_term_string}"},"query-input":"required name=search_term_string"}],"inLanguage":"pt-BR"},{"@type":"ImageObject","inLanguage":"pt-BR","@id":"https:\/\/franciscanos.org.br\/noticias\/tenda-franciscana-chega-a-meio-milhao-de-refeicoes-distribuidas.html#primaryimage","url":"https:\/\/franciscanos.org.br\/noticias\/wp-content\/uploads\/2020\/07\/sefras_14073d.jpg","contentUrl":"https:\/\/franciscanos.org.br\/noticias\/wp-content\/uploads\/2020\/07\/sefras_14073d.jpg","width":800,"height":600},{"@type":"WebPage","@id":"https:\/\/franciscanos.org.br\/noticias\/tenda-franciscana-chega-a-meio-milhao-de-refeicoes-distribuidas.html#webpage","url":"https:\/\/franciscanos.org.br\/noticias\/tenda-franciscana-chega-a-meio-milhao-de-refeicoes-distribuidas.html","name":"Tenda Franciscana chega a meio milh\u00e3o de refei\u00e7\u00f5es distribu\u00eddas - Not\u00edcias - Franciscanos","isPartOf":{"@id":"https:\/\/franciscanos.org.br\/noticias\/#website"},"primaryImageOfPage":{"@id":"https:\/\/franciscanos.org.br\/noticias\/tenda-franciscana-chega-a-meio-milhao-de-refeicoes-distribuidas.html#primaryimage"},"datePublished":"2020-07-14T20:47:26+00:00","dateModified":"2020-07-14T20:48:41+00:00","author":{"@id":"https:\/\/franciscanos.org.br\/noticias\/#\/schema\/person\/b5c8cba458c330ccff548b056e95a5d4"},"breadcrumb":{"@id":"https:\/\/franciscanos.org.br\/noticias\/tenda-franciscana-chega-a-meio-milhao-de-refeicoes-distribuidas.html#breadcrumb"},"inLanguage":"pt-BR","potentialAction":[{"@type":"ReadAction","target":["https:\/\/franciscanos.org.br\/noticias\/tenda-franciscana-chega-a-meio-milhao-de-refeicoes-distribuidas.html"]}]},{"@type":"BreadcrumbList","@id":"https:\/\/franciscanos.org.br\/noticias\/tenda-franciscana-chega-a-meio-milhao-de-refeicoes-distribuidas.html#breadcrumb","itemListElement":[{"@type":"ListItem","position":1,"name":"Home","item":"https:\/\/franciscanos.org.br\/noticias"},{"@type":"ListItem","position":2,"name":"Tenda Franciscana chega a meio milh\u00e3o de refei\u00e7\u00f5es distribu\u00eddas"}]},{"@type":"Person","@id":"https:\/\/franciscanos.org.br\/noticias\/#\/schema\/person\/b5c8cba458c330ccff548b056e95a5d4","name":"moacir","image":{"@type":"ImageObject","inLanguage":"pt-BR","@id":"https:\/\/franciscanos.org.br\/noticias\/#\/schema\/person\/image\/","url":"https:\/\/secure.gravatar.com\/avatar\/d08aa2ce4c8dd416d4479aa8536fcf64?s=96&d=mm&r=g","contentUrl":"https:\/\/secure.gravatar.com\/avatar\/d08aa2ce4c8dd416d4479aa8536fcf64?s=96&d=mm&r=g","caption":"moacir"},"url":"https:\/\/franciscanos.org.br\/noticias\/author\/moacir"}]}},"_links":{"self":[{"href":"https:\/\/franciscanos.org.br\/noticias\/wp-json\/wp\/v2\/posts\/227053"}],"collection":[{"href":"https:\/\/franciscanos.org.br\/noticias\/wp-json\/wp\/v2\/posts"}],"about":[{"href":"https:\/\/franciscanos.org.br\/noticias\/wp-json\/wp\/v2\/types\/post"}],"author":[{"embeddable":true,"href":"https:\/\/franciscanos.org.br\/noticias\/wp-json\/wp\/v2\/users\/3"}],"replies":[{"embeddable":true,"href":"https:\/\/franciscanos.org.br\/noticias\/wp-json\/wp\/v2\/comments?post=227053"}],"version-history":[{"count":1,"href":"https:\/\/franciscanos.org.br\/noticias\/wp-json\/wp\/v2\/posts\/227053\/revisions"}],"predecessor-version":[{"id":227058,"href":"https:\/\/franciscanos.org.br\/noticias\/wp-json\/wp\/v2\/posts\/227053\/revisions\/227058"}],"wp:featuredmedia":[{"embeddable":true,"href":"https:\/\/franciscanos.org.br\/noticias\/wp-json\/wp\/v2\/media\/227059"}],"wp:attachment":[{"href":"https:\/\/franciscanos.org.br\/noticias\/wp-json\/wp\/v2\/media?parent=227053"}],"wp:term":[{"taxonomy":"category","embeddable":true,"href":"https:\/\/franciscanos.org.br\/noticias\/wp-json\/wp\/v2\/categories?post=227053"},{"taxonomy":"post_tag","embeddable":true,"href":"https:\/\/franciscanos.org.br\/noticias\/wp-json\/wp\/v2\/tags?post=227053"}],"curies":[{"name":"wp","href":"https:\/\/api.w.org\/{rel}","templated":true}]}}