{"id":227030,"date":"2020-07-13T20:55:42","date_gmt":"2020-07-13T23:55:42","guid":{"rendered":"https:\/\/franciscanos.org.br\/noticias\/?p=227030"},"modified":"2020-07-14T08:36:00","modified_gmt":"2020-07-14T11:36:00","slug":"aos-55-anos-falece-frei-leonir-em-sao-paulo","status":"publish","type":"post","link":"https:\/\/franciscanos.org.br\/noticias\/aos-55-anos-falece-frei-leonir-em-sao-paulo.html","title":{"rendered":"Aos 55 anos, falece Frei Leonir em S\u00e3o Paulo"},"content":{"rendered":"<p><img loading=\"lazy\" class=\"alignnone wp-image-227034 size-full\" src=\"https:\/\/franciscanos.org.br\/noticias\/wp-content\/uploads\/2020\/07\/leo_1407.jpg\" alt=\"\" width=\"1270\" height=\"714\" srcset=\"https:\/\/franciscanos.org.br\/noticias\/wp-content\/uploads\/2020\/07\/leo_1407.jpg 1270w, https:\/\/franciscanos.org.br\/noticias\/wp-content\/uploads\/2020\/07\/leo_1407-450x253.jpg 450w, https:\/\/franciscanos.org.br\/noticias\/wp-content\/uploads\/2020\/07\/leo_1407-1024x576.jpg 1024w, https:\/\/franciscanos.org.br\/noticias\/wp-content\/uploads\/2020\/07\/leo_1407-768x432.jpg 768w, https:\/\/franciscanos.org.br\/noticias\/wp-content\/uploads\/2020\/07\/leo_1407-150x84.jpg 150w\" sizes=\"(max-width: 1270px) 100vw, 1270px\" \/><\/p>\n<p>Frei Leonir estava em tratamento desde mar\u00e7o de 2018. Come\u00e7ou a investiga\u00e7\u00e3o sobre os sintomas da doen\u00e7a no Hospital Frei Galv\u00e3o, em Guaratinguet\u00e1. Devido \u00e0 complexidade do caso, veio tratar-se em S\u00e3o Paulo e, depois de muitas idas e vindas entre diferentes m\u00e9dicos, exames, hospitais e diversas interna\u00e7\u00f5es, foi operado. Na ocasi\u00e3o foi constatado um tumor no p\u00e2ncreas e tamb\u00e9m em outros \u00f3rg\u00e3os. Depois disso passou por um longo e sofrido tratamento quimioter\u00e1pico. Desde o final de maio deste ano, frei Leonir estava sendo acompanhado com cuidados paliativos na Fraternidade do Convento S\u00e3o Francisco. Na medida do poss\u00edvel, participando da vida fraterna, com as dores controladas \u00e0 base de medicamentos. Ainda no dia 2 de julho recebera a visita de seu irm\u00e3o e irm\u00e3, que vieram do Paran\u00e1. Logo ap\u00f3s essa visita, no dia 06 de julho, o problema da h\u00e9rnia no abd\u00f4men, que vinha causando-lhe grande inc\u00f4modo, agravou-se; culminando na exposi\u00e7\u00e3o da al\u00e7a intestinal. Frei Leonir foi conduzido ao Pronto Socorro do Instituto Brasileiro de Controle do C\u00e2ncer (IBCC), aonde vinha fazendo o acompanhamento da enfermidade. Foi encaminhado para uma cirurgia de emerg\u00eancia. Permaneceu em recupera\u00e7\u00e3o no hospital, mas j\u00e1 n\u00e3o conseguia alimentar-se bem e fazia uso de fortes sedativos. Na manh\u00e3 de hoje, dia 13, frei M\u00e1rio Tagliari e o enfermeiro Jo\u00e3o, estiveram no hospital com ele e rezaram juntos. Frei Leonir j\u00e1 pouco respondia. \u00c0s 17 horas foi constatada sua morte: insufici\u00eancia renal, consequ\u00eancia de neoplasia de p\u00e2ncreas. Conforme vontade manifesta pelo pr\u00f3prio confrade, frei Leonir ser\u00e1 sepultado no mausol\u00e9u dos frades, no Semin\u00e1rio Frei Galv\u00e3o, em Guaratinguet\u00e1, SP. O traslado do corpo est\u00e1 previsto para esta madrugada e o sepultamento, na tarde desta ter\u00e7a-feira, dia 14 de julho.<\/p>\n<p><strong>Dados pessoais, forma\u00e7\u00e3o e atividades<\/strong><br \/>\n&#8211; Nascimento: 09.12.1964 (55 anos de idade)<br \/>\n&#8211; Nova Prata, RS.<br \/>\n&#8211; Vesti\u00e7\u00e3o: 18.01.1985 \u2013 Rodeio<br \/>\n&#8211; Primeira Profiss\u00e3o: 10.01.1986 (34 anos de Vida Franciscana)<br \/>\n&#8211; Profiss\u00e3o Solene: 06.09.1992<br \/>\n&#8211; 1986 \u2013 1988 \u2013 Rondinha \u2013 estudos de Filosofia;<br \/>\n&#8211; 1989 \u2013 Agudos \u2013 servi\u00e7os fraternos;<br \/>\n&#8211; 1991 \u2013 Curitiba \u2013 porteiro e servi\u00e7os gerais;<br \/>\n&#8211; 1997 \u2013 S\u00e3o Paulo\/Convento S\u00e3o Francisco \u2013 servi\u00e7os gerais;<br \/>\n&#8211; 2000 \u2013 Agudos \u2013 apicultor\/servi\u00e7os gerais;<br \/>\n&#8211; 2003 \u2013 Petr\u00f3polis\/ITF \u2013 servi\u00e7os gerais;<br \/>\n&#8211; 2004 \u2013 Agudos \u2013 administra\u00e7\u00e3o da fazenda do Semin\u00e1rio<br \/>\n&#8211; 2009 \u2013 Agudos \u2013 vig\u00e1rio da casa<br \/>\n&#8211; 2012 \u2013 Agudos \u2013 guardi\u00e3o<br \/>\n&#8211; 2013 \u2013 Agudos \u2013 vice-orientador dos aspirantes e ec\u00f4nomo<br \/>\n&#8211; 2016 \u2013 Guaratinguet\u00e1 \u2013 vig\u00e1rio da casa e a servi\u00e7o da evangeliza\u00e7\u00e3o<\/p>\n<h3>O frade menor<\/h3>\n<p>Frei Leonir \u00e9 o primeiro filho de seis irm\u00e3os do casal Ant\u00f4nio Ansolin e Maria Donassolo Ansolin. Nascido em Nova Prata-RS, ainda muito novo, mudou-se com a fam\u00edlia para Toledo-PR. Com apenas 15 anos j\u00e1 ingressava na forma\u00e7\u00e3o franciscana. A f\u00e9 firme dos pais e da comunidade, onde crescia, foi fundamental para seu despertar vocacional.<\/p>\n<p>Seu itiner\u00e1rio formativo e de trabalho na Prov\u00edncia foi marcado pelo seu temperamento s\u00f3brio e constante. Ele mesmo se descrevia como algu\u00e9m simples, quieto, um pouco t\u00edmido e introvertido. Essa era tamb\u00e9m sua marca nas rela\u00e7\u00f5es. Calmo e pac\u00edfico. Sempre disposto ao servi\u00e7o fraterno, como comprovam suas transfer\u00eancias. O gosto pela terra e pelos servi\u00e7os mais simples o moveram como frade e ser humano. Sobre a vida religiosa franciscana afirmava que a fraternidade, com a sua diversidade, o encantava. Em 2019, perguntado sobre alguma coisa que gostaria de realizar ou ter realizado e ainda n\u00e3o fora poss\u00edvel, disse que seria aprender a arte da marcenaria.<\/p>\n<p>Aos frades que tiveram a possibilidade de conviver com este irm\u00e3o, a marca da generosidade fraterna se fez presente. Na Sede Provincial est\u00e3o algumas cartas de frades que pediam a sua perman\u00eancia em algumas fraternidades por onde passou:<\/p>\n<p style=\"padding-left: 40px;\"><em>\u201c&#8230; corremos o risco de desestabiliza\u00e7\u00e3o generalizada, sobretudo pela aus\u00eancia de Frei Leonir, que representa para nossa Fraternidade uma coluna de sustenta\u00e7\u00e3o s\u00f3lida pelo trabalho que realiza e pela integra\u00e7\u00e3o interna\u201d&#8230;<\/em><\/p>\n<p style=\"padding-left: 40px;\"><em>&#8230;\u201cNo momento atual todos est\u00e3o de acordo que sua perman\u00eancia \u00e9 sinal de b\u00ean\u00e7\u00e3o e enriquecimento para a fraternidade\u201d&#8230;<\/em><\/p>\n<p>Nos \u00faltimos dois anos frei Leonir viveu uma verdadeira via-cr\u00facis. Os frades e o enfermeiro Jo\u00e3o, que conviveram de perto com ele nesse tempo, e presenciaram sua peregrina\u00e7\u00e3o, viram sua for\u00e7a, mansid\u00e3o e testemunho de vida.<\/p>\n<p style=\"padding-left: 40px;\"><em>\u201cQuando o visitei h\u00e1 duas semanas demonstrava desconforto com as dores, mas n\u00e3o manifestou descontentamento. Sempre agradecido a Prov\u00edncia e aos frades por tudo. Belo testemunho de fraternidade\u201d.<\/em><\/p>\n<p style=\"padding-left: 40px;\"><em>\u201cFrei Leonir tem se mostrado muito forte e surpreende a cada momento, verdadeiro guerreiro e cheio da vontade de viver\u201d.<\/em><\/p>\n<p style=\"padding-left: 40px;\"><em>\u201cMesmo na dor e no sofrimento testemunha sua ades\u00e3o ao Cristo\u201d.<\/em><\/p>\n<p>Sua humildade na vida fraterna e perseveran\u00e7a na adversidade s\u00e3o ensinamentos que nos deixa como heran\u00e7a.<\/p>\n<p><strong>R.I.P.<\/strong><\/p>\n","protected":false},"excerpt":{"rendered":"<p>Prov\u00edncia de luto<\/p>\n","protected":false},"author":3,"featured_media":227036,"comment_status":"open","ping_status":"open","sticky":false,"template":"","format":"standard","meta":[],"categories":[1],"tags":[1160],"acf":[],"yoast_head":"<!-- This site is optimized with the Yoast SEO plugin v19.2 - https:\/\/yoast.com\/wordpress\/plugins\/seo\/ -->\n<title>Aos 55 anos, falece Frei Leonir em S\u00e3o Paulo - Not\u00edcias - Franciscanos<\/title>\n<meta name=\"robots\" content=\"index, follow, max-snippet:-1, max-image-preview:large, max-video-preview:-1\" \/>\n<link rel=\"canonical\" href=\"https:\/\/franciscanos.org.br\/noticias\/aos-55-anos-falece-frei-leonir-em-sao-paulo.html\" \/>\n<meta property=\"og:locale\" content=\"pt_BR\" \/>\n<meta property=\"og:type\" content=\"article\" \/>\n<meta property=\"og:title\" content=\"Aos 55 anos, falece Frei Leonir em S\u00e3o Paulo - Not\u00edcias - Franciscanos\" \/>\n<meta property=\"og:description\" content=\"Prov\u00edncia de luto\" \/>\n<meta property=\"og:url\" content=\"https:\/\/franciscanos.org.br\/noticias\/aos-55-anos-falece-frei-leonir-em-sao-paulo.html\" \/>\n<meta property=\"og:site_name\" content=\"Not\u00edcias - Franciscanos\" \/>\n<meta property=\"article:published_time\" content=\"2020-07-13T23:55:42+00:00\" \/>\n<meta property=\"article:modified_time\" content=\"2020-07-14T11:36:00+00:00\" \/>\n<meta property=\"og:image\" content=\"https:\/\/franciscanos.org.br\/noticias\/wp-content\/uploads\/2020\/07\/leo_1407d.jpg\" \/>\n\t<meta property=\"og:image:width\" content=\"800\" \/>\n\t<meta property=\"og:image:height\" content=\"600\" \/>\n\t<meta property=\"og:image:type\" content=\"image\/jpeg\" \/>\n<meta name=\"author\" content=\"moacir\" \/>\n<meta name=\"twitter:card\" content=\"summary_large_image\" \/>\n<meta name=\"twitter:label1\" content=\"Escrito por\" \/>\n\t<meta name=\"twitter:data1\" content=\"moacir\" \/>\n\t<meta name=\"twitter:label2\" content=\"Est. tempo de leitura\" \/>\n\t<meta name=\"twitter:data2\" content=\"4 minutos\" \/>\n<script type=\"application\/ld+json\" class=\"yoast-schema-graph\">{\"@context\":\"https:\/\/schema.org\",\"@graph\":[{\"@type\":\"WebSite\",\"@id\":\"https:\/\/franciscanos.org.br\/noticias\/#website\",\"url\":\"https:\/\/franciscanos.org.br\/noticias\/\",\"name\":\"Not\u00edcias - Franciscanos\",\"description\":\"Prov\u00edncia Franciscana da Imaculada Concei\u00e7\u00e3o do Brasil - Ordem dos Frades Menores - OFM\",\"potentialAction\":[{\"@type\":\"SearchAction\",\"target\":{\"@type\":\"EntryPoint\",\"urlTemplate\":\"https:\/\/franciscanos.org.br\/noticias\/?s={search_term_string}\"},\"query-input\":\"required name=search_term_string\"}],\"inLanguage\":\"pt-BR\"},{\"@type\":\"ImageObject\",\"inLanguage\":\"pt-BR\",\"@id\":\"https:\/\/franciscanos.org.br\/noticias\/aos-55-anos-falece-frei-leonir-em-sao-paulo.html#primaryimage\",\"url\":\"https:\/\/franciscanos.org.br\/noticias\/wp-content\/uploads\/2020\/07\/leo_1407d.jpg\",\"contentUrl\":\"https:\/\/franciscanos.org.br\/noticias\/wp-content\/uploads\/2020\/07\/leo_1407d.jpg\",\"width\":800,\"height\":600},{\"@type\":\"WebPage\",\"@id\":\"https:\/\/franciscanos.org.br\/noticias\/aos-55-anos-falece-frei-leonir-em-sao-paulo.html#webpage\",\"url\":\"https:\/\/franciscanos.org.br\/noticias\/aos-55-anos-falece-frei-leonir-em-sao-paulo.html\",\"name\":\"Aos 55 anos, falece Frei Leonir em S\u00e3o Paulo - Not\u00edcias - Franciscanos\",\"isPartOf\":{\"@id\":\"https:\/\/franciscanos.org.br\/noticias\/#website\"},\"primaryImageOfPage\":{\"@id\":\"https:\/\/franciscanos.org.br\/noticias\/aos-55-anos-falece-frei-leonir-em-sao-paulo.html#primaryimage\"},\"datePublished\":\"2020-07-13T23:55:42+00:00\",\"dateModified\":\"2020-07-14T11:36:00+00:00\",\"author\":{\"@id\":\"https:\/\/franciscanos.org.br\/noticias\/#\/schema\/person\/b5c8cba458c330ccff548b056e95a5d4\"},\"breadcrumb\":{\"@id\":\"https:\/\/franciscanos.org.br\/noticias\/aos-55-anos-falece-frei-leonir-em-sao-paulo.html#breadcrumb\"},\"inLanguage\":\"pt-BR\",\"potentialAction\":[{\"@type\":\"ReadAction\",\"target\":[\"https:\/\/franciscanos.org.br\/noticias\/aos-55-anos-falece-frei-leonir-em-sao-paulo.html\"]}]},{\"@type\":\"BreadcrumbList\",\"@id\":\"https:\/\/franciscanos.org.br\/noticias\/aos-55-anos-falece-frei-leonir-em-sao-paulo.html#breadcrumb\",\"itemListElement\":[{\"@type\":\"ListItem\",\"position\":1,\"name\":\"Home\",\"item\":\"https:\/\/franciscanos.org.br\/noticias\"},{\"@type\":\"ListItem\",\"position\":2,\"name\":\"Aos 55 anos, falece Frei Leonir em S\u00e3o Paulo\"}]},{\"@type\":\"Person\",\"@id\":\"https:\/\/franciscanos.org.br\/noticias\/#\/schema\/person\/b5c8cba458c330ccff548b056e95a5d4\",\"name\":\"moacir\",\"image\":{\"@type\":\"ImageObject\",\"inLanguage\":\"pt-BR\",\"@id\":\"https:\/\/franciscanos.org.br\/noticias\/#\/schema\/person\/image\/\",\"url\":\"https:\/\/secure.gravatar.com\/avatar\/d08aa2ce4c8dd416d4479aa8536fcf64?s=96&d=mm&r=g\",\"contentUrl\":\"https:\/\/secure.gravatar.com\/avatar\/d08aa2ce4c8dd416d4479aa8536fcf64?s=96&d=mm&r=g\",\"caption\":\"moacir\"},\"url\":\"https:\/\/franciscanos.org.br\/noticias\/author\/moacir\"}]}<\/script>\n<!-- \/ Yoast SEO plugin. -->","yoast_head_json":{"title":"Aos 55 anos, falece Frei Leonir em S\u00e3o Paulo - Not\u00edcias - Franciscanos","robots":{"index":"index","follow":"follow","max-snippet":"max-snippet:-1","max-image-preview":"max-image-preview:large","max-video-preview":"max-video-preview:-1"},"canonical":"https:\/\/franciscanos.org.br\/noticias\/aos-55-anos-falece-frei-leonir-em-sao-paulo.html","og_locale":"pt_BR","og_type":"article","og_title":"Aos 55 anos, falece Frei Leonir em S\u00e3o Paulo - Not\u00edcias - Franciscanos","og_description":"Prov\u00edncia de luto","og_url":"https:\/\/franciscanos.org.br\/noticias\/aos-55-anos-falece-frei-leonir-em-sao-paulo.html","og_site_name":"Not\u00edcias - Franciscanos","article_published_time":"2020-07-13T23:55:42+00:00","article_modified_time":"2020-07-14T11:36:00+00:00","og_image":[{"width":800,"height":600,"url":"https:\/\/franciscanos.org.br\/noticias\/wp-content\/uploads\/2020\/07\/leo_1407d.jpg","type":"image\/jpeg"}],"author":"moacir","twitter_card":"summary_large_image","twitter_misc":{"Escrito por":"moacir","Est. tempo de leitura":"4 minutos"},"schema":{"@context":"https:\/\/schema.org","@graph":[{"@type":"WebSite","@id":"https:\/\/franciscanos.org.br\/noticias\/#website","url":"https:\/\/franciscanos.org.br\/noticias\/","name":"Not\u00edcias - Franciscanos","description":"Prov\u00edncia Franciscana da Imaculada Concei\u00e7\u00e3o do Brasil - Ordem dos Frades Menores - OFM","potentialAction":[{"@type":"SearchAction","target":{"@type":"EntryPoint","urlTemplate":"https:\/\/franciscanos.org.br\/noticias\/?s={search_term_string}"},"query-input":"required name=search_term_string"}],"inLanguage":"pt-BR"},{"@type":"ImageObject","inLanguage":"pt-BR","@id":"https:\/\/franciscanos.org.br\/noticias\/aos-55-anos-falece-frei-leonir-em-sao-paulo.html#primaryimage","url":"https:\/\/franciscanos.org.br\/noticias\/wp-content\/uploads\/2020\/07\/leo_1407d.jpg","contentUrl":"https:\/\/franciscanos.org.br\/noticias\/wp-content\/uploads\/2020\/07\/leo_1407d.jpg","width":800,"height":600},{"@type":"WebPage","@id":"https:\/\/franciscanos.org.br\/noticias\/aos-55-anos-falece-frei-leonir-em-sao-paulo.html#webpage","url":"https:\/\/franciscanos.org.br\/noticias\/aos-55-anos-falece-frei-leonir-em-sao-paulo.html","name":"Aos 55 anos, falece Frei Leonir em S\u00e3o Paulo - Not\u00edcias - Franciscanos","isPartOf":{"@id":"https:\/\/franciscanos.org.br\/noticias\/#website"},"primaryImageOfPage":{"@id":"https:\/\/franciscanos.org.br\/noticias\/aos-55-anos-falece-frei-leonir-em-sao-paulo.html#primaryimage"},"datePublished":"2020-07-13T23:55:42+00:00","dateModified":"2020-07-14T11:36:00+00:00","author":{"@id":"https:\/\/franciscanos.org.br\/noticias\/#\/schema\/person\/b5c8cba458c330ccff548b056e95a5d4"},"breadcrumb":{"@id":"https:\/\/franciscanos.org.br\/noticias\/aos-55-anos-falece-frei-leonir-em-sao-paulo.html#breadcrumb"},"inLanguage":"pt-BR","potentialAction":[{"@type":"ReadAction","target":["https:\/\/franciscanos.org.br\/noticias\/aos-55-anos-falece-frei-leonir-em-sao-paulo.html"]}]},{"@type":"BreadcrumbList","@id":"https:\/\/franciscanos.org.br\/noticias\/aos-55-anos-falece-frei-leonir-em-sao-paulo.html#breadcrumb","itemListElement":[{"@type":"ListItem","position":1,"name":"Home","item":"https:\/\/franciscanos.org.br\/noticias"},{"@type":"ListItem","position":2,"name":"Aos 55 anos, falece Frei Leonir em S\u00e3o Paulo"}]},{"@type":"Person","@id":"https:\/\/franciscanos.org.br\/noticias\/#\/schema\/person\/b5c8cba458c330ccff548b056e95a5d4","name":"moacir","image":{"@type":"ImageObject","inLanguage":"pt-BR","@id":"https:\/\/franciscanos.org.br\/noticias\/#\/schema\/person\/image\/","url":"https:\/\/secure.gravatar.com\/avatar\/d08aa2ce4c8dd416d4479aa8536fcf64?s=96&d=mm&r=g","contentUrl":"https:\/\/secure.gravatar.com\/avatar\/d08aa2ce4c8dd416d4479aa8536fcf64?s=96&d=mm&r=g","caption":"moacir"},"url":"https:\/\/franciscanos.org.br\/noticias\/author\/moacir"}]}},"_links":{"self":[{"href":"https:\/\/franciscanos.org.br\/noticias\/wp-json\/wp\/v2\/posts\/227030"}],"collection":[{"href":"https:\/\/franciscanos.org.br\/noticias\/wp-json\/wp\/v2\/posts"}],"about":[{"href":"https:\/\/franciscanos.org.br\/noticias\/wp-json\/wp\/v2\/types\/post"}],"author":[{"embeddable":true,"href":"https:\/\/franciscanos.org.br\/noticias\/wp-json\/wp\/v2\/users\/3"}],"replies":[{"embeddable":true,"href":"https:\/\/franciscanos.org.br\/noticias\/wp-json\/wp\/v2\/comments?post=227030"}],"version-history":[{"count":3,"href":"https:\/\/franciscanos.org.br\/noticias\/wp-json\/wp\/v2\/posts\/227030\/revisions"}],"predecessor-version":[{"id":227037,"href":"https:\/\/franciscanos.org.br\/noticias\/wp-json\/wp\/v2\/posts\/227030\/revisions\/227037"}],"wp:featuredmedia":[{"embeddable":true,"href":"https:\/\/franciscanos.org.br\/noticias\/wp-json\/wp\/v2\/media\/227036"}],"wp:attachment":[{"href":"https:\/\/franciscanos.org.br\/noticias\/wp-json\/wp\/v2\/media?parent=227030"}],"wp:term":[{"taxonomy":"category","embeddable":true,"href":"https:\/\/franciscanos.org.br\/noticias\/wp-json\/wp\/v2\/categories?post=227030"},{"taxonomy":"post_tag","embeddable":true,"href":"https:\/\/franciscanos.org.br\/noticias\/wp-json\/wp\/v2\/tags?post=227030"}],"curies":[{"name":"wp","href":"https:\/\/api.w.org\/{rel}","templated":true}]}}