{"id":227023,"date":"2020-07-12T19:12:30","date_gmt":"2020-07-12T22:12:30","guid":{"rendered":"https:\/\/franciscanos.org.br\/noticias\/?p=227023"},"modified":"2020-07-12T19:12:53","modified_gmt":"2020-07-12T22:12:53","slug":"encontro-vocacional-on-line-da-um-panorama-das-vocacoes-no-ano","status":"publish","type":"post","link":"https:\/\/franciscanos.org.br\/noticias\/encontro-vocacional-on-line-da-um-panorama-das-vocacoes-no-ano.html","title":{"rendered":"Encontro Vocacional &#8216;on-line&#8217; d\u00e1 um panorama das voca\u00e7\u00f5es no ano"},"content":{"rendered":"<p><img loading=\"lazy\" class=\"alignnone size-full wp-image-227024\" src=\"https:\/\/franciscanos.org.br\/noticias\/wp-content\/uploads\/2020\/07\/sav_1207.jpg\" alt=\"\" width=\"1280\" height=\"764\" srcset=\"https:\/\/franciscanos.org.br\/noticias\/wp-content\/uploads\/2020\/07\/sav_1207.jpg 1280w, https:\/\/franciscanos.org.br\/noticias\/wp-content\/uploads\/2020\/07\/sav_1207-450x269.jpg 450w, https:\/\/franciscanos.org.br\/noticias\/wp-content\/uploads\/2020\/07\/sav_1207-1024x611.jpg 1024w, https:\/\/franciscanos.org.br\/noticias\/wp-content\/uploads\/2020\/07\/sav_1207-768x458.jpg 768w, https:\/\/franciscanos.org.br\/noticias\/wp-content\/uploads\/2020\/07\/sav_1207-150x90.jpg 150w\" sizes=\"(max-width: 1280px) 100vw, 1280px\" \/><\/p>\n<p><strong>Moacir Beggo e Lucas Santos<\/strong><\/p>\n<p><strong>S\u00e3o Paulo (SP)<\/strong> &#8211; O Servi\u00e7o de Anima\u00e7\u00e3o Vocacional (SAV) da Prov\u00edncia Franciscana da Imaculada Concei\u00e7\u00e3o teve neste domingo, 12 de julho, um panorama das voca\u00e7\u00f5es para este ano. Atrav\u00e9s de um encontro vocacional on-line, os animadores vocacionais, Frei Diego Melo, Frei Alisson Zanetti e Frei Odilon Voss, reuniram cerca de 50 participantes entre jovens vocacionados e frades. Durante uma hora, esses jovens tiveram um momento de reflex\u00e3o e puderam tirar d\u00favidas sobre o processo vocacional para ser um religioso franciscano.<\/p>\n<p>A equipe do SAV dirigiu o encontro a partir do Convento S\u00e3o Francisco, em S\u00e3o Paulo. Na &#8220;live vocacional&#8221;, tamb\u00e9m estavam presentes os animadores vocacionais locais, aqueles que acompanham o candidato mais de perto nas Par\u00f3quias e Conventos da Prov\u00edncia.<\/p>\n<p>Com a agenda do SAV cancelada, Frei Diego est\u00e1 trabalhando na Tenda Franciscana no Rio de Janeiro, a a\u00e7\u00e3o solid\u00e1ria franciscana em prol da popula\u00e7\u00e3o em situa\u00e7\u00e3o de rua. Frei Alisson e Frei Odilon est\u00e3o na Tenda Franciscana de S\u00e3o Paulo. &#8220;Estou muito feliz de estar com voc\u00eas. Infelizmente, n\u00e3o podemos estar juntos por causa esse momento que vivemos, mas felizmente podemos continuar unidos atrav\u00e9s deste meio&#8221;, saudou Frei Diego.<\/p>\n<p>Frei Diego explicou que o Servi\u00e7o de Anima\u00e7\u00e3o Vocacional tem uma programa\u00e7\u00e3o ao longo do ano e fazem parte dela os encontros vocacionais regionais sempre em junho. &#8220;Esses encontros t\u00eam por objetivo criar um esp\u00edrito de grupo nos vocacionados, apresentar para eles um pouco da rotina das casas de forma\u00e7\u00e3o e fideliz\u00e1-los, traz\u00ea-los para mais pr\u00f3ximos de n\u00f3s, frades. Como neste ano esses encontros n\u00e3o puderam acontecer em virtude da pandemia, e nem mesmo outros tipos de encontros, como visitas \u00e0s fam\u00edlias ou visitas \u00e0s fraternidades, uma das modalidades que encontramos foi a realiza\u00e7\u00e3o deste encontro vocacional on-line&#8221;, explicou o frade.<\/p>\n<p>A inusitada iniciativa, contudo, surpreendeu os animadores. &#8220;N\u00f3s tivemos ali uma presen\u00e7a aproximadamente de 50 participantes, entre frades e animadores vocacionais e os pr\u00f3prios jovens vocacionados. Foi muito positivo no sentido de que eles puderam interagir, tirar algumas d\u00favidas, e agora conseguimos ter, a partir desse primeiro encontro on-line, um panorama das voca\u00e7\u00f5es neste ano&#8221;, avaliou Frei Diego. Segundo ele, a partir deste encontro, foi criado um grupo no WhatsApp onde se poder\u00e1 estreitar os la\u00e7os &#8220;com esses jovens que at\u00e9 ent\u00e3o, ao menos da nossa equipe provincial, eram desconhecidos&#8221;. &#8220;Ent\u00e3o, s\u00e3o tentativas de a gente driblar, afastar este isolamento, e criar um pouco mais de v\u00ednculo e proximidade com nossos vocacionados&#8221;, completou Frei Diego.<\/p>\n<p><img loading=\"lazy\" class=\"alignnone wp-image-227025 size-full\" src=\"https:\/\/franciscanos.org.br\/noticias\/wp-content\/uploads\/2020\/07\/sav_1207_1.jpg\" alt=\"\" width=\"1270\" height=\"442\" srcset=\"https:\/\/franciscanos.org.br\/noticias\/wp-content\/uploads\/2020\/07\/sav_1207_1.jpg 1270w, https:\/\/franciscanos.org.br\/noticias\/wp-content\/uploads\/2020\/07\/sav_1207_1-450x157.jpg 450w, https:\/\/franciscanos.org.br\/noticias\/wp-content\/uploads\/2020\/07\/sav_1207_1-1024x356.jpg 1024w, https:\/\/franciscanos.org.br\/noticias\/wp-content\/uploads\/2020\/07\/sav_1207_1-768x267.jpg 768w, https:\/\/franciscanos.org.br\/noticias\/wp-content\/uploads\/2020\/07\/sav_1207_1-150x52.jpg 150w\" sizes=\"(max-width: 1270px) 100vw, 1270px\" \/><\/p>\n<p>SER TEIMOSO E MANTER A CHAMA ACESA<\/p>\n<p>A reflex\u00e3o que norteou este encontro foi tirada do relato vocacional mais marcante do Antigo Testamento: a voca\u00e7\u00e3o de Samuel (1 Samuel 3,3-10.19). Samuel n\u00e3o consegue ter o discernimento do chamado. Ele sabe que est\u00e1 sendo invocado, mas n\u00e3o tem clareza do que poderia ser aquilo. Eli o ajuda como deve fazer quando novamente ouvir voz de Deus. Samuel \u00e9 chamado quatro vezes e apenas na \u00faltima \u00e9 que ele entende.<\/p>\n<p>Segundo o animador vocacional do Convento S\u00e3o Francisco, Frei Leandro Costa, estamos diante de uma leitura puramente vocacional. &#8220;Samuel, o homem que \u00e9 chamado para falar em nome de Deus. Entre tantas coisas que se poderia refletir a partir desta passagem b\u00edblica, destaco a insist\u00eancia deste jovem Samuel, que queria ter clareza dessa voz que o chamava. Ent\u00e3o, voc\u00ea que \u00e9 vocacionado, seja teimoso na vida. Insistente, mesmo diante do que parecer confuso. \u00c9 preciso insistir at\u00e9 dizer: &#8216;\u00c9 isso que quero; \u00e9 isso que procuro de todo o meu cora\u00e7\u00e3o&#8217;!&#8221;.<\/p>\n<p>Segundo Frei Alisson, nesse processo vocacional, percebemos que Deus quer algo de n\u00f3s a partir daquilo que somos. &#8220;\u00c9 aquilo que a Palavra de hoje da par\u00e1bola do Semeador nos diz: Deus lan\u00e7a a semente em qualquer terreno. Como ser\u00e1 o desabrochar, o germinar dessa semente, vai depender do terreno, vai depender de cada um. E outro detalhe curioso \u00e9 quando Deus falou com Samuel, a l\u00e2mpada do Santu\u00e1rio n\u00e3o tinha se apagado. Nesse processo vocacional, n\u00e3o deixar essa chama se apagar tamb\u00e9m s\u00f3 depende de n\u00f3s. Por mais que a gente n\u00e3o entenda, como foi com Samuel e com o pr\u00f3prio Francisco. Diante do Crucifixo de S\u00e3o Dami\u00e3o, Francisco n\u00e3o entendeu quando o Cristo falou: &#8216;Vai e constr\u00f3i a minha Igreja&#8217;. Ele n\u00e3o sabia que Igreja era aquela? Ele come\u00e7ou a recuperar os pr\u00e9dios, mas Deus queria a constru\u00e7\u00e3o da Igreja humana, espiritual. Isso ele foi entendendo na medida em que ele foi deixando Deus falar com ele e trabalhar a partir dele. N\u00e3o foi diferente aquilo que Francisco fez daquilo que Samuel viveu&#8221;, disse Frei Alisson.<\/p>\n<p>&#8220;Acredito que no nosso processo vocacional isso acontece tamb\u00e9m. Tantas vozes, tantas ideias, tantos pensamentos, tantas possibilidades, que a gente fica se perguntando: qual a escolha? Qual o caminho? No meio de todas essas vozes, como discernir, qual a voz de Deus em minha vida? Estamos num ano bastante conturbado, todos n\u00f3s vivemos uma grande crise. Qual a proposta de Deus para a humanidade, para a minha vida?&#8221;, perguntou Frei Diego. &#8220;O bonito na confus\u00e3o de Samuel, nesse discernimento dele, que p\u00f4de contar com a ajuda de Eli, o sacerdote do templo, algu\u00e9m que estava acostumado a interpretar e entender a voz de Deus. Na nossa vida temos tamb\u00e9m v\u00e1rios Elis: um frei, um padre, um pai, uma freira, uma catequista, um amigo, que \u00e0s vezes nos d\u00e1 aquele toque, aquele direcionamento. Quem sabe o Eli de sua vida tenha sido aquele que te mandou o link desta transmiss\u00e3o vocacional? Hoje, s\u00e3o os caminhos que Deus vai encontrando para que a gente possa discernir tamb\u00e9m a nossa pr\u00f3pria voca\u00e7\u00e3o&#8221;, completou Frei Diego.<\/p>\n<p>O candidato Arivonil Pedroso disse que chama sua aten\u00e7\u00e3o o fato de, \u00e0s vezes, se tentar resistir \u00e0 voz de Deus. &#8220;Essa voz incomoda e fica ressoando no cora\u00e7\u00e3o da gente, mas a voz de Deus \u00e9 suave e meiga&#8221;, disse. J\u00e1 Emerson Valles contou que &#8220;ouviu o chamado de Deus desde os 17 anos&#8221;. &#8220;Mas nunca tive oportunidade de conhecer a vida franciscana&#8221;, disse o jovem de Pouso Redondo (SC).<\/p>\n<p>Na parte final do encontro, os animadores responderam \u00e0s perguntas dos vocacionados. Entre as mais constantes, a d\u00favida entre ser frade e padre franciscano, as etapas da forma\u00e7\u00e3o, a falta de contato com a fam\u00edlia, a idade limite para ingressar na Ordem, congrega\u00e7\u00f5es femininas franciscanas etc. A b\u00ean\u00e7\u00e3o de S\u00e3o Francisco encerrou este primeiro encontro <em>on-line<\/em> vocacional.<\/p>\n<hr \/>\n<p><strong>Mais d\u00favidas podem ser tiradas pelo WhatsApp do SAV: 11 96607-3441.<\/strong><\/p>\n","protected":false},"excerpt":{"rendered":"<p>Encontro Vocacional &#8220;On-line&#8221;<\/p>\n","protected":false},"author":3,"featured_media":227026,"comment_status":"open","ping_status":"open","sticky":false,"template":"","format":"standard","meta":[],"categories":[1],"tags":[552],"acf":[],"yoast_head":"<!-- This site is optimized with the Yoast SEO plugin v19.2 - https:\/\/yoast.com\/wordpress\/plugins\/seo\/ -->\n<title>Encontro Vocacional &#039;on-line&#039; d\u00e1 um panorama das voca\u00e7\u00f5es no ano - Not\u00edcias - Franciscanos<\/title>\n<meta name=\"robots\" content=\"index, follow, max-snippet:-1, max-image-preview:large, max-video-preview:-1\" \/>\n<link rel=\"canonical\" href=\"https:\/\/franciscanos.org.br\/noticias\/encontro-vocacional-on-line-da-um-panorama-das-vocacoes-no-ano.html\" \/>\n<meta property=\"og:locale\" content=\"pt_BR\" \/>\n<meta property=\"og:type\" content=\"article\" \/>\n<meta property=\"og:title\" content=\"Encontro Vocacional &#039;on-line&#039; d\u00e1 um panorama das voca\u00e7\u00f5es no ano - Not\u00edcias - Franciscanos\" \/>\n<meta property=\"og:description\" content=\"Encontro Vocacional &quot;On-line&quot;\" \/>\n<meta property=\"og:url\" content=\"https:\/\/franciscanos.org.br\/noticias\/encontro-vocacional-on-line-da-um-panorama-das-vocacoes-no-ano.html\" \/>\n<meta property=\"og:site_name\" content=\"Not\u00edcias - Franciscanos\" \/>\n<meta property=\"article:published_time\" content=\"2020-07-12T22:12:30+00:00\" \/>\n<meta property=\"article:modified_time\" content=\"2020-07-12T22:12:53+00:00\" \/>\n<meta property=\"og:image\" content=\"https:\/\/franciscanos.org.br\/noticias\/wp-content\/uploads\/2020\/07\/sav_1207d.jpg\" \/>\n\t<meta property=\"og:image:width\" content=\"800\" \/>\n\t<meta property=\"og:image:height\" content=\"600\" \/>\n\t<meta property=\"og:image:type\" content=\"image\/jpeg\" \/>\n<meta name=\"author\" content=\"moacir\" \/>\n<meta name=\"twitter:card\" content=\"summary_large_image\" \/>\n<meta name=\"twitter:label1\" content=\"Escrito por\" \/>\n\t<meta name=\"twitter:data1\" content=\"moacir\" \/>\n\t<meta name=\"twitter:label2\" content=\"Est. tempo de leitura\" \/>\n\t<meta name=\"twitter:data2\" content=\"6 minutos\" \/>\n<script type=\"application\/ld+json\" class=\"yoast-schema-graph\">{\"@context\":\"https:\/\/schema.org\",\"@graph\":[{\"@type\":\"WebSite\",\"@id\":\"https:\/\/franciscanos.org.br\/noticias\/#website\",\"url\":\"https:\/\/franciscanos.org.br\/noticias\/\",\"name\":\"Not\u00edcias - Franciscanos\",\"description\":\"Prov\u00edncia Franciscana da Imaculada Concei\u00e7\u00e3o do Brasil - Ordem dos Frades Menores - OFM\",\"potentialAction\":[{\"@type\":\"SearchAction\",\"target\":{\"@type\":\"EntryPoint\",\"urlTemplate\":\"https:\/\/franciscanos.org.br\/noticias\/?s={search_term_string}\"},\"query-input\":\"required name=search_term_string\"}],\"inLanguage\":\"pt-BR\"},{\"@type\":\"ImageObject\",\"inLanguage\":\"pt-BR\",\"@id\":\"https:\/\/franciscanos.org.br\/noticias\/encontro-vocacional-on-line-da-um-panorama-das-vocacoes-no-ano.html#primaryimage\",\"url\":\"https:\/\/franciscanos.org.br\/noticias\/wp-content\/uploads\/2020\/07\/sav_1207d.jpg\",\"contentUrl\":\"https:\/\/franciscanos.org.br\/noticias\/wp-content\/uploads\/2020\/07\/sav_1207d.jpg\",\"width\":800,\"height\":600},{\"@type\":\"WebPage\",\"@id\":\"https:\/\/franciscanos.org.br\/noticias\/encontro-vocacional-on-line-da-um-panorama-das-vocacoes-no-ano.html#webpage\",\"url\":\"https:\/\/franciscanos.org.br\/noticias\/encontro-vocacional-on-line-da-um-panorama-das-vocacoes-no-ano.html\",\"name\":\"Encontro Vocacional 'on-line' d\u00e1 um panorama das voca\u00e7\u00f5es no ano - Not\u00edcias - Franciscanos\",\"isPartOf\":{\"@id\":\"https:\/\/franciscanos.org.br\/noticias\/#website\"},\"primaryImageOfPage\":{\"@id\":\"https:\/\/franciscanos.org.br\/noticias\/encontro-vocacional-on-line-da-um-panorama-das-vocacoes-no-ano.html#primaryimage\"},\"datePublished\":\"2020-07-12T22:12:30+00:00\",\"dateModified\":\"2020-07-12T22:12:53+00:00\",\"author\":{\"@id\":\"https:\/\/franciscanos.org.br\/noticias\/#\/schema\/person\/b5c8cba458c330ccff548b056e95a5d4\"},\"breadcrumb\":{\"@id\":\"https:\/\/franciscanos.org.br\/noticias\/encontro-vocacional-on-line-da-um-panorama-das-vocacoes-no-ano.html#breadcrumb\"},\"inLanguage\":\"pt-BR\",\"potentialAction\":[{\"@type\":\"ReadAction\",\"target\":[\"https:\/\/franciscanos.org.br\/noticias\/encontro-vocacional-on-line-da-um-panorama-das-vocacoes-no-ano.html\"]}]},{\"@type\":\"BreadcrumbList\",\"@id\":\"https:\/\/franciscanos.org.br\/noticias\/encontro-vocacional-on-line-da-um-panorama-das-vocacoes-no-ano.html#breadcrumb\",\"itemListElement\":[{\"@type\":\"ListItem\",\"position\":1,\"name\":\"Home\",\"item\":\"https:\/\/franciscanos.org.br\/noticias\"},{\"@type\":\"ListItem\",\"position\":2,\"name\":\"Encontro Vocacional &#8216;on-line&#8217; d\u00e1 um panorama das voca\u00e7\u00f5es no ano\"}]},{\"@type\":\"Person\",\"@id\":\"https:\/\/franciscanos.org.br\/noticias\/#\/schema\/person\/b5c8cba458c330ccff548b056e95a5d4\",\"name\":\"moacir\",\"image\":{\"@type\":\"ImageObject\",\"inLanguage\":\"pt-BR\",\"@id\":\"https:\/\/franciscanos.org.br\/noticias\/#\/schema\/person\/image\/\",\"url\":\"https:\/\/secure.gravatar.com\/avatar\/d08aa2ce4c8dd416d4479aa8536fcf64?s=96&d=mm&r=g\",\"contentUrl\":\"https:\/\/secure.gravatar.com\/avatar\/d08aa2ce4c8dd416d4479aa8536fcf64?s=96&d=mm&r=g\",\"caption\":\"moacir\"},\"url\":\"https:\/\/franciscanos.org.br\/noticias\/author\/moacir\"}]}<\/script>\n<!-- \/ Yoast SEO plugin. -->","yoast_head_json":{"title":"Encontro Vocacional 'on-line' d\u00e1 um panorama das voca\u00e7\u00f5es no ano - Not\u00edcias - Franciscanos","robots":{"index":"index","follow":"follow","max-snippet":"max-snippet:-1","max-image-preview":"max-image-preview:large","max-video-preview":"max-video-preview:-1"},"canonical":"https:\/\/franciscanos.org.br\/noticias\/encontro-vocacional-on-line-da-um-panorama-das-vocacoes-no-ano.html","og_locale":"pt_BR","og_type":"article","og_title":"Encontro Vocacional 'on-line' d\u00e1 um panorama das voca\u00e7\u00f5es no ano - Not\u00edcias - Franciscanos","og_description":"Encontro Vocacional \"On-line\"","og_url":"https:\/\/franciscanos.org.br\/noticias\/encontro-vocacional-on-line-da-um-panorama-das-vocacoes-no-ano.html","og_site_name":"Not\u00edcias - Franciscanos","article_published_time":"2020-07-12T22:12:30+00:00","article_modified_time":"2020-07-12T22:12:53+00:00","og_image":[{"width":800,"height":600,"url":"https:\/\/franciscanos.org.br\/noticias\/wp-content\/uploads\/2020\/07\/sav_1207d.jpg","type":"image\/jpeg"}],"author":"moacir","twitter_card":"summary_large_image","twitter_misc":{"Escrito por":"moacir","Est. tempo de leitura":"6 minutos"},"schema":{"@context":"https:\/\/schema.org","@graph":[{"@type":"WebSite","@id":"https:\/\/franciscanos.org.br\/noticias\/#website","url":"https:\/\/franciscanos.org.br\/noticias\/","name":"Not\u00edcias - Franciscanos","description":"Prov\u00edncia Franciscana da Imaculada Concei\u00e7\u00e3o do Brasil - Ordem dos Frades Menores - OFM","potentialAction":[{"@type":"SearchAction","target":{"@type":"EntryPoint","urlTemplate":"https:\/\/franciscanos.org.br\/noticias\/?s={search_term_string}"},"query-input":"required name=search_term_string"}],"inLanguage":"pt-BR"},{"@type":"ImageObject","inLanguage":"pt-BR","@id":"https:\/\/franciscanos.org.br\/noticias\/encontro-vocacional-on-line-da-um-panorama-das-vocacoes-no-ano.html#primaryimage","url":"https:\/\/franciscanos.org.br\/noticias\/wp-content\/uploads\/2020\/07\/sav_1207d.jpg","contentUrl":"https:\/\/franciscanos.org.br\/noticias\/wp-content\/uploads\/2020\/07\/sav_1207d.jpg","width":800,"height":600},{"@type":"WebPage","@id":"https:\/\/franciscanos.org.br\/noticias\/encontro-vocacional-on-line-da-um-panorama-das-vocacoes-no-ano.html#webpage","url":"https:\/\/franciscanos.org.br\/noticias\/encontro-vocacional-on-line-da-um-panorama-das-vocacoes-no-ano.html","name":"Encontro Vocacional 'on-line' d\u00e1 um panorama das voca\u00e7\u00f5es no ano - Not\u00edcias - Franciscanos","isPartOf":{"@id":"https:\/\/franciscanos.org.br\/noticias\/#website"},"primaryImageOfPage":{"@id":"https:\/\/franciscanos.org.br\/noticias\/encontro-vocacional-on-line-da-um-panorama-das-vocacoes-no-ano.html#primaryimage"},"datePublished":"2020-07-12T22:12:30+00:00","dateModified":"2020-07-12T22:12:53+00:00","author":{"@id":"https:\/\/franciscanos.org.br\/noticias\/#\/schema\/person\/b5c8cba458c330ccff548b056e95a5d4"},"breadcrumb":{"@id":"https:\/\/franciscanos.org.br\/noticias\/encontro-vocacional-on-line-da-um-panorama-das-vocacoes-no-ano.html#breadcrumb"},"inLanguage":"pt-BR","potentialAction":[{"@type":"ReadAction","target":["https:\/\/franciscanos.org.br\/noticias\/encontro-vocacional-on-line-da-um-panorama-das-vocacoes-no-ano.html"]}]},{"@type":"BreadcrumbList","@id":"https:\/\/franciscanos.org.br\/noticias\/encontro-vocacional-on-line-da-um-panorama-das-vocacoes-no-ano.html#breadcrumb","itemListElement":[{"@type":"ListItem","position":1,"name":"Home","item":"https:\/\/franciscanos.org.br\/noticias"},{"@type":"ListItem","position":2,"name":"Encontro Vocacional &#8216;on-line&#8217; d\u00e1 um panorama das voca\u00e7\u00f5es no ano"}]},{"@type":"Person","@id":"https:\/\/franciscanos.org.br\/noticias\/#\/schema\/person\/b5c8cba458c330ccff548b056e95a5d4","name":"moacir","image":{"@type":"ImageObject","inLanguage":"pt-BR","@id":"https:\/\/franciscanos.org.br\/noticias\/#\/schema\/person\/image\/","url":"https:\/\/secure.gravatar.com\/avatar\/d08aa2ce4c8dd416d4479aa8536fcf64?s=96&d=mm&r=g","contentUrl":"https:\/\/secure.gravatar.com\/avatar\/d08aa2ce4c8dd416d4479aa8536fcf64?s=96&d=mm&r=g","caption":"moacir"},"url":"https:\/\/franciscanos.org.br\/noticias\/author\/moacir"}]}},"_links":{"self":[{"href":"https:\/\/franciscanos.org.br\/noticias\/wp-json\/wp\/v2\/posts\/227023"}],"collection":[{"href":"https:\/\/franciscanos.org.br\/noticias\/wp-json\/wp\/v2\/posts"}],"about":[{"href":"https:\/\/franciscanos.org.br\/noticias\/wp-json\/wp\/v2\/types\/post"}],"author":[{"embeddable":true,"href":"https:\/\/franciscanos.org.br\/noticias\/wp-json\/wp\/v2\/users\/3"}],"replies":[{"embeddable":true,"href":"https:\/\/franciscanos.org.br\/noticias\/wp-json\/wp\/v2\/comments?post=227023"}],"version-history":[{"count":2,"href":"https:\/\/franciscanos.org.br\/noticias\/wp-json\/wp\/v2\/posts\/227023\/revisions"}],"predecessor-version":[{"id":227028,"href":"https:\/\/franciscanos.org.br\/noticias\/wp-json\/wp\/v2\/posts\/227023\/revisions\/227028"}],"wp:featuredmedia":[{"embeddable":true,"href":"https:\/\/franciscanos.org.br\/noticias\/wp-json\/wp\/v2\/media\/227026"}],"wp:attachment":[{"href":"https:\/\/franciscanos.org.br\/noticias\/wp-json\/wp\/v2\/media?parent=227023"}],"wp:term":[{"taxonomy":"category","embeddable":true,"href":"https:\/\/franciscanos.org.br\/noticias\/wp-json\/wp\/v2\/categories?post=227023"},{"taxonomy":"post_tag","embeddable":true,"href":"https:\/\/franciscanos.org.br\/noticias\/wp-json\/wp\/v2\/tags?post=227023"}],"curies":[{"name":"wp","href":"https:\/\/api.w.org\/{rel}","templated":true}]}}