{"id":227010,"date":"2020-07-10T06:59:00","date_gmt":"2020-07-10T09:59:00","guid":{"rendered":"https:\/\/franciscanos.org.br\/noticias\/?p=227010"},"modified":"2020-07-10T07:01:26","modified_gmt":"2020-07-10T10:01:26","slug":"coral-dos-canarinhos-lanca-clipe-inedito-neste-sabado","status":"publish","type":"post","link":"https:\/\/franciscanos.org.br\/noticias\/coral-dos-canarinhos-lanca-clipe-inedito-neste-sabado.html","title":{"rendered":"Coral dos Canarinhos lan\u00e7a clipe in\u00e9dito neste s\u00e1bado"},"content":{"rendered":"<p style=\"font-weight: 400;\"><img loading=\"lazy\" class=\"alignnone size-full wp-image-227011\" src=\"https:\/\/franciscanos.org.br\/noticias\/wp-content\/uploads\/2020\/07\/canarinhos_1007.jpg\" alt=\"\" width=\"1280\" height=\"720\" srcset=\"https:\/\/franciscanos.org.br\/noticias\/wp-content\/uploads\/2020\/07\/canarinhos_1007.jpg 1280w, https:\/\/franciscanos.org.br\/noticias\/wp-content\/uploads\/2020\/07\/canarinhos_1007-450x253.jpg 450w, https:\/\/franciscanos.org.br\/noticias\/wp-content\/uploads\/2020\/07\/canarinhos_1007-1024x576.jpg 1024w, https:\/\/franciscanos.org.br\/noticias\/wp-content\/uploads\/2020\/07\/canarinhos_1007-768x432.jpg 768w, https:\/\/franciscanos.org.br\/noticias\/wp-content\/uploads\/2020\/07\/canarinhos_1007-150x84.jpg 150w\" sizes=\"(max-width: 1280px) 100vw, 1280px\" \/><\/p>\n<p style=\"font-weight: 400;\"><strong>Petr\u00f3polis (RJ) &#8211;<\/strong> A composi\u00e7\u00e3o mais famosa feita sobre o texto da ora\u00e7\u00e3o da Ave Maria, a \u201cAve Maria de Gounod\u201d foi a can\u00e7\u00e3o escolhida pelo Coral dos Canarinhos de Petr\u00f3polis para ser gravada durante a quarentena. O clipe especial, feito \u00e0 dist\u00e2ncia, ser\u00e1 lan\u00e7ado neste s\u00e1bado, dia 11, \u00e0s 18h, no Facebook.<\/p>\n<p style=\"font-weight: 400;\">\u201cEst\u00e1 sendo um momento importante para manter os coralistas motivados e para de alguma forma retribuirmos o carinho que temos recebido do p\u00fablico que est\u00e1 saudoso por nossas apresenta\u00e7\u00f5es\u201d, comentou o diretor art\u00edstico do Instituto dos Meninos Cantores de Petr\u00f3polis (IMCP), o maestro Marco Aur\u00e9lio Lischt, antecipando que outros materiais est\u00e3o sendo produzidos pelo coral e ser\u00e3o lan\u00e7ados em breve.<\/p>\n<p style=\"font-weight: 400;\">O hor\u00e1rio escolhido para o lan\u00e7amento obedece \u00e0 tradi\u00e7\u00e3o da Igreja para a ora\u00e7\u00e3o do \u00c2ngelus, que acontece sempre \u00e0s 6h, 12h, e 18h, incluindo o costume de tocar os sinos das igrejas para chamar os fi\u00e9is para a \u201chora da Ave-Maria\u201d.<\/p>\n<p style=\"font-weight: 400;\">A melodia escrita por Charles Gounod, tendo como base o prel\u00fadio em D\u00f3 Maior do \u201cCravo Bem-Temperado\u201d vol. I de Johann Sebastian Bach, \u00e9 uma das mais famosas sobre o texto em latim da Ave Maria.<\/p>\n<p style=\"font-weight: 400;\">Segundo Lischt, manter o contato com o p\u00fablico mesmo por meio da Internet tem sido muito gratificante e uma forma de aquecer os cora\u00e7\u00f5es enquanto se faz necess\u00e1rio o afastamento social.<\/p>\n<p style=\"font-weight: 400;\">Este ano, o Coral dos Canarinhos comemora 78 anos de exist\u00eancia, dedicados \u00e0 m\u00fasica sacra. J\u00e1 o Coral das Meninas chega aos seus 32 anos, parte desse tempo exaltando a m\u00fasica popular brasileira, mas tamb\u00e9m a m\u00fasica sacra.\u00a0O Instituto dos Meninos Cantores de Petr\u00f3polis (IMCP)\u00a0oferece forma\u00e7\u00e3o coral inteiramente gratuita. O objetivo \u00e9 transformar a realidade dos integrantes, por meio da integra\u00e7\u00e3o e do conv\u00edvio, formando cidad\u00e3os conscientes.<\/p>\n<hr \/>\n<p style=\"font-weight: 400; padding-left: 40px;\"><strong>Para a manuten\u00e7\u00e3o do trabalho, o IMCP conta com doa\u00e7\u00f5es que podem ser depositadas na conta da Institui\u00e7\u00e3o no Banco Bradesco, ag\u00eancia 6349, conta corrente 7546-9, sob o CNPJ 31.164.007\/0001-72.<\/strong><\/p>\n","protected":false},"excerpt":{"rendered":"<p>Canarinhos de Petr\u00f3polis<\/p>\n","protected":false},"author":3,"featured_media":227015,"comment_status":"open","ping_status":"open","sticky":false,"template":"","format":"standard","meta":[],"categories":[1],"tags":[1378],"acf":[],"yoast_head":"<!-- This site is optimized with the Yoast SEO plugin v19.2 - https:\/\/yoast.com\/wordpress\/plugins\/seo\/ -->\n<title>Coral dos Canarinhos lan\u00e7a clipe in\u00e9dito neste s\u00e1bado - Not\u00edcias - Franciscanos<\/title>\n<meta name=\"robots\" content=\"index, follow, max-snippet:-1, max-image-preview:large, max-video-preview:-1\" \/>\n<link rel=\"canonical\" href=\"https:\/\/franciscanos.org.br\/noticias\/coral-dos-canarinhos-lanca-clipe-inedito-neste-sabado.html\" \/>\n<meta property=\"og:locale\" content=\"pt_BR\" \/>\n<meta property=\"og:type\" content=\"article\" \/>\n<meta property=\"og:title\" content=\"Coral dos Canarinhos lan\u00e7a clipe in\u00e9dito neste s\u00e1bado - Not\u00edcias - Franciscanos\" \/>\n<meta property=\"og:description\" content=\"Canarinhos de Petr\u00f3polis\" \/>\n<meta property=\"og:url\" content=\"https:\/\/franciscanos.org.br\/noticias\/coral-dos-canarinhos-lanca-clipe-inedito-neste-sabado.html\" \/>\n<meta property=\"og:site_name\" content=\"Not\u00edcias - Franciscanos\" \/>\n<meta property=\"article:published_time\" content=\"2020-07-10T09:59:00+00:00\" \/>\n<meta property=\"article:modified_time\" content=\"2020-07-10T10:01:26+00:00\" \/>\n<meta property=\"og:image\" content=\"https:\/\/franciscanos.org.br\/noticias\/wp-content\/uploads\/2020\/07\/canarinhos_1007dd.jpg\" \/>\n\t<meta property=\"og:image:width\" content=\"800\" \/>\n\t<meta property=\"og:image:height\" content=\"600\" \/>\n\t<meta property=\"og:image:type\" content=\"image\/jpeg\" \/>\n<meta name=\"author\" content=\"moacir\" \/>\n<meta name=\"twitter:card\" content=\"summary_large_image\" \/>\n<meta name=\"twitter:label1\" content=\"Escrito por\" \/>\n\t<meta name=\"twitter:data1\" content=\"moacir\" \/>\n\t<meta name=\"twitter:label2\" content=\"Est. tempo de leitura\" \/>\n\t<meta name=\"twitter:data2\" content=\"2 minutos\" \/>\n<script type=\"application\/ld+json\" class=\"yoast-schema-graph\">{\"@context\":\"https:\/\/schema.org\",\"@graph\":[{\"@type\":\"WebSite\",\"@id\":\"https:\/\/franciscanos.org.br\/noticias\/#website\",\"url\":\"https:\/\/franciscanos.org.br\/noticias\/\",\"name\":\"Not\u00edcias - Franciscanos\",\"description\":\"Prov\u00edncia Franciscana da Imaculada Concei\u00e7\u00e3o do Brasil - Ordem dos Frades Menores - OFM\",\"potentialAction\":[{\"@type\":\"SearchAction\",\"target\":{\"@type\":\"EntryPoint\",\"urlTemplate\":\"https:\/\/franciscanos.org.br\/noticias\/?s={search_term_string}\"},\"query-input\":\"required name=search_term_string\"}],\"inLanguage\":\"pt-BR\"},{\"@type\":\"ImageObject\",\"inLanguage\":\"pt-BR\",\"@id\":\"https:\/\/franciscanos.org.br\/noticias\/coral-dos-canarinhos-lanca-clipe-inedito-neste-sabado.html#primaryimage\",\"url\":\"https:\/\/franciscanos.org.br\/noticias\/wp-content\/uploads\/2020\/07\/canarinhos_1007dd.jpg\",\"contentUrl\":\"https:\/\/franciscanos.org.br\/noticias\/wp-content\/uploads\/2020\/07\/canarinhos_1007dd.jpg\",\"width\":800,\"height\":600},{\"@type\":\"WebPage\",\"@id\":\"https:\/\/franciscanos.org.br\/noticias\/coral-dos-canarinhos-lanca-clipe-inedito-neste-sabado.html#webpage\",\"url\":\"https:\/\/franciscanos.org.br\/noticias\/coral-dos-canarinhos-lanca-clipe-inedito-neste-sabado.html\",\"name\":\"Coral dos Canarinhos lan\u00e7a clipe in\u00e9dito neste s\u00e1bado - Not\u00edcias - Franciscanos\",\"isPartOf\":{\"@id\":\"https:\/\/franciscanos.org.br\/noticias\/#website\"},\"primaryImageOfPage\":{\"@id\":\"https:\/\/franciscanos.org.br\/noticias\/coral-dos-canarinhos-lanca-clipe-inedito-neste-sabado.html#primaryimage\"},\"datePublished\":\"2020-07-10T09:59:00+00:00\",\"dateModified\":\"2020-07-10T10:01:26+00:00\",\"author\":{\"@id\":\"https:\/\/franciscanos.org.br\/noticias\/#\/schema\/person\/b5c8cba458c330ccff548b056e95a5d4\"},\"breadcrumb\":{\"@id\":\"https:\/\/franciscanos.org.br\/noticias\/coral-dos-canarinhos-lanca-clipe-inedito-neste-sabado.html#breadcrumb\"},\"inLanguage\":\"pt-BR\",\"potentialAction\":[{\"@type\":\"ReadAction\",\"target\":[\"https:\/\/franciscanos.org.br\/noticias\/coral-dos-canarinhos-lanca-clipe-inedito-neste-sabado.html\"]}]},{\"@type\":\"BreadcrumbList\",\"@id\":\"https:\/\/franciscanos.org.br\/noticias\/coral-dos-canarinhos-lanca-clipe-inedito-neste-sabado.html#breadcrumb\",\"itemListElement\":[{\"@type\":\"ListItem\",\"position\":1,\"name\":\"Home\",\"item\":\"https:\/\/franciscanos.org.br\/noticias\"},{\"@type\":\"ListItem\",\"position\":2,\"name\":\"Coral dos Canarinhos lan\u00e7a clipe in\u00e9dito neste s\u00e1bado\"}]},{\"@type\":\"Person\",\"@id\":\"https:\/\/franciscanos.org.br\/noticias\/#\/schema\/person\/b5c8cba458c330ccff548b056e95a5d4\",\"name\":\"moacir\",\"image\":{\"@type\":\"ImageObject\",\"inLanguage\":\"pt-BR\",\"@id\":\"https:\/\/franciscanos.org.br\/noticias\/#\/schema\/person\/image\/\",\"url\":\"https:\/\/secure.gravatar.com\/avatar\/d08aa2ce4c8dd416d4479aa8536fcf64?s=96&d=mm&r=g\",\"contentUrl\":\"https:\/\/secure.gravatar.com\/avatar\/d08aa2ce4c8dd416d4479aa8536fcf64?s=96&d=mm&r=g\",\"caption\":\"moacir\"},\"url\":\"https:\/\/franciscanos.org.br\/noticias\/author\/moacir\"}]}<\/script>\n<!-- \/ Yoast SEO plugin. -->","yoast_head_json":{"title":"Coral dos Canarinhos lan\u00e7a clipe in\u00e9dito neste s\u00e1bado - Not\u00edcias - Franciscanos","robots":{"index":"index","follow":"follow","max-snippet":"max-snippet:-1","max-image-preview":"max-image-preview:large","max-video-preview":"max-video-preview:-1"},"canonical":"https:\/\/franciscanos.org.br\/noticias\/coral-dos-canarinhos-lanca-clipe-inedito-neste-sabado.html","og_locale":"pt_BR","og_type":"article","og_title":"Coral dos Canarinhos lan\u00e7a clipe in\u00e9dito neste s\u00e1bado - Not\u00edcias - Franciscanos","og_description":"Canarinhos de Petr\u00f3polis","og_url":"https:\/\/franciscanos.org.br\/noticias\/coral-dos-canarinhos-lanca-clipe-inedito-neste-sabado.html","og_site_name":"Not\u00edcias - Franciscanos","article_published_time":"2020-07-10T09:59:00+00:00","article_modified_time":"2020-07-10T10:01:26+00:00","og_image":[{"width":800,"height":600,"url":"https:\/\/franciscanos.org.br\/noticias\/wp-content\/uploads\/2020\/07\/canarinhos_1007dd.jpg","type":"image\/jpeg"}],"author":"moacir","twitter_card":"summary_large_image","twitter_misc":{"Escrito por":"moacir","Est. tempo de leitura":"2 minutos"},"schema":{"@context":"https:\/\/schema.org","@graph":[{"@type":"WebSite","@id":"https:\/\/franciscanos.org.br\/noticias\/#website","url":"https:\/\/franciscanos.org.br\/noticias\/","name":"Not\u00edcias - Franciscanos","description":"Prov\u00edncia Franciscana da Imaculada Concei\u00e7\u00e3o do Brasil - Ordem dos Frades Menores - OFM","potentialAction":[{"@type":"SearchAction","target":{"@type":"EntryPoint","urlTemplate":"https:\/\/franciscanos.org.br\/noticias\/?s={search_term_string}"},"query-input":"required name=search_term_string"}],"inLanguage":"pt-BR"},{"@type":"ImageObject","inLanguage":"pt-BR","@id":"https:\/\/franciscanos.org.br\/noticias\/coral-dos-canarinhos-lanca-clipe-inedito-neste-sabado.html#primaryimage","url":"https:\/\/franciscanos.org.br\/noticias\/wp-content\/uploads\/2020\/07\/canarinhos_1007dd.jpg","contentUrl":"https:\/\/franciscanos.org.br\/noticias\/wp-content\/uploads\/2020\/07\/canarinhos_1007dd.jpg","width":800,"height":600},{"@type":"WebPage","@id":"https:\/\/franciscanos.org.br\/noticias\/coral-dos-canarinhos-lanca-clipe-inedito-neste-sabado.html#webpage","url":"https:\/\/franciscanos.org.br\/noticias\/coral-dos-canarinhos-lanca-clipe-inedito-neste-sabado.html","name":"Coral dos Canarinhos lan\u00e7a clipe in\u00e9dito neste s\u00e1bado - Not\u00edcias - Franciscanos","isPartOf":{"@id":"https:\/\/franciscanos.org.br\/noticias\/#website"},"primaryImageOfPage":{"@id":"https:\/\/franciscanos.org.br\/noticias\/coral-dos-canarinhos-lanca-clipe-inedito-neste-sabado.html#primaryimage"},"datePublished":"2020-07-10T09:59:00+00:00","dateModified":"2020-07-10T10:01:26+00:00","author":{"@id":"https:\/\/franciscanos.org.br\/noticias\/#\/schema\/person\/b5c8cba458c330ccff548b056e95a5d4"},"breadcrumb":{"@id":"https:\/\/franciscanos.org.br\/noticias\/coral-dos-canarinhos-lanca-clipe-inedito-neste-sabado.html#breadcrumb"},"inLanguage":"pt-BR","potentialAction":[{"@type":"ReadAction","target":["https:\/\/franciscanos.org.br\/noticias\/coral-dos-canarinhos-lanca-clipe-inedito-neste-sabado.html"]}]},{"@type":"BreadcrumbList","@id":"https:\/\/franciscanos.org.br\/noticias\/coral-dos-canarinhos-lanca-clipe-inedito-neste-sabado.html#breadcrumb","itemListElement":[{"@type":"ListItem","position":1,"name":"Home","item":"https:\/\/franciscanos.org.br\/noticias"},{"@type":"ListItem","position":2,"name":"Coral dos Canarinhos lan\u00e7a clipe in\u00e9dito neste s\u00e1bado"}]},{"@type":"Person","@id":"https:\/\/franciscanos.org.br\/noticias\/#\/schema\/person\/b5c8cba458c330ccff548b056e95a5d4","name":"moacir","image":{"@type":"ImageObject","inLanguage":"pt-BR","@id":"https:\/\/franciscanos.org.br\/noticias\/#\/schema\/person\/image\/","url":"https:\/\/secure.gravatar.com\/avatar\/d08aa2ce4c8dd416d4479aa8536fcf64?s=96&d=mm&r=g","contentUrl":"https:\/\/secure.gravatar.com\/avatar\/d08aa2ce4c8dd416d4479aa8536fcf64?s=96&d=mm&r=g","caption":"moacir"},"url":"https:\/\/franciscanos.org.br\/noticias\/author\/moacir"}]}},"_links":{"self":[{"href":"https:\/\/franciscanos.org.br\/noticias\/wp-json\/wp\/v2\/posts\/227010"}],"collection":[{"href":"https:\/\/franciscanos.org.br\/noticias\/wp-json\/wp\/v2\/posts"}],"about":[{"href":"https:\/\/franciscanos.org.br\/noticias\/wp-json\/wp\/v2\/types\/post"}],"author":[{"embeddable":true,"href":"https:\/\/franciscanos.org.br\/noticias\/wp-json\/wp\/v2\/users\/3"}],"replies":[{"embeddable":true,"href":"https:\/\/franciscanos.org.br\/noticias\/wp-json\/wp\/v2\/comments?post=227010"}],"version-history":[{"count":3,"href":"https:\/\/franciscanos.org.br\/noticias\/wp-json\/wp\/v2\/posts\/227010\/revisions"}],"predecessor-version":[{"id":227016,"href":"https:\/\/franciscanos.org.br\/noticias\/wp-json\/wp\/v2\/posts\/227010\/revisions\/227016"}],"wp:featuredmedia":[{"embeddable":true,"href":"https:\/\/franciscanos.org.br\/noticias\/wp-json\/wp\/v2\/media\/227015"}],"wp:attachment":[{"href":"https:\/\/franciscanos.org.br\/noticias\/wp-json\/wp\/v2\/media?parent=227010"}],"wp:term":[{"taxonomy":"category","embeddable":true,"href":"https:\/\/franciscanos.org.br\/noticias\/wp-json\/wp\/v2\/categories?post=227010"},{"taxonomy":"post_tag","embeddable":true,"href":"https:\/\/franciscanos.org.br\/noticias\/wp-json\/wp\/v2\/tags?post=227010"}],"curies":[{"name":"wp","href":"https:\/\/api.w.org\/{rel}","templated":true}]}}