{"id":227003,"date":"2020-07-09T10:39:49","date_gmt":"2020-07-09T13:39:49","guid":{"rendered":"https:\/\/franciscanos.org.br\/noticias\/?p=227003"},"modified":"2020-07-09T14:42:38","modified_gmt":"2020-07-09T17:42:38","slug":"d-orani-conhece-a-tenda-franciscana-no-largo-da-carioca","status":"publish","type":"post","link":"https:\/\/franciscanos.org.br\/noticias\/d-orani-conhece-a-tenda-franciscana-no-largo-da-carioca.html","title":{"rendered":"D. Orani conhece a Tenda Franciscana no Largo da Carioca"},"content":{"rendered":"<p><img loading=\"lazy\" class=\"alignnone size-full wp-image-227004\" src=\"https:\/\/franciscanos.org.br\/noticias\/wp-content\/uploads\/2020\/07\/orani_0907_1.jpg\" alt=\"\" width=\"1024\" height=\"554\" srcset=\"https:\/\/franciscanos.org.br\/noticias\/wp-content\/uploads\/2020\/07\/orani_0907_1.jpg 1024w, https:\/\/franciscanos.org.br\/noticias\/wp-content\/uploads\/2020\/07\/orani_0907_1-450x243.jpg 450w, https:\/\/franciscanos.org.br\/noticias\/wp-content\/uploads\/2020\/07\/orani_0907_1-768x416.jpg 768w, https:\/\/franciscanos.org.br\/noticias\/wp-content\/uploads\/2020\/07\/orani_0907_1-150x81.jpg 150w\" sizes=\"(max-width: 1024px) 100vw, 1024px\" \/><\/p>\n<p>O Arcebispo do Rio de Janeiro, Cardeal Orani Jo\u00e3o Tempesta, visitou a Tenda Franciscana, instalada no Largo da Carioca, quando que esta iniciativa do Servi\u00e7o Franciscano de Solidariedade &#8211; Sefras &#8211; completou um m\u00eas de atividades de combate \u00e0 fome no centro da capital carioca no \u00faltimo dia 4 de julho.<\/p>\n<p>D. Orani chegou ao Convento Santo Ant\u00f4nio de manh\u00e3, onde vivenciou os bastidores e log\u00edstica do servi\u00e7o: a cozinha, a organiza\u00e7\u00e3o, os detalhes da embalagem das quentinhas, a ordem e o transporte das refei\u00e7\u00f5es at\u00e9 a localiza\u00e7\u00e3o da Tenda, que fica aos p\u00e9s do Convento. Conheceu, ali, toda a dedica\u00e7\u00e3o de volunt\u00e1rios e freis que viabilizam a opera\u00e7\u00e3o que alimenta 600 pessoas todos os dias.<\/p>\n<p>Segundo o Frei Jos\u00e9 Francisco de Cassia dos Santos, diretor-presidente do Sefras, a presen\u00e7a de Dom Orani mostra o apoio e reconhecimento da Arquidiocese em rela\u00e7\u00e3o \u00e0 a\u00e7\u00e3o no Rio de Janeiro. \u201cFoi um presente para comemorar um m\u00eas de total servi\u00e7o a quem mais precisa e o acolhimento do prelado em nossa a\u00e7\u00e3o evangelizadora\u201d, disse.<\/p>\n<p><img loading=\"lazy\" class=\"alignnone size-full wp-image-227006\" src=\"https:\/\/franciscanos.org.br\/noticias\/wp-content\/uploads\/2020\/07\/orani_0907.jpg\" alt=\"\" width=\"1024\" height=\"576\" srcset=\"https:\/\/franciscanos.org.br\/noticias\/wp-content\/uploads\/2020\/07\/orani_0907.jpg 1024w, https:\/\/franciscanos.org.br\/noticias\/wp-content\/uploads\/2020\/07\/orani_0907-450x253.jpg 450w, https:\/\/franciscanos.org.br\/noticias\/wp-content\/uploads\/2020\/07\/orani_0907-768x432.jpg 768w, https:\/\/franciscanos.org.br\/noticias\/wp-content\/uploads\/2020\/07\/orani_0907-150x84.jpg 150w\" sizes=\"(max-width: 1024px) 100vw, 1024px\" \/><\/p>\n<p>O Cardeal aben\u00e7oou cada um com \u00e1gua benta e, junto aos volunt\u00e1rios, desceu \u00e0 tenda para abrir o servi\u00e7o de entrega das refei\u00e7\u00f5es. Com a fila de centenas de pessoas j\u00e1 formada, rezou o Pai Nosso e ofereceu uma b\u00ean\u00e7\u00e3o especial a todos.<br \/>\n\u201cTendo em vista que praticamente todos os nossos volunt\u00e1rios e volunt\u00e1rias s\u00e3o pessoas de comunidades cat\u00f3licas, receber a visita e a b\u00ean\u00e7\u00e3o de Dom Orani mostrou que estamos caminhando em sintonia com a proposta do Papa Francisco de sermos uma verdadeira Igreja, atenta aos sinais dos tempos e sens\u00edvel \u00e0 dor dos mais pobres\u201d, afirmou o Frei Diego Melo, vice-presidente do Sefras e organizador da Tenda.<\/p>\n<p>A Tenda Franciscana no Rio de Janeiro \u00e9 uma a\u00e7\u00e3o em parceria do Sefras, o Convento Santo Ant\u00f4nio e a Par\u00f3quia S\u00e3o Bonif\u00e1cio de L\u00edngua Alem\u00e3 para alimentar a popula\u00e7\u00e3o de rua e desempregada no centro da cidade do Rio de Janeiro. Ela faz parte de uma grande a\u00e7\u00e3o de enfrentamento \u00e0 pandemia do novo coronav\u00edrus, chamada &#8220;Vida Para Todos&#8221;. Iniciada em mar\u00e7o em S\u00e3o Paulo e nas cidades fluminenses de Petr\u00f3polis, Tangu\u00e1 e Duque de Caxias, ela j\u00e1 distribuiu, at\u00e9 o dia 04 de julho, mais de 347 toneladas de alimentos, entre cestas b\u00e1sicas (20 mil) e marmitas (440 mil), al\u00e9m de milhares de cobertores, kits de higiene e itens de prote\u00e7\u00e3o individual.<\/p>\n<p><img loading=\"lazy\" class=\"alignnone size-full wp-image-227007\" src=\"https:\/\/franciscanos.org.br\/noticias\/wp-content\/uploads\/2020\/07\/orani_0907_3.jpg\" alt=\"\" width=\"1024\" height=\"576\" srcset=\"https:\/\/franciscanos.org.br\/noticias\/wp-content\/uploads\/2020\/07\/orani_0907_3.jpg 1024w, https:\/\/franciscanos.org.br\/noticias\/wp-content\/uploads\/2020\/07\/orani_0907_3-450x253.jpg 450w, https:\/\/franciscanos.org.br\/noticias\/wp-content\/uploads\/2020\/07\/orani_0907_3-768x432.jpg 768w, https:\/\/franciscanos.org.br\/noticias\/wp-content\/uploads\/2020\/07\/orani_0907_3-150x84.jpg 150w\" sizes=\"(max-width: 1024px) 100vw, 1024px\" \/><\/p>\n<p>&#8220;Vida para Todos&#8221; defende todos aqueles que est\u00e3o em maior vulnerabilidade social: pessoas em situa\u00e7\u00e3o de rua, comunidades de imigrantes, idosos sozinhos e crian\u00e7as e suas fam\u00edlias empobrecidas. Al\u00e9m dos valores franciscanos, a campanha tamb\u00e9m joga luz sobre a necessidade de ir al\u00e9m dos n\u00fameros de cont\u00e1gio e mortes, para enxergar cada vida que \u00e9 impactada pela pandemia. \u201cPrecisamos olhar para cada uma dessas hist\u00f3rias, pois o fim do isolamento n\u00e3o significa, para elas, o fim da fome, da exclus\u00e3o e da desigualdade\u201d, lembra o Frei Jos\u00e9 Francisco.<\/p>\n<p>Para conhecer mais sobre o trabalho do Sefras, acesse as redes sociais (@sefras.org.br) e o site www.sefras.org.br, onde tamb\u00e9m \u00e9 poss\u00edvel se cadastrar como volunt\u00e1rio. Doa\u00e7\u00f5es podem ser feitas no www.doesefras.org.br<\/p>\n<p><img loading=\"lazy\" class=\"alignnone size-full wp-image-227008\" src=\"https:\/\/franciscanos.org.br\/noticias\/wp-content\/uploads\/2020\/07\/orani_0907_2.jpg\" alt=\"\" width=\"890\" height=\"623\" srcset=\"https:\/\/franciscanos.org.br\/noticias\/wp-content\/uploads\/2020\/07\/orani_0907_2.jpg 890w, https:\/\/franciscanos.org.br\/noticias\/wp-content\/uploads\/2020\/07\/orani_0907_2-450x315.jpg 450w, https:\/\/franciscanos.org.br\/noticias\/wp-content\/uploads\/2020\/07\/orani_0907_2-768x538.jpg 768w, https:\/\/franciscanos.org.br\/noticias\/wp-content\/uploads\/2020\/07\/orani_0907_2-150x105.jpg 150w, https:\/\/franciscanos.org.br\/noticias\/wp-content\/uploads\/2020\/07\/orani_0907_2-474x332.jpg 474w\" sizes=\"(max-width: 890px) 100vw, 890px\" \/><\/p>\n","protected":false},"excerpt":{"rendered":"<p>Servi\u00e7o Franciscano de Solidariedade<\/p>\n","protected":false},"author":3,"featured_media":227005,"comment_status":"open","ping_status":"open","sticky":false,"template":"","format":"standard","meta":[],"categories":[1],"tags":[228],"acf":[],"yoast_head":"<!-- This site is optimized with the Yoast SEO plugin v19.2 - https:\/\/yoast.com\/wordpress\/plugins\/seo\/ -->\n<title>D. Orani conhece a Tenda Franciscana no Largo da Carioca - Not\u00edcias - Franciscanos<\/title>\n<meta name=\"robots\" content=\"index, follow, max-snippet:-1, max-image-preview:large, max-video-preview:-1\" \/>\n<link rel=\"canonical\" href=\"https:\/\/franciscanos.org.br\/noticias\/d-orani-conhece-a-tenda-franciscana-no-largo-da-carioca.html\" \/>\n<meta property=\"og:locale\" content=\"pt_BR\" \/>\n<meta property=\"og:type\" content=\"article\" \/>\n<meta property=\"og:title\" content=\"D. Orani conhece a Tenda Franciscana no Largo da Carioca - Not\u00edcias - Franciscanos\" \/>\n<meta property=\"og:description\" content=\"Servi\u00e7o Franciscano de Solidariedade\" \/>\n<meta property=\"og:url\" content=\"https:\/\/franciscanos.org.br\/noticias\/d-orani-conhece-a-tenda-franciscana-no-largo-da-carioca.html\" \/>\n<meta property=\"og:site_name\" content=\"Not\u00edcias - Franciscanos\" \/>\n<meta property=\"article:published_time\" content=\"2020-07-09T13:39:49+00:00\" \/>\n<meta property=\"article:modified_time\" content=\"2020-07-09T17:42:38+00:00\" \/>\n<meta property=\"og:image\" content=\"https:\/\/franciscanos.org.br\/noticias\/wp-content\/uploads\/2020\/07\/orani_0907d.jpg\" \/>\n\t<meta property=\"og:image:width\" content=\"800\" \/>\n\t<meta property=\"og:image:height\" content=\"600\" \/>\n\t<meta property=\"og:image:type\" content=\"image\/jpeg\" \/>\n<meta name=\"author\" content=\"moacir\" \/>\n<meta name=\"twitter:card\" content=\"summary_large_image\" \/>\n<meta name=\"twitter:label1\" content=\"Escrito por\" \/>\n\t<meta name=\"twitter:data1\" content=\"moacir\" \/>\n\t<meta name=\"twitter:label2\" content=\"Est. tempo de leitura\" \/>\n\t<meta name=\"twitter:data2\" content=\"3 minutos\" \/>\n<script type=\"application\/ld+json\" class=\"yoast-schema-graph\">{\"@context\":\"https:\/\/schema.org\",\"@graph\":[{\"@type\":\"WebSite\",\"@id\":\"https:\/\/franciscanos.org.br\/noticias\/#website\",\"url\":\"https:\/\/franciscanos.org.br\/noticias\/\",\"name\":\"Not\u00edcias - Franciscanos\",\"description\":\"Prov\u00edncia Franciscana da Imaculada Concei\u00e7\u00e3o do Brasil - Ordem dos Frades Menores - OFM\",\"potentialAction\":[{\"@type\":\"SearchAction\",\"target\":{\"@type\":\"EntryPoint\",\"urlTemplate\":\"https:\/\/franciscanos.org.br\/noticias\/?s={search_term_string}\"},\"query-input\":\"required name=search_term_string\"}],\"inLanguage\":\"pt-BR\"},{\"@type\":\"ImageObject\",\"inLanguage\":\"pt-BR\",\"@id\":\"https:\/\/franciscanos.org.br\/noticias\/d-orani-conhece-a-tenda-franciscana-no-largo-da-carioca.html#primaryimage\",\"url\":\"https:\/\/franciscanos.org.br\/noticias\/wp-content\/uploads\/2020\/07\/orani_0907d.jpg\",\"contentUrl\":\"https:\/\/franciscanos.org.br\/noticias\/wp-content\/uploads\/2020\/07\/orani_0907d.jpg\",\"width\":800,\"height\":600},{\"@type\":\"WebPage\",\"@id\":\"https:\/\/franciscanos.org.br\/noticias\/d-orani-conhece-a-tenda-franciscana-no-largo-da-carioca.html#webpage\",\"url\":\"https:\/\/franciscanos.org.br\/noticias\/d-orani-conhece-a-tenda-franciscana-no-largo-da-carioca.html\",\"name\":\"D. Orani conhece a Tenda Franciscana no Largo da Carioca - Not\u00edcias - Franciscanos\",\"isPartOf\":{\"@id\":\"https:\/\/franciscanos.org.br\/noticias\/#website\"},\"primaryImageOfPage\":{\"@id\":\"https:\/\/franciscanos.org.br\/noticias\/d-orani-conhece-a-tenda-franciscana-no-largo-da-carioca.html#primaryimage\"},\"datePublished\":\"2020-07-09T13:39:49+00:00\",\"dateModified\":\"2020-07-09T17:42:38+00:00\",\"author\":{\"@id\":\"https:\/\/franciscanos.org.br\/noticias\/#\/schema\/person\/b5c8cba458c330ccff548b056e95a5d4\"},\"breadcrumb\":{\"@id\":\"https:\/\/franciscanos.org.br\/noticias\/d-orani-conhece-a-tenda-franciscana-no-largo-da-carioca.html#breadcrumb\"},\"inLanguage\":\"pt-BR\",\"potentialAction\":[{\"@type\":\"ReadAction\",\"target\":[\"https:\/\/franciscanos.org.br\/noticias\/d-orani-conhece-a-tenda-franciscana-no-largo-da-carioca.html\"]}]},{\"@type\":\"BreadcrumbList\",\"@id\":\"https:\/\/franciscanos.org.br\/noticias\/d-orani-conhece-a-tenda-franciscana-no-largo-da-carioca.html#breadcrumb\",\"itemListElement\":[{\"@type\":\"ListItem\",\"position\":1,\"name\":\"Home\",\"item\":\"https:\/\/franciscanos.org.br\/noticias\"},{\"@type\":\"ListItem\",\"position\":2,\"name\":\"D. Orani conhece a Tenda Franciscana no Largo da Carioca\"}]},{\"@type\":\"Person\",\"@id\":\"https:\/\/franciscanos.org.br\/noticias\/#\/schema\/person\/b5c8cba458c330ccff548b056e95a5d4\",\"name\":\"moacir\",\"image\":{\"@type\":\"ImageObject\",\"inLanguage\":\"pt-BR\",\"@id\":\"https:\/\/franciscanos.org.br\/noticias\/#\/schema\/person\/image\/\",\"url\":\"https:\/\/secure.gravatar.com\/avatar\/d08aa2ce4c8dd416d4479aa8536fcf64?s=96&d=mm&r=g\",\"contentUrl\":\"https:\/\/secure.gravatar.com\/avatar\/d08aa2ce4c8dd416d4479aa8536fcf64?s=96&d=mm&r=g\",\"caption\":\"moacir\"},\"url\":\"https:\/\/franciscanos.org.br\/noticias\/author\/moacir\"}]}<\/script>\n<!-- \/ Yoast SEO plugin. -->","yoast_head_json":{"title":"D. Orani conhece a Tenda Franciscana no Largo da Carioca - Not\u00edcias - Franciscanos","robots":{"index":"index","follow":"follow","max-snippet":"max-snippet:-1","max-image-preview":"max-image-preview:large","max-video-preview":"max-video-preview:-1"},"canonical":"https:\/\/franciscanos.org.br\/noticias\/d-orani-conhece-a-tenda-franciscana-no-largo-da-carioca.html","og_locale":"pt_BR","og_type":"article","og_title":"D. Orani conhece a Tenda Franciscana no Largo da Carioca - Not\u00edcias - Franciscanos","og_description":"Servi\u00e7o Franciscano de Solidariedade","og_url":"https:\/\/franciscanos.org.br\/noticias\/d-orani-conhece-a-tenda-franciscana-no-largo-da-carioca.html","og_site_name":"Not\u00edcias - Franciscanos","article_published_time":"2020-07-09T13:39:49+00:00","article_modified_time":"2020-07-09T17:42:38+00:00","og_image":[{"width":800,"height":600,"url":"https:\/\/franciscanos.org.br\/noticias\/wp-content\/uploads\/2020\/07\/orani_0907d.jpg","type":"image\/jpeg"}],"author":"moacir","twitter_card":"summary_large_image","twitter_misc":{"Escrito por":"moacir","Est. tempo de leitura":"3 minutos"},"schema":{"@context":"https:\/\/schema.org","@graph":[{"@type":"WebSite","@id":"https:\/\/franciscanos.org.br\/noticias\/#website","url":"https:\/\/franciscanos.org.br\/noticias\/","name":"Not\u00edcias - Franciscanos","description":"Prov\u00edncia Franciscana da Imaculada Concei\u00e7\u00e3o do Brasil - Ordem dos Frades Menores - OFM","potentialAction":[{"@type":"SearchAction","target":{"@type":"EntryPoint","urlTemplate":"https:\/\/franciscanos.org.br\/noticias\/?s={search_term_string}"},"query-input":"required name=search_term_string"}],"inLanguage":"pt-BR"},{"@type":"ImageObject","inLanguage":"pt-BR","@id":"https:\/\/franciscanos.org.br\/noticias\/d-orani-conhece-a-tenda-franciscana-no-largo-da-carioca.html#primaryimage","url":"https:\/\/franciscanos.org.br\/noticias\/wp-content\/uploads\/2020\/07\/orani_0907d.jpg","contentUrl":"https:\/\/franciscanos.org.br\/noticias\/wp-content\/uploads\/2020\/07\/orani_0907d.jpg","width":800,"height":600},{"@type":"WebPage","@id":"https:\/\/franciscanos.org.br\/noticias\/d-orani-conhece-a-tenda-franciscana-no-largo-da-carioca.html#webpage","url":"https:\/\/franciscanos.org.br\/noticias\/d-orani-conhece-a-tenda-franciscana-no-largo-da-carioca.html","name":"D. Orani conhece a Tenda Franciscana no Largo da Carioca - Not\u00edcias - Franciscanos","isPartOf":{"@id":"https:\/\/franciscanos.org.br\/noticias\/#website"},"primaryImageOfPage":{"@id":"https:\/\/franciscanos.org.br\/noticias\/d-orani-conhece-a-tenda-franciscana-no-largo-da-carioca.html#primaryimage"},"datePublished":"2020-07-09T13:39:49+00:00","dateModified":"2020-07-09T17:42:38+00:00","author":{"@id":"https:\/\/franciscanos.org.br\/noticias\/#\/schema\/person\/b5c8cba458c330ccff548b056e95a5d4"},"breadcrumb":{"@id":"https:\/\/franciscanos.org.br\/noticias\/d-orani-conhece-a-tenda-franciscana-no-largo-da-carioca.html#breadcrumb"},"inLanguage":"pt-BR","potentialAction":[{"@type":"ReadAction","target":["https:\/\/franciscanos.org.br\/noticias\/d-orani-conhece-a-tenda-franciscana-no-largo-da-carioca.html"]}]},{"@type":"BreadcrumbList","@id":"https:\/\/franciscanos.org.br\/noticias\/d-orani-conhece-a-tenda-franciscana-no-largo-da-carioca.html#breadcrumb","itemListElement":[{"@type":"ListItem","position":1,"name":"Home","item":"https:\/\/franciscanos.org.br\/noticias"},{"@type":"ListItem","position":2,"name":"D. Orani conhece a Tenda Franciscana no Largo da Carioca"}]},{"@type":"Person","@id":"https:\/\/franciscanos.org.br\/noticias\/#\/schema\/person\/b5c8cba458c330ccff548b056e95a5d4","name":"moacir","image":{"@type":"ImageObject","inLanguage":"pt-BR","@id":"https:\/\/franciscanos.org.br\/noticias\/#\/schema\/person\/image\/","url":"https:\/\/secure.gravatar.com\/avatar\/d08aa2ce4c8dd416d4479aa8536fcf64?s=96&d=mm&r=g","contentUrl":"https:\/\/secure.gravatar.com\/avatar\/d08aa2ce4c8dd416d4479aa8536fcf64?s=96&d=mm&r=g","caption":"moacir"},"url":"https:\/\/franciscanos.org.br\/noticias\/author\/moacir"}]}},"_links":{"self":[{"href":"https:\/\/franciscanos.org.br\/noticias\/wp-json\/wp\/v2\/posts\/227003"}],"collection":[{"href":"https:\/\/franciscanos.org.br\/noticias\/wp-json\/wp\/v2\/posts"}],"about":[{"href":"https:\/\/franciscanos.org.br\/noticias\/wp-json\/wp\/v2\/types\/post"}],"author":[{"embeddable":true,"href":"https:\/\/franciscanos.org.br\/noticias\/wp-json\/wp\/v2\/users\/3"}],"replies":[{"embeddable":true,"href":"https:\/\/franciscanos.org.br\/noticias\/wp-json\/wp\/v2\/comments?post=227003"}],"version-history":[{"count":1,"href":"https:\/\/franciscanos.org.br\/noticias\/wp-json\/wp\/v2\/posts\/227003\/revisions"}],"predecessor-version":[{"id":227009,"href":"https:\/\/franciscanos.org.br\/noticias\/wp-json\/wp\/v2\/posts\/227003\/revisions\/227009"}],"wp:featuredmedia":[{"embeddable":true,"href":"https:\/\/franciscanos.org.br\/noticias\/wp-json\/wp\/v2\/media\/227005"}],"wp:attachment":[{"href":"https:\/\/franciscanos.org.br\/noticias\/wp-json\/wp\/v2\/media?parent=227003"}],"wp:term":[{"taxonomy":"category","embeddable":true,"href":"https:\/\/franciscanos.org.br\/noticias\/wp-json\/wp\/v2\/categories?post=227003"},{"taxonomy":"post_tag","embeddable":true,"href":"https:\/\/franciscanos.org.br\/noticias\/wp-json\/wp\/v2\/tags?post=227003"}],"curies":[{"name":"wp","href":"https:\/\/api.w.org\/{rel}","templated":true}]}}