{"id":226993,"date":"2020-07-09T13:48:33","date_gmt":"2020-07-09T16:48:33","guid":{"rendered":"https:\/\/franciscanos.org.br\/noticias\/?p=226993"},"modified":"2020-07-09T13:48:33","modified_gmt":"2020-07-09T16:48:33","slug":"editora-vozes-lancamentos-da-semana-2","status":"publish","type":"post","link":"https:\/\/franciscanos.org.br\/noticias\/editora-vozes-lancamentos-da-semana-2.html","title":{"rendered":"Editora Vozes: Lan\u00e7amentos da semana"},"content":{"rendered":"<h3><img loading=\"lazy\" class=\"alignnone size-full wp-image-226999\" src=\"https:\/\/franciscanos.org.br\/noticias\/wp-content\/uploads\/2020\/07\/livros_0907.jpg\" alt=\"\" width=\"890\" height=\"498\" srcset=\"https:\/\/franciscanos.org.br\/noticias\/wp-content\/uploads\/2020\/07\/livros_0907.jpg 890w, https:\/\/franciscanos.org.br\/noticias\/wp-content\/uploads\/2020\/07\/livros_0907-450x252.jpg 450w, https:\/\/franciscanos.org.br\/noticias\/wp-content\/uploads\/2020\/07\/livros_0907-768x430.jpg 768w, https:\/\/franciscanos.org.br\/noticias\/wp-content\/uploads\/2020\/07\/livros_0907-150x84.jpg 150w\" sizes=\"(max-width: 890px) 100vw, 890px\" \/><\/h3>\n<h3><strong>Os reis taumaturgos<\/strong><\/h3>\n<p><strong><img loading=\"lazy\" class=\"wp-image-226995 alignleft\" src=\"https:\/\/franciscanos.org.br\/noticias\/wp-content\/uploads\/2020\/07\/Os-reis-taumaturgos-2.jpg\" alt=\"\" width=\"122\" height=\"177\" srcset=\"https:\/\/franciscanos.org.br\/noticias\/wp-content\/uploads\/2020\/07\/Os-reis-taumaturgos-2.jpg 400w, https:\/\/franciscanos.org.br\/noticias\/wp-content\/uploads\/2020\/07\/Os-reis-taumaturgos-2-311x450.jpg 311w, https:\/\/franciscanos.org.br\/noticias\/wp-content\/uploads\/2020\/07\/Os-reis-taumaturgos-2-150x217.jpg 150w\" sizes=\"(max-width: 122px) 100vw, 122px\" \/>Marc Bloch<\/strong><\/p>\n<p>O discurso de um diplomata um tanto tagarela vem oportunamente lembrar-nos que nossos ancestrais, na Idade M\u00e9dia e at\u00e9 no cora\u00e7\u00e3o da Idade Moderna, fizeram da realeza uma imagem muito diferente da nossa. Em todos os pa\u00edses, os reis foram considerados personagens sagrados; pelo menos em certos pa\u00edses, eles foram considerados como taumaturgos. Durante longos s\u00e9culos, os reis da Fran\u00e7a e os reis da Inglaterra pretendiam curar, somente com o contato de suas m\u00e3os, os doentes; em torno deles, acreditava-se normalmente em sua virtude medicinal.<\/p>\n<p>A cura das escr\u00f3fulas ou da epilepsia pelas m\u00e3os r\u00e9gias foi, de fato, como lembrava aos venezianos o bispo de Bisaccia, um \u201cmilagre\u201d; na verdade, um grande milagre, que deve sem d\u00favida ser contado entre os mais ilustres, em todo caso entre os mais cont\u00ednuos que o passado apresenta; inumer\u00e1veis testemunhas o atestaram; seu brilho apenas se apagou ao fim de aproximadamente sete s\u00e9culos de uma popularidade constante e de uma gl\u00f3ria quase sem perturba\u00e7\u00f5es.<\/p>\n<p>Durante um per\u00edodo apenas um pouco menos extenso, viu-se os reis da Inglaterra distribu\u00edrem a seus s\u00faditos, e mesmo para al\u00e9m dos limites de seus estados, an\u00e9is (os <em>cramp-rings<\/em>) que, por terem sido consagrados por eles, receberam, pensava-se, o poder de restabelecer a sa\u00fade dos epil\u00e9ticos e de acalmar as dores musculares.<\/p>\n<p>Esses fatos, ao menos em suas linhas gerais, s\u00e3o bem conhecidos dos eruditos e dos curiosos. Todavia, devemos admitir que eles repugnam particularmente nosso esp\u00edrito, pois frequentemente passaram em sil\u00eancio. Os historiadores escreveram enormes livros sobre as ideias mon\u00e1rquicas sem nunca os mencionar.<\/p>\n<p>O principal objetivo desta obra \u00e9 preencher essa lacuna.<\/p>\n<p style=\"padding-left: 40px;\"><strong>Marc Bloch<\/strong> <em>\u00e9 considerado um dos maiores historiadores do s\u00e9culo XIX. Foi professor na Universidade de Estrasburgo ap\u00f3s a Grande Guerra, e posteriormente assumiu a cadeira de Hist\u00f3ria Econ\u00f4mica na Sorbonne (Paris). Junto a Lucien Febvre fundou a revista Annales d\u2019Histoire \u00c9conomique et Sociale, tida como um divisor de \u00e1guas para a hist\u00f3ria francesa. Atuou nas duas guerras mundiais junto ao ex\u00e9rcito franc\u00eas. Alguns anos ap\u00f3s a derrota da Fran\u00e7a em 1940, aderiu \u00e0 Resist\u00eancia Francesa (junto ao grupo Franc-Tireur), por conta da qual foi preso, torturado e morto por membros da Gestapo. <\/em><\/p>\n<p><strong>N\u00ba DE P\u00c1GINAS: 512 <\/strong><\/p>\n<p>&nbsp;<\/p>\n<h3><strong><img loading=\"lazy\" class=\" wp-image-226996 alignleft\" src=\"https:\/\/franciscanos.org.br\/noticias\/wp-content\/uploads\/2020\/07\/Morte-e-renascimento.jpg\" alt=\"\" width=\"146\" height=\"223\" srcset=\"https:\/\/franciscanos.org.br\/noticias\/wp-content\/uploads\/2020\/07\/Morte-e-renascimento.jpg 200w, https:\/\/franciscanos.org.br\/noticias\/wp-content\/uploads\/2020\/07\/Morte-e-renascimento-150x229.jpg 150w\" sizes=\"(max-width: 146px) 100vw, 146px\" \/>Morte e renascimento da ancestralidade ind\u00edgena na alma brasileira<br \/>\n<\/strong><strong>Psicologia junguiana e inconsciente cultural<\/strong><\/h3>\n<p><strong>Humbertho Oliveira <\/strong><em>(org.)<\/em><\/p>\n<p>Este livro traz a exposi\u00e7\u00e3o dos trabalhos sobre a alma brasileira apresentados no \u00faltimo congresso promovido pela Associa\u00e7\u00e3o Junguiana do Brasil, em Bento Gon\u00e7alves\/RS.<\/p>\n<p>Diversos especialistas falam aqui sobre a espiritualidade ind\u00edgena do Brasil e o quanto a alma ancestral foi golpeada. Esta obra apresenta um roteiro tem\u00e1tico do que aflige, do que enobrece, do que \u00e9 poss\u00edvel, do que se passou, de como se pode pensar, de qu\u00e3o erroneamente j\u00e1 se pensou.<\/p>\n<p>O objetivo \u00e9 tornar poss\u00edvel a utopia de manter intacta, digna, pulsante e criativa essa ess\u00eancia ancestral de nossa alma.<\/p>\n<p><strong>N\u00ba DE P\u00c1GINAS: 264<\/strong><\/p>\n<p>&nbsp;<\/p>\n<h3><strong><img loading=\"lazy\" class=\" wp-image-226997 alignleft\" src=\"https:\/\/franciscanos.org.br\/noticias\/wp-content\/uploads\/2020\/07\/Medita\u00e7\u00f5es-2021.jpg\" alt=\"\" width=\"98\" height=\"188\" srcset=\"https:\/\/franciscanos.org.br\/noticias\/wp-content\/uploads\/2020\/07\/Medita\u00e7\u00f5es-2021.jpg 200w, https:\/\/franciscanos.org.br\/noticias\/wp-content\/uploads\/2020\/07\/Medita\u00e7\u00f5es-2021-150x287.jpg 150w\" sizes=\"(max-width: 98px) 100vw, 98px\" \/>Medita\u00e7\u00f5es para o dia a dia 2021<\/strong><\/h3>\n<p><strong>Edrian Josue Pasini<\/strong><\/p>\n<p>Um livro feito com a colabora\u00e7\u00e3o de cat\u00f3licos e protestantes destinada a leigos, religiosos, agentes de pastoral e a todos os que buscam uma leitura reconfortante e iluminadora. Diariamente, a partir de um ou dois vers\u00edculos b\u00edblicos, s\u00e3o apresentadas uma reflex\u00e3o e uma breve ora\u00e7\u00e3o capazes de realimentar nossa f\u00e9 em Deus, a fim de vivermos com maior amor e coragem o seu Reino, que j\u00e1 est\u00e1 entre n\u00f3s.<\/p>\n<p><strong>N\u00ba DE P\u00c1GINAS: 376<\/strong><\/p>\n","protected":false},"excerpt":{"rendered":"<p>Confira novos lan\u00e7amentos da Vozes<\/p>\n","protected":false},"author":7,"featured_media":227001,"comment_status":"open","ping_status":"open","sticky":false,"template":"","format":"standard","meta":[],"categories":[1],"tags":[238],"acf":[],"yoast_head":"<!-- This site is optimized with the Yoast SEO plugin v19.2 - https:\/\/yoast.com\/wordpress\/plugins\/seo\/ -->\n<title>Editora Vozes: Lan\u00e7amentos da semana - Not\u00edcias - Franciscanos<\/title>\n<meta name=\"robots\" content=\"index, follow, max-snippet:-1, max-image-preview:large, max-video-preview:-1\" \/>\n<link rel=\"canonical\" href=\"https:\/\/franciscanos.org.br\/noticias\/editora-vozes-lancamentos-da-semana-2.html\" \/>\n<meta property=\"og:locale\" content=\"pt_BR\" \/>\n<meta property=\"og:type\" content=\"article\" \/>\n<meta property=\"og:title\" content=\"Editora Vozes: Lan\u00e7amentos da semana - Not\u00edcias - Franciscanos\" \/>\n<meta property=\"og:description\" content=\"Confira novos lan\u00e7amentos da Vozes\" \/>\n<meta property=\"og:url\" content=\"https:\/\/franciscanos.org.br\/noticias\/editora-vozes-lancamentos-da-semana-2.html\" \/>\n<meta property=\"og:site_name\" content=\"Not\u00edcias - Franciscanos\" \/>\n<meta property=\"article:published_time\" content=\"2020-07-09T16:48:33+00:00\" \/>\n<meta property=\"og:image\" content=\"https:\/\/franciscanos.org.br\/noticias\/wp-content\/uploads\/2020\/07\/vozes.jpg\" \/>\n\t<meta property=\"og:image:width\" content=\"800\" \/>\n\t<meta property=\"og:image:height\" content=\"565\" \/>\n\t<meta property=\"og:image:type\" content=\"image\/jpeg\" \/>\n<meta name=\"author\" content=\"jovenal\" \/>\n<meta name=\"twitter:card\" content=\"summary_large_image\" \/>\n<meta name=\"twitter:label1\" content=\"Escrito por\" \/>\n\t<meta name=\"twitter:data1\" content=\"jovenal\" \/>\n\t<meta name=\"twitter:label2\" content=\"Est. tempo de leitura\" \/>\n\t<meta name=\"twitter:data2\" content=\"3 minutos\" \/>\n<script type=\"application\/ld+json\" class=\"yoast-schema-graph\">{\"@context\":\"https:\/\/schema.org\",\"@graph\":[{\"@type\":\"WebSite\",\"@id\":\"https:\/\/franciscanos.org.br\/noticias\/#website\",\"url\":\"https:\/\/franciscanos.org.br\/noticias\/\",\"name\":\"Not\u00edcias - Franciscanos\",\"description\":\"Prov\u00edncia Franciscana da Imaculada Concei\u00e7\u00e3o do Brasil - Ordem dos Frades Menores - OFM\",\"potentialAction\":[{\"@type\":\"SearchAction\",\"target\":{\"@type\":\"EntryPoint\",\"urlTemplate\":\"https:\/\/franciscanos.org.br\/noticias\/?s={search_term_string}\"},\"query-input\":\"required name=search_term_string\"}],\"inLanguage\":\"pt-BR\"},{\"@type\":\"ImageObject\",\"inLanguage\":\"pt-BR\",\"@id\":\"https:\/\/franciscanos.org.br\/noticias\/editora-vozes-lancamentos-da-semana-2.html#primaryimage\",\"url\":\"https:\/\/franciscanos.org.br\/noticias\/wp-content\/uploads\/2020\/07\/vozes.jpg\",\"contentUrl\":\"https:\/\/franciscanos.org.br\/noticias\/wp-content\/uploads\/2020\/07\/vozes.jpg\",\"width\":800,\"height\":565},{\"@type\":\"WebPage\",\"@id\":\"https:\/\/franciscanos.org.br\/noticias\/editora-vozes-lancamentos-da-semana-2.html#webpage\",\"url\":\"https:\/\/franciscanos.org.br\/noticias\/editora-vozes-lancamentos-da-semana-2.html\",\"name\":\"Editora Vozes: Lan\u00e7amentos da semana - Not\u00edcias - Franciscanos\",\"isPartOf\":{\"@id\":\"https:\/\/franciscanos.org.br\/noticias\/#website\"},\"primaryImageOfPage\":{\"@id\":\"https:\/\/franciscanos.org.br\/noticias\/editora-vozes-lancamentos-da-semana-2.html#primaryimage\"},\"datePublished\":\"2020-07-09T16:48:33+00:00\",\"dateModified\":\"2020-07-09T16:48:33+00:00\",\"author\":{\"@id\":\"https:\/\/franciscanos.org.br\/noticias\/#\/schema\/person\/c3a26b08313dd1772495ce300ab257cc\"},\"breadcrumb\":{\"@id\":\"https:\/\/franciscanos.org.br\/noticias\/editora-vozes-lancamentos-da-semana-2.html#breadcrumb\"},\"inLanguage\":\"pt-BR\",\"potentialAction\":[{\"@type\":\"ReadAction\",\"target\":[\"https:\/\/franciscanos.org.br\/noticias\/editora-vozes-lancamentos-da-semana-2.html\"]}]},{\"@type\":\"BreadcrumbList\",\"@id\":\"https:\/\/franciscanos.org.br\/noticias\/editora-vozes-lancamentos-da-semana-2.html#breadcrumb\",\"itemListElement\":[{\"@type\":\"ListItem\",\"position\":1,\"name\":\"Home\",\"item\":\"https:\/\/franciscanos.org.br\/noticias\"},{\"@type\":\"ListItem\",\"position\":2,\"name\":\"Editora Vozes: Lan\u00e7amentos da semana\"}]},{\"@type\":\"Person\",\"@id\":\"https:\/\/franciscanos.org.br\/noticias\/#\/schema\/person\/c3a26b08313dd1772495ce300ab257cc\",\"name\":\"jovenal\",\"image\":{\"@type\":\"ImageObject\",\"inLanguage\":\"pt-BR\",\"@id\":\"https:\/\/franciscanos.org.br\/noticias\/#\/schema\/person\/image\/\",\"url\":\"https:\/\/secure.gravatar.com\/avatar\/e94509f531086e2eaf97e72f29ea00f9?s=96&d=mm&r=g\",\"contentUrl\":\"https:\/\/secure.gravatar.com\/avatar\/e94509f531086e2eaf97e72f29ea00f9?s=96&d=mm&r=g\",\"caption\":\"jovenal\"},\"url\":\"https:\/\/franciscanos.org.br\/noticias\/author\/jovenal\"}]}<\/script>\n<!-- \/ Yoast SEO plugin. -->","yoast_head_json":{"title":"Editora Vozes: Lan\u00e7amentos da semana - Not\u00edcias - Franciscanos","robots":{"index":"index","follow":"follow","max-snippet":"max-snippet:-1","max-image-preview":"max-image-preview:large","max-video-preview":"max-video-preview:-1"},"canonical":"https:\/\/franciscanos.org.br\/noticias\/editora-vozes-lancamentos-da-semana-2.html","og_locale":"pt_BR","og_type":"article","og_title":"Editora Vozes: Lan\u00e7amentos da semana - Not\u00edcias - Franciscanos","og_description":"Confira novos lan\u00e7amentos da Vozes","og_url":"https:\/\/franciscanos.org.br\/noticias\/editora-vozes-lancamentos-da-semana-2.html","og_site_name":"Not\u00edcias - Franciscanos","article_published_time":"2020-07-09T16:48:33+00:00","og_image":[{"width":800,"height":565,"url":"https:\/\/franciscanos.org.br\/noticias\/wp-content\/uploads\/2020\/07\/vozes.jpg","type":"image\/jpeg"}],"author":"jovenal","twitter_card":"summary_large_image","twitter_misc":{"Escrito por":"jovenal","Est. tempo de leitura":"3 minutos"},"schema":{"@context":"https:\/\/schema.org","@graph":[{"@type":"WebSite","@id":"https:\/\/franciscanos.org.br\/noticias\/#website","url":"https:\/\/franciscanos.org.br\/noticias\/","name":"Not\u00edcias - Franciscanos","description":"Prov\u00edncia Franciscana da Imaculada Concei\u00e7\u00e3o do Brasil - Ordem dos Frades Menores - OFM","potentialAction":[{"@type":"SearchAction","target":{"@type":"EntryPoint","urlTemplate":"https:\/\/franciscanos.org.br\/noticias\/?s={search_term_string}"},"query-input":"required name=search_term_string"}],"inLanguage":"pt-BR"},{"@type":"ImageObject","inLanguage":"pt-BR","@id":"https:\/\/franciscanos.org.br\/noticias\/editora-vozes-lancamentos-da-semana-2.html#primaryimage","url":"https:\/\/franciscanos.org.br\/noticias\/wp-content\/uploads\/2020\/07\/vozes.jpg","contentUrl":"https:\/\/franciscanos.org.br\/noticias\/wp-content\/uploads\/2020\/07\/vozes.jpg","width":800,"height":565},{"@type":"WebPage","@id":"https:\/\/franciscanos.org.br\/noticias\/editora-vozes-lancamentos-da-semana-2.html#webpage","url":"https:\/\/franciscanos.org.br\/noticias\/editora-vozes-lancamentos-da-semana-2.html","name":"Editora Vozes: Lan\u00e7amentos da semana - Not\u00edcias - Franciscanos","isPartOf":{"@id":"https:\/\/franciscanos.org.br\/noticias\/#website"},"primaryImageOfPage":{"@id":"https:\/\/franciscanos.org.br\/noticias\/editora-vozes-lancamentos-da-semana-2.html#primaryimage"},"datePublished":"2020-07-09T16:48:33+00:00","dateModified":"2020-07-09T16:48:33+00:00","author":{"@id":"https:\/\/franciscanos.org.br\/noticias\/#\/schema\/person\/c3a26b08313dd1772495ce300ab257cc"},"breadcrumb":{"@id":"https:\/\/franciscanos.org.br\/noticias\/editora-vozes-lancamentos-da-semana-2.html#breadcrumb"},"inLanguage":"pt-BR","potentialAction":[{"@type":"ReadAction","target":["https:\/\/franciscanos.org.br\/noticias\/editora-vozes-lancamentos-da-semana-2.html"]}]},{"@type":"BreadcrumbList","@id":"https:\/\/franciscanos.org.br\/noticias\/editora-vozes-lancamentos-da-semana-2.html#breadcrumb","itemListElement":[{"@type":"ListItem","position":1,"name":"Home","item":"https:\/\/franciscanos.org.br\/noticias"},{"@type":"ListItem","position":2,"name":"Editora Vozes: Lan\u00e7amentos da semana"}]},{"@type":"Person","@id":"https:\/\/franciscanos.org.br\/noticias\/#\/schema\/person\/c3a26b08313dd1772495ce300ab257cc","name":"jovenal","image":{"@type":"ImageObject","inLanguage":"pt-BR","@id":"https:\/\/franciscanos.org.br\/noticias\/#\/schema\/person\/image\/","url":"https:\/\/secure.gravatar.com\/avatar\/e94509f531086e2eaf97e72f29ea00f9?s=96&d=mm&r=g","contentUrl":"https:\/\/secure.gravatar.com\/avatar\/e94509f531086e2eaf97e72f29ea00f9?s=96&d=mm&r=g","caption":"jovenal"},"url":"https:\/\/franciscanos.org.br\/noticias\/author\/jovenal"}]}},"_links":{"self":[{"href":"https:\/\/franciscanos.org.br\/noticias\/wp-json\/wp\/v2\/posts\/226993"}],"collection":[{"href":"https:\/\/franciscanos.org.br\/noticias\/wp-json\/wp\/v2\/posts"}],"about":[{"href":"https:\/\/franciscanos.org.br\/noticias\/wp-json\/wp\/v2\/types\/post"}],"author":[{"embeddable":true,"href":"https:\/\/franciscanos.org.br\/noticias\/wp-json\/wp\/v2\/users\/7"}],"replies":[{"embeddable":true,"href":"https:\/\/franciscanos.org.br\/noticias\/wp-json\/wp\/v2\/comments?post=226993"}],"version-history":[{"count":3,"href":"https:\/\/franciscanos.org.br\/noticias\/wp-json\/wp\/v2\/posts\/226993\/revisions"}],"predecessor-version":[{"id":227002,"href":"https:\/\/franciscanos.org.br\/noticias\/wp-json\/wp\/v2\/posts\/226993\/revisions\/227002"}],"wp:featuredmedia":[{"embeddable":true,"href":"https:\/\/franciscanos.org.br\/noticias\/wp-json\/wp\/v2\/media\/227001"}],"wp:attachment":[{"href":"https:\/\/franciscanos.org.br\/noticias\/wp-json\/wp\/v2\/media?parent=226993"}],"wp:term":[{"taxonomy":"category","embeddable":true,"href":"https:\/\/franciscanos.org.br\/noticias\/wp-json\/wp\/v2\/categories?post=226993"},{"taxonomy":"post_tag","embeddable":true,"href":"https:\/\/franciscanos.org.br\/noticias\/wp-json\/wp\/v2\/tags?post=226993"}],"curies":[{"name":"wp","href":"https:\/\/api.w.org\/{rel}","templated":true}]}}