{"id":226985,"date":"2020-07-08T10:40:17","date_gmt":"2020-07-08T13:40:17","guid":{"rendered":"https:\/\/franciscanos.org.br\/noticias\/?p=226985"},"modified":"2021-08-29T10:54:10","modified_gmt":"2021-08-29T13:54:10","slug":"quando-buscamos-a-face-do-senhor-podemos-reconhece-lo-no-rosto-dos-pobres-enfermos-abandonados-e-estrangeiros-que-deus-coloca-em-nosso-caminho","status":"publish","type":"post","link":"https:\/\/franciscanos.org.br\/noticias\/quando-buscamos-a-face-do-senhor-podemos-reconhece-lo-no-rosto-dos-pobres-enfermos-abandonados-e-estrangeiros-que-deus-coloca-em-nosso-caminho.html","title":{"rendered":"Acolher quem bate \u00e0 nossa porta, seja ele um estranho ou um doente, \u00e9 acolher Jesus"},"content":{"rendered":"<div id=\"attachment_226986\" style=\"width: 1010px\" class=\"wp-caption alignnone\"><img aria-describedby=\"caption-attachment-226986\" loading=\"lazy\" class=\"wp-image-226986 size-full\" src=\"https:\/\/franciscanos.org.br\/noticias\/wp-content\/uploads\/2020\/07\/marta_0807.jpg\" alt=\"\" width=\"1000\" height=\"563\" srcset=\"https:\/\/franciscanos.org.br\/noticias\/wp-content\/uploads\/2020\/07\/marta_0807.jpg 1000w, https:\/\/franciscanos.org.br\/noticias\/wp-content\/uploads\/2020\/07\/marta_0807-450x253.jpg 450w, https:\/\/franciscanos.org.br\/noticias\/wp-content\/uploads\/2020\/07\/marta_0807-768x432.jpg 768w, https:\/\/franciscanos.org.br\/noticias\/wp-content\/uploads\/2020\/07\/marta_0807-150x84.jpg 150w\" sizes=\"(max-width: 1000px) 100vw, 1000px\" \/><p id=\"caption-attachment-226986\" class=\"wp-caption-text\">\u00a0 \u00a0 \u00a0 \u00a0 \u00a0 \u00a0 \u00a0 \u00a0 \u00a0 \u00a0 \u00a0 \u00a0 \u00a0 \u00a0 \u00a0 \u00a0 \u00a0 \u00a0 \u00a0 \u00a0 \u00a0 \u00a0 \u00a0 \u00a0 \u00a0 \u00a0 \u00a0 \u00a0 \u00a0 \u00a0 \u00a0 \u00a0 \u00a0 \u00a0 \u00a0 \u00a0 \u00a0 \u00a0 \u00a0 \u00a0 \u00a0 \u00a0 \u00a0 \u00a0 \u00a0 \u00a0 \u00a0 \u00a0 \u00a0 \u00a0 \u00a0 \u00a0 \u00a0 \u00a0 \u00a0 \u00a0 \u00a0 \u00a0 <em>\u00a0 \u00a0 \u00a0 Imagem: Vatican Media<\/em><\/p><\/div>\n<p><strong>Cidade do Vaticano<\/strong> &#8211; J\u00e1 se passaram 7 anos da primeira viagem do Papa Francisco feita a Lampedusa, uma ilha entre a Tun\u00edsia e a It\u00e1lia, que, aos olhos do mundo inteiro, virou um s\u00edmbolo de ang\u00fastia e sofrimento para os imigrantes que se viram obrigados a fugir dos seus pa\u00edses para lutar pela vida. E milhares t\u00eam o sonho interrompido diariamente, quando morrem junto com a esperan\u00e7a.<\/p>\n<p>Longe do Mediterr\u00e2neo, mas sempre pr\u00f3ximo \u00e0 hist\u00f3ria de cada um deles, est\u00e1 o Papa Francisco que, nesta quarta-feira (8), celebrou uma missa na capela da Casa Santa Marta. Junto aos colaboradores da Se\u00e7\u00e3o Migrantes e Refugiados do Discat\u00e9rio para o Servi\u00e7o do Desenvolvimento Humano Integral \u2013 os \u00fanicos que puderam fazer parte da cerim\u00f4nia, por causa das restri\u00e7\u00f5es da pandemia \u2013 o Pont\u00edfice recordou aquela viagem feita em 2013 quando encontrou, no olhar de cada migrante, a face de Deus.<\/p>\n<p>A reflex\u00e3o de Francisco na homilia partiu justamente dessa atitude que \u00e9 \u201cfundamental na vida de quem cr\u00ea\u201d, como descreve o Salmo Responsorial de hoje que \u201cnos convida a uma busca constante da face do Senhor\u201d (Sl 104): \u201cA busca da face de Deus \u00e9 garantia de sucesso da nossa viagem neste mundo, que \u00e9 um \u00eaxodo em dire\u00e7\u00e3o \u00e0 verdadeira Terra Prometida, a P\u00e1tria celestial. A face de Deus \u00e9 o nosso destino e tamb\u00e9m \u00e9 a nossa estrela polar, que nos permite a n\u00e3o perder o nosso caminho.\u201d<\/p>\n<p><img loading=\"lazy\" class=\"alignnone size-full wp-image-226987\" src=\"https:\/\/franciscanos.org.br\/noticias\/wp-content\/uploads\/2020\/07\/marta_0807_2.jpg\" alt=\"\" width=\"1000\" height=\"563\" srcset=\"https:\/\/franciscanos.org.br\/noticias\/wp-content\/uploads\/2020\/07\/marta_0807_2.jpg 1000w, https:\/\/franciscanos.org.br\/noticias\/wp-content\/uploads\/2020\/07\/marta_0807_2-450x253.jpg 450w, https:\/\/franciscanos.org.br\/noticias\/wp-content\/uploads\/2020\/07\/marta_0807_2-768x432.jpg 768w, https:\/\/franciscanos.org.br\/noticias\/wp-content\/uploads\/2020\/07\/marta_0807_2-150x84.jpg 150w\" sizes=\"(max-width: 1000px) 100vw, 1000px\" \/><\/p>\n<p><strong>O alerta \u00e0 globaliza\u00e7\u00e3o da indiferen\u00e7a<\/strong><br \/>\nO Pont\u00edfice trouxe, ent\u00e3o, para os nossos dias, o exemplo do povo \u201cperdido\u201d de Israel, descrito pelo profeta Os\u00e9ias na primeira leitura (Os 10, 1-3.7-8.12). Na \u00e9poca, os israelitas vagavam \u201cno deserto da iniquidade\u201d, devido \u00e0 dist\u00e2ncia que tomaram do Senhor por causa da \u201cprosperidade e riqueza abundante\u201d que geraram um cora\u00e7\u00e3o cheio de \u201cfalsidade e injusti\u00e7a\u201d. \u201c\u00c9 um pecado do qual at\u00e9 n\u00f3s, crist\u00e3os de hoje, n\u00e3o somos imunes\u201d, alertou Francisco, ao relembrar e refor\u00e7ar o que disse em 2013 sobre a \u201cglobaliza\u00e7\u00e3o da indiferen\u00e7a\u201d criada pela atual cultura do bem-estar, \u201cque nos leva a pensar em n\u00f3s mesmos\u201d e acaba nos tornando \u201cinsens\u00edveis aos gritos dos outros\u201d.<\/p>\n<p>O apelo de Os\u00e9ias de semear justi\u00e7a e colher amor, procurando o Senhor, disse o Papa, chega at\u00e9 n\u00f3s hoje \u201ccomo um convite renovado \u00e0 convers\u00e3o\u201d. Os 12 Ap\u00f3stolos, como tamb\u00e9m fala o Evangelho de hoje (cf. Mt 10, 1-7), \u201ctiveram a gra\u00e7a de encontr\u00e1-lo fisicamente em Jesus Cristo, Filho de Deus encarnado\u201d. Foi um encontro pessoal com o Senhor, olho no olho, quando conseguiram \u201cfixar o olhar no seu rosto, escutaram a sua voz, viram as suas maravilhas\u201d: \u201cEsse encontro pessoal com Jesus Cristo tamb\u00e9m \u00e9 poss\u00edvel para n\u00f3s, disc\u00edpulos do terceiro mil\u00eanio. Orientados na busca da face do Senhor, podemos reconhec\u00ea-lo no rosto dos pobres, dos doentes, dos abandonados e dos estrangeiros que Deus coloca em nosso caminho. E esse encontro se torna tamb\u00e9m para n\u00f3s um tempo de gra\u00e7a e salva\u00e7\u00e3o, investindo-nos com a mesma miss\u00e3o confiada aos Ap\u00f3stolos.\u201d<\/p>\n<p>Por ocasi\u00e3o do anivers\u00e1rio de 7 anos da visita do Pont\u00edfice a Lampedusa, a Palavra de Deus refor\u00e7a a import\u00e2ncia do \u201cencontro com o outro\u201d que tamb\u00e9m \u00e9 \u201cum encontro com Cristo\u201d. Acolher \u2013 ou n\u00e3o \u2013 quem bate \u00e0 nossa porta, seja ele um estranho ou um doente que precisa \u201cser encontrado e ajudado\u201d, \u00e9 acolher \u2013 ou n\u00e3o \u2013 Jesus, \u201cno bem e no mal\u201d: \u201cEssa advert\u00eancia \u00e9 hoje de uma atualidade ardente. Todos n\u00f3s dever\u00edamos us\u00e1-la como um ponto fundamental do nosso exame de consci\u00eancia di\u00e1rio. Penso na L\u00edbia, nos campos de deten\u00e7\u00e3o, nos abusos e na viol\u00eancia que sofrem os migrantes, nas viagens da esperan\u00e7a, nos resgates e nas rejei\u00e7\u00f5es. \u2018Todas as vezes que fizestes isso&#8230; foi a mim que o fizestes\u2019 (Mt 25, 40)\u201d.<\/p>\n<p><img loading=\"lazy\" class=\"alignnone size-full wp-image-226988\" src=\"https:\/\/franciscanos.org.br\/noticias\/wp-content\/uploads\/2020\/07\/marta_0807_1.jpg\" alt=\"\" width=\"1000\" height=\"563\" srcset=\"https:\/\/franciscanos.org.br\/noticias\/wp-content\/uploads\/2020\/07\/marta_0807_1.jpg 1000w, https:\/\/franciscanos.org.br\/noticias\/wp-content\/uploads\/2020\/07\/marta_0807_1-450x253.jpg 450w, https:\/\/franciscanos.org.br\/noticias\/wp-content\/uploads\/2020\/07\/marta_0807_1-768x432.jpg 768w, https:\/\/franciscanos.org.br\/noticias\/wp-content\/uploads\/2020\/07\/marta_0807_1-150x84.jpg 150w\" sizes=\"(max-width: 1000px) 100vw, 1000px\" \/><\/p>\n<p><strong>A vers\u00e3o destilada da viagem da esperan\u00e7a<\/strong><br \/>\nO Papa, ent\u00e3o, ao final da homilia, recordou o lado pessoal do &#8216;encontro com Deus&#8217; ao descrever o dia do &#8216;encontro com os imigrantes de Lampedusa&#8217;. No seu pr\u00f3prio idioma, contou o Pont\u00edfice, eles davam testemunho do sofrimento e das coisas terr\u00edveis que viveram para chegar at\u00e9 a It\u00e1lia. E os int\u00e9rpretes procuravam traduzir, \u201cbem, mas de forma breve&#8221;, muito sucinta. Ao voltar para o Vaticano, acrescentou Francisco, uma senhora que havia visto a transmiss\u00e3o e compreendia o idioma et\u00edope dos conterr\u00e2neos, disse que a tradu\u00e7\u00e3o era \u201cuma vers\u00e3o destilada\u201d de toda tortura e sofrimento que passaram durante a viagem: \u201cEles me deram uma vers\u00e3o \u2018destilada\u2019. Isso acontece hoje com a L\u00edbia: nos d\u00e3o uma vers\u00e3o \u2018destilada\u2019. A guerra, sim, \u00e9 ruim, n\u00f3s sabemos, mas voc\u00eas n\u00e3o imaginam o inferno que se vive ali, naqueles campos de deten\u00e7\u00e3o. E essas pessoas somente vieram com a esperan\u00e7a de atravessar o mar.\u201d<\/p>\n<hr \/>\n<p><em>Fonte: Vatican News<\/em><\/p>\n","protected":false},"excerpt":{"rendered":"<p>Sete anos da Viagem do Papa Francisco a Lampedusa<\/p>\n","protected":false},"author":3,"featured_media":0,"comment_status":"open","ping_status":"open","sticky":false,"template":"","format":"standard","meta":[],"categories":[1428],"tags":[1586],"acf":[],"yoast_head":"<!-- This site is optimized with the Yoast SEO plugin v19.2 - https:\/\/yoast.com\/wordpress\/plugins\/seo\/ -->\n<title>Acolher quem bate \u00e0 nossa porta, seja ele um estranho ou um doente, \u00e9 acolher Jesus - Not\u00edcias - Franciscanos<\/title>\n<meta name=\"robots\" content=\"index, follow, max-snippet:-1, max-image-preview:large, max-video-preview:-1\" \/>\n<link rel=\"canonical\" href=\"https:\/\/franciscanos.org.br\/noticias\/quando-buscamos-a-face-do-senhor-podemos-reconhece-lo-no-rosto-dos-pobres-enfermos-abandonados-e-estrangeiros-que-deus-coloca-em-nosso-caminho.html\" \/>\n<meta property=\"og:locale\" content=\"pt_BR\" \/>\n<meta property=\"og:type\" content=\"article\" \/>\n<meta property=\"og:title\" content=\"Acolher quem bate \u00e0 nossa porta, seja ele um estranho ou um doente, \u00e9 acolher Jesus - Not\u00edcias - Franciscanos\" \/>\n<meta property=\"og:description\" content=\"Sete anos da Viagem do Papa Francisco a Lampedusa\" \/>\n<meta property=\"og:url\" content=\"https:\/\/franciscanos.org.br\/noticias\/quando-buscamos-a-face-do-senhor-podemos-reconhece-lo-no-rosto-dos-pobres-enfermos-abandonados-e-estrangeiros-que-deus-coloca-em-nosso-caminho.html\" \/>\n<meta property=\"og:site_name\" content=\"Not\u00edcias - Franciscanos\" \/>\n<meta property=\"article:published_time\" content=\"2020-07-08T13:40:17+00:00\" \/>\n<meta property=\"article:modified_time\" content=\"2021-08-29T13:54:10+00:00\" \/>\n<meta property=\"og:image\" content=\"https:\/\/franciscanos.org.br\/noticias\/wp-content\/uploads\/2020\/07\/marta_0807.jpg\" \/>\n<meta name=\"author\" content=\"moacir\" \/>\n<meta name=\"twitter:card\" content=\"summary_large_image\" \/>\n<meta name=\"twitter:label1\" content=\"Escrito por\" \/>\n\t<meta name=\"twitter:data1\" content=\"moacir\" \/>\n\t<meta name=\"twitter:label2\" content=\"Est. tempo de leitura\" \/>\n\t<meta name=\"twitter:data2\" content=\"4 minutos\" \/>\n<script type=\"application\/ld+json\" class=\"yoast-schema-graph\">{\"@context\":\"https:\/\/schema.org\",\"@graph\":[{\"@type\":\"WebSite\",\"@id\":\"https:\/\/franciscanos.org.br\/noticias\/#website\",\"url\":\"https:\/\/franciscanos.org.br\/noticias\/\",\"name\":\"Not\u00edcias - Franciscanos\",\"description\":\"Prov\u00edncia Franciscana da Imaculada Concei\u00e7\u00e3o do Brasil - Ordem dos Frades Menores - OFM\",\"potentialAction\":[{\"@type\":\"SearchAction\",\"target\":{\"@type\":\"EntryPoint\",\"urlTemplate\":\"https:\/\/franciscanos.org.br\/noticias\/?s={search_term_string}\"},\"query-input\":\"required name=search_term_string\"}],\"inLanguage\":\"pt-BR\"},{\"@type\":\"ImageObject\",\"inLanguage\":\"pt-BR\",\"@id\":\"https:\/\/franciscanos.org.br\/noticias\/quando-buscamos-a-face-do-senhor-podemos-reconhece-lo-no-rosto-dos-pobres-enfermos-abandonados-e-estrangeiros-que-deus-coloca-em-nosso-caminho.html#primaryimage\",\"url\":\"https:\/\/franciscanos.org.br\/noticias\/wp-content\/uploads\/2020\/07\/marta_0807.jpg\",\"contentUrl\":\"https:\/\/franciscanos.org.br\/noticias\/wp-content\/uploads\/2020\/07\/marta_0807.jpg\",\"width\":1000,\"height\":563},{\"@type\":\"WebPage\",\"@id\":\"https:\/\/franciscanos.org.br\/noticias\/quando-buscamos-a-face-do-senhor-podemos-reconhece-lo-no-rosto-dos-pobres-enfermos-abandonados-e-estrangeiros-que-deus-coloca-em-nosso-caminho.html#webpage\",\"url\":\"https:\/\/franciscanos.org.br\/noticias\/quando-buscamos-a-face-do-senhor-podemos-reconhece-lo-no-rosto-dos-pobres-enfermos-abandonados-e-estrangeiros-que-deus-coloca-em-nosso-caminho.html\",\"name\":\"Acolher quem bate \u00e0 nossa porta, seja ele um estranho ou um doente, \u00e9 acolher Jesus - Not\u00edcias - Franciscanos\",\"isPartOf\":{\"@id\":\"https:\/\/franciscanos.org.br\/noticias\/#website\"},\"primaryImageOfPage\":{\"@id\":\"https:\/\/franciscanos.org.br\/noticias\/quando-buscamos-a-face-do-senhor-podemos-reconhece-lo-no-rosto-dos-pobres-enfermos-abandonados-e-estrangeiros-que-deus-coloca-em-nosso-caminho.html#primaryimage\"},\"datePublished\":\"2020-07-08T13:40:17+00:00\",\"dateModified\":\"2021-08-29T13:54:10+00:00\",\"author\":{\"@id\":\"https:\/\/franciscanos.org.br\/noticias\/#\/schema\/person\/b5c8cba458c330ccff548b056e95a5d4\"},\"breadcrumb\":{\"@id\":\"https:\/\/franciscanos.org.br\/noticias\/quando-buscamos-a-face-do-senhor-podemos-reconhece-lo-no-rosto-dos-pobres-enfermos-abandonados-e-estrangeiros-que-deus-coloca-em-nosso-caminho.html#breadcrumb\"},\"inLanguage\":\"pt-BR\",\"potentialAction\":[{\"@type\":\"ReadAction\",\"target\":[\"https:\/\/franciscanos.org.br\/noticias\/quando-buscamos-a-face-do-senhor-podemos-reconhece-lo-no-rosto-dos-pobres-enfermos-abandonados-e-estrangeiros-que-deus-coloca-em-nosso-caminho.html\"]}]},{\"@type\":\"BreadcrumbList\",\"@id\":\"https:\/\/franciscanos.org.br\/noticias\/quando-buscamos-a-face-do-senhor-podemos-reconhece-lo-no-rosto-dos-pobres-enfermos-abandonados-e-estrangeiros-que-deus-coloca-em-nosso-caminho.html#breadcrumb\",\"itemListElement\":[{\"@type\":\"ListItem\",\"position\":1,\"name\":\"Home\",\"item\":\"https:\/\/franciscanos.org.br\/noticias\"},{\"@type\":\"ListItem\",\"position\":2,\"name\":\"Acolher quem bate \u00e0 nossa porta, seja ele um estranho ou um doente, \u00e9 acolher Jesus\"}]},{\"@type\":\"Person\",\"@id\":\"https:\/\/franciscanos.org.br\/noticias\/#\/schema\/person\/b5c8cba458c330ccff548b056e95a5d4\",\"name\":\"moacir\",\"image\":{\"@type\":\"ImageObject\",\"inLanguage\":\"pt-BR\",\"@id\":\"https:\/\/franciscanos.org.br\/noticias\/#\/schema\/person\/image\/\",\"url\":\"https:\/\/secure.gravatar.com\/avatar\/d08aa2ce4c8dd416d4479aa8536fcf64?s=96&d=mm&r=g\",\"contentUrl\":\"https:\/\/secure.gravatar.com\/avatar\/d08aa2ce4c8dd416d4479aa8536fcf64?s=96&d=mm&r=g\",\"caption\":\"moacir\"},\"url\":\"https:\/\/franciscanos.org.br\/noticias\/author\/moacir\"}]}<\/script>\n<!-- \/ Yoast SEO plugin. -->","yoast_head_json":{"title":"Acolher quem bate \u00e0 nossa porta, seja ele um estranho ou um doente, \u00e9 acolher Jesus - Not\u00edcias - Franciscanos","robots":{"index":"index","follow":"follow","max-snippet":"max-snippet:-1","max-image-preview":"max-image-preview:large","max-video-preview":"max-video-preview:-1"},"canonical":"https:\/\/franciscanos.org.br\/noticias\/quando-buscamos-a-face-do-senhor-podemos-reconhece-lo-no-rosto-dos-pobres-enfermos-abandonados-e-estrangeiros-que-deus-coloca-em-nosso-caminho.html","og_locale":"pt_BR","og_type":"article","og_title":"Acolher quem bate \u00e0 nossa porta, seja ele um estranho ou um doente, \u00e9 acolher Jesus - Not\u00edcias - Franciscanos","og_description":"Sete anos da Viagem do Papa Francisco a Lampedusa","og_url":"https:\/\/franciscanos.org.br\/noticias\/quando-buscamos-a-face-do-senhor-podemos-reconhece-lo-no-rosto-dos-pobres-enfermos-abandonados-e-estrangeiros-que-deus-coloca-em-nosso-caminho.html","og_site_name":"Not\u00edcias - Franciscanos","article_published_time":"2020-07-08T13:40:17+00:00","article_modified_time":"2021-08-29T13:54:10+00:00","og_image":[{"url":"https:\/\/franciscanos.org.br\/noticias\/wp-content\/uploads\/2020\/07\/marta_0807.jpg"}],"author":"moacir","twitter_card":"summary_large_image","twitter_misc":{"Escrito por":"moacir","Est. tempo de leitura":"4 minutos"},"schema":{"@context":"https:\/\/schema.org","@graph":[{"@type":"WebSite","@id":"https:\/\/franciscanos.org.br\/noticias\/#website","url":"https:\/\/franciscanos.org.br\/noticias\/","name":"Not\u00edcias - Franciscanos","description":"Prov\u00edncia Franciscana da Imaculada Concei\u00e7\u00e3o do Brasil - Ordem dos Frades Menores - OFM","potentialAction":[{"@type":"SearchAction","target":{"@type":"EntryPoint","urlTemplate":"https:\/\/franciscanos.org.br\/noticias\/?s={search_term_string}"},"query-input":"required name=search_term_string"}],"inLanguage":"pt-BR"},{"@type":"ImageObject","inLanguage":"pt-BR","@id":"https:\/\/franciscanos.org.br\/noticias\/quando-buscamos-a-face-do-senhor-podemos-reconhece-lo-no-rosto-dos-pobres-enfermos-abandonados-e-estrangeiros-que-deus-coloca-em-nosso-caminho.html#primaryimage","url":"https:\/\/franciscanos.org.br\/noticias\/wp-content\/uploads\/2020\/07\/marta_0807.jpg","contentUrl":"https:\/\/franciscanos.org.br\/noticias\/wp-content\/uploads\/2020\/07\/marta_0807.jpg","width":1000,"height":563},{"@type":"WebPage","@id":"https:\/\/franciscanos.org.br\/noticias\/quando-buscamos-a-face-do-senhor-podemos-reconhece-lo-no-rosto-dos-pobres-enfermos-abandonados-e-estrangeiros-que-deus-coloca-em-nosso-caminho.html#webpage","url":"https:\/\/franciscanos.org.br\/noticias\/quando-buscamos-a-face-do-senhor-podemos-reconhece-lo-no-rosto-dos-pobres-enfermos-abandonados-e-estrangeiros-que-deus-coloca-em-nosso-caminho.html","name":"Acolher quem bate \u00e0 nossa porta, seja ele um estranho ou um doente, \u00e9 acolher Jesus - Not\u00edcias - Franciscanos","isPartOf":{"@id":"https:\/\/franciscanos.org.br\/noticias\/#website"},"primaryImageOfPage":{"@id":"https:\/\/franciscanos.org.br\/noticias\/quando-buscamos-a-face-do-senhor-podemos-reconhece-lo-no-rosto-dos-pobres-enfermos-abandonados-e-estrangeiros-que-deus-coloca-em-nosso-caminho.html#primaryimage"},"datePublished":"2020-07-08T13:40:17+00:00","dateModified":"2021-08-29T13:54:10+00:00","author":{"@id":"https:\/\/franciscanos.org.br\/noticias\/#\/schema\/person\/b5c8cba458c330ccff548b056e95a5d4"},"breadcrumb":{"@id":"https:\/\/franciscanos.org.br\/noticias\/quando-buscamos-a-face-do-senhor-podemos-reconhece-lo-no-rosto-dos-pobres-enfermos-abandonados-e-estrangeiros-que-deus-coloca-em-nosso-caminho.html#breadcrumb"},"inLanguage":"pt-BR","potentialAction":[{"@type":"ReadAction","target":["https:\/\/franciscanos.org.br\/noticias\/quando-buscamos-a-face-do-senhor-podemos-reconhece-lo-no-rosto-dos-pobres-enfermos-abandonados-e-estrangeiros-que-deus-coloca-em-nosso-caminho.html"]}]},{"@type":"BreadcrumbList","@id":"https:\/\/franciscanos.org.br\/noticias\/quando-buscamos-a-face-do-senhor-podemos-reconhece-lo-no-rosto-dos-pobres-enfermos-abandonados-e-estrangeiros-que-deus-coloca-em-nosso-caminho.html#breadcrumb","itemListElement":[{"@type":"ListItem","position":1,"name":"Home","item":"https:\/\/franciscanos.org.br\/noticias"},{"@type":"ListItem","position":2,"name":"Acolher quem bate \u00e0 nossa porta, seja ele um estranho ou um doente, \u00e9 acolher Jesus"}]},{"@type":"Person","@id":"https:\/\/franciscanos.org.br\/noticias\/#\/schema\/person\/b5c8cba458c330ccff548b056e95a5d4","name":"moacir","image":{"@type":"ImageObject","inLanguage":"pt-BR","@id":"https:\/\/franciscanos.org.br\/noticias\/#\/schema\/person\/image\/","url":"https:\/\/secure.gravatar.com\/avatar\/d08aa2ce4c8dd416d4479aa8536fcf64?s=96&d=mm&r=g","contentUrl":"https:\/\/secure.gravatar.com\/avatar\/d08aa2ce4c8dd416d4479aa8536fcf64?s=96&d=mm&r=g","caption":"moacir"},"url":"https:\/\/franciscanos.org.br\/noticias\/author\/moacir"}]}},"_links":{"self":[{"href":"https:\/\/franciscanos.org.br\/noticias\/wp-json\/wp\/v2\/posts\/226985"}],"collection":[{"href":"https:\/\/franciscanos.org.br\/noticias\/wp-json\/wp\/v2\/posts"}],"about":[{"href":"https:\/\/franciscanos.org.br\/noticias\/wp-json\/wp\/v2\/types\/post"}],"author":[{"embeddable":true,"href":"https:\/\/franciscanos.org.br\/noticias\/wp-json\/wp\/v2\/users\/3"}],"replies":[{"embeddable":true,"href":"https:\/\/franciscanos.org.br\/noticias\/wp-json\/wp\/v2\/comments?post=226985"}],"version-history":[{"count":4,"href":"https:\/\/franciscanos.org.br\/noticias\/wp-json\/wp\/v2\/posts\/226985\/revisions"}],"predecessor-version":[{"id":233970,"href":"https:\/\/franciscanos.org.br\/noticias\/wp-json\/wp\/v2\/posts\/226985\/revisions\/233970"}],"wp:attachment":[{"href":"https:\/\/franciscanos.org.br\/noticias\/wp-json\/wp\/v2\/media?parent=226985"}],"wp:term":[{"taxonomy":"category","embeddable":true,"href":"https:\/\/franciscanos.org.br\/noticias\/wp-json\/wp\/v2\/categories?post=226985"},{"taxonomy":"post_tag","embeddable":true,"href":"https:\/\/franciscanos.org.br\/noticias\/wp-json\/wp\/v2\/tags?post=226985"}],"curies":[{"name":"wp","href":"https:\/\/api.w.org\/{rel}","templated":true}]}}