{"id":226968,"date":"2020-07-05T09:01:09","date_gmt":"2020-07-05T12:01:09","guid":{"rendered":"https:\/\/franciscanos.org.br\/noticias\/?p=226968"},"modified":"2021-08-29T10:54:46","modified_gmt":"2021-08-29T13:54:46","slug":"papa-alivio-oferecido-por-jesus-nao-e-apenas-psicologico-ou-esmola","status":"publish","type":"post","link":"https:\/\/franciscanos.org.br\/noticias\/papa-alivio-oferecido-por-jesus-nao-e-apenas-psicologico-ou-esmola.html","title":{"rendered":"Papa: al\u00edvio oferecido por Jesus n\u00e3o \u00e9 apenas psicol\u00f3gico ou esmola"},"content":{"rendered":"<div id=\"attachment_226969\" style=\"width: 900px\" class=\"wp-caption alignnone\"><img aria-describedby=\"caption-attachment-226969\" loading=\"lazy\" class=\"wp-image-226969 size-full\" src=\"https:\/\/franciscanos.org.br\/noticias\/wp-content\/uploads\/2020\/07\/angelus_05.jpg\" alt=\"\" width=\"890\" height=\"593\" srcset=\"https:\/\/franciscanos.org.br\/noticias\/wp-content\/uploads\/2020\/07\/angelus_05.jpg 890w, https:\/\/franciscanos.org.br\/noticias\/wp-content\/uploads\/2020\/07\/angelus_05-450x300.jpg 450w, https:\/\/franciscanos.org.br\/noticias\/wp-content\/uploads\/2020\/07\/angelus_05-768x512.jpg 768w, https:\/\/franciscanos.org.br\/noticias\/wp-content\/uploads\/2020\/07\/angelus_05-150x100.jpg 150w\" sizes=\"(max-width: 890px) 100vw, 890px\" \/><p id=\"caption-attachment-226969\" class=\"wp-caption-text\">\u00a0 \u00a0 \u00a0 \u00a0 \u00a0 \u00a0 \u00a0 \u00a0 \u00a0 \u00a0 \u00a0 \u00a0 \u00a0 \u00a0 \u00a0 \u00a0 \u00a0 \u00a0 \u00a0 \u00a0 \u00a0 \u00a0 \u00a0 \u00a0 \u00a0 \u00a0 \u00a0 \u00a0 \u00a0 \u00a0 \u00a0 \u00a0 \u00a0 \u00a0 \u00a0 \u00a0 \u00a0 \u00a0 \u00a0 \u00a0 \u00a0 \u00a0 \u00a0 \u00a0 \u00a0 \u00a0 \u00a0 \u00a0 \u00a0 \u00a0 \u00a0 \u00a0<em> \u00a0 \u00a0 \u00a0 \u00a0 \u00a0Imagem: Vatican Media<\/em><\/p><\/div>\n<p><strong>Cidade do Vaticano<\/strong> &#8211; Antes de rezar o Angelus neste XIV Domingo do Tempo Comum,, o Papa Francisco prop\u00f4s a seguinte reflex\u00e3o aos peregrinos presentes na Pra\u00e7a S\u00e3o Pedro:<\/p>\n<p>Queridos irm\u00e3os e irm\u00e3s, bom dia!<\/p>\n<p>O trecho evang\u00e9lico deste domingo (cf. Mt 11, 25-30) articula-se em tr\u00eas partes: primeiro, Jesus eleva um hino de b\u00ean\u00e7\u00e3o e a\u00e7\u00e3o de gra\u00e7as ao Pai, pois revelou aos pobres e ao simples o mist\u00e9rio do Reino dos c\u00e9us; depois manifesta a rela\u00e7\u00e3o \u00edntima e \u00fanica entre ele e o Pai; e por fim convida-nos a estar com ele e segui-lo para encontrar al\u00edvio.<\/p>\n<p>Em primeiro lugar, Jesus louva o Pai, porque escondeu os segredos do seu Reino, da sua Verdade, escondidos \u00abaos s\u00e1bios e aos entendidos\u00bb (v. 25). Chama-os assim com um v\u00e9u de ironia, porque presumem ser s\u00e1bios, entendidos e por isso t\u00eam o cora\u00e7\u00e3o fechado, tantas vezes. A verdadeira sabedoria vem tamb\u00e9m do cora\u00e7\u00e3o, n\u00e3o \u00e9 somente entender ideias. A verdadeira sabedoria tamb\u00e9m entra no cora\u00e7\u00e3o. E se tu sabes tantas coisas e tens o cora\u00e7\u00e3o fechado, tu n\u00e3o \u00e9s s\u00e1bio. Jesus fala sobre os mist\u00e9rios do seu Pai revelando-os aos \u00abpequeninos\u00bb, \u00e0queles que confiantemente se abrem \u00e0 sua Palavra de salva\u00e7\u00e3o, abrem o cora\u00e7\u00e3o \u00e0 Palavra da salva\u00e7\u00e3o, sentem necessidade d&#8217;Ele e esperam tudo d&#8217;Ele. O cora\u00e7\u00e3o aberto e confiante em rela\u00e7\u00e3o ao Senhor.<\/p>\n<p>Jesus explica que recebeu tudo do Pai e chama-lhe \u201cmeu Pai\u201d, para afirmar a singularidade da sua rela\u00e7\u00e3o com Ele. De facto, s\u00f3 entre o Filho e o Pai existe reciprocidade total: um conhece o outro, um vive no outro. Mas esta comunh\u00e3o \u00fanica \u00e9 como uma flor que desabrocha, para revelar gratuitamente a sua beleza e bondade. E assim, eis o convite de Jesus: \u00abVinde a mim&#8230;\u00bb (v. 28). Ele quer dar o que prov\u00e9m do Pai. Quer dar-nos a Verdade, e a Verdade de Jesus \u00e9 sempre gratuita, \u00e9 um dom, \u00e9 o Esp\u00edrito Santo, a Verdade.<\/p>\n<p>Tal como o Pai tem prefer\u00eancia pelos \u00abpequeninos\u00bb, tamb\u00e9m Jesus se dirige aos \u00abcansados e aos oprimidos\u00bb. Com efeito, Ele coloca-se entre eles, porque \u00e9 \u00abmanso e humilde de cora\u00e7\u00e3o\u00bb: diz para ser assim. Como na primeira e terceira bem-aventuran\u00e7as, a dos humildes ou pobres de esp\u00edrito; e a dos mansos (cf. Mt 5, 3.5): a mansid\u00e3o de Jesus.<\/p>\n<p>Assim, Jesus, \u00abmanso e humilde\u00bb, n\u00e3o \u00e9 um modelo para os resignados nem simplesmente uma v\u00edtima, mas \u00e9 o Homem que vive \u00abde cora\u00e7\u00e3o\u00bb esta condi\u00e7\u00e3o em plena transpar\u00eancia ao amor do Pai, ou seja, ao Esp\u00edrito Santo. Ele \u00e9 o modelo dos \u201cpobres em esp\u00edrito\u201d e de todos os outros \u201cbem-aventurados\u201d do Evangelho, que fazem a vontade de Deus e d\u00e3o testemunho do seu Reino.<\/p>\n<p>E depois Jesus diz que se formos at\u00e9 ele encontraremos al\u00edvio: o \u201cal\u00edvio\u201d que Cristo oferece aos cansados e oprimidos n\u00e3o \u00e9 apenas psicol\u00f3gico ou esmola, mas a alegria dos pobres de serem evangelizados e construtores da nova humanidade: este \u00e9 o al\u00edvio. A alegria. A alegria que nos d\u00e1 Jesus. \u00c9 \u00fanica. \u00c9 a alegria que ele mesmo tem. \u00c9 uma mensagem para todos n\u00f3s, para todas as pessoas de boa vontade, que Jesus transmite ainda hoje no mundo que exalta aqueles que se tornam ricos e poderosos. Mas, quantas vezes dizemos: \u201cAh, eu gostaria de ser como aquele, como aquela, que \u00e9 rico, tem tanto poder, n\u00e3o lhe falta nada..\u201d. O mundo exalta o rico e o poderoso, n\u00e3o importa com que meios, e por vezes espezinha a pessoa humana e a sua dignidade. E n\u00f3s vemos isso todos os dias, os pobres espezinhados. E \u00e9 uma mensagem para a Igreja, chamada a viver obras de miseric\u00f3rdia e a evangelizar os pobres, ser mansos, humildes. Assim o Senhor quer que seja a sua Igreja, isto \u00e9, n\u00f3s.<\/p>\n<p>Maria, a mais humilde e nobre das criaturas, implore de Deus a sabedoria do cora\u00e7\u00e3o \u2013 a sabedoria do cora\u00e7\u00e3o &#8211; para n\u00f3s, para que possamos discernir os seus sinais na nossa vida e participar daqueles mist\u00e9rios que, escondidos aos soberbos, s\u00e3o revelados aos humildes.<\/p>\n<p><img loading=\"lazy\" class=\"alignnone wp-image-226971 size-full\" src=\"https:\/\/franciscanos.org.br\/noticias\/wp-content\/uploads\/2020\/07\/angelus_05_1.jpg\" alt=\"\" width=\"890\" height=\"593\" srcset=\"https:\/\/franciscanos.org.br\/noticias\/wp-content\/uploads\/2020\/07\/angelus_05_1.jpg 890w, https:\/\/franciscanos.org.br\/noticias\/wp-content\/uploads\/2020\/07\/angelus_05_1-450x300.jpg 450w, https:\/\/franciscanos.org.br\/noticias\/wp-content\/uploads\/2020\/07\/angelus_05_1-768x512.jpg 768w, https:\/\/franciscanos.org.br\/noticias\/wp-content\/uploads\/2020\/07\/angelus_05_1-150x100.jpg 150w\" sizes=\"(max-width: 890px) 100vw, 890px\" \/><\/p>\n<hr \/>\n<h3>Um cessar-fogo global imediato por um futuro de paz, pede Francisco<\/h3>\n<p>No Angelus deste domingo o Papa Francisco voltou a lan\u00e7ar um apelo por um cessar-fogo global imediato, para que as consequ\u00eancias da pandemia de coronav\u00edrus possam ser melhor enfrentadas e ajudas humanit\u00e1rias possam chegar \u00e0s popula\u00e7\u00f5es civis atingidas por conflitos:<\/p>\n<p>\u201cNesta semana, o Conselho de Seguran\u00e7a das Na\u00e7\u00f5es Unidas adotou uma resolu\u00e7\u00e3o que disp\u00f5e algumas medidas para enfrentar as devastadoras consequ\u00eancias do v\u00edrus Covid-19, de maneira particular para as \u00e1reas j\u00e1 palco de conflitos. \u00c9 louv\u00e1vel o pedido de um cessar-fogo global e imediato, que permitiria a paz e a seguran\u00e7a indispens\u00e1veis para fornecer a assist\u00eancia humanit\u00e1ria t\u00e3o urgentemente necess\u00e1rias\u201d.<\/p>\n<p>\u201cFa\u00e7o votos \u2013 disse o Francisco ao concluir &#8211; que tal decis\u00e3o seja implementada de maneira eficaz e imediata para o bem de tantas pessoas que est\u00e3o sofrendo. Que esta resolu\u00e7\u00e3o do Conselho de Seguran\u00e7a possa se tornar um primeiro passo corajoso para um futuro de paz.\u201d<\/p>\n<p>Semelhante apelo j\u00e1 havia sido feito pelo Papa Francisco no Angelus do domingo 29 de mar\u00e7o, quando se uniu ao pedido lan\u00e7ado pelo secret\u00e1rio-geral da ONU Ant\u00f3nio Guterres de um cessar-fogo imediato global em todas as partes do mundo para, entre outros, melhor combater a pandemia de coronav\u00edrus e favorecer a cria\u00e7\u00e3o de corredores de ajudas humanit\u00e1rias.<\/p>\n<hr \/>\n<p><em>Fonte: Vatican News e http:\/\/www.vatican.va\/content\/vatican\/pt.html<\/em><\/p>\n","protected":false},"excerpt":{"rendered":"<p>Angelus<\/p>\n","protected":false},"author":3,"featured_media":226970,"comment_status":"open","ping_status":"open","sticky":false,"template":"","format":"standard","meta":[],"categories":[1428],"tags":[403],"acf":[],"yoast_head":"<!-- This site is optimized with the Yoast SEO plugin v19.2 - https:\/\/yoast.com\/wordpress\/plugins\/seo\/ -->\n<title>Papa: al\u00edvio oferecido por Jesus n\u00e3o \u00e9 apenas psicol\u00f3gico ou esmola - Not\u00edcias - Franciscanos<\/title>\n<meta name=\"robots\" content=\"index, follow, max-snippet:-1, max-image-preview:large, max-video-preview:-1\" \/>\n<link rel=\"canonical\" href=\"https:\/\/franciscanos.org.br\/noticias\/papa-alivio-oferecido-por-jesus-nao-e-apenas-psicologico-ou-esmola.html\" \/>\n<meta property=\"og:locale\" content=\"pt_BR\" \/>\n<meta property=\"og:type\" content=\"article\" \/>\n<meta property=\"og:title\" content=\"Papa: al\u00edvio oferecido por Jesus n\u00e3o \u00e9 apenas psicol\u00f3gico ou esmola - Not\u00edcias - Franciscanos\" \/>\n<meta property=\"og:description\" content=\"Angelus\" \/>\n<meta property=\"og:url\" content=\"https:\/\/franciscanos.org.br\/noticias\/papa-alivio-oferecido-por-jesus-nao-e-apenas-psicologico-ou-esmola.html\" \/>\n<meta property=\"og:site_name\" content=\"Not\u00edcias - Franciscanos\" \/>\n<meta property=\"article:published_time\" content=\"2020-07-05T12:01:09+00:00\" \/>\n<meta property=\"article:modified_time\" content=\"2021-08-29T13:54:46+00:00\" \/>\n<meta property=\"og:image\" content=\"https:\/\/franciscanos.org.br\/noticias\/wp-content\/uploads\/2020\/07\/angelus_05d.jpg\" \/>\n\t<meta property=\"og:image:width\" content=\"800\" \/>\n\t<meta property=\"og:image:height\" content=\"601\" \/>\n\t<meta property=\"og:image:type\" content=\"image\/jpeg\" \/>\n<meta name=\"author\" content=\"moacir\" \/>\n<meta name=\"twitter:card\" content=\"summary_large_image\" \/>\n<meta name=\"twitter:label1\" content=\"Escrito por\" \/>\n\t<meta name=\"twitter:data1\" content=\"moacir\" \/>\n\t<meta name=\"twitter:label2\" content=\"Est. tempo de leitura\" \/>\n\t<meta name=\"twitter:data2\" content=\"5 minutos\" \/>\n<script type=\"application\/ld+json\" class=\"yoast-schema-graph\">{\"@context\":\"https:\/\/schema.org\",\"@graph\":[{\"@type\":\"WebSite\",\"@id\":\"https:\/\/franciscanos.org.br\/noticias\/#website\",\"url\":\"https:\/\/franciscanos.org.br\/noticias\/\",\"name\":\"Not\u00edcias - Franciscanos\",\"description\":\"Prov\u00edncia Franciscana da Imaculada Concei\u00e7\u00e3o do Brasil - Ordem dos Frades Menores - OFM\",\"potentialAction\":[{\"@type\":\"SearchAction\",\"target\":{\"@type\":\"EntryPoint\",\"urlTemplate\":\"https:\/\/franciscanos.org.br\/noticias\/?s={search_term_string}\"},\"query-input\":\"required name=search_term_string\"}],\"inLanguage\":\"pt-BR\"},{\"@type\":\"ImageObject\",\"inLanguage\":\"pt-BR\",\"@id\":\"https:\/\/franciscanos.org.br\/noticias\/papa-alivio-oferecido-por-jesus-nao-e-apenas-psicologico-ou-esmola.html#primaryimage\",\"url\":\"https:\/\/franciscanos.org.br\/noticias\/wp-content\/uploads\/2020\/07\/angelus_05d.jpg\",\"contentUrl\":\"https:\/\/franciscanos.org.br\/noticias\/wp-content\/uploads\/2020\/07\/angelus_05d.jpg\",\"width\":800,\"height\":601},{\"@type\":\"WebPage\",\"@id\":\"https:\/\/franciscanos.org.br\/noticias\/papa-alivio-oferecido-por-jesus-nao-e-apenas-psicologico-ou-esmola.html#webpage\",\"url\":\"https:\/\/franciscanos.org.br\/noticias\/papa-alivio-oferecido-por-jesus-nao-e-apenas-psicologico-ou-esmola.html\",\"name\":\"Papa: al\u00edvio oferecido por Jesus n\u00e3o \u00e9 apenas psicol\u00f3gico ou esmola - Not\u00edcias - Franciscanos\",\"isPartOf\":{\"@id\":\"https:\/\/franciscanos.org.br\/noticias\/#website\"},\"primaryImageOfPage\":{\"@id\":\"https:\/\/franciscanos.org.br\/noticias\/papa-alivio-oferecido-por-jesus-nao-e-apenas-psicologico-ou-esmola.html#primaryimage\"},\"datePublished\":\"2020-07-05T12:01:09+00:00\",\"dateModified\":\"2021-08-29T13:54:46+00:00\",\"author\":{\"@id\":\"https:\/\/franciscanos.org.br\/noticias\/#\/schema\/person\/b5c8cba458c330ccff548b056e95a5d4\"},\"breadcrumb\":{\"@id\":\"https:\/\/franciscanos.org.br\/noticias\/papa-alivio-oferecido-por-jesus-nao-e-apenas-psicologico-ou-esmola.html#breadcrumb\"},\"inLanguage\":\"pt-BR\",\"potentialAction\":[{\"@type\":\"ReadAction\",\"target\":[\"https:\/\/franciscanos.org.br\/noticias\/papa-alivio-oferecido-por-jesus-nao-e-apenas-psicologico-ou-esmola.html\"]}]},{\"@type\":\"BreadcrumbList\",\"@id\":\"https:\/\/franciscanos.org.br\/noticias\/papa-alivio-oferecido-por-jesus-nao-e-apenas-psicologico-ou-esmola.html#breadcrumb\",\"itemListElement\":[{\"@type\":\"ListItem\",\"position\":1,\"name\":\"Home\",\"item\":\"https:\/\/franciscanos.org.br\/noticias\"},{\"@type\":\"ListItem\",\"position\":2,\"name\":\"Papa: al\u00edvio oferecido por Jesus n\u00e3o \u00e9 apenas psicol\u00f3gico ou esmola\"}]},{\"@type\":\"Person\",\"@id\":\"https:\/\/franciscanos.org.br\/noticias\/#\/schema\/person\/b5c8cba458c330ccff548b056e95a5d4\",\"name\":\"moacir\",\"image\":{\"@type\":\"ImageObject\",\"inLanguage\":\"pt-BR\",\"@id\":\"https:\/\/franciscanos.org.br\/noticias\/#\/schema\/person\/image\/\",\"url\":\"https:\/\/secure.gravatar.com\/avatar\/d08aa2ce4c8dd416d4479aa8536fcf64?s=96&d=mm&r=g\",\"contentUrl\":\"https:\/\/secure.gravatar.com\/avatar\/d08aa2ce4c8dd416d4479aa8536fcf64?s=96&d=mm&r=g\",\"caption\":\"moacir\"},\"url\":\"https:\/\/franciscanos.org.br\/noticias\/author\/moacir\"}]}<\/script>\n<!-- \/ Yoast SEO plugin. -->","yoast_head_json":{"title":"Papa: al\u00edvio oferecido por Jesus n\u00e3o \u00e9 apenas psicol\u00f3gico ou esmola - Not\u00edcias - Franciscanos","robots":{"index":"index","follow":"follow","max-snippet":"max-snippet:-1","max-image-preview":"max-image-preview:large","max-video-preview":"max-video-preview:-1"},"canonical":"https:\/\/franciscanos.org.br\/noticias\/papa-alivio-oferecido-por-jesus-nao-e-apenas-psicologico-ou-esmola.html","og_locale":"pt_BR","og_type":"article","og_title":"Papa: al\u00edvio oferecido por Jesus n\u00e3o \u00e9 apenas psicol\u00f3gico ou esmola - Not\u00edcias - Franciscanos","og_description":"Angelus","og_url":"https:\/\/franciscanos.org.br\/noticias\/papa-alivio-oferecido-por-jesus-nao-e-apenas-psicologico-ou-esmola.html","og_site_name":"Not\u00edcias - Franciscanos","article_published_time":"2020-07-05T12:01:09+00:00","article_modified_time":"2021-08-29T13:54:46+00:00","og_image":[{"width":800,"height":601,"url":"https:\/\/franciscanos.org.br\/noticias\/wp-content\/uploads\/2020\/07\/angelus_05d.jpg","type":"image\/jpeg"}],"author":"moacir","twitter_card":"summary_large_image","twitter_misc":{"Escrito por":"moacir","Est. tempo de leitura":"5 minutos"},"schema":{"@context":"https:\/\/schema.org","@graph":[{"@type":"WebSite","@id":"https:\/\/franciscanos.org.br\/noticias\/#website","url":"https:\/\/franciscanos.org.br\/noticias\/","name":"Not\u00edcias - Franciscanos","description":"Prov\u00edncia Franciscana da Imaculada Concei\u00e7\u00e3o do Brasil - Ordem dos Frades Menores - OFM","potentialAction":[{"@type":"SearchAction","target":{"@type":"EntryPoint","urlTemplate":"https:\/\/franciscanos.org.br\/noticias\/?s={search_term_string}"},"query-input":"required name=search_term_string"}],"inLanguage":"pt-BR"},{"@type":"ImageObject","inLanguage":"pt-BR","@id":"https:\/\/franciscanos.org.br\/noticias\/papa-alivio-oferecido-por-jesus-nao-e-apenas-psicologico-ou-esmola.html#primaryimage","url":"https:\/\/franciscanos.org.br\/noticias\/wp-content\/uploads\/2020\/07\/angelus_05d.jpg","contentUrl":"https:\/\/franciscanos.org.br\/noticias\/wp-content\/uploads\/2020\/07\/angelus_05d.jpg","width":800,"height":601},{"@type":"WebPage","@id":"https:\/\/franciscanos.org.br\/noticias\/papa-alivio-oferecido-por-jesus-nao-e-apenas-psicologico-ou-esmola.html#webpage","url":"https:\/\/franciscanos.org.br\/noticias\/papa-alivio-oferecido-por-jesus-nao-e-apenas-psicologico-ou-esmola.html","name":"Papa: al\u00edvio oferecido por Jesus n\u00e3o \u00e9 apenas psicol\u00f3gico ou esmola - Not\u00edcias - Franciscanos","isPartOf":{"@id":"https:\/\/franciscanos.org.br\/noticias\/#website"},"primaryImageOfPage":{"@id":"https:\/\/franciscanos.org.br\/noticias\/papa-alivio-oferecido-por-jesus-nao-e-apenas-psicologico-ou-esmola.html#primaryimage"},"datePublished":"2020-07-05T12:01:09+00:00","dateModified":"2021-08-29T13:54:46+00:00","author":{"@id":"https:\/\/franciscanos.org.br\/noticias\/#\/schema\/person\/b5c8cba458c330ccff548b056e95a5d4"},"breadcrumb":{"@id":"https:\/\/franciscanos.org.br\/noticias\/papa-alivio-oferecido-por-jesus-nao-e-apenas-psicologico-ou-esmola.html#breadcrumb"},"inLanguage":"pt-BR","potentialAction":[{"@type":"ReadAction","target":["https:\/\/franciscanos.org.br\/noticias\/papa-alivio-oferecido-por-jesus-nao-e-apenas-psicologico-ou-esmola.html"]}]},{"@type":"BreadcrumbList","@id":"https:\/\/franciscanos.org.br\/noticias\/papa-alivio-oferecido-por-jesus-nao-e-apenas-psicologico-ou-esmola.html#breadcrumb","itemListElement":[{"@type":"ListItem","position":1,"name":"Home","item":"https:\/\/franciscanos.org.br\/noticias"},{"@type":"ListItem","position":2,"name":"Papa: al\u00edvio oferecido por Jesus n\u00e3o \u00e9 apenas psicol\u00f3gico ou esmola"}]},{"@type":"Person","@id":"https:\/\/franciscanos.org.br\/noticias\/#\/schema\/person\/b5c8cba458c330ccff548b056e95a5d4","name":"moacir","image":{"@type":"ImageObject","inLanguage":"pt-BR","@id":"https:\/\/franciscanos.org.br\/noticias\/#\/schema\/person\/image\/","url":"https:\/\/secure.gravatar.com\/avatar\/d08aa2ce4c8dd416d4479aa8536fcf64?s=96&d=mm&r=g","contentUrl":"https:\/\/secure.gravatar.com\/avatar\/d08aa2ce4c8dd416d4479aa8536fcf64?s=96&d=mm&r=g","caption":"moacir"},"url":"https:\/\/franciscanos.org.br\/noticias\/author\/moacir"}]}},"_links":{"self":[{"href":"https:\/\/franciscanos.org.br\/noticias\/wp-json\/wp\/v2\/posts\/226968"}],"collection":[{"href":"https:\/\/franciscanos.org.br\/noticias\/wp-json\/wp\/v2\/posts"}],"about":[{"href":"https:\/\/franciscanos.org.br\/noticias\/wp-json\/wp\/v2\/types\/post"}],"author":[{"embeddable":true,"href":"https:\/\/franciscanos.org.br\/noticias\/wp-json\/wp\/v2\/users\/3"}],"replies":[{"embeddable":true,"href":"https:\/\/franciscanos.org.br\/noticias\/wp-json\/wp\/v2\/comments?post=226968"}],"version-history":[{"count":2,"href":"https:\/\/franciscanos.org.br\/noticias\/wp-json\/wp\/v2\/posts\/226968\/revisions"}],"predecessor-version":[{"id":233971,"href":"https:\/\/franciscanos.org.br\/noticias\/wp-json\/wp\/v2\/posts\/226968\/revisions\/233971"}],"wp:featuredmedia":[{"embeddable":true,"href":"https:\/\/franciscanos.org.br\/noticias\/wp-json\/wp\/v2\/media\/226970"}],"wp:attachment":[{"href":"https:\/\/franciscanos.org.br\/noticias\/wp-json\/wp\/v2\/media?parent=226968"}],"wp:term":[{"taxonomy":"category","embeddable":true,"href":"https:\/\/franciscanos.org.br\/noticias\/wp-json\/wp\/v2\/categories?post=226968"},{"taxonomy":"post_tag","embeddable":true,"href":"https:\/\/franciscanos.org.br\/noticias\/wp-json\/wp\/v2\/tags?post=226968"}],"curies":[{"name":"wp","href":"https:\/\/api.w.org\/{rel}","templated":true}]}}