{"id":226961,"date":"2020-07-03T11:11:56","date_gmt":"2020-07-03T14:11:56","guid":{"rendered":"https:\/\/franciscanos.org.br\/noticias\/?p=226961"},"modified":"2020-07-03T13:01:40","modified_gmt":"2020-07-03T16:01:40","slug":"bazar-franciscano-esta-de-volta","status":"publish","type":"post","link":"https:\/\/franciscanos.org.br\/noticias\/bazar-franciscano-esta-de-volta.html","title":{"rendered":"Bazar Franciscano est\u00e1 de volta!"},"content":{"rendered":"<p><img loading=\"lazy\" class=\"alignnone size-full wp-image-226962\" src=\"https:\/\/franciscanos.org.br\/noticias\/wp-content\/uploads\/2020\/07\/bazar_0307.jpg\" alt=\"\" width=\"1280\" height=\"720\" srcset=\"https:\/\/franciscanos.org.br\/noticias\/wp-content\/uploads\/2020\/07\/bazar_0307.jpg 1280w, https:\/\/franciscanos.org.br\/noticias\/wp-content\/uploads\/2020\/07\/bazar_0307-450x253.jpg 450w, https:\/\/franciscanos.org.br\/noticias\/wp-content\/uploads\/2020\/07\/bazar_0307-1024x576.jpg 1024w, https:\/\/franciscanos.org.br\/noticias\/wp-content\/uploads\/2020\/07\/bazar_0307-768x432.jpg 768w, https:\/\/franciscanos.org.br\/noticias\/wp-content\/uploads\/2020\/07\/bazar_0307-150x84.jpg 150w\" sizes=\"(max-width: 1280px) 100vw, 1280px\" \/><\/p>\n<p>O in\u00edcio do m\u00eas de julho foi marcado pela retomada das atividades do Bazar Franciscano, seguindo todas as orienta\u00e7\u00f5es de preven\u00e7\u00e3o referentes \u00e0 pandemia da Covid-19. Na reabertura, o p\u00fablico p\u00f4de conferir muitas novidades com a nova identidade, a reforma e reorganiza\u00e7\u00e3o do espa\u00e7o e tamb\u00e9m os novos produtos e departamentos.<\/p>\n<p>Minutos antes de abrir as portas, a equipe se reuniu para marcar este momento significativo em nossa hist\u00f3ria. Fabio Paes, coordenador de Desenvolvimento Institucional, conduziu a celebra\u00e7\u00e3o fazendo uma retomada do processo de melhorias do bazar e explicando os objetivos que o novo espa\u00e7o ter\u00e1:<\/p>\n<p>\u201cAcolher nossos participantes, apoiando-os com a distribui\u00e7\u00e3o de roupas e cal\u00e7ados; ser um espa\u00e7o de promo\u00e7\u00e3o de eventos no campo do debate sobre direitos humanos e fomentar o consumo consciente numa perspectiva de reuso, incentivando tamb\u00e9m um ciclo de boas pr\u00e1ticas para a vida do planeta, incluindo os investimentos sociais franciscanos\u201d , disse.<\/p>\n<p><img loading=\"lazy\" class=\"alignnone size-full wp-image-226963\" src=\"https:\/\/franciscanos.org.br\/noticias\/wp-content\/uploads\/2020\/07\/bazar_0307_1.jpg\" alt=\"\" width=\"1280\" height=\"720\" srcset=\"https:\/\/franciscanos.org.br\/noticias\/wp-content\/uploads\/2020\/07\/bazar_0307_1.jpg 1280w, https:\/\/franciscanos.org.br\/noticias\/wp-content\/uploads\/2020\/07\/bazar_0307_1-450x253.jpg 450w, https:\/\/franciscanos.org.br\/noticias\/wp-content\/uploads\/2020\/07\/bazar_0307_1-1024x576.jpg 1024w, https:\/\/franciscanos.org.br\/noticias\/wp-content\/uploads\/2020\/07\/bazar_0307_1-768x432.jpg 768w, https:\/\/franciscanos.org.br\/noticias\/wp-content\/uploads\/2020\/07\/bazar_0307_1-150x84.jpg 150w\" sizes=\"(max-width: 1280px) 100vw, 1280px\" \/><\/p>\n<p>Frei Jos\u00e9 Francisco, diretor-presidente do SEFRAS, encerrou com a condu\u00e7\u00e3o da b\u00ean\u00e7\u00e3o do espa\u00e7o, reafirmando, \u00e0 luz do evangelho de Mateus (Mt 25,35-45), que o Bazar tamb\u00e9m \u00e9 respons\u00e1vel pelo compromisso de acolher, cuidar e defender aqueles que muitas das vezes s\u00e3o invis\u00edveis na sociedade.<\/p>\n<p>O Bazar Franciscano retoma as atividades com hor\u00e1rio de funcionamento das 11h \u00e0s 15h, seguindo todos os protocolos indicados pelas autoridades referente ao combate do novo Coronav\u00edrus. Caso voc\u00ea queira doar roupas, acess\u00f3rios, cal\u00e7ados, m\u00f3veis em bom estado, entre em contato com nossa equipe de doa\u00e7\u00f5es para melhor articula\u00e7\u00e3o, o telefone \u00e9 (11) 3795-5220 (este telefone tamb\u00e9m \u00e9 WhatsApp) e o e-mail: <a class=\"Yh1nIb asUmFb AL18ce\" href=\"mailto:bazarfranciscano@sefras.org.br\" target=\"_blank\" rel=\"noopener noreferrer\" data-tooltip=\"Do perfil do usu\u00e1rio do Google\" data-tooltip-position=\"top\">bazarfranciscano@sefras.org.br<\/a><\/p>\n<p>Venha nos visitar e fazer parte desta hist\u00f3ria de compromisso com a vida! Ao adquirir seus produtos aqui, voc\u00ea incentiva um ciclo de boas pr\u00e1ticas para a vida no planeta, nossa Casa <strong>Comum!<\/strong><\/p>\n<p style=\"padding-left: 40px;\"><strong>Endere\u00e7o: Av. A\u0301lvaro Ramos, 950 &#8211; Quarta Parada &#8211; Sa\u0303o Paulo &#8211; S.P<\/strong><\/p>\n<p style=\"padding-left: 40px;\"><strong>Hor\u00e1rio de funcionamento: 11h \u00e0s 15h<\/strong><\/p>\n<hr \/>\n<p><em>Rafael Corr\u00eaa, pelo Setor de Comunica\u00e7\u00e3o do SEFRAS<\/em><\/p>\n","protected":false},"excerpt":{"rendered":"<p>Servi\u00e7o Franciscano de Solidariedade<\/p>\n","protected":false},"author":3,"featured_media":226964,"comment_status":"open","ping_status":"open","sticky":false,"template":"","format":"standard","meta":[],"categories":[1],"tags":[228],"acf":[],"yoast_head":"<!-- This site is optimized with the Yoast SEO plugin v19.2 - https:\/\/yoast.com\/wordpress\/plugins\/seo\/ -->\n<title>Bazar Franciscano est\u00e1 de volta! - Not\u00edcias - Franciscanos<\/title>\n<meta name=\"robots\" content=\"index, follow, max-snippet:-1, max-image-preview:large, max-video-preview:-1\" \/>\n<link rel=\"canonical\" href=\"https:\/\/franciscanos.org.br\/noticias\/bazar-franciscano-esta-de-volta.html\" \/>\n<meta property=\"og:locale\" content=\"pt_BR\" \/>\n<meta property=\"og:type\" content=\"article\" \/>\n<meta property=\"og:title\" content=\"Bazar Franciscano est\u00e1 de volta! - Not\u00edcias - Franciscanos\" \/>\n<meta property=\"og:description\" content=\"Servi\u00e7o Franciscano de Solidariedade\" \/>\n<meta property=\"og:url\" content=\"https:\/\/franciscanos.org.br\/noticias\/bazar-franciscano-esta-de-volta.html\" \/>\n<meta property=\"og:site_name\" content=\"Not\u00edcias - Franciscanos\" \/>\n<meta property=\"article:published_time\" content=\"2020-07-03T14:11:56+00:00\" \/>\n<meta property=\"article:modified_time\" content=\"2020-07-03T16:01:40+00:00\" \/>\n<meta property=\"og:image\" content=\"https:\/\/franciscanos.org.br\/noticias\/wp-content\/uploads\/2020\/07\/bazar_0307d.jpg\" \/>\n\t<meta property=\"og:image:width\" content=\"800\" \/>\n\t<meta property=\"og:image:height\" content=\"600\" \/>\n\t<meta property=\"og:image:type\" content=\"image\/jpeg\" \/>\n<meta name=\"author\" content=\"moacir\" \/>\n<meta name=\"twitter:card\" content=\"summary_large_image\" \/>\n<meta name=\"twitter:label1\" content=\"Escrito por\" \/>\n\t<meta name=\"twitter:data1\" content=\"moacir\" \/>\n\t<meta name=\"twitter:label2\" content=\"Est. tempo de leitura\" \/>\n\t<meta name=\"twitter:data2\" content=\"2 minutos\" \/>\n<script type=\"application\/ld+json\" class=\"yoast-schema-graph\">{\"@context\":\"https:\/\/schema.org\",\"@graph\":[{\"@type\":\"WebSite\",\"@id\":\"https:\/\/franciscanos.org.br\/noticias\/#website\",\"url\":\"https:\/\/franciscanos.org.br\/noticias\/\",\"name\":\"Not\u00edcias - Franciscanos\",\"description\":\"Prov\u00edncia Franciscana da Imaculada Concei\u00e7\u00e3o do Brasil - Ordem dos Frades Menores - OFM\",\"potentialAction\":[{\"@type\":\"SearchAction\",\"target\":{\"@type\":\"EntryPoint\",\"urlTemplate\":\"https:\/\/franciscanos.org.br\/noticias\/?s={search_term_string}\"},\"query-input\":\"required name=search_term_string\"}],\"inLanguage\":\"pt-BR\"},{\"@type\":\"ImageObject\",\"inLanguage\":\"pt-BR\",\"@id\":\"https:\/\/franciscanos.org.br\/noticias\/bazar-franciscano-esta-de-volta.html#primaryimage\",\"url\":\"https:\/\/franciscanos.org.br\/noticias\/wp-content\/uploads\/2020\/07\/bazar_0307d.jpg\",\"contentUrl\":\"https:\/\/franciscanos.org.br\/noticias\/wp-content\/uploads\/2020\/07\/bazar_0307d.jpg\",\"width\":800,\"height\":600},{\"@type\":\"WebPage\",\"@id\":\"https:\/\/franciscanos.org.br\/noticias\/bazar-franciscano-esta-de-volta.html#webpage\",\"url\":\"https:\/\/franciscanos.org.br\/noticias\/bazar-franciscano-esta-de-volta.html\",\"name\":\"Bazar Franciscano est\u00e1 de volta! - Not\u00edcias - Franciscanos\",\"isPartOf\":{\"@id\":\"https:\/\/franciscanos.org.br\/noticias\/#website\"},\"primaryImageOfPage\":{\"@id\":\"https:\/\/franciscanos.org.br\/noticias\/bazar-franciscano-esta-de-volta.html#primaryimage\"},\"datePublished\":\"2020-07-03T14:11:56+00:00\",\"dateModified\":\"2020-07-03T16:01:40+00:00\",\"author\":{\"@id\":\"https:\/\/franciscanos.org.br\/noticias\/#\/schema\/person\/b5c8cba458c330ccff548b056e95a5d4\"},\"breadcrumb\":{\"@id\":\"https:\/\/franciscanos.org.br\/noticias\/bazar-franciscano-esta-de-volta.html#breadcrumb\"},\"inLanguage\":\"pt-BR\",\"potentialAction\":[{\"@type\":\"ReadAction\",\"target\":[\"https:\/\/franciscanos.org.br\/noticias\/bazar-franciscano-esta-de-volta.html\"]}]},{\"@type\":\"BreadcrumbList\",\"@id\":\"https:\/\/franciscanos.org.br\/noticias\/bazar-franciscano-esta-de-volta.html#breadcrumb\",\"itemListElement\":[{\"@type\":\"ListItem\",\"position\":1,\"name\":\"Home\",\"item\":\"https:\/\/franciscanos.org.br\/noticias\"},{\"@type\":\"ListItem\",\"position\":2,\"name\":\"Bazar Franciscano est\u00e1 de volta!\"}]},{\"@type\":\"Person\",\"@id\":\"https:\/\/franciscanos.org.br\/noticias\/#\/schema\/person\/b5c8cba458c330ccff548b056e95a5d4\",\"name\":\"moacir\",\"image\":{\"@type\":\"ImageObject\",\"inLanguage\":\"pt-BR\",\"@id\":\"https:\/\/franciscanos.org.br\/noticias\/#\/schema\/person\/image\/\",\"url\":\"https:\/\/secure.gravatar.com\/avatar\/d08aa2ce4c8dd416d4479aa8536fcf64?s=96&d=mm&r=g\",\"contentUrl\":\"https:\/\/secure.gravatar.com\/avatar\/d08aa2ce4c8dd416d4479aa8536fcf64?s=96&d=mm&r=g\",\"caption\":\"moacir\"},\"url\":\"https:\/\/franciscanos.org.br\/noticias\/author\/moacir\"}]}<\/script>\n<!-- \/ Yoast SEO plugin. -->","yoast_head_json":{"title":"Bazar Franciscano est\u00e1 de volta! - Not\u00edcias - Franciscanos","robots":{"index":"index","follow":"follow","max-snippet":"max-snippet:-1","max-image-preview":"max-image-preview:large","max-video-preview":"max-video-preview:-1"},"canonical":"https:\/\/franciscanos.org.br\/noticias\/bazar-franciscano-esta-de-volta.html","og_locale":"pt_BR","og_type":"article","og_title":"Bazar Franciscano est\u00e1 de volta! - Not\u00edcias - Franciscanos","og_description":"Servi\u00e7o Franciscano de Solidariedade","og_url":"https:\/\/franciscanos.org.br\/noticias\/bazar-franciscano-esta-de-volta.html","og_site_name":"Not\u00edcias - Franciscanos","article_published_time":"2020-07-03T14:11:56+00:00","article_modified_time":"2020-07-03T16:01:40+00:00","og_image":[{"width":800,"height":600,"url":"https:\/\/franciscanos.org.br\/noticias\/wp-content\/uploads\/2020\/07\/bazar_0307d.jpg","type":"image\/jpeg"}],"author":"moacir","twitter_card":"summary_large_image","twitter_misc":{"Escrito por":"moacir","Est. tempo de leitura":"2 minutos"},"schema":{"@context":"https:\/\/schema.org","@graph":[{"@type":"WebSite","@id":"https:\/\/franciscanos.org.br\/noticias\/#website","url":"https:\/\/franciscanos.org.br\/noticias\/","name":"Not\u00edcias - Franciscanos","description":"Prov\u00edncia Franciscana da Imaculada Concei\u00e7\u00e3o do Brasil - Ordem dos Frades Menores - OFM","potentialAction":[{"@type":"SearchAction","target":{"@type":"EntryPoint","urlTemplate":"https:\/\/franciscanos.org.br\/noticias\/?s={search_term_string}"},"query-input":"required name=search_term_string"}],"inLanguage":"pt-BR"},{"@type":"ImageObject","inLanguage":"pt-BR","@id":"https:\/\/franciscanos.org.br\/noticias\/bazar-franciscano-esta-de-volta.html#primaryimage","url":"https:\/\/franciscanos.org.br\/noticias\/wp-content\/uploads\/2020\/07\/bazar_0307d.jpg","contentUrl":"https:\/\/franciscanos.org.br\/noticias\/wp-content\/uploads\/2020\/07\/bazar_0307d.jpg","width":800,"height":600},{"@type":"WebPage","@id":"https:\/\/franciscanos.org.br\/noticias\/bazar-franciscano-esta-de-volta.html#webpage","url":"https:\/\/franciscanos.org.br\/noticias\/bazar-franciscano-esta-de-volta.html","name":"Bazar Franciscano est\u00e1 de volta! - Not\u00edcias - Franciscanos","isPartOf":{"@id":"https:\/\/franciscanos.org.br\/noticias\/#website"},"primaryImageOfPage":{"@id":"https:\/\/franciscanos.org.br\/noticias\/bazar-franciscano-esta-de-volta.html#primaryimage"},"datePublished":"2020-07-03T14:11:56+00:00","dateModified":"2020-07-03T16:01:40+00:00","author":{"@id":"https:\/\/franciscanos.org.br\/noticias\/#\/schema\/person\/b5c8cba458c330ccff548b056e95a5d4"},"breadcrumb":{"@id":"https:\/\/franciscanos.org.br\/noticias\/bazar-franciscano-esta-de-volta.html#breadcrumb"},"inLanguage":"pt-BR","potentialAction":[{"@type":"ReadAction","target":["https:\/\/franciscanos.org.br\/noticias\/bazar-franciscano-esta-de-volta.html"]}]},{"@type":"BreadcrumbList","@id":"https:\/\/franciscanos.org.br\/noticias\/bazar-franciscano-esta-de-volta.html#breadcrumb","itemListElement":[{"@type":"ListItem","position":1,"name":"Home","item":"https:\/\/franciscanos.org.br\/noticias"},{"@type":"ListItem","position":2,"name":"Bazar Franciscano est\u00e1 de volta!"}]},{"@type":"Person","@id":"https:\/\/franciscanos.org.br\/noticias\/#\/schema\/person\/b5c8cba458c330ccff548b056e95a5d4","name":"moacir","image":{"@type":"ImageObject","inLanguage":"pt-BR","@id":"https:\/\/franciscanos.org.br\/noticias\/#\/schema\/person\/image\/","url":"https:\/\/secure.gravatar.com\/avatar\/d08aa2ce4c8dd416d4479aa8536fcf64?s=96&d=mm&r=g","contentUrl":"https:\/\/secure.gravatar.com\/avatar\/d08aa2ce4c8dd416d4479aa8536fcf64?s=96&d=mm&r=g","caption":"moacir"},"url":"https:\/\/franciscanos.org.br\/noticias\/author\/moacir"}]}},"_links":{"self":[{"href":"https:\/\/franciscanos.org.br\/noticias\/wp-json\/wp\/v2\/posts\/226961"}],"collection":[{"href":"https:\/\/franciscanos.org.br\/noticias\/wp-json\/wp\/v2\/posts"}],"about":[{"href":"https:\/\/franciscanos.org.br\/noticias\/wp-json\/wp\/v2\/types\/post"}],"author":[{"embeddable":true,"href":"https:\/\/franciscanos.org.br\/noticias\/wp-json\/wp\/v2\/users\/3"}],"replies":[{"embeddable":true,"href":"https:\/\/franciscanos.org.br\/noticias\/wp-json\/wp\/v2\/comments?post=226961"}],"version-history":[{"count":3,"href":"https:\/\/franciscanos.org.br\/noticias\/wp-json\/wp\/v2\/posts\/226961\/revisions"}],"predecessor-version":[{"id":226967,"href":"https:\/\/franciscanos.org.br\/noticias\/wp-json\/wp\/v2\/posts\/226961\/revisions\/226967"}],"wp:featuredmedia":[{"embeddable":true,"href":"https:\/\/franciscanos.org.br\/noticias\/wp-json\/wp\/v2\/media\/226964"}],"wp:attachment":[{"href":"https:\/\/franciscanos.org.br\/noticias\/wp-json\/wp\/v2\/media?parent=226961"}],"wp:term":[{"taxonomy":"category","embeddable":true,"href":"https:\/\/franciscanos.org.br\/noticias\/wp-json\/wp\/v2\/categories?post=226961"},{"taxonomy":"post_tag","embeddable":true,"href":"https:\/\/franciscanos.org.br\/noticias\/wp-json\/wp\/v2\/tags?post=226961"}],"curies":[{"name":"wp","href":"https:\/\/api.w.org\/{rel}","templated":true}]}}