{"id":226955,"date":"2020-07-03T06:44:15","date_gmt":"2020-07-03T09:44:15","guid":{"rendered":"https:\/\/franciscanos.org.br\/noticias\/?p=226955"},"modified":"2021-04-19T22:37:08","modified_gmt":"2021-04-20T01:37:08","slug":"corais-dos-canarinhos-comemoram-a-bauernfest-com-concerto-virtual","status":"publish","type":"post","link":"https:\/\/franciscanos.org.br\/noticias\/corais-dos-canarinhos-comemoram-a-bauernfest-com-concerto-virtual.html","title":{"rendered":"Corais dos Canarinhos comemoram a Bauernfest com concerto virtual"},"content":{"rendered":"<p><img loading=\"lazy\" class=\"alignnone size-full wp-image-226956\" src=\"https:\/\/franciscanos.org.br\/noticias\/wp-content\/uploads\/2020\/07\/canarinhos_0307.jpg\" alt=\"\" width=\"1280\" height=\"720\" srcset=\"https:\/\/franciscanos.org.br\/noticias\/wp-content\/uploads\/2020\/07\/canarinhos_0307.jpg 1280w, https:\/\/franciscanos.org.br\/noticias\/wp-content\/uploads\/2020\/07\/canarinhos_0307-450x253.jpg 450w, https:\/\/franciscanos.org.br\/noticias\/wp-content\/uploads\/2020\/07\/canarinhos_0307-1024x576.jpg 1024w, https:\/\/franciscanos.org.br\/noticias\/wp-content\/uploads\/2020\/07\/canarinhos_0307-768x432.jpg 768w, https:\/\/franciscanos.org.br\/noticias\/wp-content\/uploads\/2020\/07\/canarinhos_0307-150x84.jpg 150w\" sizes=\"(max-width: 1280px) 100vw, 1280px\" \/><\/p>\n<p><em>Apresenta\u00e7\u00e3o acontece neste s\u00e1bado \u00e0s 19h<\/em><\/p>\n<p>Nas mais de 30 edi\u00e7\u00f5es da Bauernfest, muitas foram as participa\u00e7\u00f5es do Coral dos Canarinhos e do Coral das Meninas dos Canarinhos de Petr\u00f3polis. Para homenagear a coloniza\u00e7\u00e3o alem\u00e3, mesmo diante da pandemia, um concerto virtual est\u00e1 sendo preparado com apresenta\u00e7\u00f5es antigas dos dois coros. O concerto ser\u00e1 transmitido pelas p\u00e1ginas dos Canarinhos e da Par\u00f3quia do Sagrado pelo Facebook e pela Tv Fransciscanos no pr\u00f3ximo s\u00e1bado, \u00e0s 19h.<\/p>\n<p>\u201cCom essa nova situa\u00e7\u00e3o mundial, os nossos corais est\u00e3o impossibilitados de ensaiar e muito menos de se apresentar ao vivo. Preparamos ent\u00e3o uma sele\u00e7\u00e3o de obras alem\u00e3s e brasileiras para, juntos, podermos celebrar com o p\u00fablico, em casa, a nossa Bauernfest 2020. Algumas obras brasileiras deste programa foram cantadas na Alemanha na \u00faltima turn\u00ea internacional dos Canarinhos\u201d, explicou o diretor art\u00edstico do Instituto dos Meninos Cantores de Petr\u00f3polis, o maestro Marco Aur\u00e9lio Lischt.<\/p>\n<p><img loading=\"lazy\" class=\"alignnone size-full wp-image-226958\" src=\"https:\/\/franciscanos.org.br\/noticias\/wp-content\/uploads\/2020\/07\/canarinhos_0307_1.jpg\" alt=\"\" width=\"1280\" height=\"853\" srcset=\"https:\/\/franciscanos.org.br\/noticias\/wp-content\/uploads\/2020\/07\/canarinhos_0307_1.jpg 1280w, https:\/\/franciscanos.org.br\/noticias\/wp-content\/uploads\/2020\/07\/canarinhos_0307_1-450x300.jpg 450w, https:\/\/franciscanos.org.br\/noticias\/wp-content\/uploads\/2020\/07\/canarinhos_0307_1-1024x682.jpg 1024w, https:\/\/franciscanos.org.br\/noticias\/wp-content\/uploads\/2020\/07\/canarinhos_0307_1-768x512.jpg 768w, https:\/\/franciscanos.org.br\/noticias\/wp-content\/uploads\/2020\/07\/canarinhos_0307_1-150x100.jpg 150w\" sizes=\"(max-width: 1280px) 100vw, 1280px\" \/><\/p>\n<p>O programa do concerto ser\u00e1 dividido em tr\u00eas partes, incluindo composi\u00e7\u00f5es alem\u00e3s do per\u00edodo barroco e rom\u00e2ntico, al\u00e9m de m\u00fasica sacra contempor\u00e2nea. O \u00faltimo bloco ser\u00e1 dedicado a composi\u00e7\u00f5es brasileiras. O Coral dos Canarinhos ser\u00e1 regido pelo maestro Marco Aur\u00e9lio Lischt e o Coral das Meninas dos Canarinhos ter\u00e1 reg\u00eancia do maestro Marcelo Vizani. O pianista acompanhador \u00e9 o Ramon Theobald.<\/p>\n<p>Segundo Lischt, manter o contato com o p\u00fablico mesmo por meio da Internet tem sido muito gratificante e uma forma de aquecer os cora\u00e7\u00f5es enquanto se faz necess\u00e1rio o afastamento social. Ele lembra que esta \u00e9 a quinta apresenta\u00e7\u00e3o virtual do IMCP desde o in\u00edcio da pandemia. \u201cComo ainda n\u00e3o temos previs\u00e3o de retorno, estamos programando algumas surpresas para o p\u00fablico que nos acompanha\u201d, adiantou.<\/p>\n<p>Este ano, o Coral dos Canarinhos comemora 78 anos de exist\u00eancia, dedicados \u00e0 m\u00fasica sacra. J\u00e1 o Coral das Meninas chega aos seus 32 anos, parte desse tempo exaltando a m\u00fasica popular brasileira, mas tamb\u00e9m a m\u00fasica sacra. O Instituto dos Meninos Cantores de Petr\u00f3polis (IMCP) oferece forma\u00e7\u00e3o coral inteiramente gratuita. O objetivo \u00e9 transformar a realidade dos integrantes, por meio da integra\u00e7\u00e3o e do conv\u00edvio, formando cidad\u00e3os conscientes.<\/p>\n<p><iframe loading=\"lazy\" src=\"https:\/\/www.youtube.com\/embed\/G09wF5t2TuU\" width=\"100%\" height=\"480\" frameborder=\"0\" allowfullscreen=\"allowfullscreen\"><span data-mce-type=\"bookmark\" style=\"display: inline-block; width: 0px; overflow: hidden; line-height: 0;\" class=\"mce_SELRES_start\">\ufeff<\/span><\/iframe><\/p>\n","protected":false},"excerpt":{"rendered":"<p>Coral dos Canarinhos e do Coral das Meninas dos Canarinhos de Petr\u00f3polis<\/p>\n","protected":false},"author":3,"featured_media":226957,"comment_status":"open","ping_status":"open","sticky":false,"template":"","format":"standard","meta":[],"categories":[1],"tags":[1378,190],"acf":[],"yoast_head":"<!-- This site is optimized with the Yoast SEO plugin v19.2 - https:\/\/yoast.com\/wordpress\/plugins\/seo\/ -->\n<title>Corais dos Canarinhos comemoram a Bauernfest com concerto virtual - Not\u00edcias - Franciscanos<\/title>\n<meta name=\"robots\" content=\"index, follow, max-snippet:-1, max-image-preview:large, max-video-preview:-1\" \/>\n<link rel=\"canonical\" href=\"https:\/\/franciscanos.org.br\/noticias\/corais-dos-canarinhos-comemoram-a-bauernfest-com-concerto-virtual.html\" \/>\n<meta property=\"og:locale\" content=\"pt_BR\" \/>\n<meta property=\"og:type\" content=\"article\" \/>\n<meta property=\"og:title\" content=\"Corais dos Canarinhos comemoram a Bauernfest com concerto virtual - Not\u00edcias - Franciscanos\" \/>\n<meta property=\"og:description\" content=\"Coral dos Canarinhos e do Coral das Meninas dos Canarinhos de Petr\u00f3polis\" \/>\n<meta property=\"og:url\" content=\"https:\/\/franciscanos.org.br\/noticias\/corais-dos-canarinhos-comemoram-a-bauernfest-com-concerto-virtual.html\" \/>\n<meta property=\"og:site_name\" content=\"Not\u00edcias - Franciscanos\" \/>\n<meta property=\"article:published_time\" content=\"2020-07-03T09:44:15+00:00\" \/>\n<meta property=\"article:modified_time\" content=\"2021-04-20T01:37:08+00:00\" \/>\n<meta property=\"og:image\" content=\"https:\/\/franciscanos.org.br\/noticias\/wp-content\/uploads\/2020\/07\/canarinhos_0307d.jpg\" \/>\n\t<meta property=\"og:image:width\" content=\"800\" \/>\n\t<meta property=\"og:image:height\" content=\"600\" \/>\n\t<meta property=\"og:image:type\" content=\"image\/jpeg\" \/>\n<meta name=\"author\" content=\"moacir\" \/>\n<meta name=\"twitter:card\" content=\"summary_large_image\" \/>\n<meta name=\"twitter:label1\" content=\"Escrito por\" \/>\n\t<meta name=\"twitter:data1\" content=\"moacir\" \/>\n\t<meta name=\"twitter:label2\" content=\"Est. tempo de leitura\" \/>\n\t<meta name=\"twitter:data2\" content=\"2 minutos\" \/>\n<script type=\"application\/ld+json\" class=\"yoast-schema-graph\">{\"@context\":\"https:\/\/schema.org\",\"@graph\":[{\"@type\":\"WebSite\",\"@id\":\"https:\/\/franciscanos.org.br\/noticias\/#website\",\"url\":\"https:\/\/franciscanos.org.br\/noticias\/\",\"name\":\"Not\u00edcias - Franciscanos\",\"description\":\"Prov\u00edncia Franciscana da Imaculada Concei\u00e7\u00e3o do Brasil - Ordem dos Frades Menores - OFM\",\"potentialAction\":[{\"@type\":\"SearchAction\",\"target\":{\"@type\":\"EntryPoint\",\"urlTemplate\":\"https:\/\/franciscanos.org.br\/noticias\/?s={search_term_string}\"},\"query-input\":\"required name=search_term_string\"}],\"inLanguage\":\"pt-BR\"},{\"@type\":\"ImageObject\",\"inLanguage\":\"pt-BR\",\"@id\":\"https:\/\/franciscanos.org.br\/noticias\/corais-dos-canarinhos-comemoram-a-bauernfest-com-concerto-virtual.html#primaryimage\",\"url\":\"https:\/\/franciscanos.org.br\/noticias\/wp-content\/uploads\/2020\/07\/canarinhos_0307d.jpg\",\"contentUrl\":\"https:\/\/franciscanos.org.br\/noticias\/wp-content\/uploads\/2020\/07\/canarinhos_0307d.jpg\",\"width\":800,\"height\":600},{\"@type\":\"WebPage\",\"@id\":\"https:\/\/franciscanos.org.br\/noticias\/corais-dos-canarinhos-comemoram-a-bauernfest-com-concerto-virtual.html#webpage\",\"url\":\"https:\/\/franciscanos.org.br\/noticias\/corais-dos-canarinhos-comemoram-a-bauernfest-com-concerto-virtual.html\",\"name\":\"Corais dos Canarinhos comemoram a Bauernfest com concerto virtual - Not\u00edcias - Franciscanos\",\"isPartOf\":{\"@id\":\"https:\/\/franciscanos.org.br\/noticias\/#website\"},\"primaryImageOfPage\":{\"@id\":\"https:\/\/franciscanos.org.br\/noticias\/corais-dos-canarinhos-comemoram-a-bauernfest-com-concerto-virtual.html#primaryimage\"},\"datePublished\":\"2020-07-03T09:44:15+00:00\",\"dateModified\":\"2021-04-20T01:37:08+00:00\",\"author\":{\"@id\":\"https:\/\/franciscanos.org.br\/noticias\/#\/schema\/person\/b5c8cba458c330ccff548b056e95a5d4\"},\"breadcrumb\":{\"@id\":\"https:\/\/franciscanos.org.br\/noticias\/corais-dos-canarinhos-comemoram-a-bauernfest-com-concerto-virtual.html#breadcrumb\"},\"inLanguage\":\"pt-BR\",\"potentialAction\":[{\"@type\":\"ReadAction\",\"target\":[\"https:\/\/franciscanos.org.br\/noticias\/corais-dos-canarinhos-comemoram-a-bauernfest-com-concerto-virtual.html\"]}]},{\"@type\":\"BreadcrumbList\",\"@id\":\"https:\/\/franciscanos.org.br\/noticias\/corais-dos-canarinhos-comemoram-a-bauernfest-com-concerto-virtual.html#breadcrumb\",\"itemListElement\":[{\"@type\":\"ListItem\",\"position\":1,\"name\":\"Home\",\"item\":\"https:\/\/franciscanos.org.br\/noticias\"},{\"@type\":\"ListItem\",\"position\":2,\"name\":\"Corais dos Canarinhos comemoram a Bauernfest com concerto virtual\"}]},{\"@type\":\"Person\",\"@id\":\"https:\/\/franciscanos.org.br\/noticias\/#\/schema\/person\/b5c8cba458c330ccff548b056e95a5d4\",\"name\":\"moacir\",\"image\":{\"@type\":\"ImageObject\",\"inLanguage\":\"pt-BR\",\"@id\":\"https:\/\/franciscanos.org.br\/noticias\/#\/schema\/person\/image\/\",\"url\":\"https:\/\/secure.gravatar.com\/avatar\/d08aa2ce4c8dd416d4479aa8536fcf64?s=96&d=mm&r=g\",\"contentUrl\":\"https:\/\/secure.gravatar.com\/avatar\/d08aa2ce4c8dd416d4479aa8536fcf64?s=96&d=mm&r=g\",\"caption\":\"moacir\"},\"url\":\"https:\/\/franciscanos.org.br\/noticias\/author\/moacir\"}]}<\/script>\n<!-- \/ Yoast SEO plugin. -->","yoast_head_json":{"title":"Corais dos Canarinhos comemoram a Bauernfest com concerto virtual - Not\u00edcias - Franciscanos","robots":{"index":"index","follow":"follow","max-snippet":"max-snippet:-1","max-image-preview":"max-image-preview:large","max-video-preview":"max-video-preview:-1"},"canonical":"https:\/\/franciscanos.org.br\/noticias\/corais-dos-canarinhos-comemoram-a-bauernfest-com-concerto-virtual.html","og_locale":"pt_BR","og_type":"article","og_title":"Corais dos Canarinhos comemoram a Bauernfest com concerto virtual - Not\u00edcias - Franciscanos","og_description":"Coral dos Canarinhos e do Coral das Meninas dos Canarinhos de Petr\u00f3polis","og_url":"https:\/\/franciscanos.org.br\/noticias\/corais-dos-canarinhos-comemoram-a-bauernfest-com-concerto-virtual.html","og_site_name":"Not\u00edcias - Franciscanos","article_published_time":"2020-07-03T09:44:15+00:00","article_modified_time":"2021-04-20T01:37:08+00:00","og_image":[{"width":800,"height":600,"url":"https:\/\/franciscanos.org.br\/noticias\/wp-content\/uploads\/2020\/07\/canarinhos_0307d.jpg","type":"image\/jpeg"}],"author":"moacir","twitter_card":"summary_large_image","twitter_misc":{"Escrito por":"moacir","Est. tempo de leitura":"2 minutos"},"schema":{"@context":"https:\/\/schema.org","@graph":[{"@type":"WebSite","@id":"https:\/\/franciscanos.org.br\/noticias\/#website","url":"https:\/\/franciscanos.org.br\/noticias\/","name":"Not\u00edcias - Franciscanos","description":"Prov\u00edncia Franciscana da Imaculada Concei\u00e7\u00e3o do Brasil - Ordem dos Frades Menores - OFM","potentialAction":[{"@type":"SearchAction","target":{"@type":"EntryPoint","urlTemplate":"https:\/\/franciscanos.org.br\/noticias\/?s={search_term_string}"},"query-input":"required name=search_term_string"}],"inLanguage":"pt-BR"},{"@type":"ImageObject","inLanguage":"pt-BR","@id":"https:\/\/franciscanos.org.br\/noticias\/corais-dos-canarinhos-comemoram-a-bauernfest-com-concerto-virtual.html#primaryimage","url":"https:\/\/franciscanos.org.br\/noticias\/wp-content\/uploads\/2020\/07\/canarinhos_0307d.jpg","contentUrl":"https:\/\/franciscanos.org.br\/noticias\/wp-content\/uploads\/2020\/07\/canarinhos_0307d.jpg","width":800,"height":600},{"@type":"WebPage","@id":"https:\/\/franciscanos.org.br\/noticias\/corais-dos-canarinhos-comemoram-a-bauernfest-com-concerto-virtual.html#webpage","url":"https:\/\/franciscanos.org.br\/noticias\/corais-dos-canarinhos-comemoram-a-bauernfest-com-concerto-virtual.html","name":"Corais dos Canarinhos comemoram a Bauernfest com concerto virtual - Not\u00edcias - Franciscanos","isPartOf":{"@id":"https:\/\/franciscanos.org.br\/noticias\/#website"},"primaryImageOfPage":{"@id":"https:\/\/franciscanos.org.br\/noticias\/corais-dos-canarinhos-comemoram-a-bauernfest-com-concerto-virtual.html#primaryimage"},"datePublished":"2020-07-03T09:44:15+00:00","dateModified":"2021-04-20T01:37:08+00:00","author":{"@id":"https:\/\/franciscanos.org.br\/noticias\/#\/schema\/person\/b5c8cba458c330ccff548b056e95a5d4"},"breadcrumb":{"@id":"https:\/\/franciscanos.org.br\/noticias\/corais-dos-canarinhos-comemoram-a-bauernfest-com-concerto-virtual.html#breadcrumb"},"inLanguage":"pt-BR","potentialAction":[{"@type":"ReadAction","target":["https:\/\/franciscanos.org.br\/noticias\/corais-dos-canarinhos-comemoram-a-bauernfest-com-concerto-virtual.html"]}]},{"@type":"BreadcrumbList","@id":"https:\/\/franciscanos.org.br\/noticias\/corais-dos-canarinhos-comemoram-a-bauernfest-com-concerto-virtual.html#breadcrumb","itemListElement":[{"@type":"ListItem","position":1,"name":"Home","item":"https:\/\/franciscanos.org.br\/noticias"},{"@type":"ListItem","position":2,"name":"Corais dos Canarinhos comemoram a Bauernfest com concerto virtual"}]},{"@type":"Person","@id":"https:\/\/franciscanos.org.br\/noticias\/#\/schema\/person\/b5c8cba458c330ccff548b056e95a5d4","name":"moacir","image":{"@type":"ImageObject","inLanguage":"pt-BR","@id":"https:\/\/franciscanos.org.br\/noticias\/#\/schema\/person\/image\/","url":"https:\/\/secure.gravatar.com\/avatar\/d08aa2ce4c8dd416d4479aa8536fcf64?s=96&d=mm&r=g","contentUrl":"https:\/\/secure.gravatar.com\/avatar\/d08aa2ce4c8dd416d4479aa8536fcf64?s=96&d=mm&r=g","caption":"moacir"},"url":"https:\/\/franciscanos.org.br\/noticias\/author\/moacir"}]}},"_links":{"self":[{"href":"https:\/\/franciscanos.org.br\/noticias\/wp-json\/wp\/v2\/posts\/226955"}],"collection":[{"href":"https:\/\/franciscanos.org.br\/noticias\/wp-json\/wp\/v2\/posts"}],"about":[{"href":"https:\/\/franciscanos.org.br\/noticias\/wp-json\/wp\/v2\/types\/post"}],"author":[{"embeddable":true,"href":"https:\/\/franciscanos.org.br\/noticias\/wp-json\/wp\/v2\/users\/3"}],"replies":[{"embeddable":true,"href":"https:\/\/franciscanos.org.br\/noticias\/wp-json\/wp\/v2\/comments?post=226955"}],"version-history":[{"count":2,"href":"https:\/\/franciscanos.org.br\/noticias\/wp-json\/wp\/v2\/posts\/226955\/revisions"}],"predecessor-version":[{"id":226960,"href":"https:\/\/franciscanos.org.br\/noticias\/wp-json\/wp\/v2\/posts\/226955\/revisions\/226960"}],"wp:featuredmedia":[{"embeddable":true,"href":"https:\/\/franciscanos.org.br\/noticias\/wp-json\/wp\/v2\/media\/226957"}],"wp:attachment":[{"href":"https:\/\/franciscanos.org.br\/noticias\/wp-json\/wp\/v2\/media?parent=226955"}],"wp:term":[{"taxonomy":"category","embeddable":true,"href":"https:\/\/franciscanos.org.br\/noticias\/wp-json\/wp\/v2\/categories?post=226955"},{"taxonomy":"post_tag","embeddable":true,"href":"https:\/\/franciscanos.org.br\/noticias\/wp-json\/wp\/v2\/tags?post=226955"}],"curies":[{"name":"wp","href":"https:\/\/api.w.org\/{rel}","templated":true}]}}