{"id":226945,"date":"2020-07-02T00:15:36","date_gmt":"2020-07-02T03:15:36","guid":{"rendered":"https:\/\/franciscanos.org.br\/noticias\/?p=226945"},"modified":"2020-07-02T08:35:23","modified_gmt":"2020-07-02T11:35:23","slug":"frei-patton-celebra-o-preciosissimo-sangue-de-cristo-no-getsemani","status":"publish","type":"post","link":"https:\/\/franciscanos.org.br\/noticias\/frei-patton-celebra-o-preciosissimo-sangue-de-cristo-no-getsemani.html","title":{"rendered":"Frei Patton celebra o Precios\u00edssimo Sangue de Cristo no Gets\u00eamani"},"content":{"rendered":"<p>&nbsp;<\/p>\n<p><img loading=\"lazy\" class=\"alignnone wp-image-226950 size-full\" src=\"https:\/\/franciscanos.org.br\/noticias\/wp-content\/uploads\/2020\/07\/terra_santa_01.jpg\" alt=\"\" width=\"1280\" height=\"720\" srcset=\"https:\/\/franciscanos.org.br\/noticias\/wp-content\/uploads\/2020\/07\/terra_santa_01.jpg 1280w, https:\/\/franciscanos.org.br\/noticias\/wp-content\/uploads\/2020\/07\/terra_santa_01-450x253.jpg 450w, https:\/\/franciscanos.org.br\/noticias\/wp-content\/uploads\/2020\/07\/terra_santa_01-1024x576.jpg 1024w, https:\/\/franciscanos.org.br\/noticias\/wp-content\/uploads\/2020\/07\/terra_santa_01-768x432.jpg 768w, https:\/\/franciscanos.org.br\/noticias\/wp-content\/uploads\/2020\/07\/terra_santa_01-150x84.jpg 150w\" sizes=\"(max-width: 1280px) 100vw, 1280px\" \/><\/p>\n<p><strong>Cidade do Vaticano<\/strong> &#8211; Na celebra\u00e7\u00e3o da Festa do Precios\u00edssimo Sangue de Nosso Senhor Jesus Cristo, realizada na quarta-feira (01) em Jerusal\u00e9m, o Cust\u00f3dio da Terra Santa, Frei Francis Patton presidiu uma Santa Missa na Bas\u00edlica da Agonia no Gets\u00eamani. Na sua homilia logo recordou que o Precios\u00edssimo Sangue de Cristo &#8220;\u00e9 um dom que alimenta nossa vida terrena e nos torna capazes de seguir os passos de Jesus&#8221;.<\/p>\n<p>\u201cO dom de si que Jesus deu de uma vez por todas \u00e9 um dom que nos \u00e9 oferecido continuamente&#8221;, explicou o Frei Patton, &#8220;\u00e9 um dom que somos continuamente chamados a acolher e receber (&#8230;) ele acompanha toda a nossa exist\u00eancia crist\u00e3 e n\u00e3o apenas na celebra\u00e7\u00e3o eucar\u00edstica&#8221;.<\/p>\n<p><strong>Celebra\u00e7\u00e3o antiga<\/strong><br \/>\nA celebra\u00e7\u00e3o, que segundo uma antiga tradi\u00e7\u00e3o pr\u00e9-conciliar, foi fixada em 1\u00ba de julho de 1849 pelo Papa Pio X, com a reforma do calend\u00e1rio lit\u00fargico em 1970, especifica a Cust\u00f3dia da Terra Santa, foi substitu\u00edda pela solenidade de Corpus Christi em todos os calend\u00e1rios lit\u00fargicos, exceto o jerosolimita. A liturgia tradicionalmente come\u00e7ava com o derramamento de p\u00e9talas de rosas vermelhas na pedra sob o altar da Bas\u00edlica, em mem\u00f3ria da agonia e do sangue derramado por Jesus na Quinta-feira Santa na mesma rocha.<\/p>\n<p><img loading=\"lazy\" class=\"alignnone wp-image-226946 size-full\" src=\"https:\/\/franciscanos.org.br\/noticias\/wp-content\/uploads\/2020\/07\/terrasanta_02.jpg\" alt=\"\" width=\"890\" height=\"458\" srcset=\"https:\/\/franciscanos.org.br\/noticias\/wp-content\/uploads\/2020\/07\/terrasanta_02.jpg 890w, https:\/\/franciscanos.org.br\/noticias\/wp-content\/uploads\/2020\/07\/terrasanta_02-450x232.jpg 450w, https:\/\/franciscanos.org.br\/noticias\/wp-content\/uploads\/2020\/07\/terrasanta_02-768x395.jpg 768w, https:\/\/franciscanos.org.br\/noticias\/wp-content\/uploads\/2020\/07\/terrasanta_02-150x77.jpg 150w\" sizes=\"(max-width: 890px) 100vw, 890px\" \/><\/p>\n<p><strong>A homilia<\/strong><br \/>\nEm sua homilia, o Cust\u00f3dio da Terra Santa recordou que &#8220;o sangue de Jesus, a sua vida que nos foi doada, \u00e9 o que transforma a nossa vida&#8221;, &#8220;o que realiza a verdadeira e plena liberta\u00e7\u00e3o de cada um de n\u00f3s e de toda a humanidade&#8221;. Recordou tamb\u00e9m que as diversas voca\u00e7\u00f5es presentes na Igreja &#8220;s\u00f3 podem ser vividas se nos alimentarmos continuamente do dom de si que Jesus fez e que se manifesta no dom de seu sangue&#8221;.<\/p>\n<p>Por fim, Frei Patton afirmou que \u201creceber este presente significa, contudo, estar disposto a fazer de nossas vidas um presente&#8221; e que receber o precios\u00edssimo sangue de Jesus &#8220;tem como consequ\u00eancia que tamb\u00e9m n\u00f3s estamos dispostos a derramar o nosso sangue por amor&#8221;.<\/p>\n<hr \/>\n<p><em>Fonte &#8211; Vatican News \u2013 Cust\u00f3dia Terra Santa<\/em><\/p>\n","protected":false},"excerpt":{"rendered":"<p>Cust\u00f3dia da Terra Santa<\/p>\n","protected":false},"author":3,"featured_media":226951,"comment_status":"open","ping_status":"open","sticky":false,"template":"","format":"standard","meta":[],"categories":[1],"tags":[1429],"acf":[],"yoast_head":"<!-- This site is optimized with the Yoast SEO plugin v19.2 - https:\/\/yoast.com\/wordpress\/plugins\/seo\/ -->\n<title>Frei Patton celebra o Precios\u00edssimo Sangue de Cristo no Gets\u00eamani - Not\u00edcias - Franciscanos<\/title>\n<meta name=\"robots\" content=\"index, follow, max-snippet:-1, max-image-preview:large, max-video-preview:-1\" \/>\n<link rel=\"canonical\" href=\"https:\/\/franciscanos.org.br\/noticias\/frei-patton-celebra-o-preciosissimo-sangue-de-cristo-no-getsemani.html\" \/>\n<meta property=\"og:locale\" content=\"pt_BR\" \/>\n<meta property=\"og:type\" content=\"article\" \/>\n<meta property=\"og:title\" content=\"Frei Patton celebra o Precios\u00edssimo Sangue de Cristo no Gets\u00eamani - Not\u00edcias - Franciscanos\" \/>\n<meta property=\"og:description\" content=\"Cust\u00f3dia da Terra Santa\" \/>\n<meta property=\"og:url\" content=\"https:\/\/franciscanos.org.br\/noticias\/frei-patton-celebra-o-preciosissimo-sangue-de-cristo-no-getsemani.html\" \/>\n<meta property=\"og:site_name\" content=\"Not\u00edcias - Franciscanos\" \/>\n<meta property=\"article:published_time\" content=\"2020-07-02T03:15:36+00:00\" \/>\n<meta property=\"article:modified_time\" content=\"2020-07-02T11:35:23+00:00\" \/>\n<meta property=\"og:image\" content=\"https:\/\/franciscanos.org.br\/noticias\/wp-content\/uploads\/2020\/07\/terra_santa_01d.jpg\" \/>\n\t<meta property=\"og:image:width\" content=\"800\" \/>\n\t<meta property=\"og:image:height\" content=\"600\" \/>\n\t<meta property=\"og:image:type\" content=\"image\/jpeg\" \/>\n<meta name=\"author\" content=\"moacir\" \/>\n<meta name=\"twitter:card\" content=\"summary_large_image\" \/>\n<meta name=\"twitter:label1\" content=\"Escrito por\" \/>\n\t<meta name=\"twitter:data1\" content=\"moacir\" \/>\n\t<meta name=\"twitter:label2\" content=\"Est. tempo de leitura\" \/>\n\t<meta name=\"twitter:data2\" content=\"2 minutos\" \/>\n<script type=\"application\/ld+json\" class=\"yoast-schema-graph\">{\"@context\":\"https:\/\/schema.org\",\"@graph\":[{\"@type\":\"WebSite\",\"@id\":\"https:\/\/franciscanos.org.br\/noticias\/#website\",\"url\":\"https:\/\/franciscanos.org.br\/noticias\/\",\"name\":\"Not\u00edcias - Franciscanos\",\"description\":\"Prov\u00edncia Franciscana da Imaculada Concei\u00e7\u00e3o do Brasil - Ordem dos Frades Menores - OFM\",\"potentialAction\":[{\"@type\":\"SearchAction\",\"target\":{\"@type\":\"EntryPoint\",\"urlTemplate\":\"https:\/\/franciscanos.org.br\/noticias\/?s={search_term_string}\"},\"query-input\":\"required name=search_term_string\"}],\"inLanguage\":\"pt-BR\"},{\"@type\":\"ImageObject\",\"inLanguage\":\"pt-BR\",\"@id\":\"https:\/\/franciscanos.org.br\/noticias\/frei-patton-celebra-o-preciosissimo-sangue-de-cristo-no-getsemani.html#primaryimage\",\"url\":\"https:\/\/franciscanos.org.br\/noticias\/wp-content\/uploads\/2020\/07\/terra_santa_01d.jpg\",\"contentUrl\":\"https:\/\/franciscanos.org.br\/noticias\/wp-content\/uploads\/2020\/07\/terra_santa_01d.jpg\",\"width\":800,\"height\":600},{\"@type\":\"WebPage\",\"@id\":\"https:\/\/franciscanos.org.br\/noticias\/frei-patton-celebra-o-preciosissimo-sangue-de-cristo-no-getsemani.html#webpage\",\"url\":\"https:\/\/franciscanos.org.br\/noticias\/frei-patton-celebra-o-preciosissimo-sangue-de-cristo-no-getsemani.html\",\"name\":\"Frei Patton celebra o Precios\u00edssimo Sangue de Cristo no Gets\u00eamani - Not\u00edcias - Franciscanos\",\"isPartOf\":{\"@id\":\"https:\/\/franciscanos.org.br\/noticias\/#website\"},\"primaryImageOfPage\":{\"@id\":\"https:\/\/franciscanos.org.br\/noticias\/frei-patton-celebra-o-preciosissimo-sangue-de-cristo-no-getsemani.html#primaryimage\"},\"datePublished\":\"2020-07-02T03:15:36+00:00\",\"dateModified\":\"2020-07-02T11:35:23+00:00\",\"author\":{\"@id\":\"https:\/\/franciscanos.org.br\/noticias\/#\/schema\/person\/b5c8cba458c330ccff548b056e95a5d4\"},\"breadcrumb\":{\"@id\":\"https:\/\/franciscanos.org.br\/noticias\/frei-patton-celebra-o-preciosissimo-sangue-de-cristo-no-getsemani.html#breadcrumb\"},\"inLanguage\":\"pt-BR\",\"potentialAction\":[{\"@type\":\"ReadAction\",\"target\":[\"https:\/\/franciscanos.org.br\/noticias\/frei-patton-celebra-o-preciosissimo-sangue-de-cristo-no-getsemani.html\"]}]},{\"@type\":\"BreadcrumbList\",\"@id\":\"https:\/\/franciscanos.org.br\/noticias\/frei-patton-celebra-o-preciosissimo-sangue-de-cristo-no-getsemani.html#breadcrumb\",\"itemListElement\":[{\"@type\":\"ListItem\",\"position\":1,\"name\":\"Home\",\"item\":\"https:\/\/franciscanos.org.br\/noticias\"},{\"@type\":\"ListItem\",\"position\":2,\"name\":\"Frei Patton celebra o Precios\u00edssimo Sangue de Cristo no Gets\u00eamani\"}]},{\"@type\":\"Person\",\"@id\":\"https:\/\/franciscanos.org.br\/noticias\/#\/schema\/person\/b5c8cba458c330ccff548b056e95a5d4\",\"name\":\"moacir\",\"image\":{\"@type\":\"ImageObject\",\"inLanguage\":\"pt-BR\",\"@id\":\"https:\/\/franciscanos.org.br\/noticias\/#\/schema\/person\/image\/\",\"url\":\"https:\/\/secure.gravatar.com\/avatar\/d08aa2ce4c8dd416d4479aa8536fcf64?s=96&d=mm&r=g\",\"contentUrl\":\"https:\/\/secure.gravatar.com\/avatar\/d08aa2ce4c8dd416d4479aa8536fcf64?s=96&d=mm&r=g\",\"caption\":\"moacir\"},\"url\":\"https:\/\/franciscanos.org.br\/noticias\/author\/moacir\"}]}<\/script>\n<!-- \/ Yoast SEO plugin. -->","yoast_head_json":{"title":"Frei Patton celebra o Precios\u00edssimo Sangue de Cristo no Gets\u00eamani - Not\u00edcias - Franciscanos","robots":{"index":"index","follow":"follow","max-snippet":"max-snippet:-1","max-image-preview":"max-image-preview:large","max-video-preview":"max-video-preview:-1"},"canonical":"https:\/\/franciscanos.org.br\/noticias\/frei-patton-celebra-o-preciosissimo-sangue-de-cristo-no-getsemani.html","og_locale":"pt_BR","og_type":"article","og_title":"Frei Patton celebra o Precios\u00edssimo Sangue de Cristo no Gets\u00eamani - Not\u00edcias - Franciscanos","og_description":"Cust\u00f3dia da Terra Santa","og_url":"https:\/\/franciscanos.org.br\/noticias\/frei-patton-celebra-o-preciosissimo-sangue-de-cristo-no-getsemani.html","og_site_name":"Not\u00edcias - Franciscanos","article_published_time":"2020-07-02T03:15:36+00:00","article_modified_time":"2020-07-02T11:35:23+00:00","og_image":[{"width":800,"height":600,"url":"https:\/\/franciscanos.org.br\/noticias\/wp-content\/uploads\/2020\/07\/terra_santa_01d.jpg","type":"image\/jpeg"}],"author":"moacir","twitter_card":"summary_large_image","twitter_misc":{"Escrito por":"moacir","Est. tempo de leitura":"2 minutos"},"schema":{"@context":"https:\/\/schema.org","@graph":[{"@type":"WebSite","@id":"https:\/\/franciscanos.org.br\/noticias\/#website","url":"https:\/\/franciscanos.org.br\/noticias\/","name":"Not\u00edcias - Franciscanos","description":"Prov\u00edncia Franciscana da Imaculada Concei\u00e7\u00e3o do Brasil - Ordem dos Frades Menores - OFM","potentialAction":[{"@type":"SearchAction","target":{"@type":"EntryPoint","urlTemplate":"https:\/\/franciscanos.org.br\/noticias\/?s={search_term_string}"},"query-input":"required name=search_term_string"}],"inLanguage":"pt-BR"},{"@type":"ImageObject","inLanguage":"pt-BR","@id":"https:\/\/franciscanos.org.br\/noticias\/frei-patton-celebra-o-preciosissimo-sangue-de-cristo-no-getsemani.html#primaryimage","url":"https:\/\/franciscanos.org.br\/noticias\/wp-content\/uploads\/2020\/07\/terra_santa_01d.jpg","contentUrl":"https:\/\/franciscanos.org.br\/noticias\/wp-content\/uploads\/2020\/07\/terra_santa_01d.jpg","width":800,"height":600},{"@type":"WebPage","@id":"https:\/\/franciscanos.org.br\/noticias\/frei-patton-celebra-o-preciosissimo-sangue-de-cristo-no-getsemani.html#webpage","url":"https:\/\/franciscanos.org.br\/noticias\/frei-patton-celebra-o-preciosissimo-sangue-de-cristo-no-getsemani.html","name":"Frei Patton celebra o Precios\u00edssimo Sangue de Cristo no Gets\u00eamani - Not\u00edcias - Franciscanos","isPartOf":{"@id":"https:\/\/franciscanos.org.br\/noticias\/#website"},"primaryImageOfPage":{"@id":"https:\/\/franciscanos.org.br\/noticias\/frei-patton-celebra-o-preciosissimo-sangue-de-cristo-no-getsemani.html#primaryimage"},"datePublished":"2020-07-02T03:15:36+00:00","dateModified":"2020-07-02T11:35:23+00:00","author":{"@id":"https:\/\/franciscanos.org.br\/noticias\/#\/schema\/person\/b5c8cba458c330ccff548b056e95a5d4"},"breadcrumb":{"@id":"https:\/\/franciscanos.org.br\/noticias\/frei-patton-celebra-o-preciosissimo-sangue-de-cristo-no-getsemani.html#breadcrumb"},"inLanguage":"pt-BR","potentialAction":[{"@type":"ReadAction","target":["https:\/\/franciscanos.org.br\/noticias\/frei-patton-celebra-o-preciosissimo-sangue-de-cristo-no-getsemani.html"]}]},{"@type":"BreadcrumbList","@id":"https:\/\/franciscanos.org.br\/noticias\/frei-patton-celebra-o-preciosissimo-sangue-de-cristo-no-getsemani.html#breadcrumb","itemListElement":[{"@type":"ListItem","position":1,"name":"Home","item":"https:\/\/franciscanos.org.br\/noticias"},{"@type":"ListItem","position":2,"name":"Frei Patton celebra o Precios\u00edssimo Sangue de Cristo no Gets\u00eamani"}]},{"@type":"Person","@id":"https:\/\/franciscanos.org.br\/noticias\/#\/schema\/person\/b5c8cba458c330ccff548b056e95a5d4","name":"moacir","image":{"@type":"ImageObject","inLanguage":"pt-BR","@id":"https:\/\/franciscanos.org.br\/noticias\/#\/schema\/person\/image\/","url":"https:\/\/secure.gravatar.com\/avatar\/d08aa2ce4c8dd416d4479aa8536fcf64?s=96&d=mm&r=g","contentUrl":"https:\/\/secure.gravatar.com\/avatar\/d08aa2ce4c8dd416d4479aa8536fcf64?s=96&d=mm&r=g","caption":"moacir"},"url":"https:\/\/franciscanos.org.br\/noticias\/author\/moacir"}]}},"_links":{"self":[{"href":"https:\/\/franciscanos.org.br\/noticias\/wp-json\/wp\/v2\/posts\/226945"}],"collection":[{"href":"https:\/\/franciscanos.org.br\/noticias\/wp-json\/wp\/v2\/posts"}],"about":[{"href":"https:\/\/franciscanos.org.br\/noticias\/wp-json\/wp\/v2\/types\/post"}],"author":[{"embeddable":true,"href":"https:\/\/franciscanos.org.br\/noticias\/wp-json\/wp\/v2\/users\/3"}],"replies":[{"embeddable":true,"href":"https:\/\/franciscanos.org.br\/noticias\/wp-json\/wp\/v2\/comments?post=226945"}],"version-history":[{"count":3,"href":"https:\/\/franciscanos.org.br\/noticias\/wp-json\/wp\/v2\/posts\/226945\/revisions"}],"predecessor-version":[{"id":226952,"href":"https:\/\/franciscanos.org.br\/noticias\/wp-json\/wp\/v2\/posts\/226945\/revisions\/226952"}],"wp:featuredmedia":[{"embeddable":true,"href":"https:\/\/franciscanos.org.br\/noticias\/wp-json\/wp\/v2\/media\/226951"}],"wp:attachment":[{"href":"https:\/\/franciscanos.org.br\/noticias\/wp-json\/wp\/v2\/media?parent=226945"}],"wp:term":[{"taxonomy":"category","embeddable":true,"href":"https:\/\/franciscanos.org.br\/noticias\/wp-json\/wp\/v2\/categories?post=226945"},{"taxonomy":"post_tag","embeddable":true,"href":"https:\/\/franciscanos.org.br\/noticias\/wp-json\/wp\/v2\/tags?post=226945"}],"curies":[{"name":"wp","href":"https:\/\/api.w.org\/{rel}","templated":true}]}}