{"id":226939,"date":"2020-07-01T09:28:24","date_gmt":"2020-07-01T12:28:24","guid":{"rendered":"https:\/\/franciscanos.org.br\/noticias\/?p=226939"},"modified":"2020-07-17T23:31:58","modified_gmt":"2020-07-18T02:31:58","slug":"provincia-lanca-o-seu-aplicativo","status":"publish","type":"post","link":"https:\/\/franciscanos.org.br\/noticias\/provincia-lanca-o-seu-aplicativo.html","title":{"rendered":"Prov\u00edncia lan\u00e7a o seu Aplicativo"},"content":{"rendered":"<p><img loading=\"lazy\" class=\"alignnone wp-image-226941 size-full\" src=\"https:\/\/franciscanos.org.br\/noticias\/wp-content\/uploads\/2020\/07\/aplicativo_010720.jpg\" alt=\"\" width=\"1200\" height=\"700\" srcset=\"https:\/\/franciscanos.org.br\/noticias\/wp-content\/uploads\/2020\/07\/aplicativo_010720.jpg 1200w, https:\/\/franciscanos.org.br\/noticias\/wp-content\/uploads\/2020\/07\/aplicativo_010720-450x263.jpg 450w, https:\/\/franciscanos.org.br\/noticias\/wp-content\/uploads\/2020\/07\/aplicativo_010720-1024x597.jpg 1024w, https:\/\/franciscanos.org.br\/noticias\/wp-content\/uploads\/2020\/07\/aplicativo_010720-768x448.jpg 768w, https:\/\/franciscanos.org.br\/noticias\/wp-content\/uploads\/2020\/07\/aplicativo_010720-150x88.jpg 150w\" sizes=\"(max-width: 1200px) 100vw, 1200px\" \/><\/p>\n<p>Na palma da m\u00e3o, a miss\u00e3o pode ir mais longe. \u00c9 com este prop\u00f3sito de estar mais perto de voc\u00ea, em qualquer canto do mundo, que nesta quarta-feira, 1\u00ba de julho, a Prov\u00edncia Franciscana da Imaculada Concei\u00e7\u00e3o do Brasil apresenta o seu aplicativo (app). A escolha do m\u00eas de julho para o lan\u00e7amento \u00e9 uma homenagem aos 345 anos de cria\u00e7\u00e3o desta entidade franciscana. Foi no dia 15 de julho de 1675 que o Papa Clemente X, mediante a Bula &#8220;Pastoralis Officii&#8221;, erigiu oficialmente a Prov\u00edncia da Imaculada Concei\u00e7\u00e3o do Brasil.<\/p>\n<p>Desenvolvido pela ag\u00eancia Minha Par\u00f3quia, o app pode ser encontrado na loja do PlayStore do seu Android ou no App Store do IOS, bastando, para encontr\u00e1-lo, buscar o pr\u00f3prio nome &#8220;Franciscanos&#8221;. O app \u00e9 mais um passo no projeto de comunica\u00e7\u00e3o da Prov\u00edncia da Imaculada Concei\u00e7\u00e3o, que come\u00e7ou com a reformula\u00e7\u00e3o do site, h\u00e1 mais de um ano, integrando-se ao mundo das novas m\u00eddias.<\/p>\n<p>Para o Vig\u00e1rio Provincial e um entusiasta da comunica\u00e7\u00e3o, Frei Gustavo Medella, toda ferramenta \u00e9 bem-vinda numa \u00e9poca em que os fi\u00e9is est\u00e3o cada vez mais conectados. &#8220;O App Franciscanos \u00e9 fruto de um esfor\u00e7o constante de nossa Prov\u00edncia em se tornar cada vez mais pr\u00f3xima e acess\u00edvel \u00e0s pessoas. Lan\u00e7\u00e1-lo neste tempo de pandemia, quando o mundo inteiro busca se reinventar, \u00e9 deixar uma mensagem clara de que desejamos qualificar nossa Miss\u00e3o Evangelizadora, constru\u00edda a partir da proximidade, da interajuda e da escuta atenta da voz do Senhor que se faz ouvir tamb\u00e9m no ambiente digital&#8221;, avalia.<\/p>\n<p>Com um layout moderno e que segue as cores e o desenho do artista pl\u00e1stico Frei Pedro Pinheiro, que tamb\u00e9m d\u00e1 identidade ao site, o aplicativo d\u00e1 acesso \u00e0s not\u00edcias, conte\u00fados formativos e de espiritualidade, reflex\u00f5es (liturgia di\u00e1ria ), al\u00e9m de especiais sobre a vida de S\u00e3o Francisco, Santa Clara e espiritualidade franciscana. Oferece tamb\u00e9m um espa\u00e7o para as atualidades, para que voc\u00ea possa ficar bem informado, al\u00e9m do acesso a todas as redes sociais da Prov\u00edncia, como Facebook, Youtube, Twitter e Instagram.<\/p>\n<p>Atualmente, com a reformula\u00e7\u00e3o, o site \u00e9 responsivo e oferece adaptabilidade de conte\u00fado, mas o aplicativo \u00e9 mais personalizado e de f\u00e1cil acesso, pois j\u00e1 est\u00e1 no celular e pode ser acessado at\u00e9 mesmo no modo off-line.<\/p>\n<p>Al\u00e9m de um agradecimento especial \u00e0 Minha Par\u00f3quia, importante destacar a ajuda de Frei Augusto Luiz Gabriel, que participou do projeto enquanto esteve trabalhando no est\u00e1gio mission\u00e1rio na Sede Provincial. Nossa gratid\u00e3o a todos envolvidos no projeto.<\/p>\n<p><strong>Moacir Beggo<\/strong><\/p>\n<hr \/>\n<h2 style=\"text-align: left;\">Fa\u00e7a o download agora mesmo clicando nos links abaixo:<\/h2>\n<p><script type=\"text\/javascript\" src=\"https:\/\/franciscanosofm.aplicativoscatolicos.com.br\/apiv3\/buttons\/1594689761\/\"><\/script><\/p>\n<hr \/>\n<p><iframe loading=\"lazy\" src=\"https:\/\/www.youtube.com\/embed\/rKX1cjkg19A\" width=\"100%\" height=\"480\" frameborder=\"0\" allowfullscreen=\"allowfullscreen\"><span data-mce-type=\"bookmark\" style=\"display: inline-block; width: 0px; overflow: hidden; line-height: 0;\" class=\"mce_SELRES_start\">\ufeff<\/span><\/iframe><\/p>\n","protected":false},"excerpt":{"rendered":"<p>Prov\u00edncia da Imaculada lan\u00e7a seu Aplicativo<\/p>\n","protected":false},"author":5,"featured_media":226940,"comment_status":"open","ping_status":"open","sticky":false,"template":"","format":"standard","meta":[],"categories":[1],"tags":[1746,306],"acf":[],"yoast_head":"<!-- This site is optimized with the Yoast SEO plugin v19.2 - https:\/\/yoast.com\/wordpress\/plugins\/seo\/ -->\n<title>Prov\u00edncia lan\u00e7a o seu Aplicativo - Not\u00edcias - Franciscanos<\/title>\n<meta name=\"robots\" content=\"index, follow, max-snippet:-1, max-image-preview:large, max-video-preview:-1\" \/>\n<link rel=\"canonical\" href=\"https:\/\/franciscanos.org.br\/noticias\/provincia-lanca-o-seu-aplicativo.html\" \/>\n<meta property=\"og:locale\" content=\"pt_BR\" \/>\n<meta property=\"og:type\" content=\"article\" \/>\n<meta property=\"og:title\" content=\"Prov\u00edncia lan\u00e7a o seu Aplicativo - Not\u00edcias - Franciscanos\" \/>\n<meta property=\"og:description\" content=\"Prov\u00edncia da Imaculada lan\u00e7a seu Aplicativo\" \/>\n<meta property=\"og:url\" content=\"https:\/\/franciscanos.org.br\/noticias\/provincia-lanca-o-seu-aplicativo.html\" \/>\n<meta property=\"og:site_name\" content=\"Not\u00edcias - Franciscanos\" \/>\n<meta property=\"article:published_time\" content=\"2020-07-01T12:28:24+00:00\" \/>\n<meta property=\"article:modified_time\" content=\"2020-07-18T02:31:58+00:00\" \/>\n<meta property=\"og:image\" content=\"https:\/\/franciscanos.org.br\/noticias\/wp-content\/uploads\/2020\/07\/aplicativo_800x600.jpg\" \/>\n\t<meta property=\"og:image:width\" content=\"800\" \/>\n\t<meta property=\"og:image:height\" content=\"600\" \/>\n\t<meta property=\"og:image:type\" content=\"image\/jpeg\" \/>\n<meta name=\"author\" content=\"freiaugusto\" \/>\n<meta name=\"twitter:card\" content=\"summary_large_image\" \/>\n<meta name=\"twitter:label1\" content=\"Escrito por\" \/>\n\t<meta name=\"twitter:data1\" content=\"freiaugusto\" \/>\n\t<meta name=\"twitter:label2\" content=\"Est. tempo de leitura\" \/>\n\t<meta name=\"twitter:data2\" content=\"2 minutos\" \/>\n<script type=\"application\/ld+json\" class=\"yoast-schema-graph\">{\"@context\":\"https:\/\/schema.org\",\"@graph\":[{\"@type\":\"WebSite\",\"@id\":\"https:\/\/franciscanos.org.br\/noticias\/#website\",\"url\":\"https:\/\/franciscanos.org.br\/noticias\/\",\"name\":\"Not\u00edcias - Franciscanos\",\"description\":\"Prov\u00edncia Franciscana da Imaculada Concei\u00e7\u00e3o do Brasil - Ordem dos Frades Menores - OFM\",\"potentialAction\":[{\"@type\":\"SearchAction\",\"target\":{\"@type\":\"EntryPoint\",\"urlTemplate\":\"https:\/\/franciscanos.org.br\/noticias\/?s={search_term_string}\"},\"query-input\":\"required name=search_term_string\"}],\"inLanguage\":\"pt-BR\"},{\"@type\":\"ImageObject\",\"inLanguage\":\"pt-BR\",\"@id\":\"https:\/\/franciscanos.org.br\/noticias\/provincia-lanca-o-seu-aplicativo.html#primaryimage\",\"url\":\"https:\/\/franciscanos.org.br\/noticias\/wp-content\/uploads\/2020\/07\/aplicativo_800x600.jpg\",\"contentUrl\":\"https:\/\/franciscanos.org.br\/noticias\/wp-content\/uploads\/2020\/07\/aplicativo_800x600.jpg\",\"width\":800,\"height\":600},{\"@type\":\"WebPage\",\"@id\":\"https:\/\/franciscanos.org.br\/noticias\/provincia-lanca-o-seu-aplicativo.html#webpage\",\"url\":\"https:\/\/franciscanos.org.br\/noticias\/provincia-lanca-o-seu-aplicativo.html\",\"name\":\"Prov\u00edncia lan\u00e7a o seu Aplicativo - Not\u00edcias - Franciscanos\",\"isPartOf\":{\"@id\":\"https:\/\/franciscanos.org.br\/noticias\/#website\"},\"primaryImageOfPage\":{\"@id\":\"https:\/\/franciscanos.org.br\/noticias\/provincia-lanca-o-seu-aplicativo.html#primaryimage\"},\"datePublished\":\"2020-07-01T12:28:24+00:00\",\"dateModified\":\"2020-07-18T02:31:58+00:00\",\"author\":{\"@id\":\"https:\/\/franciscanos.org.br\/noticias\/#\/schema\/person\/37f88f0d111cd5358b12a6556a99eb91\"},\"breadcrumb\":{\"@id\":\"https:\/\/franciscanos.org.br\/noticias\/provincia-lanca-o-seu-aplicativo.html#breadcrumb\"},\"inLanguage\":\"pt-BR\",\"potentialAction\":[{\"@type\":\"ReadAction\",\"target\":[\"https:\/\/franciscanos.org.br\/noticias\/provincia-lanca-o-seu-aplicativo.html\"]}]},{\"@type\":\"BreadcrumbList\",\"@id\":\"https:\/\/franciscanos.org.br\/noticias\/provincia-lanca-o-seu-aplicativo.html#breadcrumb\",\"itemListElement\":[{\"@type\":\"ListItem\",\"position\":1,\"name\":\"Home\",\"item\":\"https:\/\/franciscanos.org.br\/noticias\"},{\"@type\":\"ListItem\",\"position\":2,\"name\":\"Prov\u00edncia lan\u00e7a o seu Aplicativo\"}]},{\"@type\":\"Person\",\"@id\":\"https:\/\/franciscanos.org.br\/noticias\/#\/schema\/person\/37f88f0d111cd5358b12a6556a99eb91\",\"name\":\"freiaugusto\",\"image\":{\"@type\":\"ImageObject\",\"inLanguage\":\"pt-BR\",\"@id\":\"https:\/\/franciscanos.org.br\/noticias\/#\/schema\/person\/image\/\",\"url\":\"https:\/\/secure.gravatar.com\/avatar\/9840b940e621801b24f3e6b059efb4b7?s=96&d=mm&r=g\",\"contentUrl\":\"https:\/\/secure.gravatar.com\/avatar\/9840b940e621801b24f3e6b059efb4b7?s=96&d=mm&r=g\",\"caption\":\"freiaugusto\"},\"url\":\"https:\/\/franciscanos.org.br\/noticias\/author\/freiaugusto\"}]}<\/script>\n<!-- \/ Yoast SEO plugin. -->","yoast_head_json":{"title":"Prov\u00edncia lan\u00e7a o seu Aplicativo - Not\u00edcias - Franciscanos","robots":{"index":"index","follow":"follow","max-snippet":"max-snippet:-1","max-image-preview":"max-image-preview:large","max-video-preview":"max-video-preview:-1"},"canonical":"https:\/\/franciscanos.org.br\/noticias\/provincia-lanca-o-seu-aplicativo.html","og_locale":"pt_BR","og_type":"article","og_title":"Prov\u00edncia lan\u00e7a o seu Aplicativo - Not\u00edcias - Franciscanos","og_description":"Prov\u00edncia da Imaculada lan\u00e7a seu Aplicativo","og_url":"https:\/\/franciscanos.org.br\/noticias\/provincia-lanca-o-seu-aplicativo.html","og_site_name":"Not\u00edcias - Franciscanos","article_published_time":"2020-07-01T12:28:24+00:00","article_modified_time":"2020-07-18T02:31:58+00:00","og_image":[{"width":800,"height":600,"url":"https:\/\/franciscanos.org.br\/noticias\/wp-content\/uploads\/2020\/07\/aplicativo_800x600.jpg","type":"image\/jpeg"}],"author":"freiaugusto","twitter_card":"summary_large_image","twitter_misc":{"Escrito por":"freiaugusto","Est. tempo de leitura":"2 minutos"},"schema":{"@context":"https:\/\/schema.org","@graph":[{"@type":"WebSite","@id":"https:\/\/franciscanos.org.br\/noticias\/#website","url":"https:\/\/franciscanos.org.br\/noticias\/","name":"Not\u00edcias - Franciscanos","description":"Prov\u00edncia Franciscana da Imaculada Concei\u00e7\u00e3o do Brasil - Ordem dos Frades Menores - OFM","potentialAction":[{"@type":"SearchAction","target":{"@type":"EntryPoint","urlTemplate":"https:\/\/franciscanos.org.br\/noticias\/?s={search_term_string}"},"query-input":"required name=search_term_string"}],"inLanguage":"pt-BR"},{"@type":"ImageObject","inLanguage":"pt-BR","@id":"https:\/\/franciscanos.org.br\/noticias\/provincia-lanca-o-seu-aplicativo.html#primaryimage","url":"https:\/\/franciscanos.org.br\/noticias\/wp-content\/uploads\/2020\/07\/aplicativo_800x600.jpg","contentUrl":"https:\/\/franciscanos.org.br\/noticias\/wp-content\/uploads\/2020\/07\/aplicativo_800x600.jpg","width":800,"height":600},{"@type":"WebPage","@id":"https:\/\/franciscanos.org.br\/noticias\/provincia-lanca-o-seu-aplicativo.html#webpage","url":"https:\/\/franciscanos.org.br\/noticias\/provincia-lanca-o-seu-aplicativo.html","name":"Prov\u00edncia lan\u00e7a o seu Aplicativo - Not\u00edcias - Franciscanos","isPartOf":{"@id":"https:\/\/franciscanos.org.br\/noticias\/#website"},"primaryImageOfPage":{"@id":"https:\/\/franciscanos.org.br\/noticias\/provincia-lanca-o-seu-aplicativo.html#primaryimage"},"datePublished":"2020-07-01T12:28:24+00:00","dateModified":"2020-07-18T02:31:58+00:00","author":{"@id":"https:\/\/franciscanos.org.br\/noticias\/#\/schema\/person\/37f88f0d111cd5358b12a6556a99eb91"},"breadcrumb":{"@id":"https:\/\/franciscanos.org.br\/noticias\/provincia-lanca-o-seu-aplicativo.html#breadcrumb"},"inLanguage":"pt-BR","potentialAction":[{"@type":"ReadAction","target":["https:\/\/franciscanos.org.br\/noticias\/provincia-lanca-o-seu-aplicativo.html"]}]},{"@type":"BreadcrumbList","@id":"https:\/\/franciscanos.org.br\/noticias\/provincia-lanca-o-seu-aplicativo.html#breadcrumb","itemListElement":[{"@type":"ListItem","position":1,"name":"Home","item":"https:\/\/franciscanos.org.br\/noticias"},{"@type":"ListItem","position":2,"name":"Prov\u00edncia lan\u00e7a o seu Aplicativo"}]},{"@type":"Person","@id":"https:\/\/franciscanos.org.br\/noticias\/#\/schema\/person\/37f88f0d111cd5358b12a6556a99eb91","name":"freiaugusto","image":{"@type":"ImageObject","inLanguage":"pt-BR","@id":"https:\/\/franciscanos.org.br\/noticias\/#\/schema\/person\/image\/","url":"https:\/\/secure.gravatar.com\/avatar\/9840b940e621801b24f3e6b059efb4b7?s=96&d=mm&r=g","contentUrl":"https:\/\/secure.gravatar.com\/avatar\/9840b940e621801b24f3e6b059efb4b7?s=96&d=mm&r=g","caption":"freiaugusto"},"url":"https:\/\/franciscanos.org.br\/noticias\/author\/freiaugusto"}]}},"_links":{"self":[{"href":"https:\/\/franciscanos.org.br\/noticias\/wp-json\/wp\/v2\/posts\/226939"}],"collection":[{"href":"https:\/\/franciscanos.org.br\/noticias\/wp-json\/wp\/v2\/posts"}],"about":[{"href":"https:\/\/franciscanos.org.br\/noticias\/wp-json\/wp\/v2\/types\/post"}],"author":[{"embeddable":true,"href":"https:\/\/franciscanos.org.br\/noticias\/wp-json\/wp\/v2\/users\/5"}],"replies":[{"embeddable":true,"href":"https:\/\/franciscanos.org.br\/noticias\/wp-json\/wp\/v2\/comments?post=226939"}],"version-history":[{"count":6,"href":"https:\/\/franciscanos.org.br\/noticias\/wp-json\/wp\/v2\/posts\/226939\/revisions"}],"predecessor-version":[{"id":227108,"href":"https:\/\/franciscanos.org.br\/noticias\/wp-json\/wp\/v2\/posts\/226939\/revisions\/227108"}],"wp:featuredmedia":[{"embeddable":true,"href":"https:\/\/franciscanos.org.br\/noticias\/wp-json\/wp\/v2\/media\/226940"}],"wp:attachment":[{"href":"https:\/\/franciscanos.org.br\/noticias\/wp-json\/wp\/v2\/media?parent=226939"}],"wp:term":[{"taxonomy":"category","embeddable":true,"href":"https:\/\/franciscanos.org.br\/noticias\/wp-json\/wp\/v2\/categories?post=226939"},{"taxonomy":"post_tag","embeddable":true,"href":"https:\/\/franciscanos.org.br\/noticias\/wp-json\/wp\/v2\/tags?post=226939"}],"curies":[{"name":"wp","href":"https:\/\/api.w.org\/{rel}","templated":true}]}}