{"id":226926,"date":"2020-06-30T11:14:09","date_gmt":"2020-06-30T14:14:09","guid":{"rendered":"https:\/\/franciscanos.org.br\/noticias\/?p=226926"},"modified":"2020-09-22T14:17:16","modified_gmt":"2020-09-22T17:17:16","slug":"criada-a-conferencia-eclesial-da-amazonia","status":"publish","type":"post","link":"https:\/\/franciscanos.org.br\/noticias\/criada-a-conferencia-eclesial-da-amazonia.html","title":{"rendered":"Criada a Confer\u00eancia Eclesial da Amaz\u00f4nia"},"content":{"rendered":"<p>&nbsp;<\/p>\n<div id=\"attachment_228418\" style=\"width: 990px\" class=\"wp-caption alignnone\"><img aria-describedby=\"caption-attachment-228418\" loading=\"lazy\" class=\"wp-image-228418 size-full\" src=\"https:\/\/franciscanos.org.br\/noticias\/wp-content\/uploads\/2020\/06\/conferencia_2607.jpg\" alt=\"\" width=\"980\" height=\"653\" srcset=\"https:\/\/franciscanos.org.br\/noticias\/wp-content\/uploads\/2020\/06\/conferencia_2607.jpg 980w, https:\/\/franciscanos.org.br\/noticias\/wp-content\/uploads\/2020\/06\/conferencia_2607-450x300.jpg 450w, https:\/\/franciscanos.org.br\/noticias\/wp-content\/uploads\/2020\/06\/conferencia_2607-768x512.jpg 768w, https:\/\/franciscanos.org.br\/noticias\/wp-content\/uploads\/2020\/06\/conferencia_2607-150x100.jpg 150w\" sizes=\"(max-width: 980px) 100vw, 980px\" \/><p id=\"caption-attachment-228418\" class=\"wp-caption-text\">\u00a0 \u00a0 \u00a0 \u00a0 \u00a0 \u00a0 \u00a0 \u00a0 \u00a0 \u00a0 \u00a0 \u00a0 \u00a0 \u00a0 \u00a0 \u00a0 \u00a0 \u00a0 \u00a0 \u00a0 \u00a0 \u00a0 \u00a0 \u00a0 \u00a0 \u00a0 \u00a0 \u00a0 \u00a0 \u00a0 \u00a0 \u00a0 \u00a0 \u00a0 \u00a0 \u00a0 \u00a0 \u00a0 \u00a0 \u00a0 \u00a0 \u00a0 \u00a0 \u00a0 \u00a0 \u00a0 \u00a0 \u00a0 \u00a0 \u00a0 \u00a0 \u00a0 \u00a0 \u00a0 \u00a0 \u00a0 \u00a0 \u00a0 \u00a0 \u00a0 \u00a0 \u00a0 \u00a0 \u00a0 \u00a0 \u00a0 \u00a0 <em>\u00a0Imagem: Victor Moriyama\/Greenpeace<\/em><\/p><\/div>\n<p>Por meio de uma Assembleia virtual, realizada nos dias 26 e 29 de junho, o novo organismo eclesial \u00e9 fruto das reflex\u00f5es do S\u00ednodo para a Amaz\u00f4nia, realizado em outubro de 2019, em Roma. O presidente da REPAM e presidente da Comiss\u00e3o Episcopal Especial para a Amaz\u00f4nia, Cardeal Cl\u00e1udio Hummes tamb\u00e9m assume a presid\u00eancia da Confer\u00eancia Eclesial da Amaz\u00f4nia.<\/p>\n<blockquote><p><strong>COMUNICADO OFICIAL DA ASSEMBLEIA DO PROJETO DE CONSTITUI\u00c7\u00c3O DA CONFER\u00caNCIA ECLESIAL DA AMAZ\u00d4NIA<\/strong><\/p>\n<p><em><strong>29 de junho de 2020, na solenidade de S\u00e3o Pedro e S\u00e3o Paulo<\/strong><\/em><\/p>\n<p>A proposta dos Padres sinodais de \u201ccriar um organismo episcopal que promova a sinodalidade entre as Igrejas da regi\u00e3o, que ajude a delinear o rosto amaz\u00f4nica desta Igreja e que continue a tarefa de encontrar novos caminhos para a miss\u00e3o evangelizadora\u201d (DF, 115), e o pedido do Papa Francisco, unido a seus quatro sonhos para este territ\u00f3rio e para toda a Igreja, em sua exorta\u00e7\u00e3o p\u00f3s-sinodal Querida Amaz\u00f4nia, \u201cque os pastores, os consagrados, as consagradas e os fi\u00e9is leigos da Amaz\u00f4nia se empenhem na sua aplica\u00e7\u00e3o (QA, 4) encontrou uma resposta na Assembleia do Projeto de Constitui\u00e7\u00e3o da Confer\u00eancia Eclesial da Amaz\u00f4nia, realizada virtualmente nos dias 26 e 29 de junho de 2020.<\/p>\n<p>Esta Assembleia, realizada de forma sem precedentes atrav\u00e9s de canais digitais, foi uma novidade do Esp\u00edrito, e faz parte deste Kair\u00f3s esperan\u00e7oso que continua o caminho sinodal para abrir novos caminhos para a Igreja e para uma ecologia integral na regi\u00e3o Pan-Amaz\u00f4nica.<\/p>\n<p>\u00c9 um sinal muito especial que o nascimento desta Confer\u00eancia Eclesial da Amaz\u00f4nia acontece na festa de S\u00e3o Pedro e S\u00e3o Paulo, como gesto de sua voca\u00e7\u00e3o para afirmar a identidade da Igreja, e de sua op\u00e7\u00e3o prof\u00e9tica e em sa\u00edda mission\u00e1ria que surge como um chamado inevit\u00e1vel para o tempo presente. Esta festividade de nossa Igreja \u00e9 tamb\u00e9m um gesto de agradecimento pelo servi\u00e7o do Santo Padre, por isso consideramos que o nascimento desta Confer\u00eancia Eclesial como um signo de esperan\u00e7a juntamente com o Magist\u00e9rio do Papa Francisco, que acompanhou de perto todo este processo.<\/p>\n<p>A composi\u00e7\u00e3o desta Assembleia reflete a unidade na diversidade de nossa Igreja e seu chamado a uma sinodalidade cada vez maior; unidade expressada tamb\u00e9m pela inestim\u00e1vel presen\u00e7a e companhia permanente de importantes membros da Santa S\u00e9 que sentem a proximidade e rela\u00e7\u00e3o direta com o S\u00ednodo da Amaz\u00f4nia e com a miss\u00e3o da Igreja neste territ\u00f3rio, que sem d\u00favida continuar\u00e1 a partir de suas respectivas inst\u00e2ncias para auxiliar estes novos caminhos. A vota\u00e7\u00e3o do nome, ap\u00f3s um profundo discernimento nesta fase do processo: Confer\u00eancia Eclesial da Amaz\u00f4nia, e da sua identidade, composi\u00e7\u00e3o e modo geral de funcionamento (estatuto), foi aprovada por unanimidade, em ambos os casos, pelos membros votantes.<\/p>\n<p>Da mesma forma, com muita esperan\u00e7a e alegria compartilhamos a elei\u00e7\u00e3o do Card. Claudio Hummes, OFM (Brasil) como seu presidente; de Mons. David Mart\u00ednez de Aguirre, OP (Peru), como seu vice-presidente; e, por outro lado, para o Comit\u00ea Executivo foi eleito Mons. Eugenio Coter (Bol\u00edvia), como bispo representante das Confer\u00eancias Episcopais do territ\u00f3rio amaz\u00f4nico, junto com as presid\u00eancias dos \u00f3rg\u00e3os eclesiais regionais que acompanhar\u00e3o este processo de forma org\u00e2nica: CELAM, REPAM, CLAR e C\u00c1RITAS ALyC; junto com os 3 representantes dos povos originais designados: Sra. Patricia Gualinga do povo Kichwa-Sarayaku (Equador); Ir Laura Vicu\u00f1a Pereira do povo Kariri (Brasil); e Sr. Delio Siticonatzi do povo Ash\u00e1ninka (Peru).<\/p>\n<p>Nestes tempos dif\u00edceis e excepcionais para a humanidade, quando a pandemia do coronav\u00edrus afeta fortemente a regi\u00e3o Pan-Amaz\u00f4nica, e as realidades de viol\u00eancia, exclus\u00e3o e morte contra o bioma e os povos que o habitam, clamam por uma convers\u00e3o integral urgente e iminente, a Confer\u00eancia Eclesial da Amaz\u00f4nia quer ser uma boa not\u00edcia e uma resposta oportuna aos gritos dos pobres e da irm\u00e3 m\u00e3e Terra, bem como um canal eficaz para assumir, a partir do territ\u00f3rio, muitas das propostas surgidas na Assembleia Especial do S\u00ednodo dos Bispos para a Regi\u00e3o Pan-Amaz\u00f4nica, realizada em outubro de 2019, sendo tamb\u00e9m um v\u00ednculo que anime outras redes e iniciativas eclesiais e socioambientais em n\u00edvel continental e internacional (cf. DF, 115).<\/p>\n<p>Na comunh\u00e3o eclesial, na festa de S\u00e3o Pedro e S\u00e3o Paulo<\/p>\n<p><strong><em>Mons. Miguel Cabrejos Vidarte, OFM \u2013\u00a0Presidente do CELAM<\/em><\/strong><\/p>\n<p><strong><em>Card. Cl\u00e1udio Hummes, OFM \u2013 Presidente da REPAM y da Confer\u00eancia Eclesial da Amaz\u00f4nia<\/em><\/strong><\/p>\n<hr \/>\n<p><em>Imagem: Site CEBs do Brasil (https:\/\/cebsdobrasil.com.br)<\/em><\/p><\/blockquote>\n","protected":false},"excerpt":{"rendered":"<p>Confer\u00eancia Eclesial da Amaz\u00f4nia<\/p>\n","protected":false},"author":3,"featured_media":228419,"comment_status":"open","ping_status":"open","sticky":false,"template":"","format":"standard","meta":[],"categories":[1],"tags":[201],"acf":[],"yoast_head":"<!-- This site is optimized with the Yoast SEO plugin v19.2 - https:\/\/yoast.com\/wordpress\/plugins\/seo\/ -->\n<title>Criada a Confer\u00eancia Eclesial da Amaz\u00f4nia - Not\u00edcias - Franciscanos<\/title>\n<meta name=\"robots\" content=\"index, follow, max-snippet:-1, max-image-preview:large, max-video-preview:-1\" \/>\n<link rel=\"canonical\" href=\"https:\/\/franciscanos.org.br\/noticias\/criada-a-conferencia-eclesial-da-amazonia.html\" \/>\n<meta property=\"og:locale\" content=\"pt_BR\" \/>\n<meta property=\"og:type\" content=\"article\" \/>\n<meta property=\"og:title\" content=\"Criada a Confer\u00eancia Eclesial da Amaz\u00f4nia - Not\u00edcias - Franciscanos\" \/>\n<meta property=\"og:description\" content=\"Confer\u00eancia Eclesial da Amaz\u00f4nia\" \/>\n<meta property=\"og:url\" content=\"https:\/\/franciscanos.org.br\/noticias\/criada-a-conferencia-eclesial-da-amazonia.html\" \/>\n<meta property=\"og:site_name\" content=\"Not\u00edcias - Franciscanos\" \/>\n<meta property=\"article:published_time\" content=\"2020-06-30T14:14:09+00:00\" \/>\n<meta property=\"article:modified_time\" content=\"2020-09-22T17:17:16+00:00\" \/>\n<meta property=\"og:image\" content=\"https:\/\/franciscanos.org.br\/noticias\/wp-content\/uploads\/2020\/06\/conferencia_2607d.jpg\" \/>\n\t<meta property=\"og:image:width\" content=\"800\" \/>\n\t<meta property=\"og:image:height\" content=\"600\" \/>\n\t<meta property=\"og:image:type\" content=\"image\/jpeg\" \/>\n<meta name=\"author\" content=\"moacir\" \/>\n<meta name=\"twitter:card\" content=\"summary_large_image\" \/>\n<meta name=\"twitter:label1\" content=\"Escrito por\" \/>\n\t<meta name=\"twitter:data1\" content=\"moacir\" \/>\n\t<meta name=\"twitter:label2\" content=\"Est. tempo de leitura\" \/>\n\t<meta name=\"twitter:data2\" content=\"4 minutos\" \/>\n<script type=\"application\/ld+json\" class=\"yoast-schema-graph\">{\"@context\":\"https:\/\/schema.org\",\"@graph\":[{\"@type\":\"WebSite\",\"@id\":\"https:\/\/franciscanos.org.br\/noticias\/#website\",\"url\":\"https:\/\/franciscanos.org.br\/noticias\/\",\"name\":\"Not\u00edcias - Franciscanos\",\"description\":\"Prov\u00edncia Franciscana da Imaculada Concei\u00e7\u00e3o do Brasil - Ordem dos Frades Menores - OFM\",\"potentialAction\":[{\"@type\":\"SearchAction\",\"target\":{\"@type\":\"EntryPoint\",\"urlTemplate\":\"https:\/\/franciscanos.org.br\/noticias\/?s={search_term_string}\"},\"query-input\":\"required name=search_term_string\"}],\"inLanguage\":\"pt-BR\"},{\"@type\":\"ImageObject\",\"inLanguage\":\"pt-BR\",\"@id\":\"https:\/\/franciscanos.org.br\/noticias\/criada-a-conferencia-eclesial-da-amazonia.html#primaryimage\",\"url\":\"https:\/\/franciscanos.org.br\/noticias\/wp-content\/uploads\/2020\/06\/conferencia_2607d.jpg\",\"contentUrl\":\"https:\/\/franciscanos.org.br\/noticias\/wp-content\/uploads\/2020\/06\/conferencia_2607d.jpg\",\"width\":800,\"height\":600},{\"@type\":\"WebPage\",\"@id\":\"https:\/\/franciscanos.org.br\/noticias\/criada-a-conferencia-eclesial-da-amazonia.html#webpage\",\"url\":\"https:\/\/franciscanos.org.br\/noticias\/criada-a-conferencia-eclesial-da-amazonia.html\",\"name\":\"Criada a Confer\u00eancia Eclesial da Amaz\u00f4nia - Not\u00edcias - Franciscanos\",\"isPartOf\":{\"@id\":\"https:\/\/franciscanos.org.br\/noticias\/#website\"},\"primaryImageOfPage\":{\"@id\":\"https:\/\/franciscanos.org.br\/noticias\/criada-a-conferencia-eclesial-da-amazonia.html#primaryimage\"},\"datePublished\":\"2020-06-30T14:14:09+00:00\",\"dateModified\":\"2020-09-22T17:17:16+00:00\",\"author\":{\"@id\":\"https:\/\/franciscanos.org.br\/noticias\/#\/schema\/person\/b5c8cba458c330ccff548b056e95a5d4\"},\"breadcrumb\":{\"@id\":\"https:\/\/franciscanos.org.br\/noticias\/criada-a-conferencia-eclesial-da-amazonia.html#breadcrumb\"},\"inLanguage\":\"pt-BR\",\"potentialAction\":[{\"@type\":\"ReadAction\",\"target\":[\"https:\/\/franciscanos.org.br\/noticias\/criada-a-conferencia-eclesial-da-amazonia.html\"]}]},{\"@type\":\"BreadcrumbList\",\"@id\":\"https:\/\/franciscanos.org.br\/noticias\/criada-a-conferencia-eclesial-da-amazonia.html#breadcrumb\",\"itemListElement\":[{\"@type\":\"ListItem\",\"position\":1,\"name\":\"Home\",\"item\":\"https:\/\/franciscanos.org.br\/noticias\"},{\"@type\":\"ListItem\",\"position\":2,\"name\":\"Criada a Confer\u00eancia Eclesial da Amaz\u00f4nia\"}]},{\"@type\":\"Person\",\"@id\":\"https:\/\/franciscanos.org.br\/noticias\/#\/schema\/person\/b5c8cba458c330ccff548b056e95a5d4\",\"name\":\"moacir\",\"image\":{\"@type\":\"ImageObject\",\"inLanguage\":\"pt-BR\",\"@id\":\"https:\/\/franciscanos.org.br\/noticias\/#\/schema\/person\/image\/\",\"url\":\"https:\/\/secure.gravatar.com\/avatar\/d08aa2ce4c8dd416d4479aa8536fcf64?s=96&d=mm&r=g\",\"contentUrl\":\"https:\/\/secure.gravatar.com\/avatar\/d08aa2ce4c8dd416d4479aa8536fcf64?s=96&d=mm&r=g\",\"caption\":\"moacir\"},\"url\":\"https:\/\/franciscanos.org.br\/noticias\/author\/moacir\"}]}<\/script>\n<!-- \/ Yoast SEO plugin. -->","yoast_head_json":{"title":"Criada a Confer\u00eancia Eclesial da Amaz\u00f4nia - Not\u00edcias - Franciscanos","robots":{"index":"index","follow":"follow","max-snippet":"max-snippet:-1","max-image-preview":"max-image-preview:large","max-video-preview":"max-video-preview:-1"},"canonical":"https:\/\/franciscanos.org.br\/noticias\/criada-a-conferencia-eclesial-da-amazonia.html","og_locale":"pt_BR","og_type":"article","og_title":"Criada a Confer\u00eancia Eclesial da Amaz\u00f4nia - Not\u00edcias - Franciscanos","og_description":"Confer\u00eancia Eclesial da Amaz\u00f4nia","og_url":"https:\/\/franciscanos.org.br\/noticias\/criada-a-conferencia-eclesial-da-amazonia.html","og_site_name":"Not\u00edcias - Franciscanos","article_published_time":"2020-06-30T14:14:09+00:00","article_modified_time":"2020-09-22T17:17:16+00:00","og_image":[{"width":800,"height":600,"url":"https:\/\/franciscanos.org.br\/noticias\/wp-content\/uploads\/2020\/06\/conferencia_2607d.jpg","type":"image\/jpeg"}],"author":"moacir","twitter_card":"summary_large_image","twitter_misc":{"Escrito por":"moacir","Est. tempo de leitura":"4 minutos"},"schema":{"@context":"https:\/\/schema.org","@graph":[{"@type":"WebSite","@id":"https:\/\/franciscanos.org.br\/noticias\/#website","url":"https:\/\/franciscanos.org.br\/noticias\/","name":"Not\u00edcias - Franciscanos","description":"Prov\u00edncia Franciscana da Imaculada Concei\u00e7\u00e3o do Brasil - Ordem dos Frades Menores - OFM","potentialAction":[{"@type":"SearchAction","target":{"@type":"EntryPoint","urlTemplate":"https:\/\/franciscanos.org.br\/noticias\/?s={search_term_string}"},"query-input":"required name=search_term_string"}],"inLanguage":"pt-BR"},{"@type":"ImageObject","inLanguage":"pt-BR","@id":"https:\/\/franciscanos.org.br\/noticias\/criada-a-conferencia-eclesial-da-amazonia.html#primaryimage","url":"https:\/\/franciscanos.org.br\/noticias\/wp-content\/uploads\/2020\/06\/conferencia_2607d.jpg","contentUrl":"https:\/\/franciscanos.org.br\/noticias\/wp-content\/uploads\/2020\/06\/conferencia_2607d.jpg","width":800,"height":600},{"@type":"WebPage","@id":"https:\/\/franciscanos.org.br\/noticias\/criada-a-conferencia-eclesial-da-amazonia.html#webpage","url":"https:\/\/franciscanos.org.br\/noticias\/criada-a-conferencia-eclesial-da-amazonia.html","name":"Criada a Confer\u00eancia Eclesial da Amaz\u00f4nia - Not\u00edcias - Franciscanos","isPartOf":{"@id":"https:\/\/franciscanos.org.br\/noticias\/#website"},"primaryImageOfPage":{"@id":"https:\/\/franciscanos.org.br\/noticias\/criada-a-conferencia-eclesial-da-amazonia.html#primaryimage"},"datePublished":"2020-06-30T14:14:09+00:00","dateModified":"2020-09-22T17:17:16+00:00","author":{"@id":"https:\/\/franciscanos.org.br\/noticias\/#\/schema\/person\/b5c8cba458c330ccff548b056e95a5d4"},"breadcrumb":{"@id":"https:\/\/franciscanos.org.br\/noticias\/criada-a-conferencia-eclesial-da-amazonia.html#breadcrumb"},"inLanguage":"pt-BR","potentialAction":[{"@type":"ReadAction","target":["https:\/\/franciscanos.org.br\/noticias\/criada-a-conferencia-eclesial-da-amazonia.html"]}]},{"@type":"BreadcrumbList","@id":"https:\/\/franciscanos.org.br\/noticias\/criada-a-conferencia-eclesial-da-amazonia.html#breadcrumb","itemListElement":[{"@type":"ListItem","position":1,"name":"Home","item":"https:\/\/franciscanos.org.br\/noticias"},{"@type":"ListItem","position":2,"name":"Criada a Confer\u00eancia Eclesial da Amaz\u00f4nia"}]},{"@type":"Person","@id":"https:\/\/franciscanos.org.br\/noticias\/#\/schema\/person\/b5c8cba458c330ccff548b056e95a5d4","name":"moacir","image":{"@type":"ImageObject","inLanguage":"pt-BR","@id":"https:\/\/franciscanos.org.br\/noticias\/#\/schema\/person\/image\/","url":"https:\/\/secure.gravatar.com\/avatar\/d08aa2ce4c8dd416d4479aa8536fcf64?s=96&d=mm&r=g","contentUrl":"https:\/\/secure.gravatar.com\/avatar\/d08aa2ce4c8dd416d4479aa8536fcf64?s=96&d=mm&r=g","caption":"moacir"},"url":"https:\/\/franciscanos.org.br\/noticias\/author\/moacir"}]}},"_links":{"self":[{"href":"https:\/\/franciscanos.org.br\/noticias\/wp-json\/wp\/v2\/posts\/226926"}],"collection":[{"href":"https:\/\/franciscanos.org.br\/noticias\/wp-json\/wp\/v2\/posts"}],"about":[{"href":"https:\/\/franciscanos.org.br\/noticias\/wp-json\/wp\/v2\/types\/post"}],"author":[{"embeddable":true,"href":"https:\/\/franciscanos.org.br\/noticias\/wp-json\/wp\/v2\/users\/3"}],"replies":[{"embeddable":true,"href":"https:\/\/franciscanos.org.br\/noticias\/wp-json\/wp\/v2\/comments?post=226926"}],"version-history":[{"count":3,"href":"https:\/\/franciscanos.org.br\/noticias\/wp-json\/wp\/v2\/posts\/226926\/revisions"}],"predecessor-version":[{"id":228420,"href":"https:\/\/franciscanos.org.br\/noticias\/wp-json\/wp\/v2\/posts\/226926\/revisions\/228420"}],"wp:featuredmedia":[{"embeddable":true,"href":"https:\/\/franciscanos.org.br\/noticias\/wp-json\/wp\/v2\/media\/228419"}],"wp:attachment":[{"href":"https:\/\/franciscanos.org.br\/noticias\/wp-json\/wp\/v2\/media?parent=226926"}],"wp:term":[{"taxonomy":"category","embeddable":true,"href":"https:\/\/franciscanos.org.br\/noticias\/wp-json\/wp\/v2\/categories?post=226926"},{"taxonomy":"post_tag","embeddable":true,"href":"https:\/\/franciscanos.org.br\/noticias\/wp-json\/wp\/v2\/tags?post=226926"}],"curies":[{"name":"wp","href":"https:\/\/api.w.org\/{rel}","templated":true}]}}