{"id":226925,"date":"2020-07-02T11:16:53","date_gmt":"2020-07-02T14:16:53","guid":{"rendered":"https:\/\/franciscanos.org.br\/noticias\/?p=226925"},"modified":"2020-07-02T11:23:30","modified_gmt":"2020-07-02T14:23:30","slug":"frei-clarencio","status":"publish","type":"post","link":"https:\/\/franciscanos.org.br\/noticias\/frei-clarencio.html","title":{"rendered":"Frei Clar\u00eancio lan\u00e7a o livro: \u201cMinist\u00e9rio da Esperan\u00e7a \u2013 roteiros para vel\u00f3rios e ex\u00e9quias\u201d"},"content":{"rendered":"<p><img loading=\"lazy\" class=\"size-full wp-image-226927 alignright\" src=\"https:\/\/franciscanos.org.br\/noticias\/wp-content\/uploads\/2020\/06\/livro-450.jpg\" alt=\"\" width=\"450\" height=\"635\" srcset=\"https:\/\/franciscanos.org.br\/noticias\/wp-content\/uploads\/2020\/06\/livro-450.jpg 450w, https:\/\/franciscanos.org.br\/noticias\/wp-content\/uploads\/2020\/06\/livro-450-319x450.jpg 319w, https:\/\/franciscanos.org.br\/noticias\/wp-content\/uploads\/2020\/06\/livro-450-150x212.jpg 150w\" sizes=\"(max-width: 450px) 100vw, 450px\" \/>Um subs\u00eddio para a Pastoral da Esperan\u00e7a com oito roteiros de celebra\u00e7\u00f5es das ex\u00e9quias \u00e9 a nova obra de Frei Clar\u00eancio Neotti, expressando a dimens\u00e3o fraterna e solid\u00e1ria da Igreja, em um momento de dor, sofrimento causado pela experi\u00eancia da morte. \u201cO presente subs\u00eddio manifesta o sentido crist\u00e3o da vida que, no seguimento a Jesus Cristo, encontra sentido para sua \u201cp\u00e1scoa definitiva\u2019\u201d, escreve Dom Frei Dario Campos, Arcebispo Metropolitano de Vit\u00f3ria do Esp\u00edrito Santo.<\/p>\n<p>Na sua introdu\u00e7\u00e3o, Frei Clar\u00eancio lembra que enterrar os mortos \u00e9 uma das Obras de Miseric\u00f3rdia praticada pelos crist\u00e3os. \u201c\u00c9 um dos mais bonitos gestos da caridade fraterna\u201d, ressalta. Segundo ele, trata-se de um gesto que tem v\u00e1rias dimens\u00f5es. \u201cUma dimens\u00e3o \u00e9 a comunit\u00e1ria: o morto pertenceu a nossa Comunidade, era um dos nossos. Morrendo, ele n\u00e3o se separa inteiramente de n\u00f3s, porque sua alma sobrevive e entra na chamada Comunh\u00e3o dos Santos, que \u00e9 sin\u00f4nimo de Igreja\u201d, explica. \u201cUma segunda dimens\u00e3o \u00e9 o respeito para com o corpo humano: damos-lhe uma sepultura digna, \u00e0s vezes, coberta de flores, \u00e0s vezes, cercada de pedras, e sempre com a cruz de Cristo na cabeceira. A Comunidade crist\u00e3 tem grande respeito \u00e0 sepultura. Nela descansa um corpo, que foi batizado, um corpo santificado pela Eucaristia, um corpo que foi templo do Esp\u00edrito Santo, um corpo \u00e0 espera da ressurrei\u00e7\u00e3o, como rezamos no Credo: \u201cCreio na ressurrei\u00e7\u00e3o da carne\u2019\u201d, destaca e, por fim, a terceira dimens\u00e3o \u00e9 o consolo aos parentes e amigos. \u201cNossa presen\u00e7a e nossa ora\u00e7\u00e3o s\u00e3o conforto para os que a morte entristeceu. E consolar os tristes e abatidos \u00e9 tamb\u00e9m um gesto de caridade fraterna\u201d, completa. Na morte temos a plenitude da miseric\u00f3rdia divina para quem deixa a vida terrena. \u00c9 tamb\u00e9m na morte de um irm\u00e3o de nossa Comunidade que externa mos a miseric\u00f3rdia de nosso cora\u00e7\u00e3o.<\/p>\n<p>O livro, com 98 p\u00e1ginas, \u00e9 uma publica\u00e7\u00e3o da Livraria Santu\u00e1rio. No site https:\/\/www.editorasantuario.com.br, custa R$ 10,00.<\/p>\n","protected":false},"excerpt":{"rendered":"<p>Novo livro de Frei Clar\u00eancio Neotti<\/p>\n","protected":false},"author":7,"featured_media":226954,"comment_status":"open","ping_status":"open","sticky":false,"template":"","format":"standard","meta":[],"categories":[1],"tags":[1245],"acf":[],"yoast_head":"<!-- This site is optimized with the Yoast SEO plugin v19.2 - https:\/\/yoast.com\/wordpress\/plugins\/seo\/ -->\n<title>Frei Clar\u00eancio lan\u00e7a o livro: \u201cMinist\u00e9rio da Esperan\u00e7a \u2013 roteiros para vel\u00f3rios e ex\u00e9quias\u201d - Not\u00edcias - Franciscanos<\/title>\n<meta name=\"robots\" content=\"index, follow, max-snippet:-1, max-image-preview:large, max-video-preview:-1\" \/>\n<link rel=\"canonical\" href=\"https:\/\/franciscanos.org.br\/noticias\/frei-clarencio.html\" \/>\n<meta property=\"og:locale\" content=\"pt_BR\" \/>\n<meta property=\"og:type\" content=\"article\" \/>\n<meta property=\"og:title\" content=\"Frei Clar\u00eancio lan\u00e7a o livro: \u201cMinist\u00e9rio da Esperan\u00e7a \u2013 roteiros para vel\u00f3rios e ex\u00e9quias\u201d - Not\u00edcias - Franciscanos\" \/>\n<meta property=\"og:description\" content=\"Novo livro de Frei Clar\u00eancio Neotti\" \/>\n<meta property=\"og:url\" content=\"https:\/\/franciscanos.org.br\/noticias\/frei-clarencio.html\" \/>\n<meta property=\"og:site_name\" content=\"Not\u00edcias - Franciscanos\" \/>\n<meta property=\"article:published_time\" content=\"2020-07-02T14:16:53+00:00\" \/>\n<meta property=\"article:modified_time\" content=\"2020-07-02T14:23:30+00:00\" \/>\n<meta property=\"og:image\" content=\"https:\/\/franciscanos.org.br\/noticias\/wp-content\/uploads\/2020\/07\/livro_clarencio.jpg\" \/>\n\t<meta property=\"og:image:width\" content=\"800\" \/>\n\t<meta property=\"og:image:height\" content=\"600\" \/>\n\t<meta property=\"og:image:type\" content=\"image\/jpeg\" \/>\n<meta name=\"author\" content=\"jovenal\" \/>\n<meta name=\"twitter:card\" content=\"summary_large_image\" \/>\n<meta name=\"twitter:label1\" content=\"Escrito por\" \/>\n\t<meta name=\"twitter:data1\" content=\"jovenal\" \/>\n\t<meta name=\"twitter:label2\" content=\"Est. tempo de leitura\" \/>\n\t<meta name=\"twitter:data2\" content=\"2 minutos\" \/>\n<script type=\"application\/ld+json\" class=\"yoast-schema-graph\">{\"@context\":\"https:\/\/schema.org\",\"@graph\":[{\"@type\":\"WebSite\",\"@id\":\"https:\/\/franciscanos.org.br\/noticias\/#website\",\"url\":\"https:\/\/franciscanos.org.br\/noticias\/\",\"name\":\"Not\u00edcias - Franciscanos\",\"description\":\"Prov\u00edncia Franciscana da Imaculada Concei\u00e7\u00e3o do Brasil - Ordem dos Frades Menores - OFM\",\"potentialAction\":[{\"@type\":\"SearchAction\",\"target\":{\"@type\":\"EntryPoint\",\"urlTemplate\":\"https:\/\/franciscanos.org.br\/noticias\/?s={search_term_string}\"},\"query-input\":\"required name=search_term_string\"}],\"inLanguage\":\"pt-BR\"},{\"@type\":\"ImageObject\",\"inLanguage\":\"pt-BR\",\"@id\":\"https:\/\/franciscanos.org.br\/noticias\/frei-clarencio.html#primaryimage\",\"url\":\"https:\/\/franciscanos.org.br\/noticias\/wp-content\/uploads\/2020\/07\/livro_clarencio.jpg\",\"contentUrl\":\"https:\/\/franciscanos.org.br\/noticias\/wp-content\/uploads\/2020\/07\/livro_clarencio.jpg\",\"width\":800,\"height\":600},{\"@type\":\"WebPage\",\"@id\":\"https:\/\/franciscanos.org.br\/noticias\/frei-clarencio.html#webpage\",\"url\":\"https:\/\/franciscanos.org.br\/noticias\/frei-clarencio.html\",\"name\":\"Frei Clar\u00eancio lan\u00e7a o livro: \u201cMinist\u00e9rio da Esperan\u00e7a \u2013 roteiros para vel\u00f3rios e ex\u00e9quias\u201d - Not\u00edcias - Franciscanos\",\"isPartOf\":{\"@id\":\"https:\/\/franciscanos.org.br\/noticias\/#website\"},\"primaryImageOfPage\":{\"@id\":\"https:\/\/franciscanos.org.br\/noticias\/frei-clarencio.html#primaryimage\"},\"datePublished\":\"2020-07-02T14:16:53+00:00\",\"dateModified\":\"2020-07-02T14:23:30+00:00\",\"author\":{\"@id\":\"https:\/\/franciscanos.org.br\/noticias\/#\/schema\/person\/c3a26b08313dd1772495ce300ab257cc\"},\"breadcrumb\":{\"@id\":\"https:\/\/franciscanos.org.br\/noticias\/frei-clarencio.html#breadcrumb\"},\"inLanguage\":\"pt-BR\",\"potentialAction\":[{\"@type\":\"ReadAction\",\"target\":[\"https:\/\/franciscanos.org.br\/noticias\/frei-clarencio.html\"]}]},{\"@type\":\"BreadcrumbList\",\"@id\":\"https:\/\/franciscanos.org.br\/noticias\/frei-clarencio.html#breadcrumb\",\"itemListElement\":[{\"@type\":\"ListItem\",\"position\":1,\"name\":\"Home\",\"item\":\"https:\/\/franciscanos.org.br\/noticias\"},{\"@type\":\"ListItem\",\"position\":2,\"name\":\"Frei Clar\u00eancio lan\u00e7a o livro: \u201cMinist\u00e9rio da Esperan\u00e7a \u2013 roteiros para vel\u00f3rios e ex\u00e9quias\u201d\"}]},{\"@type\":\"Person\",\"@id\":\"https:\/\/franciscanos.org.br\/noticias\/#\/schema\/person\/c3a26b08313dd1772495ce300ab257cc\",\"name\":\"jovenal\",\"image\":{\"@type\":\"ImageObject\",\"inLanguage\":\"pt-BR\",\"@id\":\"https:\/\/franciscanos.org.br\/noticias\/#\/schema\/person\/image\/\",\"url\":\"https:\/\/secure.gravatar.com\/avatar\/e94509f531086e2eaf97e72f29ea00f9?s=96&d=mm&r=g\",\"contentUrl\":\"https:\/\/secure.gravatar.com\/avatar\/e94509f531086e2eaf97e72f29ea00f9?s=96&d=mm&r=g\",\"caption\":\"jovenal\"},\"url\":\"https:\/\/franciscanos.org.br\/noticias\/author\/jovenal\"}]}<\/script>\n<!-- \/ Yoast SEO plugin. -->","yoast_head_json":{"title":"Frei Clar\u00eancio lan\u00e7a o livro: \u201cMinist\u00e9rio da Esperan\u00e7a \u2013 roteiros para vel\u00f3rios e ex\u00e9quias\u201d - Not\u00edcias - Franciscanos","robots":{"index":"index","follow":"follow","max-snippet":"max-snippet:-1","max-image-preview":"max-image-preview:large","max-video-preview":"max-video-preview:-1"},"canonical":"https:\/\/franciscanos.org.br\/noticias\/frei-clarencio.html","og_locale":"pt_BR","og_type":"article","og_title":"Frei Clar\u00eancio lan\u00e7a o livro: \u201cMinist\u00e9rio da Esperan\u00e7a \u2013 roteiros para vel\u00f3rios e ex\u00e9quias\u201d - Not\u00edcias - Franciscanos","og_description":"Novo livro de Frei Clar\u00eancio Neotti","og_url":"https:\/\/franciscanos.org.br\/noticias\/frei-clarencio.html","og_site_name":"Not\u00edcias - Franciscanos","article_published_time":"2020-07-02T14:16:53+00:00","article_modified_time":"2020-07-02T14:23:30+00:00","og_image":[{"width":800,"height":600,"url":"https:\/\/franciscanos.org.br\/noticias\/wp-content\/uploads\/2020\/07\/livro_clarencio.jpg","type":"image\/jpeg"}],"author":"jovenal","twitter_card":"summary_large_image","twitter_misc":{"Escrito por":"jovenal","Est. tempo de leitura":"2 minutos"},"schema":{"@context":"https:\/\/schema.org","@graph":[{"@type":"WebSite","@id":"https:\/\/franciscanos.org.br\/noticias\/#website","url":"https:\/\/franciscanos.org.br\/noticias\/","name":"Not\u00edcias - Franciscanos","description":"Prov\u00edncia Franciscana da Imaculada Concei\u00e7\u00e3o do Brasil - Ordem dos Frades Menores - OFM","potentialAction":[{"@type":"SearchAction","target":{"@type":"EntryPoint","urlTemplate":"https:\/\/franciscanos.org.br\/noticias\/?s={search_term_string}"},"query-input":"required name=search_term_string"}],"inLanguage":"pt-BR"},{"@type":"ImageObject","inLanguage":"pt-BR","@id":"https:\/\/franciscanos.org.br\/noticias\/frei-clarencio.html#primaryimage","url":"https:\/\/franciscanos.org.br\/noticias\/wp-content\/uploads\/2020\/07\/livro_clarencio.jpg","contentUrl":"https:\/\/franciscanos.org.br\/noticias\/wp-content\/uploads\/2020\/07\/livro_clarencio.jpg","width":800,"height":600},{"@type":"WebPage","@id":"https:\/\/franciscanos.org.br\/noticias\/frei-clarencio.html#webpage","url":"https:\/\/franciscanos.org.br\/noticias\/frei-clarencio.html","name":"Frei Clar\u00eancio lan\u00e7a o livro: \u201cMinist\u00e9rio da Esperan\u00e7a \u2013 roteiros para vel\u00f3rios e ex\u00e9quias\u201d - Not\u00edcias - Franciscanos","isPartOf":{"@id":"https:\/\/franciscanos.org.br\/noticias\/#website"},"primaryImageOfPage":{"@id":"https:\/\/franciscanos.org.br\/noticias\/frei-clarencio.html#primaryimage"},"datePublished":"2020-07-02T14:16:53+00:00","dateModified":"2020-07-02T14:23:30+00:00","author":{"@id":"https:\/\/franciscanos.org.br\/noticias\/#\/schema\/person\/c3a26b08313dd1772495ce300ab257cc"},"breadcrumb":{"@id":"https:\/\/franciscanos.org.br\/noticias\/frei-clarencio.html#breadcrumb"},"inLanguage":"pt-BR","potentialAction":[{"@type":"ReadAction","target":["https:\/\/franciscanos.org.br\/noticias\/frei-clarencio.html"]}]},{"@type":"BreadcrumbList","@id":"https:\/\/franciscanos.org.br\/noticias\/frei-clarencio.html#breadcrumb","itemListElement":[{"@type":"ListItem","position":1,"name":"Home","item":"https:\/\/franciscanos.org.br\/noticias"},{"@type":"ListItem","position":2,"name":"Frei Clar\u00eancio lan\u00e7a o livro: \u201cMinist\u00e9rio da Esperan\u00e7a \u2013 roteiros para vel\u00f3rios e ex\u00e9quias\u201d"}]},{"@type":"Person","@id":"https:\/\/franciscanos.org.br\/noticias\/#\/schema\/person\/c3a26b08313dd1772495ce300ab257cc","name":"jovenal","image":{"@type":"ImageObject","inLanguage":"pt-BR","@id":"https:\/\/franciscanos.org.br\/noticias\/#\/schema\/person\/image\/","url":"https:\/\/secure.gravatar.com\/avatar\/e94509f531086e2eaf97e72f29ea00f9?s=96&d=mm&r=g","contentUrl":"https:\/\/secure.gravatar.com\/avatar\/e94509f531086e2eaf97e72f29ea00f9?s=96&d=mm&r=g","caption":"jovenal"},"url":"https:\/\/franciscanos.org.br\/noticias\/author\/jovenal"}]}},"_links":{"self":[{"href":"https:\/\/franciscanos.org.br\/noticias\/wp-json\/wp\/v2\/posts\/226925"}],"collection":[{"href":"https:\/\/franciscanos.org.br\/noticias\/wp-json\/wp\/v2\/posts"}],"about":[{"href":"https:\/\/franciscanos.org.br\/noticias\/wp-json\/wp\/v2\/types\/post"}],"author":[{"embeddable":true,"href":"https:\/\/franciscanos.org.br\/noticias\/wp-json\/wp\/v2\/users\/7"}],"replies":[{"embeddable":true,"href":"https:\/\/franciscanos.org.br\/noticias\/wp-json\/wp\/v2\/comments?post=226925"}],"version-history":[{"count":2,"href":"https:\/\/franciscanos.org.br\/noticias\/wp-json\/wp\/v2\/posts\/226925\/revisions"}],"predecessor-version":[{"id":226953,"href":"https:\/\/franciscanos.org.br\/noticias\/wp-json\/wp\/v2\/posts\/226925\/revisions\/226953"}],"wp:featuredmedia":[{"embeddable":true,"href":"https:\/\/franciscanos.org.br\/noticias\/wp-json\/wp\/v2\/media\/226954"}],"wp:attachment":[{"href":"https:\/\/franciscanos.org.br\/noticias\/wp-json\/wp\/v2\/media?parent=226925"}],"wp:term":[{"taxonomy":"category","embeddable":true,"href":"https:\/\/franciscanos.org.br\/noticias\/wp-json\/wp\/v2\/categories?post=226925"},{"taxonomy":"post_tag","embeddable":true,"href":"https:\/\/franciscanos.org.br\/noticias\/wp-json\/wp\/v2\/tags?post=226925"}],"curies":[{"name":"wp","href":"https:\/\/api.w.org\/{rel}","templated":true}]}}