{"id":226887,"date":"2020-06-29T15:12:24","date_gmt":"2020-06-29T18:12:24","guid":{"rendered":"https:\/\/franciscanos.org.br\/noticias\/?p=226887"},"modified":"2020-06-30T09:45:49","modified_gmt":"2020-06-30T12:45:49","slug":"celebracao-ecumenica-marca-os-175-anos-da-colonizacao-alema-na-cidade-imperial","status":"publish","type":"post","link":"https:\/\/franciscanos.org.br\/noticias\/celebracao-ecumenica-marca-os-175-anos-da-colonizacao-alema-na-cidade-imperial.html","title":{"rendered":"Celebra\u00e7\u00e3o Ecum\u00eanica marca os 175 anos da coloniza\u00e7\u00e3o alem\u00e3 na Cidade Imperial"},"content":{"rendered":"<p><img loading=\"lazy\" class=\"alignnone wp-image-226889 size-full\" src=\"https:\/\/franciscanos.org.br\/noticias\/wp-content\/uploads\/2020\/06\/celebracaoecumenica_290620_1.jpg\" alt=\"\" width=\"1200\" height=\"700\" srcset=\"https:\/\/franciscanos.org.br\/noticias\/wp-content\/uploads\/2020\/06\/celebracaoecumenica_290620_1.jpg 1200w, https:\/\/franciscanos.org.br\/noticias\/wp-content\/uploads\/2020\/06\/celebracaoecumenica_290620_1-450x263.jpg 450w, https:\/\/franciscanos.org.br\/noticias\/wp-content\/uploads\/2020\/06\/celebracaoecumenica_290620_1-1024x597.jpg 1024w, https:\/\/franciscanos.org.br\/noticias\/wp-content\/uploads\/2020\/06\/celebracaoecumenica_290620_1-768x448.jpg 768w, https:\/\/franciscanos.org.br\/noticias\/wp-content\/uploads\/2020\/06\/celebracaoecumenica_290620_1-150x88.jpg 150w\" sizes=\"(max-width: 1200px) 100vw, 1200px\" \/><\/p>\n<p><b>Frei Augusto Luiz Gabriel<\/b><\/p>\n<p><b>Petr\u00f3polis (RJ) \u2013<\/b><span style=\"font-weight: 400;\"> No Dia do Colono Alem\u00e3o, a Igreja do Sagrado Cora\u00e7\u00e3o de Jesus, em Petr\u00f3polis (RJ), foi anfitri\u00e3 da \u201cCelebra\u00e7\u00e3o Ecum\u00eanica\u201d que homenageou a coloniza\u00e7\u00e3o germ\u00e2nica neste dia 29 de junho, feriado municipal e que comemora os 175 anos de coloniza\u00e7\u00e3o. O evento faz parte da programa\u00e7\u00e3o da 31\u00aa edi\u00e7\u00e3o da Bauernfest e contou com a presen\u00e7a da Comunidade Evang\u00e9lica de Confiss\u00e3o Luterana, representada na pessoa do pastor Elton Pothin. A Celebra\u00e7\u00e3o foi transmitida ao vivo e em cadeia pela p\u00e1gina do Facebook da Igreja do Sagrado e a dos Luteranos e pelo canal oficial do YouTube da Prefeitura de Petr\u00f3polis.<\/span><\/p>\n<p><span style=\"font-weight: 400;\">Logo no in\u00edcio da celebra\u00e7\u00e3o, o p\u00e1roco e guardi\u00e3o da Fraternidade do Sagrado, Frei Jorge Paulo Schiavini, acolheu a todos e manifestou sua gratid\u00e3o por este momento de f\u00e9 e unidade. Lembrou que o evento acontece costumeiramente no Pal\u00e1cio de Cristal da cidade, onde est\u00e1 plantada a cruz, que \u00e9 o s\u00edmbolo da f\u00e9 dos colonos alem\u00e3es. \u201cTrazemos presentes em nossa celebra\u00e7\u00e3o toda a sociedade mundial, principalmente aqueles que sofrem com a pandemia. De modo especial, queremos rezar pela vida de tantos descendentes de colonos alem\u00e3es que, com seu trabalho e religiosidade, marcaram e marcam o munic\u00edpio de Petr\u00f3polis\u201d, sublinhou.<\/span><\/p>\n<p><span style=\"font-weight: 400;\">Durante a celebra\u00e7\u00e3o, um grupo de frades entoou hinos e c\u00e2nticos em l\u00edngua alem\u00e3 sob condu\u00e7\u00e3o do experiente maestro do Coral dos Canarinhos, Marco Aur\u00e9lio Lischt, que regeu os frades e abrilhantou a celebra\u00e7\u00e3o.<\/span><\/p>\n<p><span style=\"font-weight: 400;\">Cleia Hillen \u00e9 descendente alem\u00e3 e paroquiana da Par\u00f3quia do Sagrado. Seus bisav\u00f3s vieram para o Brasil na expedi\u00e7\u00e3o da Alemanha. Segundo ela, a celebra\u00e7\u00e3o o ajudou a relembrar suas origens e cultura. &#8220;Que culto maravilhoso. Gostei muito das can\u00e7\u00f5es&#8221;, disse emocionada, lamentando n\u00e3o poder assistir presencialmente o evento.<\/span><\/p>\n<p><img loading=\"lazy\" class=\"alignnone wp-image-226891 size-full\" src=\"https:\/\/franciscanos.org.br\/noticias\/wp-content\/uploads\/2020\/06\/celebracaoecumenica_290620_3.jpg\" alt=\"\" width=\"1200\" height=\"700\" srcset=\"https:\/\/franciscanos.org.br\/noticias\/wp-content\/uploads\/2020\/06\/celebracaoecumenica_290620_3.jpg 1200w, https:\/\/franciscanos.org.br\/noticias\/wp-content\/uploads\/2020\/06\/celebracaoecumenica_290620_3-450x263.jpg 450w, https:\/\/franciscanos.org.br\/noticias\/wp-content\/uploads\/2020\/06\/celebracaoecumenica_290620_3-1024x597.jpg 1024w, https:\/\/franciscanos.org.br\/noticias\/wp-content\/uploads\/2020\/06\/celebracaoecumenica_290620_3-768x448.jpg 768w, https:\/\/franciscanos.org.br\/noticias\/wp-content\/uploads\/2020\/06\/celebracaoecumenica_290620_3-150x88.jpg 150w\" sizes=\"(max-width: 1200px) 100vw, 1200px\" \/><\/p>\n<p><span style=\"font-weight: 400;\">Ap\u00f3s a leitura b\u00edblica do Evangelho segundo Mateus (11,25-30), o pastor Elton fez sua reflex\u00e3o recordando a chegada dos imigrantes alem\u00e3es a Petr\u00f3polis. Afirmou que\u00a0 vieram ao Brasil pela dif\u00edcil situa\u00e7\u00e3o econ\u00f4mica na qual a Alemanha se encontrava na \u00e9poca, lembrando que o pa\u00eds sa\u00eda das guerras contra Napole\u00e3o Bonaparte, que causaram muita destrui\u00e7\u00e3o.<\/span><\/p>\n<p><span style=\"font-weight: 400;\">\u201cNeste 29 de junho olhemos para tr\u00e1s, para a hist\u00f3ria da humanidade e, principalmente, para a hist\u00f3ria dos nossos antepassados alem\u00e3es que vieram a este Brasil e o quanto eles sofreram. Que n\u00f3s possamos olhar para Deus e dizer: obrigado pelos nossos antepassados! Obrigado Deus por aquilo que foi constru\u00eddo com firmeza de f\u00e9 e coragem! E que possamos olhar para o futuro com esta mesma coragem e esperan\u00e7a e f\u00e9 em Deus para construirmos uma cidade onde todos possam ter vida digna\u201d, ressaltou.<\/span><\/p>\n<p><b>A BOA NOVA DO AMOR SOLID\u00c1RIO DE DEUS<\/b><\/p>\n<p><span style=\"font-weight: 400;\">Em seguida, Frei Jos\u00e9 Ariovaldo da Silva, tamb\u00e9m fez sua reflex\u00e3o. Iniciou com a sauda\u00e7\u00e3o em alem\u00e3o: \u201c<\/span><i><span style=\"font-weight: 400;\">Gelobt sei Iesus Christus! In Ewigkeit\u201d,<\/span><\/i><span style=\"font-weight: 400;\"> que significa: \u2018Louvado seja nosso Senhor Jesus Cristo! Para sempre seja louvado\u2019. Segundo ele, no Evangelho escrito por Mateus, Jesus se exp\u00f5e, fala de sentimentos de profunda alegria e gratid\u00e3o, bem como de consoladora ternura e compaix\u00e3o. Em meio a muita gente pobre, gente subjugada pela tirania de \u201cverdades\u201d enganosas, ele se dirige ao Pai, dizendo: \u201cEu te louvo, \u00f3 Pai, Senhor do c\u00e9u e da terra, porque escondeste estas coisas aos s\u00e1bios e entendidos e as revelaste aos pequeninos. Sim, Pai, porque assim foi do teu agrado\u201d (v. 25-26). Depois, ele afirma: \u201cTudo me foi entregue por meu Pai, e ningu\u00e9m conhece o Filho, sen\u00e3o o Pai, e ningu\u00e9m conhece o Pai, sen\u00e3o o Filho e aquele a quem o Filho o quiser revelar\u201d (v. 27). E completa: \u201cVenham a mim voc\u00eas todos que est\u00e3o cansados e fatigados, e eu lhes darei descanso. Tomem sobre voc\u00eas o meu jugo e aprendam de mim, porque sou manso e humilde de cora\u00e7\u00e3o, e voc\u00eas v\u00e3o encontrar descanso. Pois o meu jugo \u00e9 suave e o meu fardo \u00e9 leve\u201d (v. 27-30).<\/span><\/p>\n<p><img loading=\"lazy\" class=\"alignnone wp-image-226890 size-full\" src=\"https:\/\/franciscanos.org.br\/noticias\/wp-content\/uploads\/2020\/06\/celebracaoecumenica_290620_2.jpg\" alt=\"\" width=\"1200\" height=\"700\" srcset=\"https:\/\/franciscanos.org.br\/noticias\/wp-content\/uploads\/2020\/06\/celebracaoecumenica_290620_2.jpg 1200w, https:\/\/franciscanos.org.br\/noticias\/wp-content\/uploads\/2020\/06\/celebracaoecumenica_290620_2-450x263.jpg 450w, https:\/\/franciscanos.org.br\/noticias\/wp-content\/uploads\/2020\/06\/celebracaoecumenica_290620_2-1024x597.jpg 1024w, https:\/\/franciscanos.org.br\/noticias\/wp-content\/uploads\/2020\/06\/celebracaoecumenica_290620_2-768x448.jpg 768w, https:\/\/franciscanos.org.br\/noticias\/wp-content\/uploads\/2020\/06\/celebracaoecumenica_290620_2-150x88.jpg 150w\" sizes=\"(max-width: 1200px) 100vw, 1200px\" \/><\/p>\n<p><span style=\"font-weight: 400;\">Segundo Frei Ariovaldo, Jesus falou isso depois de ter feito uma dura chamada de aten\u00e7\u00e3o \u00e0s cidades de Corozaim, Betsaida e Cafarnaum, por onde ele havia passado. \u201cPodemos pensar nas in\u00fameras curas realizadas de todo tipo de doen\u00e7as. Mas, com todos aqueles milagres, as elites dessas cidades dominadoras, subjugadoras, exploradoras do povo pobre, n\u00e3o acreditaram em Jesus (cf. v. 20-24). Houve at\u00e9 quem o acusasse de \u201ccomil\u00e3o e beberr\u00e3o de vinho, amigo de publicanos e pecadores\u201d (cf. v. 19). N\u00e3o acreditaram que Jesus era o pr\u00f3prio Filho de Deus, a express\u00e3o acabada daquilo que Deus mesmo \u00e9: Amor solid\u00e1rio com os que sofrem. Preferiram permanecer na zona de conforto de suas \u2018verdades\u2019 a se converter \u00e0 sabedoria de vida que Jesus trazia da parte do Pai. A estes, fechados em suas \u2018verdades\u2019 enganadoras, que achavam precisar de mais nada, e que o Evangelho, ironicamente, os apelida de \u2018s\u00e1bios e entendidos\u2019,\u2013 a eles, os pensamentos generosos do cora\u00e7\u00e3o de Deus ficaram escondidos. Por qu\u00ea? Porque resistiram, se fecharam \u00e0 revela\u00e7\u00e3o do Amor que Deus \u00e9, na pessoa de Jesus, o Filho de Deus\u201d, destacou.<\/span><\/p>\n<p><span style=\"font-weight: 400;\">Para ele,\u00a0 os\u00a0 pobres, injusti\u00e7ados, subjugados, explorados, cansados e fatigados, estes, sim, entenderam a proposta de Jesus. Diferentemente dos \u2018s\u00e1bios e entendidos\u2019, os \u2018pequeninos\u2019 dispunham de espa\u00e7os totalmente abertos em seus corpos para assimilar e colocar em pr\u00e1tica a \u00edntima conex\u00e3o de conhecimento existente entre Jesus e o amor do Pai. Entenderam ser Jesus o pr\u00f3prio Deus em carne e osso no meio deles. \u201cDa\u00ed a alegria do louvor de Jesus ao Pai, por perceber que, nos \u2018pequeninos\u2019, a Boa Nova do Amor solid\u00e1rio de Deus n\u00e3o encontrou nenhuma resist\u00eancia\u201d, revelou.<\/span><\/p>\n<p><img loading=\"lazy\" class=\"alignnone wp-image-226892 size-full\" src=\"https:\/\/franciscanos.org.br\/noticias\/wp-content\/uploads\/2020\/06\/celebracaoecumenica_290620_4.jpg\" alt=\"\" width=\"1200\" height=\"700\" srcset=\"https:\/\/franciscanos.org.br\/noticias\/wp-content\/uploads\/2020\/06\/celebracaoecumenica_290620_4.jpg 1200w, https:\/\/franciscanos.org.br\/noticias\/wp-content\/uploads\/2020\/06\/celebracaoecumenica_290620_4-450x263.jpg 450w, https:\/\/franciscanos.org.br\/noticias\/wp-content\/uploads\/2020\/06\/celebracaoecumenica_290620_4-1024x597.jpg 1024w, https:\/\/franciscanos.org.br\/noticias\/wp-content\/uploads\/2020\/06\/celebracaoecumenica_290620_4-768x448.jpg 768w, https:\/\/franciscanos.org.br\/noticias\/wp-content\/uploads\/2020\/06\/celebracaoecumenica_290620_4-150x88.jpg 150w\" sizes=\"(max-width: 1200px) 100vw, 1200px\" \/><\/p>\n<p><span style=\"font-weight: 400;\">Segundo o frade, em outras palavras, Jesus lhes diz: \u201cA vida de voc\u00eas vai ficar mais suave e mais leve. Mas s\u00e3o voc\u00eas que, junto comigo, v\u00e3o construir esse mundo melhor. \u00c9 o que eu lhes desejo de todo o meu cora\u00e7\u00e3o. Contem com meu apoio, com a gra\u00e7a do meu Esp\u00edrito de amor\u201d, refletiu.<\/span><\/p>\n<p><span style=\"font-weight: 400;\">\u201cCelebramos 175 anos da Coloniza\u00e7\u00e3o Alem\u00e3 de nossa cidade de Petr\u00f3polis. Foram muit\u00edssimas as pessoas que at\u00e9 hoje aqui viveram intensamente a revela\u00e7\u00e3o de Jesus em incont\u00e1veis gestos de amor crist\u00e3o e, assim, contribu\u00edram no sentido de termos uma cidade saud\u00e1vel, em que a vida possa se tornar suave e leve para se viver. Gott sei dank\u201d, concluiu.<\/span><\/p>\n<p><b>HOMENAGEM<\/b><\/p>\n<p><span style=\"font-weight: 400;\">Faz parte da celebra\u00e7\u00e3o fazer uma homenagem a um dos imigrantes\u00a0 que possuem uma especial import\u00e2ncia para toda Imperial Col\u00f4nia Germ\u00e2nica de Petr\u00f3polis. Na celebra\u00e7\u00e3o de hoje, a homenageada foi a senhora Alice Monken, que j\u00e1 passou dos 100 anos. Nascida no dia 4 de janeiro de 1919, seus descendentes chegaram em Petr\u00f3polis em 29 de junho de 1845. Teve uma inf\u00e2ncia igual a todas as crian\u00e7as descendentes de germ\u00e2nicos, estudou o curso prim\u00e1rio no Col\u00e9gio Santa Catarina. Na adolesc\u00eancia foi auxiliar da modista Rosa Borzino, conhecida na cidade como Rosinha. Seu pai a levava e buscava para trabalhar e aprender a profiss\u00e3o. Casou-se com Delauro de Souza Ad\u00e3o com 19 anos. Desta uni\u00e3o nasceram os filhos, Isis, Ronaldo, Niceia e Eliane. Hoje possui dois netos e dois bisnetos. Atualmente ainda exerce as suas atividades do lar, inclusive nas costuras das suas roupas, sem a necessidade de usar \u00f3culos.\u00a0<\/span><\/p>\n<p><img loading=\"lazy\" class=\"alignnone wp-image-226894 size-full\" src=\"https:\/\/franciscanos.org.br\/noticias\/wp-content\/uploads\/2020\/06\/celebracaoecumenica_290620_5.jpg\" alt=\"\" width=\"1200\" height=\"684\" srcset=\"https:\/\/franciscanos.org.br\/noticias\/wp-content\/uploads\/2020\/06\/celebracaoecumenica_290620_5.jpg 1200w, https:\/\/franciscanos.org.br\/noticias\/wp-content\/uploads\/2020\/06\/celebracaoecumenica_290620_5-450x257.jpg 450w, https:\/\/franciscanos.org.br\/noticias\/wp-content\/uploads\/2020\/06\/celebracaoecumenica_290620_5-1024x584.jpg 1024w, https:\/\/franciscanos.org.br\/noticias\/wp-content\/uploads\/2020\/06\/celebracaoecumenica_290620_5-768x438.jpg 768w, https:\/\/franciscanos.org.br\/noticias\/wp-content\/uploads\/2020\/06\/celebracaoecumenica_290620_5-150x86.jpg 150w\" sizes=\"(max-width: 1200px) 100vw, 1200px\" \/><\/p>\n<p><span style=\"font-weight: 400;\">Para a senhora<\/span><span style=\"font-weight: 400;\"> Helga Flushoh<\/span><span style=\"font-weight: 400;\">, que acompanhou a celebra\u00e7\u00e3o virtualmente, as reflex\u00f5es de Frei Jos\u00e9 Ariovaldo e do Pastor Elton serviram de consolo para o dif\u00edcil momento em que o pa\u00eds vive. \u201cQue nunca esque\u00e7amos que Cristo est\u00e1 sempre junto a n\u00f3s em todos os nossos dias\u201d, disse. J\u00e1<\/span><span style=\"font-weight: 400;\"> Maria Odete <\/span><span style=\"font-weight: 400;\">Henriques<\/span><span style=\"font-weight: 400;\"> agradeceu: \u201cObrigada por mais este momento de f\u00e9, consolo e esperan\u00e7a\u201d. Segundo Elisabeth Graebner, a Celebra\u00e7\u00e3o Ecum\u00eanica \u00e9 o momento mais belo da Bauernfest. \u201cEm especial hoje, dia 29 de junho, estamos comemorando 175 anos da chegada dos primeiros colonos alem\u00e3es \u00e0 nossa amada Petr\u00f3polis. Muito obrigado a todos voc\u00eas\u201d. O Pastor M\u00e1rcio, de denomina\u00e7\u00e3o luterana, tamb\u00e9m acompanhou o culto e disse: \u201cParab\u00e9ns ao coral dos frades e ao maestro Marco Aur\u00e9lio pelos hinos em alem\u00e3o cantados com a pron\u00fancia correta. Realmente ficou lindo\u201d, parabenizou.<\/span><\/p>\n<p><span style=\"font-weight: 400;\">H\u00e1 30 anos, a tradicional Festa da Bauernfest celebra a cultura desse povo. Por\u00e9m, no 31\u00ba anivers\u00e1rio, com o isolamento social por causa do coronav\u00edrus, o evento est\u00e1 acontecendo de maneira virtual. Dan\u00e7as folcl\u00f3ricas, shows, atividades para as crian\u00e7as, hist\u00f3ria e at\u00e9 mesmo os concursos foram contemplados na programa\u00e7\u00e3o que termina neste dia 29 de junho.<\/span><\/p>\n<p style=\"text-align: center;\"><strong>VEJA MAIS IMAGENS DA CELEBRA\u00c7\u00c3O ECUM\u00caNICA<\/strong><\/p>\n\n\t\t<style type=\"text\/css\">\n\t\t\t#gallery-1 {\n\t\t\t\tmargin: auto;\n\t\t\t}\n\t\t\t#gallery-1 .gallery-item {\n\t\t\t\tfloat: left;\n\t\t\t\tmargin-top: 10px;\n\t\t\t\ttext-align: center;\n\t\t\t\twidth: 25%;\n\t\t\t}\n\t\t\t#gallery-1 img {\n\t\t\t\tborder: 2px solid #cfcfcf;\n\t\t\t}\n\t\t\t#gallery-1 .gallery-caption {\n\t\t\t\tmargin-left: 0;\n\t\t\t}\n\t\t\t\/* see gallery_shortcode() in wp-includes\/media.php *\/\n\t\t<\/style>\n\t\t<div id='gallery-1' class='gallery galleryid-226887 gallery-columns-4 gallery-size-thumbnail'><dl class='gallery-item'>\n\t\t\t<dt class='gallery-icon landscape'>\n\t\t\t\t<a href='https:\/\/franciscanos.org.br\/noticias\/wp-content\/uploads\/2020\/06\/celebracao_290620-1.jpg'><img width=\"300\" height=\"300\" src=\"https:\/\/franciscanos.org.br\/noticias\/wp-content\/uploads\/2020\/06\/celebracao_290620-1-300x300.jpg\" class=\"attachment-thumbnail size-thumbnail\" alt=\"\" loading=\"lazy\" srcset=\"https:\/\/franciscanos.org.br\/noticias\/wp-content\/uploads\/2020\/06\/celebracao_290620-1-300x300.jpg 300w, https:\/\/franciscanos.org.br\/noticias\/wp-content\/uploads\/2020\/06\/celebracao_290620-1-100x100.jpg 100w\" sizes=\"(max-width: 300px) 100vw, 300px\" \/><\/a>\n\t\t\t<\/dt><\/dl><dl class='gallery-item'>\n\t\t\t<dt class='gallery-icon landscape'>\n\t\t\t\t<a href='https:\/\/franciscanos.org.br\/noticias\/wp-content\/uploads\/2020\/06\/celebracao_290620-2.jpg'><img width=\"300\" height=\"300\" src=\"https:\/\/franciscanos.org.br\/noticias\/wp-content\/uploads\/2020\/06\/celebracao_290620-2-300x300.jpg\" class=\"attachment-thumbnail size-thumbnail\" alt=\"\" loading=\"lazy\" srcset=\"https:\/\/franciscanos.org.br\/noticias\/wp-content\/uploads\/2020\/06\/celebracao_290620-2-300x300.jpg 300w, https:\/\/franciscanos.org.br\/noticias\/wp-content\/uploads\/2020\/06\/celebracao_290620-2-100x100.jpg 100w\" sizes=\"(max-width: 300px) 100vw, 300px\" \/><\/a>\n\t\t\t<\/dt><\/dl><dl class='gallery-item'>\n\t\t\t<dt class='gallery-icon landscape'>\n\t\t\t\t<a href='https:\/\/franciscanos.org.br\/noticias\/wp-content\/uploads\/2020\/06\/celebracao_290620-3.jpg'><img width=\"300\" height=\"300\" src=\"https:\/\/franciscanos.org.br\/noticias\/wp-content\/uploads\/2020\/06\/celebracao_290620-3-300x300.jpg\" class=\"attachment-thumbnail size-thumbnail\" alt=\"\" loading=\"lazy\" srcset=\"https:\/\/franciscanos.org.br\/noticias\/wp-content\/uploads\/2020\/06\/celebracao_290620-3-300x300.jpg 300w, https:\/\/franciscanos.org.br\/noticias\/wp-content\/uploads\/2020\/06\/celebracao_290620-3-100x100.jpg 100w\" sizes=\"(max-width: 300px) 100vw, 300px\" \/><\/a>\n\t\t\t<\/dt><\/dl><dl class='gallery-item'>\n\t\t\t<dt class='gallery-icon landscape'>\n\t\t\t\t<a href='https:\/\/franciscanos.org.br\/noticias\/wp-content\/uploads\/2020\/06\/celebracao_290620-4.jpg'><img width=\"300\" height=\"300\" src=\"https:\/\/franciscanos.org.br\/noticias\/wp-content\/uploads\/2020\/06\/celebracao_290620-4-300x300.jpg\" class=\"attachment-thumbnail size-thumbnail\" alt=\"\" loading=\"lazy\" srcset=\"https:\/\/franciscanos.org.br\/noticias\/wp-content\/uploads\/2020\/06\/celebracao_290620-4-300x300.jpg 300w, https:\/\/franciscanos.org.br\/noticias\/wp-content\/uploads\/2020\/06\/celebracao_290620-4-100x100.jpg 100w\" sizes=\"(max-width: 300px) 100vw, 300px\" \/><\/a>\n\t\t\t<\/dt><\/dl><br style=\"clear: both\" \/><dl class='gallery-item'>\n\t\t\t<dt class='gallery-icon landscape'>\n\t\t\t\t<a href='https:\/\/franciscanos.org.br\/noticias\/wp-content\/uploads\/2020\/06\/celebracao_290620-5.jpg'><img width=\"300\" height=\"300\" src=\"https:\/\/franciscanos.org.br\/noticias\/wp-content\/uploads\/2020\/06\/celebracao_290620-5-300x300.jpg\" class=\"attachment-thumbnail size-thumbnail\" alt=\"\" loading=\"lazy\" srcset=\"https:\/\/franciscanos.org.br\/noticias\/wp-content\/uploads\/2020\/06\/celebracao_290620-5-300x300.jpg 300w, https:\/\/franciscanos.org.br\/noticias\/wp-content\/uploads\/2020\/06\/celebracao_290620-5-100x100.jpg 100w\" sizes=\"(max-width: 300px) 100vw, 300px\" \/><\/a>\n\t\t\t<\/dt><\/dl><dl class='gallery-item'>\n\t\t\t<dt class='gallery-icon landscape'>\n\t\t\t\t<a href='https:\/\/franciscanos.org.br\/noticias\/wp-content\/uploads\/2020\/06\/celebracao_290620-6.jpg'><img width=\"300\" height=\"300\" src=\"https:\/\/franciscanos.org.br\/noticias\/wp-content\/uploads\/2020\/06\/celebracao_290620-6-300x300.jpg\" class=\"attachment-thumbnail size-thumbnail\" alt=\"\" loading=\"lazy\" srcset=\"https:\/\/franciscanos.org.br\/noticias\/wp-content\/uploads\/2020\/06\/celebracao_290620-6-300x300.jpg 300w, https:\/\/franciscanos.org.br\/noticias\/wp-content\/uploads\/2020\/06\/celebracao_290620-6-100x100.jpg 100w\" sizes=\"(max-width: 300px) 100vw, 300px\" \/><\/a>\n\t\t\t<\/dt><\/dl><dl class='gallery-item'>\n\t\t\t<dt class='gallery-icon portrait'>\n\t\t\t\t<a href='https:\/\/franciscanos.org.br\/noticias\/wp-content\/uploads\/2020\/06\/celebracao_290620-7-rotated.jpg'><img width=\"300\" height=\"300\" src=\"https:\/\/franciscanos.org.br\/noticias\/wp-content\/uploads\/2020\/06\/celebracao_290620-7-300x300.jpg\" class=\"attachment-thumbnail size-thumbnail\" alt=\"\" loading=\"lazy\" srcset=\"https:\/\/franciscanos.org.br\/noticias\/wp-content\/uploads\/2020\/06\/celebracao_290620-7-300x300.jpg 300w, https:\/\/franciscanos.org.br\/noticias\/wp-content\/uploads\/2020\/06\/celebracao_290620-7-100x100.jpg 100w\" sizes=\"(max-width: 300px) 100vw, 300px\" \/><\/a>\n\t\t\t<\/dt><\/dl><dl class='gallery-item'>\n\t\t\t<dt class='gallery-icon portrait'>\n\t\t\t\t<a href='https:\/\/franciscanos.org.br\/noticias\/wp-content\/uploads\/2020\/06\/celebracao_290620-8-rotated.jpg'><img width=\"300\" height=\"300\" src=\"https:\/\/franciscanos.org.br\/noticias\/wp-content\/uploads\/2020\/06\/celebracao_290620-8-300x300.jpg\" class=\"attachment-thumbnail size-thumbnail\" alt=\"\" loading=\"lazy\" srcset=\"https:\/\/franciscanos.org.br\/noticias\/wp-content\/uploads\/2020\/06\/celebracao_290620-8-300x300.jpg 300w, https:\/\/franciscanos.org.br\/noticias\/wp-content\/uploads\/2020\/06\/celebracao_290620-8-100x100.jpg 100w\" sizes=\"(max-width: 300px) 100vw, 300px\" \/><\/a>\n\t\t\t<\/dt><\/dl><br style=\"clear: both\" \/><dl class='gallery-item'>\n\t\t\t<dt class='gallery-icon landscape'>\n\t\t\t\t<a href='https:\/\/franciscanos.org.br\/noticias\/wp-content\/uploads\/2020\/06\/celebracao_290620-9.jpg'><img width=\"300\" height=\"300\" src=\"https:\/\/franciscanos.org.br\/noticias\/wp-content\/uploads\/2020\/06\/celebracao_290620-9-300x300.jpg\" class=\"attachment-thumbnail size-thumbnail\" alt=\"\" loading=\"lazy\" srcset=\"https:\/\/franciscanos.org.br\/noticias\/wp-content\/uploads\/2020\/06\/celebracao_290620-9-300x300.jpg 300w, https:\/\/franciscanos.org.br\/noticias\/wp-content\/uploads\/2020\/06\/celebracao_290620-9-100x100.jpg 100w\" sizes=\"(max-width: 300px) 100vw, 300px\" \/><\/a>\n\t\t\t<\/dt><\/dl><dl class='gallery-item'>\n\t\t\t<dt class='gallery-icon landscape'>\n\t\t\t\t<a href='https:\/\/franciscanos.org.br\/noticias\/wp-content\/uploads\/2020\/06\/celebracao_290620-10.jpg'><img width=\"300\" height=\"300\" src=\"https:\/\/franciscanos.org.br\/noticias\/wp-content\/uploads\/2020\/06\/celebracao_290620-10-300x300.jpg\" class=\"attachment-thumbnail size-thumbnail\" alt=\"\" loading=\"lazy\" srcset=\"https:\/\/franciscanos.org.br\/noticias\/wp-content\/uploads\/2020\/06\/celebracao_290620-10-300x300.jpg 300w, https:\/\/franciscanos.org.br\/noticias\/wp-content\/uploads\/2020\/06\/celebracao_290620-10-100x100.jpg 100w\" sizes=\"(max-width: 300px) 100vw, 300px\" \/><\/a>\n\t\t\t<\/dt><\/dl><dl class='gallery-item'>\n\t\t\t<dt class='gallery-icon landscape'>\n\t\t\t\t<a href='https:\/\/franciscanos.org.br\/noticias\/wp-content\/uploads\/2020\/06\/celebracao_290620-11.jpg'><img width=\"300\" height=\"300\" src=\"https:\/\/franciscanos.org.br\/noticias\/wp-content\/uploads\/2020\/06\/celebracao_290620-11-300x300.jpg\" class=\"attachment-thumbnail size-thumbnail\" alt=\"\" loading=\"lazy\" srcset=\"https:\/\/franciscanos.org.br\/noticias\/wp-content\/uploads\/2020\/06\/celebracao_290620-11-300x300.jpg 300w, https:\/\/franciscanos.org.br\/noticias\/wp-content\/uploads\/2020\/06\/celebracao_290620-11-100x100.jpg 100w\" sizes=\"(max-width: 300px) 100vw, 300px\" \/><\/a>\n\t\t\t<\/dt><\/dl><dl class='gallery-item'>\n\t\t\t<dt class='gallery-icon landscape'>\n\t\t\t\t<a href='https:\/\/franciscanos.org.br\/noticias\/wp-content\/uploads\/2020\/06\/celebracao_290620-12.jpg'><img width=\"300\" height=\"300\" src=\"https:\/\/franciscanos.org.br\/noticias\/wp-content\/uploads\/2020\/06\/celebracao_290620-12-300x300.jpg\" class=\"attachment-thumbnail size-thumbnail\" alt=\"\" loading=\"lazy\" srcset=\"https:\/\/franciscanos.org.br\/noticias\/wp-content\/uploads\/2020\/06\/celebracao_290620-12-300x300.jpg 300w, https:\/\/franciscanos.org.br\/noticias\/wp-content\/uploads\/2020\/06\/celebracao_290620-12-100x100.jpg 100w\" sizes=\"(max-width: 300px) 100vw, 300px\" \/><\/a>\n\t\t\t<\/dt><\/dl><br style=\"clear: both\" \/>\n\t\t<\/div>\n\n","protected":false},"excerpt":{"rendered":"<p>Celebra\u00e7\u00e3o Ecum\u00eanica em Petr\u00f3polis (RJ)<\/p>\n","protected":false},"author":5,"featured_media":226893,"comment_status":"open","ping_status":"open","sticky":false,"template":"","format":"standard","meta":[],"categories":[1],"tags":[190],"acf":[],"yoast_head":"<!-- This site is optimized with the Yoast SEO plugin v19.2 - https:\/\/yoast.com\/wordpress\/plugins\/seo\/ -->\n<title>Celebra\u00e7\u00e3o Ecum\u00eanica marca os 175 anos da coloniza\u00e7\u00e3o alem\u00e3 na Cidade Imperial - Not\u00edcias - Franciscanos<\/title>\n<meta name=\"robots\" content=\"index, follow, max-snippet:-1, max-image-preview:large, max-video-preview:-1\" \/>\n<link rel=\"canonical\" href=\"https:\/\/franciscanos.org.br\/noticias\/celebracao-ecumenica-marca-os-175-anos-da-colonizacao-alema-na-cidade-imperial.html\" \/>\n<meta property=\"og:locale\" content=\"pt_BR\" \/>\n<meta property=\"og:type\" content=\"article\" \/>\n<meta property=\"og:title\" content=\"Celebra\u00e7\u00e3o Ecum\u00eanica marca os 175 anos da coloniza\u00e7\u00e3o alem\u00e3 na Cidade Imperial - Not\u00edcias - Franciscanos\" \/>\n<meta property=\"og:description\" content=\"Celebra\u00e7\u00e3o Ecum\u00eanica em Petr\u00f3polis (RJ)\" \/>\n<meta property=\"og:url\" content=\"https:\/\/franciscanos.org.br\/noticias\/celebracao-ecumenica-marca-os-175-anos-da-colonizacao-alema-na-cidade-imperial.html\" \/>\n<meta property=\"og:site_name\" content=\"Not\u00edcias - Franciscanos\" \/>\n<meta property=\"article:published_time\" content=\"2020-06-29T18:12:24+00:00\" \/>\n<meta property=\"article:modified_time\" content=\"2020-06-30T12:45:49+00:00\" \/>\n<meta property=\"og:image\" content=\"https:\/\/franciscanos.org.br\/noticias\/wp-content\/uploads\/2020\/06\/celebracaoecumenica_290620_800x600.jpg\" \/>\n\t<meta property=\"og:image:width\" content=\"800\" \/>\n\t<meta property=\"og:image:height\" content=\"600\" \/>\n\t<meta property=\"og:image:type\" content=\"image\/jpeg\" \/>\n<meta name=\"author\" content=\"freiaugusto\" \/>\n<meta name=\"twitter:card\" content=\"summary_large_image\" \/>\n<meta name=\"twitter:label1\" content=\"Escrito por\" \/>\n\t<meta name=\"twitter:data1\" content=\"freiaugusto\" \/>\n\t<meta name=\"twitter:label2\" content=\"Est. tempo de leitura\" \/>\n\t<meta name=\"twitter:data2\" content=\"8 minutos\" \/>\n<script type=\"application\/ld+json\" class=\"yoast-schema-graph\">{\"@context\":\"https:\/\/schema.org\",\"@graph\":[{\"@type\":\"WebSite\",\"@id\":\"https:\/\/franciscanos.org.br\/noticias\/#website\",\"url\":\"https:\/\/franciscanos.org.br\/noticias\/\",\"name\":\"Not\u00edcias - Franciscanos\",\"description\":\"Prov\u00edncia Franciscana da Imaculada Concei\u00e7\u00e3o do Brasil - Ordem dos Frades Menores - OFM\",\"potentialAction\":[{\"@type\":\"SearchAction\",\"target\":{\"@type\":\"EntryPoint\",\"urlTemplate\":\"https:\/\/franciscanos.org.br\/noticias\/?s={search_term_string}\"},\"query-input\":\"required name=search_term_string\"}],\"inLanguage\":\"pt-BR\"},{\"@type\":\"ImageObject\",\"inLanguage\":\"pt-BR\",\"@id\":\"https:\/\/franciscanos.org.br\/noticias\/celebracao-ecumenica-marca-os-175-anos-da-colonizacao-alema-na-cidade-imperial.html#primaryimage\",\"url\":\"https:\/\/franciscanos.org.br\/noticias\/wp-content\/uploads\/2020\/06\/celebracaoecumenica_290620_800x600.jpg\",\"contentUrl\":\"https:\/\/franciscanos.org.br\/noticias\/wp-content\/uploads\/2020\/06\/celebracaoecumenica_290620_800x600.jpg\",\"width\":800,\"height\":600},{\"@type\":\"WebPage\",\"@id\":\"https:\/\/franciscanos.org.br\/noticias\/celebracao-ecumenica-marca-os-175-anos-da-colonizacao-alema-na-cidade-imperial.html#webpage\",\"url\":\"https:\/\/franciscanos.org.br\/noticias\/celebracao-ecumenica-marca-os-175-anos-da-colonizacao-alema-na-cidade-imperial.html\",\"name\":\"Celebra\u00e7\u00e3o Ecum\u00eanica marca os 175 anos da coloniza\u00e7\u00e3o alem\u00e3 na Cidade Imperial - Not\u00edcias - Franciscanos\",\"isPartOf\":{\"@id\":\"https:\/\/franciscanos.org.br\/noticias\/#website\"},\"primaryImageOfPage\":{\"@id\":\"https:\/\/franciscanos.org.br\/noticias\/celebracao-ecumenica-marca-os-175-anos-da-colonizacao-alema-na-cidade-imperial.html#primaryimage\"},\"datePublished\":\"2020-06-29T18:12:24+00:00\",\"dateModified\":\"2020-06-30T12:45:49+00:00\",\"author\":{\"@id\":\"https:\/\/franciscanos.org.br\/noticias\/#\/schema\/person\/37f88f0d111cd5358b12a6556a99eb91\"},\"breadcrumb\":{\"@id\":\"https:\/\/franciscanos.org.br\/noticias\/celebracao-ecumenica-marca-os-175-anos-da-colonizacao-alema-na-cidade-imperial.html#breadcrumb\"},\"inLanguage\":\"pt-BR\",\"potentialAction\":[{\"@type\":\"ReadAction\",\"target\":[\"https:\/\/franciscanos.org.br\/noticias\/celebracao-ecumenica-marca-os-175-anos-da-colonizacao-alema-na-cidade-imperial.html\"]}]},{\"@type\":\"BreadcrumbList\",\"@id\":\"https:\/\/franciscanos.org.br\/noticias\/celebracao-ecumenica-marca-os-175-anos-da-colonizacao-alema-na-cidade-imperial.html#breadcrumb\",\"itemListElement\":[{\"@type\":\"ListItem\",\"position\":1,\"name\":\"Home\",\"item\":\"https:\/\/franciscanos.org.br\/noticias\"},{\"@type\":\"ListItem\",\"position\":2,\"name\":\"Celebra\u00e7\u00e3o Ecum\u00eanica marca os 175 anos da coloniza\u00e7\u00e3o alem\u00e3 na Cidade Imperial\"}]},{\"@type\":\"Person\",\"@id\":\"https:\/\/franciscanos.org.br\/noticias\/#\/schema\/person\/37f88f0d111cd5358b12a6556a99eb91\",\"name\":\"freiaugusto\",\"image\":{\"@type\":\"ImageObject\",\"inLanguage\":\"pt-BR\",\"@id\":\"https:\/\/franciscanos.org.br\/noticias\/#\/schema\/person\/image\/\",\"url\":\"https:\/\/secure.gravatar.com\/avatar\/9840b940e621801b24f3e6b059efb4b7?s=96&d=mm&r=g\",\"contentUrl\":\"https:\/\/secure.gravatar.com\/avatar\/9840b940e621801b24f3e6b059efb4b7?s=96&d=mm&r=g\",\"caption\":\"freiaugusto\"},\"url\":\"https:\/\/franciscanos.org.br\/noticias\/author\/freiaugusto\"}]}<\/script>\n<!-- \/ Yoast SEO plugin. -->","yoast_head_json":{"title":"Celebra\u00e7\u00e3o Ecum\u00eanica marca os 175 anos da coloniza\u00e7\u00e3o alem\u00e3 na Cidade Imperial - Not\u00edcias - Franciscanos","robots":{"index":"index","follow":"follow","max-snippet":"max-snippet:-1","max-image-preview":"max-image-preview:large","max-video-preview":"max-video-preview:-1"},"canonical":"https:\/\/franciscanos.org.br\/noticias\/celebracao-ecumenica-marca-os-175-anos-da-colonizacao-alema-na-cidade-imperial.html","og_locale":"pt_BR","og_type":"article","og_title":"Celebra\u00e7\u00e3o Ecum\u00eanica marca os 175 anos da coloniza\u00e7\u00e3o alem\u00e3 na Cidade Imperial - Not\u00edcias - Franciscanos","og_description":"Celebra\u00e7\u00e3o Ecum\u00eanica em Petr\u00f3polis (RJ)","og_url":"https:\/\/franciscanos.org.br\/noticias\/celebracao-ecumenica-marca-os-175-anos-da-colonizacao-alema-na-cidade-imperial.html","og_site_name":"Not\u00edcias - Franciscanos","article_published_time":"2020-06-29T18:12:24+00:00","article_modified_time":"2020-06-30T12:45:49+00:00","og_image":[{"width":800,"height":600,"url":"https:\/\/franciscanos.org.br\/noticias\/wp-content\/uploads\/2020\/06\/celebracaoecumenica_290620_800x600.jpg","type":"image\/jpeg"}],"author":"freiaugusto","twitter_card":"summary_large_image","twitter_misc":{"Escrito por":"freiaugusto","Est. tempo de leitura":"8 minutos"},"schema":{"@context":"https:\/\/schema.org","@graph":[{"@type":"WebSite","@id":"https:\/\/franciscanos.org.br\/noticias\/#website","url":"https:\/\/franciscanos.org.br\/noticias\/","name":"Not\u00edcias - Franciscanos","description":"Prov\u00edncia Franciscana da Imaculada Concei\u00e7\u00e3o do Brasil - Ordem dos Frades Menores - OFM","potentialAction":[{"@type":"SearchAction","target":{"@type":"EntryPoint","urlTemplate":"https:\/\/franciscanos.org.br\/noticias\/?s={search_term_string}"},"query-input":"required name=search_term_string"}],"inLanguage":"pt-BR"},{"@type":"ImageObject","inLanguage":"pt-BR","@id":"https:\/\/franciscanos.org.br\/noticias\/celebracao-ecumenica-marca-os-175-anos-da-colonizacao-alema-na-cidade-imperial.html#primaryimage","url":"https:\/\/franciscanos.org.br\/noticias\/wp-content\/uploads\/2020\/06\/celebracaoecumenica_290620_800x600.jpg","contentUrl":"https:\/\/franciscanos.org.br\/noticias\/wp-content\/uploads\/2020\/06\/celebracaoecumenica_290620_800x600.jpg","width":800,"height":600},{"@type":"WebPage","@id":"https:\/\/franciscanos.org.br\/noticias\/celebracao-ecumenica-marca-os-175-anos-da-colonizacao-alema-na-cidade-imperial.html#webpage","url":"https:\/\/franciscanos.org.br\/noticias\/celebracao-ecumenica-marca-os-175-anos-da-colonizacao-alema-na-cidade-imperial.html","name":"Celebra\u00e7\u00e3o Ecum\u00eanica marca os 175 anos da coloniza\u00e7\u00e3o alem\u00e3 na Cidade Imperial - Not\u00edcias - Franciscanos","isPartOf":{"@id":"https:\/\/franciscanos.org.br\/noticias\/#website"},"primaryImageOfPage":{"@id":"https:\/\/franciscanos.org.br\/noticias\/celebracao-ecumenica-marca-os-175-anos-da-colonizacao-alema-na-cidade-imperial.html#primaryimage"},"datePublished":"2020-06-29T18:12:24+00:00","dateModified":"2020-06-30T12:45:49+00:00","author":{"@id":"https:\/\/franciscanos.org.br\/noticias\/#\/schema\/person\/37f88f0d111cd5358b12a6556a99eb91"},"breadcrumb":{"@id":"https:\/\/franciscanos.org.br\/noticias\/celebracao-ecumenica-marca-os-175-anos-da-colonizacao-alema-na-cidade-imperial.html#breadcrumb"},"inLanguage":"pt-BR","potentialAction":[{"@type":"ReadAction","target":["https:\/\/franciscanos.org.br\/noticias\/celebracao-ecumenica-marca-os-175-anos-da-colonizacao-alema-na-cidade-imperial.html"]}]},{"@type":"BreadcrumbList","@id":"https:\/\/franciscanos.org.br\/noticias\/celebracao-ecumenica-marca-os-175-anos-da-colonizacao-alema-na-cidade-imperial.html#breadcrumb","itemListElement":[{"@type":"ListItem","position":1,"name":"Home","item":"https:\/\/franciscanos.org.br\/noticias"},{"@type":"ListItem","position":2,"name":"Celebra\u00e7\u00e3o Ecum\u00eanica marca os 175 anos da coloniza\u00e7\u00e3o alem\u00e3 na Cidade Imperial"}]},{"@type":"Person","@id":"https:\/\/franciscanos.org.br\/noticias\/#\/schema\/person\/37f88f0d111cd5358b12a6556a99eb91","name":"freiaugusto","image":{"@type":"ImageObject","inLanguage":"pt-BR","@id":"https:\/\/franciscanos.org.br\/noticias\/#\/schema\/person\/image\/","url":"https:\/\/secure.gravatar.com\/avatar\/9840b940e621801b24f3e6b059efb4b7?s=96&d=mm&r=g","contentUrl":"https:\/\/secure.gravatar.com\/avatar\/9840b940e621801b24f3e6b059efb4b7?s=96&d=mm&r=g","caption":"freiaugusto"},"url":"https:\/\/franciscanos.org.br\/noticias\/author\/freiaugusto"}]}},"_links":{"self":[{"href":"https:\/\/franciscanos.org.br\/noticias\/wp-json\/wp\/v2\/posts\/226887"}],"collection":[{"href":"https:\/\/franciscanos.org.br\/noticias\/wp-json\/wp\/v2\/posts"}],"about":[{"href":"https:\/\/franciscanos.org.br\/noticias\/wp-json\/wp\/v2\/types\/post"}],"author":[{"embeddable":true,"href":"https:\/\/franciscanos.org.br\/noticias\/wp-json\/wp\/v2\/users\/5"}],"replies":[{"embeddable":true,"href":"https:\/\/franciscanos.org.br\/noticias\/wp-json\/wp\/v2\/comments?post=226887"}],"version-history":[{"count":3,"href":"https:\/\/franciscanos.org.br\/noticias\/wp-json\/wp\/v2\/posts\/226887\/revisions"}],"predecessor-version":[{"id":226913,"href":"https:\/\/franciscanos.org.br\/noticias\/wp-json\/wp\/v2\/posts\/226887\/revisions\/226913"}],"wp:featuredmedia":[{"embeddable":true,"href":"https:\/\/franciscanos.org.br\/noticias\/wp-json\/wp\/v2\/media\/226893"}],"wp:attachment":[{"href":"https:\/\/franciscanos.org.br\/noticias\/wp-json\/wp\/v2\/media?parent=226887"}],"wp:term":[{"taxonomy":"category","embeddable":true,"href":"https:\/\/franciscanos.org.br\/noticias\/wp-json\/wp\/v2\/categories?post=226887"},{"taxonomy":"post_tag","embeddable":true,"href":"https:\/\/franciscanos.org.br\/noticias\/wp-json\/wp\/v2\/tags?post=226887"}],"curies":[{"name":"wp","href":"https:\/\/api.w.org\/{rel}","templated":true}]}}