{"id":226876,"date":"2020-07-17T08:50:59","date_gmt":"2020-07-17T11:50:59","guid":{"rendered":"https:\/\/franciscanos.org.br\/noticias\/?p=226876"},"modified":"2021-04-19T22:36:53","modified_gmt":"2021-04-20T01:36:53","slug":"o-sexto-sacerdote-da-missao-de-angola","status":"publish","type":"post","link":"https:\/\/franciscanos.org.br\/noticias\/o-sexto-sacerdote-da-missao-de-angola.html","title":{"rendered":"Frei Jos\u00e9 ser\u00e1 ordenado presb\u00edtero em Angola"},"content":{"rendered":"<p><img loading=\"lazy\" class=\"alignnone size-full wp-image-226909\" src=\"https:\/\/franciscanos.org.br\/noticias\/wp-content\/uploads\/2020\/06\/cambolo_3006.jpg\" alt=\"\" width=\"1280\" height=\"720\" srcset=\"https:\/\/franciscanos.org.br\/noticias\/wp-content\/uploads\/2020\/06\/cambolo_3006.jpg 1280w, https:\/\/franciscanos.org.br\/noticias\/wp-content\/uploads\/2020\/06\/cambolo_3006-450x253.jpg 450w, https:\/\/franciscanos.org.br\/noticias\/wp-content\/uploads\/2020\/06\/cambolo_3006-1024x576.jpg 1024w, https:\/\/franciscanos.org.br\/noticias\/wp-content\/uploads\/2020\/06\/cambolo_3006-768x432.jpg 768w, https:\/\/franciscanos.org.br\/noticias\/wp-content\/uploads\/2020\/06\/cambolo_3006-150x84.jpg 150w\" sizes=\"(max-width: 1280px) 100vw, 1280px\" \/><\/p>\n<p><em>Depois de tr\u00eas meses de espera, Frei Jos\u00e9 Morais Cambolo ser\u00e1 ordenado presb\u00edtero neste s\u00e1bado, 18 de julho, no Kimbo S\u00e3o Francisco de Assis, em Luanda (Angola), pelas m\u00e3os de Dom Filomeno do Nascimento Vieira Dias, arcebispo metropolitano da Arquidiocese de Luanda. Sua ordena\u00e7\u00e3o deveria ter acontecido em 18 de abril, mas devido \u00e0 pandemia que chegou a Angola, ela foi adiada para este m\u00eas.\u00a0 Sua primeira Missa ser\u00e1 celebrada na Par\u00f3quia S\u00e3o Jos\u00e9 Oper\u00e1rio, na Comunidade Sagrada Fam\u00edlia, em Cazenga, Luanda, no dia seguinte \u00e0 ordena\u00e7\u00e3o.<\/em><\/p>\n<p><em>Frei Jos\u00e9 nasceu em Luanda, Angola, em 26 de janeiro de 1989. \u00c9 filho de Jos\u00e9 Mateus Cambolo e Josefa Ant\u00f4nio Morais, e tem seis irm\u00e3os: tr\u00eas meninos e tr\u00eas meninas. Ele \u00e9 o quinto. Com a conclus\u00e3o do curso de Teologia, Frei Jos\u00e9 foi ordenado di\u00e1cono no dia 30 de junho de 2019, em Petr\u00f3polis (RJ).<\/em><\/p>\n<p><em>Frei Jos\u00e9 escolheu como lema de sua ordena\u00e7\u00e3o presbiteral um vers\u00edculo tirado do Evangelho de S\u00e3o Jo\u00e3o: \u201cApascenta as minhas ovelhas\u201d (Jo\u00e3o 21,15).<\/em><\/p>\n<p><em>Neste ano que a Miss\u00e3o de Angola celebra 30 anos de funda\u00e7\u00e3o, Frei Jos\u00e9 torna-se, assim, o sexto frade a ser ordenado presb\u00edtero na Funda\u00e7\u00e3o Imaculada M\u00e3e de Deus de Angola.<\/em><\/p>\n<p><strong>Site Franciscanos<\/strong> \u2013 <em>Fale um pouco sobre a sua caminhada vocacional.<\/em><\/p>\n<p><strong>Frei Jos\u00e9 Morais Cambolo<\/strong> \u2013 O in\u00edcio da caminhada vocacional foi normal, sem fatos extraordin\u00e1rios. \u201cMas h\u00e1 algo que considero fundamental: a nossa casa era vizinha do Semin\u00e1rio dos Mission\u00e1rios Josefinos. Esses religiosos marcaram muito minha vida. Foram eles que me incentivaram a participar da vida da Igreja, da catequese, do grupo de coroinhas e, posteriormente, do grupo vocacional paroquial da Par\u00f3quia S\u00e3o Jos\u00e9 Oper\u00e1rio, que era administrada pelos mesmos. Frequentava ordinariamente essa comunidade religiosa, que at\u00e9 ent\u00e3o me questionava. E questionado sobre o porqu\u00ea de ingressar na Ordem dos Frades Menores e n\u00e3o nos Mission\u00e1rios Josefinos. Por interm\u00e9dio das Irm\u00e3s Catequistas Franciscanas, conheci um pouco da vida de S\u00e3o Francisco de Assis. Fiquei encantado pela determina\u00e7\u00e3o do santo ainda na sua juventude. Fui acolhido por Frei Jos\u00e9 Ant\u00f4nio dos Santos e Frei Alexandre Magno Cordeiro, comecei a frequentar os encontros vocacionais e, assim, dei os primeiros passos na vida franciscana. Sem medo de errar, afirmo que foi Deus quem me conduziu \u00e0 fam\u00edlia franciscana.<\/p>\n<p><strong>Site Franciscanos<\/strong> \u2013 <em>Voc\u00ea \u00e9 uma das primeiras voca\u00e7\u00f5es da Miss\u00e3o de Angola. Como v\u00ea o futuro da Funda\u00e7\u00e3o?<\/em><\/p>\n<p><strong>Frei Jos\u00e9<\/strong> \u2013 A FIMDA est\u00e1 passando por momentos importantes, digo at\u00e9 momentos de gra\u00e7a, um sonho desde o in\u00edcio da miss\u00e3o, que \u00e9 a implanta\u00e7\u00e3o da Ordem dos Frades Menores em Angola. O futuro da FIMDA est\u00e1 a\u00ed: dos frades ao povo em geral que t\u00eam assumido o nosso carisma. Gra\u00e7as \u00e0 entrega e dedica\u00e7\u00e3o da Fraternidade Provincial \u00e9 que o futuro est\u00e1, aos poucos, se concretizando. Por isso, considero como momento de gra\u00e7a, n\u00e3o somente pelo n\u00famero de candidatos, mas pelos frutos que confirmam que o carisma franciscano, apesar das limita\u00e7\u00f5es humanas, est\u00e1 \u2018\u201centrando capilarmente\u201d no solo angolano. Nas Frentes de Evangeliza\u00e7\u00e3o \u2013 Par\u00f3quias e Centros de Acolhimento, educa\u00e7\u00e3o, forma\u00e7\u00e3o, comunica\u00e7\u00e3o, solidariedade e miss\u00e3o -, nota-se o vigor da viv\u00eancia do Evangelho como quis nosso Pai S\u00e3o Francisco.<\/p>\n<p><strong>Site Franciscanos<\/strong> \u2013 <em>Vale a pena ser religioso franciscano? Deixe uma mensagem para os jovens que querem conhecer o carisma franciscano.<\/em><\/p>\n<p><strong>Frei Jos\u00e9<\/strong> \u2013 Penso que ser franciscano n\u00e3o foi somente minha escolha. Poderia talvez ser mission\u00e1rio josefino, mas foi Deus quem me conduziu \u00e0 Ordem dos Frades Menores e, com toda a liberdade, experimentei, amei, e assumo conscientemente o carisma franciscano. Considero ser franciscano a p\u00e1gina mais bela de minha vida! Como o Cristo, o franciscano \u00e9 aquele que vive autenticamente a sua vida de f\u00e9. Como disc\u00edpulo de Cristo, serve os irm\u00e3os e irm\u00e3s, lava os p\u00e9s dos outros, se faz irm\u00e3o e menor de todos! Aos jovens que pretendem conhecer o carisma franciscano, digo n\u00e3o tenham medo, venham e fa\u00e7am a experi\u00eancia do seguimento de Cristo conosco. A partir do \u201cvinde e vede\u201d, da vida em fraternidade, nas pequenas coisas, muitas vezes insignificantes aos olhos dos demais, como o santo de Assis, posso afirmar: \u201c\u00c9 isso que eu quero, \u00e9 isso que eu procuro, \u00e9 isso que eu desejo de todo o cora\u00e7\u00e3o!\u201d<\/p>\n<p><img loading=\"lazy\" src=\"https:\/\/franciscanos.org.br\/noticias\/wp-content\/uploads\/2020\/06\/cambolo-convite-2-scaled.gif\" alt=\"\" width=\"1106\" height=\"1920\" \/><\/p>\n","protected":false},"excerpt":{"rendered":"<p>Ordena\u00e7\u00e3o presbiteral de Frei Jos\u00e9 Morais Cambolo<\/p>\n","protected":false},"author":7,"featured_media":226878,"comment_status":"open","ping_status":"open","sticky":false,"template":"","format":"standard","meta":[],"categories":[1],"tags":[157,190],"acf":[],"yoast_head":"<!-- This site is optimized with the Yoast SEO plugin v19.2 - https:\/\/yoast.com\/wordpress\/plugins\/seo\/ -->\n<title>Frei Jos\u00e9 ser\u00e1 ordenado presb\u00edtero em Angola - Not\u00edcias - Franciscanos<\/title>\n<meta name=\"robots\" content=\"index, follow, max-snippet:-1, max-image-preview:large, max-video-preview:-1\" \/>\n<link rel=\"canonical\" href=\"https:\/\/franciscanos.org.br\/noticias\/o-sexto-sacerdote-da-missao-de-angola.html\" \/>\n<meta property=\"og:locale\" content=\"pt_BR\" \/>\n<meta property=\"og:type\" content=\"article\" \/>\n<meta property=\"og:title\" content=\"Frei Jos\u00e9 ser\u00e1 ordenado presb\u00edtero em Angola - Not\u00edcias - Franciscanos\" \/>\n<meta property=\"og:description\" content=\"Ordena\u00e7\u00e3o presbiteral de Frei Jos\u00e9 Morais Cambolo\" \/>\n<meta property=\"og:url\" content=\"https:\/\/franciscanos.org.br\/noticias\/o-sexto-sacerdote-da-missao-de-angola.html\" \/>\n<meta property=\"og:site_name\" content=\"Not\u00edcias - Franciscanos\" \/>\n<meta property=\"article:published_time\" content=\"2020-07-17T11:50:59+00:00\" \/>\n<meta property=\"article:modified_time\" content=\"2021-04-20T01:36:53+00:00\" \/>\n<meta property=\"og:image\" content=\"https:\/\/franciscanos.org.br\/noticias\/wp-content\/uploads\/2020\/06\/cambolo-800.gif\" \/>\n\t<meta property=\"og:image:width\" content=\"800\" \/>\n\t<meta property=\"og:image:height\" content=\"600\" \/>\n\t<meta property=\"og:image:type\" content=\"image\/gif\" \/>\n<meta name=\"author\" content=\"jovenal\" \/>\n<meta name=\"twitter:card\" content=\"summary_large_image\" \/>\n<meta name=\"twitter:label1\" content=\"Escrito por\" \/>\n\t<meta name=\"twitter:data1\" content=\"jovenal\" \/>\n\t<meta name=\"twitter:label2\" content=\"Est. tempo de leitura\" \/>\n\t<meta name=\"twitter:data2\" content=\"4 minutos\" \/>\n<script type=\"application\/ld+json\" class=\"yoast-schema-graph\">{\"@context\":\"https:\/\/schema.org\",\"@graph\":[{\"@type\":\"WebSite\",\"@id\":\"https:\/\/franciscanos.org.br\/noticias\/#website\",\"url\":\"https:\/\/franciscanos.org.br\/noticias\/\",\"name\":\"Not\u00edcias - Franciscanos\",\"description\":\"Prov\u00edncia Franciscana da Imaculada Concei\u00e7\u00e3o do Brasil - Ordem dos Frades Menores - OFM\",\"potentialAction\":[{\"@type\":\"SearchAction\",\"target\":{\"@type\":\"EntryPoint\",\"urlTemplate\":\"https:\/\/franciscanos.org.br\/noticias\/?s={search_term_string}\"},\"query-input\":\"required name=search_term_string\"}],\"inLanguage\":\"pt-BR\"},{\"@type\":\"ImageObject\",\"inLanguage\":\"pt-BR\",\"@id\":\"https:\/\/franciscanos.org.br\/noticias\/o-sexto-sacerdote-da-missao-de-angola.html#primaryimage\",\"url\":\"https:\/\/franciscanos.org.br\/noticias\/wp-content\/uploads\/2020\/06\/cambolo-800.gif\",\"contentUrl\":\"https:\/\/franciscanos.org.br\/noticias\/wp-content\/uploads\/2020\/06\/cambolo-800.gif\",\"width\":800,\"height\":600},{\"@type\":\"WebPage\",\"@id\":\"https:\/\/franciscanos.org.br\/noticias\/o-sexto-sacerdote-da-missao-de-angola.html#webpage\",\"url\":\"https:\/\/franciscanos.org.br\/noticias\/o-sexto-sacerdote-da-missao-de-angola.html\",\"name\":\"Frei Jos\u00e9 ser\u00e1 ordenado presb\u00edtero em Angola - Not\u00edcias - Franciscanos\",\"isPartOf\":{\"@id\":\"https:\/\/franciscanos.org.br\/noticias\/#website\"},\"primaryImageOfPage\":{\"@id\":\"https:\/\/franciscanos.org.br\/noticias\/o-sexto-sacerdote-da-missao-de-angola.html#primaryimage\"},\"datePublished\":\"2020-07-17T11:50:59+00:00\",\"dateModified\":\"2021-04-20T01:36:53+00:00\",\"author\":{\"@id\":\"https:\/\/franciscanos.org.br\/noticias\/#\/schema\/person\/c3a26b08313dd1772495ce300ab257cc\"},\"breadcrumb\":{\"@id\":\"https:\/\/franciscanos.org.br\/noticias\/o-sexto-sacerdote-da-missao-de-angola.html#breadcrumb\"},\"inLanguage\":\"pt-BR\",\"potentialAction\":[{\"@type\":\"ReadAction\",\"target\":[\"https:\/\/franciscanos.org.br\/noticias\/o-sexto-sacerdote-da-missao-de-angola.html\"]}]},{\"@type\":\"BreadcrumbList\",\"@id\":\"https:\/\/franciscanos.org.br\/noticias\/o-sexto-sacerdote-da-missao-de-angola.html#breadcrumb\",\"itemListElement\":[{\"@type\":\"ListItem\",\"position\":1,\"name\":\"Home\",\"item\":\"https:\/\/franciscanos.org.br\/noticias\"},{\"@type\":\"ListItem\",\"position\":2,\"name\":\"Frei Jos\u00e9 ser\u00e1 ordenado presb\u00edtero em Angola\"}]},{\"@type\":\"Person\",\"@id\":\"https:\/\/franciscanos.org.br\/noticias\/#\/schema\/person\/c3a26b08313dd1772495ce300ab257cc\",\"name\":\"jovenal\",\"image\":{\"@type\":\"ImageObject\",\"inLanguage\":\"pt-BR\",\"@id\":\"https:\/\/franciscanos.org.br\/noticias\/#\/schema\/person\/image\/\",\"url\":\"https:\/\/secure.gravatar.com\/avatar\/e94509f531086e2eaf97e72f29ea00f9?s=96&d=mm&r=g\",\"contentUrl\":\"https:\/\/secure.gravatar.com\/avatar\/e94509f531086e2eaf97e72f29ea00f9?s=96&d=mm&r=g\",\"caption\":\"jovenal\"},\"url\":\"https:\/\/franciscanos.org.br\/noticias\/author\/jovenal\"}]}<\/script>\n<!-- \/ Yoast SEO plugin. -->","yoast_head_json":{"title":"Frei Jos\u00e9 ser\u00e1 ordenado presb\u00edtero em Angola - Not\u00edcias - Franciscanos","robots":{"index":"index","follow":"follow","max-snippet":"max-snippet:-1","max-image-preview":"max-image-preview:large","max-video-preview":"max-video-preview:-1"},"canonical":"https:\/\/franciscanos.org.br\/noticias\/o-sexto-sacerdote-da-missao-de-angola.html","og_locale":"pt_BR","og_type":"article","og_title":"Frei Jos\u00e9 ser\u00e1 ordenado presb\u00edtero em Angola - Not\u00edcias - Franciscanos","og_description":"Ordena\u00e7\u00e3o presbiteral de Frei Jos\u00e9 Morais Cambolo","og_url":"https:\/\/franciscanos.org.br\/noticias\/o-sexto-sacerdote-da-missao-de-angola.html","og_site_name":"Not\u00edcias - Franciscanos","article_published_time":"2020-07-17T11:50:59+00:00","article_modified_time":"2021-04-20T01:36:53+00:00","og_image":[{"width":800,"height":600,"url":"https:\/\/franciscanos.org.br\/noticias\/wp-content\/uploads\/2020\/06\/cambolo-800.gif","type":"image\/gif"}],"author":"jovenal","twitter_card":"summary_large_image","twitter_misc":{"Escrito por":"jovenal","Est. tempo de leitura":"4 minutos"},"schema":{"@context":"https:\/\/schema.org","@graph":[{"@type":"WebSite","@id":"https:\/\/franciscanos.org.br\/noticias\/#website","url":"https:\/\/franciscanos.org.br\/noticias\/","name":"Not\u00edcias - Franciscanos","description":"Prov\u00edncia Franciscana da Imaculada Concei\u00e7\u00e3o do Brasil - Ordem dos Frades Menores - OFM","potentialAction":[{"@type":"SearchAction","target":{"@type":"EntryPoint","urlTemplate":"https:\/\/franciscanos.org.br\/noticias\/?s={search_term_string}"},"query-input":"required name=search_term_string"}],"inLanguage":"pt-BR"},{"@type":"ImageObject","inLanguage":"pt-BR","@id":"https:\/\/franciscanos.org.br\/noticias\/o-sexto-sacerdote-da-missao-de-angola.html#primaryimage","url":"https:\/\/franciscanos.org.br\/noticias\/wp-content\/uploads\/2020\/06\/cambolo-800.gif","contentUrl":"https:\/\/franciscanos.org.br\/noticias\/wp-content\/uploads\/2020\/06\/cambolo-800.gif","width":800,"height":600},{"@type":"WebPage","@id":"https:\/\/franciscanos.org.br\/noticias\/o-sexto-sacerdote-da-missao-de-angola.html#webpage","url":"https:\/\/franciscanos.org.br\/noticias\/o-sexto-sacerdote-da-missao-de-angola.html","name":"Frei Jos\u00e9 ser\u00e1 ordenado presb\u00edtero em Angola - Not\u00edcias - Franciscanos","isPartOf":{"@id":"https:\/\/franciscanos.org.br\/noticias\/#website"},"primaryImageOfPage":{"@id":"https:\/\/franciscanos.org.br\/noticias\/o-sexto-sacerdote-da-missao-de-angola.html#primaryimage"},"datePublished":"2020-07-17T11:50:59+00:00","dateModified":"2021-04-20T01:36:53+00:00","author":{"@id":"https:\/\/franciscanos.org.br\/noticias\/#\/schema\/person\/c3a26b08313dd1772495ce300ab257cc"},"breadcrumb":{"@id":"https:\/\/franciscanos.org.br\/noticias\/o-sexto-sacerdote-da-missao-de-angola.html#breadcrumb"},"inLanguage":"pt-BR","potentialAction":[{"@type":"ReadAction","target":["https:\/\/franciscanos.org.br\/noticias\/o-sexto-sacerdote-da-missao-de-angola.html"]}]},{"@type":"BreadcrumbList","@id":"https:\/\/franciscanos.org.br\/noticias\/o-sexto-sacerdote-da-missao-de-angola.html#breadcrumb","itemListElement":[{"@type":"ListItem","position":1,"name":"Home","item":"https:\/\/franciscanos.org.br\/noticias"},{"@type":"ListItem","position":2,"name":"Frei Jos\u00e9 ser\u00e1 ordenado presb\u00edtero em Angola"}]},{"@type":"Person","@id":"https:\/\/franciscanos.org.br\/noticias\/#\/schema\/person\/c3a26b08313dd1772495ce300ab257cc","name":"jovenal","image":{"@type":"ImageObject","inLanguage":"pt-BR","@id":"https:\/\/franciscanos.org.br\/noticias\/#\/schema\/person\/image\/","url":"https:\/\/secure.gravatar.com\/avatar\/e94509f531086e2eaf97e72f29ea00f9?s=96&d=mm&r=g","contentUrl":"https:\/\/secure.gravatar.com\/avatar\/e94509f531086e2eaf97e72f29ea00f9?s=96&d=mm&r=g","caption":"jovenal"},"url":"https:\/\/franciscanos.org.br\/noticias\/author\/jovenal"}]}},"_links":{"self":[{"href":"https:\/\/franciscanos.org.br\/noticias\/wp-json\/wp\/v2\/posts\/226876"}],"collection":[{"href":"https:\/\/franciscanos.org.br\/noticias\/wp-json\/wp\/v2\/posts"}],"about":[{"href":"https:\/\/franciscanos.org.br\/noticias\/wp-json\/wp\/v2\/types\/post"}],"author":[{"embeddable":true,"href":"https:\/\/franciscanos.org.br\/noticias\/wp-json\/wp\/v2\/users\/7"}],"replies":[{"embeddable":true,"href":"https:\/\/franciscanos.org.br\/noticias\/wp-json\/wp\/v2\/comments?post=226876"}],"version-history":[{"count":9,"href":"https:\/\/franciscanos.org.br\/noticias\/wp-json\/wp\/v2\/posts\/226876\/revisions"}],"predecessor-version":[{"id":227090,"href":"https:\/\/franciscanos.org.br\/noticias\/wp-json\/wp\/v2\/posts\/226876\/revisions\/227090"}],"wp:featuredmedia":[{"embeddable":true,"href":"https:\/\/franciscanos.org.br\/noticias\/wp-json\/wp\/v2\/media\/226878"}],"wp:attachment":[{"href":"https:\/\/franciscanos.org.br\/noticias\/wp-json\/wp\/v2\/media?parent=226876"}],"wp:term":[{"taxonomy":"category","embeddable":true,"href":"https:\/\/franciscanos.org.br\/noticias\/wp-json\/wp\/v2\/categories?post=226876"},{"taxonomy":"post_tag","embeddable":true,"href":"https:\/\/franciscanos.org.br\/noticias\/wp-json\/wp\/v2\/tags?post=226876"}],"curies":[{"name":"wp","href":"https:\/\/api.w.org\/{rel}","templated":true}]}}