{"id":226864,"date":"2020-06-29T07:49:41","date_gmt":"2020-06-29T10:49:41","guid":{"rendered":"https:\/\/franciscanos.org.br\/noticias\/?p=226864"},"modified":"2021-08-29T10:55:49","modified_gmt":"2021-08-29T13:55:49","slug":"papa-hoje-precisamos-de-testemunhos-de-que-o-evangelho-e-possivel","status":"publish","type":"post","link":"https:\/\/franciscanos.org.br\/noticias\/papa-hoje-precisamos-de-testemunhos-de-que-o-evangelho-e-possivel.html","title":{"rendered":"Papa: hoje precisamos de testemunhos de que o Evangelho \u00e9 poss\u00edvel"},"content":{"rendered":"<div id=\"attachment_226865\" style=\"width: 900px\" class=\"wp-caption alignnone\"><img aria-describedby=\"caption-attachment-226865\" loading=\"lazy\" class=\"wp-image-226865 size-full\" src=\"https:\/\/franciscanos.org.br\/noticias\/wp-content\/uploads\/2020\/06\/solenidade_2906.jpg\" alt=\"\" width=\"890\" height=\"527\" srcset=\"https:\/\/franciscanos.org.br\/noticias\/wp-content\/uploads\/2020\/06\/solenidade_2906.jpg 890w, https:\/\/franciscanos.org.br\/noticias\/wp-content\/uploads\/2020\/06\/solenidade_2906-450x266.jpg 450w, https:\/\/franciscanos.org.br\/noticias\/wp-content\/uploads\/2020\/06\/solenidade_2906-768x455.jpg 768w, https:\/\/franciscanos.org.br\/noticias\/wp-content\/uploads\/2020\/06\/solenidade_2906-150x89.jpg 150w\" sizes=\"(max-width: 890px) 100vw, 890px\" \/><p id=\"caption-attachment-226865\" class=\"wp-caption-text\">\u00a0 \u00a0 \u00a0 \u00a0 \u00a0 \u00a0 \u00a0 \u00a0 \u00a0 \u00a0 \u00a0 \u00a0 \u00a0 \u00a0 \u00a0 \u00a0 \u00a0 \u00a0 \u00a0 \u00a0 \u00a0 \u00a0 \u00a0 \u00a0 \u00a0 \u00a0 \u00a0 \u00a0 \u00a0 \u00a0 \u00a0 \u00a0 \u00a0 \u00a0 \u00a0 \u00a0 \u00a0 \u00a0 \u00a0 \u00a0 \u00a0 \u00a0 \u00a0 \u00a0 \u00a0 \u00a0 \u00a0 \u00a0 \u00a0 \u00a0 \u00a0 \u00a0 \u00a0 \u00a0 \u00a0 \u00a0 <em>Imagens: Vatican Media<\/em><\/p><\/div>\n<p><strong>Cidade do Vaticano<\/strong> &#8211; \u201cComo o Senhor transformou Sim\u00e3o em Pedro, assim chama a cada um para fazer de n\u00f3s pedras vivas, com as quais construir uma Igreja e uma humanidade renovadas. H\u00e1 sempre quem destrua a unidade e quem apague a profecia, mas o Senhor acredita em n\u00f3s e pede-te: \u00abQueres ser construtor de unidade? Queres ser profeta do meu c\u00e9u na terra?\u00bb Deixemo-nos provocar por Jesus e ganhemos a coragem de Lhe dizer: \u00abSim, quero\u00bb!<\/p>\n<p>N\u00e3o no Altar da Confiss\u00e3o com a Bas\u00edlica de S\u00e3o Pedro lotada, mas no Altar da C\u00e1tedra, na presen\u00e7a de cerca de 90 fi\u00e9is. Na Solenidade dos Santos Pedro e Paulo &#8211; em tempos em que s\u00e3o tomados todos os cuidados para evitar nova onda de cont\u00e1gios por coronav\u00edrus &#8211; o Papa Francisco presidiu a Santa Missa (no Brasil, a solenidade foi celebrada ontem, domingo), destacando duas palavras-chave: unidade e profecia.<\/p>\n<p>No in\u00edcio da celebra\u00e7\u00e3o, ap\u00f3s a sauda\u00e7\u00e3o lit\u00fargica, o Decano do Col\u00e9gio Cardinal\u00edcio, cardeal Giovanni Battista Re fez um breve pronunciamento, que antecedeu o rito da b\u00ean\u00e7\u00e3o dos p\u00e1lios que ser\u00e3o entregues aos Arcebispos Metropolitas nomeados no decorrer do \u00faltimo ano. O cardeal Re recebeu o p\u00e1lio do pr\u00f3prio Papa Francisco.<\/p>\n<p><img loading=\"lazy\" class=\"alignnone size-full wp-image-226867\" src=\"https:\/\/franciscanos.org.br\/noticias\/wp-content\/uploads\/2020\/06\/solenidade_2906_1.jpg\" alt=\"\" width=\"890\" height=\"591\" srcset=\"https:\/\/franciscanos.org.br\/noticias\/wp-content\/uploads\/2020\/06\/solenidade_2906_1.jpg 890w, https:\/\/franciscanos.org.br\/noticias\/wp-content\/uploads\/2020\/06\/solenidade_2906_1-450x299.jpg 450w, https:\/\/franciscanos.org.br\/noticias\/wp-content\/uploads\/2020\/06\/solenidade_2906_1-768x510.jpg 768w, https:\/\/franciscanos.org.br\/noticias\/wp-content\/uploads\/2020\/06\/solenidade_2906_1-150x100.jpg 150w\" sizes=\"(max-width: 890px) 100vw, 890px\" \/><\/p>\n<p><strong><img loading=\"lazy\" class=\"alignleft wp-image-226868\" src=\"https:\/\/franciscanos.org.br\/noticias\/wp-content\/uploads\/2020\/06\/solenidade_2906_2.jpg\" alt=\"\" width=\"285\" height=\"218\" srcset=\"https:\/\/franciscanos.org.br\/noticias\/wp-content\/uploads\/2020\/06\/solenidade_2906_2.jpg 400w, https:\/\/franciscanos.org.br\/noticias\/wp-content\/uploads\/2020\/06\/solenidade_2906_2-150x115.jpg 150w\" sizes=\"(max-width: 285px) 100vw, 285px\" \/>Unidade<\/strong><\/p>\n<p>A reflex\u00e3o do Papa Francisco parte da familiaridade que unia Pedro e Paulo, \u201cduas pessoas muito diferentes, mas sentiam-se irm\u00e3os, como numa fam\u00edlia unida onde muitas vezes se discute mas sem deixar de se amarem\u201d, uma familiaridade que \u201cn\u00e3o provinha de inclina\u00e7\u00f5es naturais, mas do Senhor. Ele n\u00e3o nos mandou agradar, mas amar. \u00c9 Ele que nos une, sem nos uniformizar.\u201d<\/p>\n<p>Em meio a persegui\u00e7\u00f5es, os primeiros crist\u00e3os n\u00e3o pensam em fugir ou salvar a pr\u00f3pria pele, \u201cmas todos rezam juntos\u201d \u2013 recordou o Papa &#8211; enfatizando que \u201ca unidade \u00e9 um princ\u00edpio que se ativa com a ora\u00e7\u00e3o, porque a ora\u00e7\u00e3o permite ao Esp\u00edrito Santo intervir, abrir \u00e0 esperan\u00e7a, encurtar as dist\u00e2ncias, manter-nos juntos nas dificuldades.\u201d<\/p>\n<p><strong>S\u00f3 a ora\u00e7\u00e3o desata as algemas e deixa livre o caminho para a unidade<\/strong><\/p>\n<p>Francisco observa que \u201cnaqueles momentos dram\u00e1ticos, ningu\u00e9m se lamenta do mal, das persegui\u00e7\u00f5es\u201d, pois \u201c\u00e9 in\u00fatil, e at\u00e9 chato, que os crist\u00e3os percam tempo se lamentando do mundo, da sociedade, daquilo que est\u00e1 errado. As lamenta\u00e7\u00f5es n\u00e3o mudam nada\u201d. Ao contr\u00e1rio, aqueles crist\u00e3os rezavam: Hoje, podemos interrogar-nos: \u00abGuardamos a nossa unidade com a ora\u00e7\u00e3o? Rezamos uns pelos outros?\u00bb Que aconteceria se se rezasse mais e murmurasse menos? Aquilo que aconteceu a Pedro na pris\u00e3o: como ent\u00e3o, muitas portas que separam, abrir-se-iam; muitas algemas que imobilizam, cairiam. Pe\u00e7amos a gra\u00e7a de saber rezar uns pelos outros.\u201d<\/p>\n<p>S\u00e3o Paulo \u2013 completou o Santo Padre &#8211; exortava os crist\u00e3os a rezar por todos, mas em primeiro lugar por quem governa: \u00c9 uma tarefa que o Senhor nos confia. Temo-la cumprido? Ou limitamo-nos a falar? Quando rezamos, Deus espera que nos lembremos tamb\u00e9m de quem n\u00e3o pensa como n\u00f3s, de quem nos bateu a porta na cara, das pessoas a quem nos custa perdoar. S\u00f3 a ora\u00e7\u00e3o desata as algemas, s\u00f3 a ora\u00e7\u00e3o deixa livre o caminho para a unidade.<\/p>\n<p><img loading=\"lazy\" class=\"alignnone size-full wp-image-226869\" src=\"https:\/\/franciscanos.org.br\/noticias\/wp-content\/uploads\/2020\/06\/solenidade_2906_3.jpg\" alt=\"\" width=\"890\" height=\"592\" srcset=\"https:\/\/franciscanos.org.br\/noticias\/wp-content\/uploads\/2020\/06\/solenidade_2906_3.jpg 890w, https:\/\/franciscanos.org.br\/noticias\/wp-content\/uploads\/2020\/06\/solenidade_2906_3-450x299.jpg 450w, https:\/\/franciscanos.org.br\/noticias\/wp-content\/uploads\/2020\/06\/solenidade_2906_3-768x511.jpg 768w, https:\/\/franciscanos.org.br\/noticias\/wp-content\/uploads\/2020\/06\/solenidade_2906_3-150x100.jpg 150w\" sizes=\"(max-width: 890px) 100vw, 890px\" \/><\/p>\n<p><strong>Pedro e Andr\u00e9<\/strong><\/p>\n<p>O Pont\u00edfice recorda que o p\u00e1lio aben\u00e7oado neste dia \u201crecorda a unidade entre as ovelhas e o Pastor que, como Jesus, carrega a ovelha nos ombros e nunca mais a larga\u201d.<br \/>\nAo mesmo tempo, fala da bela tradi\u00e7\u00e3o deste dia em que \u201cunimo-nos de maneira especial ao Patriarcado Ecum\u00eanico de Constantinopla: Pedro e Andr\u00e9 eram irm\u00e3os; e entre n\u00f3s, quando \u00e9 poss\u00edvel, trocamos uma visita fraterna nas respetivas festas; n\u00e3o tanto por gentileza, mas para caminhar juntos rumo \u00e0 meta que o Senhor nos indica: a unidade plena.<\/p>\n<p><strong>Hoje precisamos de verdadeira profecia<\/strong><\/p>\n<p>Depois da unidade, O Santo Padre fala de uma segunda palavra: profecia. Com perguntas provocat\u00f3rias, Jesus faz Pedro entender que \u201cn\u00e3o Lhe interessam as opini\u00f5es gerais, mas a op\u00e7\u00e3o pessoal de O seguir\u201d, e a Saulo, o abala interiormente, fazendo-o cair por terra no caminho para Damasco, derrubando \u201csua presun\u00e7\u00e3o de homem religioso e bom\u201d. Ent\u00e3o, vem as profecias: \u00abTu \u00e9s Pedro, e sobre esta pedra edificarei a minha Igreja\u00bb (Mt 16, 18); e a Paulo: \u00ab\u00c9 instrumento da minha escolha, para levar o meu nome perante os pag\u00e3os\u00bb (At 9, 15): Assim, a profecia nasce quando nos deixamos provocar por Deus: n\u00e3o quando gerimos a pr\u00f3pria tranquilidade, mantendo tudo sob controle. Quando o Evangelho inverte as certezas, brota a profecia. S\u00f3 quem se abre \u00e0s surpresas de Deus \u00e9 que se torna profeta.<\/p>\n<p><img loading=\"lazy\" class=\"alignnone size-full wp-image-226870\" src=\"https:\/\/franciscanos.org.br\/noticias\/wp-content\/uploads\/2020\/06\/solenidade_2906_5.jpg\" alt=\"\" width=\"890\" height=\"593\" srcset=\"https:\/\/franciscanos.org.br\/noticias\/wp-content\/uploads\/2020\/06\/solenidade_2906_5.jpg 890w, https:\/\/franciscanos.org.br\/noticias\/wp-content\/uploads\/2020\/06\/solenidade_2906_5-450x300.jpg 450w, https:\/\/franciscanos.org.br\/noticias\/wp-content\/uploads\/2020\/06\/solenidade_2906_5-768x512.jpg 768w, https:\/\/franciscanos.org.br\/noticias\/wp-content\/uploads\/2020\/06\/solenidade_2906_5-150x100.jpg 150w\" sizes=\"(max-width: 890px) 100vw, 890px\" \/><\/p>\n<p>E isso, pode ser visto em Pedro e Paulo, \u201cprofetas que enxergam mais al\u00e9m: Pedro \u00e9 o primeiro a proclamar que Jesus \u00e9 \u00abo Messias, o Filho de Deus vivo\u00bb; Paulo antecipa a conclus\u00e3o da sua vida: \u00abJ\u00e1 me aguarda a merecida coroa, que me entregar\u00e1, naquele dia, o Senhor\u00bb: Hoje precisamos de profecia, de verdadeira profecia: n\u00e3o discursos que prometem o imposs\u00edvel, mas testemunhos de que o Evangelho \u00e9 poss\u00edvel. N\u00e3o s\u00e3o necess\u00e1rias manifesta\u00e7\u00f5es miraculosas, mas vidas que manifestam o milagre do amor de Deus. N\u00e3o pot\u00eancia, mas coer\u00eancia; n\u00e3o palavras, mas ora\u00e7\u00e3o; n\u00e3o proclama\u00e7\u00f5es, mas servi\u00e7o; n\u00e3o teoria, mas testemunho. Precisamos n\u00e3o de ser ricos, mas de amar os pobres; n\u00e3o de ganhar para n\u00f3s, mas de nos gastarmos pelos outros; n\u00e3o do consenso do mundo, mas da alegria pelo mundo que vir\u00e1; n\u00e3o de projetos pastorais eficientes, mas de pastores que ofere\u00e7am a vida: de enamorados de Deus.<\/p>\n<p>E foi como \u201cenamorados de Deus\u201d que Pedro e Paulo anunciaram Jesus, sublinhou Francisco: Pedro, antes de ser colocado na cruz, n\u00e3o pensa em si mesmo, mas no seu Senhor e, considerando-se indigno de morrer como Ele, pede para ser crucificado de cabe\u00e7a para baixo. Paulo est\u00e1 para ser decapitado e pensa s\u00f3 em dar a vida, escrevendo que quer ser \u00aboferecido como sacrif\u00edcio\u00bb. Isto \u00e9 profecia. E muda a hist\u00f3ria.<\/p>\n<p><img loading=\"lazy\" class=\"alignnone size-full wp-image-226871\" src=\"https:\/\/franciscanos.org.br\/noticias\/wp-content\/uploads\/2020\/06\/solenidade_2906_4.jpg\" alt=\"\" width=\"890\" height=\"593\" srcset=\"https:\/\/franciscanos.org.br\/noticias\/wp-content\/uploads\/2020\/06\/solenidade_2906_4.jpg 890w, https:\/\/franciscanos.org.br\/noticias\/wp-content\/uploads\/2020\/06\/solenidade_2906_4-450x300.jpg 450w, https:\/\/franciscanos.org.br\/noticias\/wp-content\/uploads\/2020\/06\/solenidade_2906_4-768x512.jpg 768w, https:\/\/franciscanos.org.br\/noticias\/wp-content\/uploads\/2020\/06\/solenidade_2906_4-150x100.jpg 150w\" sizes=\"(max-width: 890px) 100vw, 890px\" \/><\/p>\n<p>Tamb\u00e9m para n\u00f3s existe uma profecia, descrita no Livro do Apocalipse, \u201cquando Jesus promete \u00e0s suas testemunhas fi\u00e9is \u00abuma pedra branca\u00bb, na qual \u00abestar\u00e1 gravado um novo nome\u00bb\u201d. E assim, \u201ccomo o Senhor transformou Sim\u00e3o em Pedro, assim chama a cada um para fazer de n\u00f3s pedras vivas, com as quais construir uma Igreja e uma humanidade renovadas. H\u00e1 sempre quem destrua a unidade e quem apague a profecia, mas o Senhor acredita em n\u00f3s e pede-te: \u00abQueres ser construtor de unidade? Queres ser profeta do meu c\u00e9u na terra?\u00bb Deixemo-nos provocar por Jesus e ganhemos a coragem de Lhe dizer: \u00abSim, quero\u00bb!\u201d<\/p>\n<hr \/>\n<p><img loading=\"lazy\" class=\"alignnone size-full wp-image-226872\" src=\"https:\/\/franciscanos.org.br\/noticias\/wp-content\/uploads\/2020\/06\/solenidade_2906_6.jpg\" alt=\"\" width=\"890\" height=\"593\" srcset=\"https:\/\/franciscanos.org.br\/noticias\/wp-content\/uploads\/2020\/06\/solenidade_2906_6.jpg 890w, https:\/\/franciscanos.org.br\/noticias\/wp-content\/uploads\/2020\/06\/solenidade_2906_6-450x300.jpg 450w, https:\/\/franciscanos.org.br\/noticias\/wp-content\/uploads\/2020\/06\/solenidade_2906_6-768x512.jpg 768w, https:\/\/franciscanos.org.br\/noticias\/wp-content\/uploads\/2020\/06\/solenidade_2906_6-150x100.jpg 150w\" sizes=\"(max-width: 890px) 100vw, 890px\" \/><\/p>\n<hr \/>\n<p><strong>ANGELUS<\/strong><\/p>\n<h1 class=\"article__title\">Francisco: a maior gra\u00e7a \u00e9 fazer da vida um dom<\/h1>\n<div class=\"article__text\">\n<p>Ap\u00f3s presidir \u00e0 celebra\u00e7\u00e3o da missa na Bas\u00edlica Vaticana, o Papa Francisco rezou o Angelus com os fi\u00e9is na Pra\u00e7a S\u00e3o Pedro por ocasi\u00e3o da festa dos santos padroeiros de Roma.\u00a0Em sua alocu\u00e7\u00e3o, comentou o epis\u00f3dio da vida de Pedro em que um anjo o libertou da pris\u00e3o, salvando-o da morte, mas o mesmo n\u00e3o ocorreu em Roma e sua vida n\u00e3o foi poupada.<\/p>\n<p>\u201cO Senhor lhe concedeu muitas gra\u00e7as e o libertou do mal: faz assim tamb\u00e9m conosco. Ou melhor, com frequ\u00eancia vamos at\u00e9 Ele s\u00f3 nos momentos de necessidade, a pedir ajuda. Mas Deus v\u00ea mais longe e nos convida a ir al\u00e9m, a buscar n\u00e3o s\u00f3 os seus dons, mas Ele, o Senhor de todos os dons; a confiar-lhe n\u00e3o s\u00f3 os problemas, mas a vida.\u201d<\/p>\n<div>\n<aside class=\"article__readmore\">\n<div class=\"teaser--labelEvidence teaser teaser--type-angelus\">\n<article>\n<div class=\"teaser__labelWrapper\"><\/div>\n<div class=\"teaser__contentWrapper\">\n<div><strong>Fazer da vida um dom<\/strong><\/div>\n<\/div>\n<\/article>\n<\/div>\n<\/aside>\n<\/div>\n<p>A maior gra\u00e7a, disse o Papa, \u00e9 doar a vida, \u00e9 fazer da vida um dom. E isso vale para todos, na fam\u00edlia, no trabalho e para quem \u00e9 consagrado. De modo especial, Francisco citou os idosos abandonados pela fam\u00edlia, como se fossem &#8220;material descart\u00e1vel&#8221;. &#8220;Este \u00e9 um drama do nosso tempo: a solid\u00e3o dos idosos.&#8221;<\/p>\n<p>S\u00e3o Pedro n\u00e3o se tornou her\u00f3i por ter sido libertado da pris\u00e3o, mas por ter dado a vida aqui, transformando um lugar de execu\u00e7\u00f5es num lugar de esperan\u00e7a, que \u00e9 a Bas\u00edlica Vaticana. \u201cEis o que pedir a Deus: n\u00e3o s\u00f3 a gra\u00e7a do momento, mas a gra\u00e7a da vida.\u201d<\/p>\n<p>O segredo da vida feliz \u00e9 reconhecer Jesus como Deus vivo, &#8220;n\u00e3o como uma est\u00e1tua&#8221;, porque n\u00e3o importa saber que Jesus foi grande na hist\u00f3ria e apreciar o que fez, mas importa saber qual lugar dou a Ele na minha vida, no meu cora\u00e7\u00e3o.\u00a0\u00a0\u00c9 a este ponto que Jesus diz a Sim\u00e3o: \u201cTu \u00e9s Pedro e sobre esta pedra edificarei a minha Igreja\u201d. Foi chamado pedra n\u00e3o porque era confi\u00e1vel, pelo contr\u00e1rio, explicou Francisco, mas porque escolheu construir a vida sobre Jesus, n\u00e3o sobre suas capacidades. &#8220;\u00c9 Jesus a rocha sobre a qual Sim\u00e3o se tornou pedra.\u201d<\/p>\n<p>O Papa ent\u00e3o concluiu com algumas perguntas aos fi\u00e9is:\u00a0&#8220;E eu, como vivo a vida? Penso s\u00f3 nas necessidades do momento ou acredito que a minha verdadeira necessidade \u00e9 Jesus, que faz de mim um dom? E como construo a vida, sobre as minhas capacidades ou sobre o Deus vivo? Que Nossa Senhora nos ajude a coloc\u00e1-Lo na base de cada dia e interceda para que possamos fazer da nossa vida um dom.&#8221;<\/p>\n<hr \/>\n<p><strong>Fonte:<\/strong> <em>Vatican News (fotos: http:\/\/www.vatican.va\/content\/francesco\/it\/events\/event.dir.html\/content\/vaticanevents\/it\/2020\/6\/29\/pietroepaolo.html)<\/em><\/p>\n<\/div>\n","protected":false},"excerpt":{"rendered":"<p>Solenidade de S\u00e3o Pedro e S\u00e3o Paulo no Vaticano<\/p>\n","protected":false},"author":3,"featured_media":226866,"comment_status":"open","ping_status":"open","sticky":false,"template":"","format":"standard","meta":[],"categories":[1428],"tags":[55,1744],"acf":[],"yoast_head":"<!-- This site is optimized with the Yoast SEO plugin v19.2 - https:\/\/yoast.com\/wordpress\/plugins\/seo\/ -->\n<title>Papa: hoje precisamos de testemunhos de que o Evangelho \u00e9 poss\u00edvel - Not\u00edcias - Franciscanos<\/title>\n<meta name=\"robots\" content=\"index, follow, max-snippet:-1, max-image-preview:large, max-video-preview:-1\" \/>\n<link rel=\"canonical\" href=\"https:\/\/franciscanos.org.br\/noticias\/papa-hoje-precisamos-de-testemunhos-de-que-o-evangelho-e-possivel.html\" \/>\n<meta property=\"og:locale\" content=\"pt_BR\" \/>\n<meta property=\"og:type\" content=\"article\" \/>\n<meta property=\"og:title\" content=\"Papa: hoje precisamos de testemunhos de que o Evangelho \u00e9 poss\u00edvel - Not\u00edcias - Franciscanos\" \/>\n<meta property=\"og:description\" content=\"Solenidade de S\u00e3o Pedro e S\u00e3o Paulo no Vaticano\" \/>\n<meta property=\"og:url\" content=\"https:\/\/franciscanos.org.br\/noticias\/papa-hoje-precisamos-de-testemunhos-de-que-o-evangelho-e-possivel.html\" \/>\n<meta property=\"og:site_name\" content=\"Not\u00edcias - Franciscanos\" \/>\n<meta property=\"article:published_time\" content=\"2020-06-29T10:49:41+00:00\" \/>\n<meta property=\"article:modified_time\" content=\"2021-08-29T13:55:49+00:00\" \/>\n<meta property=\"og:image\" content=\"https:\/\/franciscanos.org.br\/noticias\/wp-content\/uploads\/2020\/06\/solenidade_2906d.jpg\" \/>\n\t<meta property=\"og:image:width\" content=\"800\" \/>\n\t<meta property=\"og:image:height\" content=\"600\" \/>\n\t<meta property=\"og:image:type\" content=\"image\/jpeg\" \/>\n<meta name=\"author\" content=\"moacir\" \/>\n<meta name=\"twitter:card\" content=\"summary_large_image\" \/>\n<meta name=\"twitter:label1\" content=\"Escrito por\" \/>\n\t<meta name=\"twitter:data1\" content=\"moacir\" \/>\n\t<meta name=\"twitter:label2\" content=\"Est. tempo de leitura\" \/>\n\t<meta name=\"twitter:data2\" content=\"8 minutos\" \/>\n<script type=\"application\/ld+json\" class=\"yoast-schema-graph\">{\"@context\":\"https:\/\/schema.org\",\"@graph\":[{\"@type\":\"WebSite\",\"@id\":\"https:\/\/franciscanos.org.br\/noticias\/#website\",\"url\":\"https:\/\/franciscanos.org.br\/noticias\/\",\"name\":\"Not\u00edcias - Franciscanos\",\"description\":\"Prov\u00edncia Franciscana da Imaculada Concei\u00e7\u00e3o do Brasil - Ordem dos Frades Menores - OFM\",\"potentialAction\":[{\"@type\":\"SearchAction\",\"target\":{\"@type\":\"EntryPoint\",\"urlTemplate\":\"https:\/\/franciscanos.org.br\/noticias\/?s={search_term_string}\"},\"query-input\":\"required name=search_term_string\"}],\"inLanguage\":\"pt-BR\"},{\"@type\":\"ImageObject\",\"inLanguage\":\"pt-BR\",\"@id\":\"https:\/\/franciscanos.org.br\/noticias\/papa-hoje-precisamos-de-testemunhos-de-que-o-evangelho-e-possivel.html#primaryimage\",\"url\":\"https:\/\/franciscanos.org.br\/noticias\/wp-content\/uploads\/2020\/06\/solenidade_2906d.jpg\",\"contentUrl\":\"https:\/\/franciscanos.org.br\/noticias\/wp-content\/uploads\/2020\/06\/solenidade_2906d.jpg\",\"width\":800,\"height\":600},{\"@type\":\"WebPage\",\"@id\":\"https:\/\/franciscanos.org.br\/noticias\/papa-hoje-precisamos-de-testemunhos-de-que-o-evangelho-e-possivel.html#webpage\",\"url\":\"https:\/\/franciscanos.org.br\/noticias\/papa-hoje-precisamos-de-testemunhos-de-que-o-evangelho-e-possivel.html\",\"name\":\"Papa: hoje precisamos de testemunhos de que o Evangelho \u00e9 poss\u00edvel - Not\u00edcias - Franciscanos\",\"isPartOf\":{\"@id\":\"https:\/\/franciscanos.org.br\/noticias\/#website\"},\"primaryImageOfPage\":{\"@id\":\"https:\/\/franciscanos.org.br\/noticias\/papa-hoje-precisamos-de-testemunhos-de-que-o-evangelho-e-possivel.html#primaryimage\"},\"datePublished\":\"2020-06-29T10:49:41+00:00\",\"dateModified\":\"2021-08-29T13:55:49+00:00\",\"author\":{\"@id\":\"https:\/\/franciscanos.org.br\/noticias\/#\/schema\/person\/b5c8cba458c330ccff548b056e95a5d4\"},\"breadcrumb\":{\"@id\":\"https:\/\/franciscanos.org.br\/noticias\/papa-hoje-precisamos-de-testemunhos-de-que-o-evangelho-e-possivel.html#breadcrumb\"},\"inLanguage\":\"pt-BR\",\"potentialAction\":[{\"@type\":\"ReadAction\",\"target\":[\"https:\/\/franciscanos.org.br\/noticias\/papa-hoje-precisamos-de-testemunhos-de-que-o-evangelho-e-possivel.html\"]}]},{\"@type\":\"BreadcrumbList\",\"@id\":\"https:\/\/franciscanos.org.br\/noticias\/papa-hoje-precisamos-de-testemunhos-de-que-o-evangelho-e-possivel.html#breadcrumb\",\"itemListElement\":[{\"@type\":\"ListItem\",\"position\":1,\"name\":\"Home\",\"item\":\"https:\/\/franciscanos.org.br\/noticias\"},{\"@type\":\"ListItem\",\"position\":2,\"name\":\"Papa: hoje precisamos de testemunhos de que o Evangelho \u00e9 poss\u00edvel\"}]},{\"@type\":\"Person\",\"@id\":\"https:\/\/franciscanos.org.br\/noticias\/#\/schema\/person\/b5c8cba458c330ccff548b056e95a5d4\",\"name\":\"moacir\",\"image\":{\"@type\":\"ImageObject\",\"inLanguage\":\"pt-BR\",\"@id\":\"https:\/\/franciscanos.org.br\/noticias\/#\/schema\/person\/image\/\",\"url\":\"https:\/\/secure.gravatar.com\/avatar\/d08aa2ce4c8dd416d4479aa8536fcf64?s=96&d=mm&r=g\",\"contentUrl\":\"https:\/\/secure.gravatar.com\/avatar\/d08aa2ce4c8dd416d4479aa8536fcf64?s=96&d=mm&r=g\",\"caption\":\"moacir\"},\"url\":\"https:\/\/franciscanos.org.br\/noticias\/author\/moacir\"}]}<\/script>\n<!-- \/ Yoast SEO plugin. -->","yoast_head_json":{"title":"Papa: hoje precisamos de testemunhos de que o Evangelho \u00e9 poss\u00edvel - Not\u00edcias - Franciscanos","robots":{"index":"index","follow":"follow","max-snippet":"max-snippet:-1","max-image-preview":"max-image-preview:large","max-video-preview":"max-video-preview:-1"},"canonical":"https:\/\/franciscanos.org.br\/noticias\/papa-hoje-precisamos-de-testemunhos-de-que-o-evangelho-e-possivel.html","og_locale":"pt_BR","og_type":"article","og_title":"Papa: hoje precisamos de testemunhos de que o Evangelho \u00e9 poss\u00edvel - Not\u00edcias - Franciscanos","og_description":"Solenidade de S\u00e3o Pedro e S\u00e3o Paulo no Vaticano","og_url":"https:\/\/franciscanos.org.br\/noticias\/papa-hoje-precisamos-de-testemunhos-de-que-o-evangelho-e-possivel.html","og_site_name":"Not\u00edcias - Franciscanos","article_published_time":"2020-06-29T10:49:41+00:00","article_modified_time":"2021-08-29T13:55:49+00:00","og_image":[{"width":800,"height":600,"url":"https:\/\/franciscanos.org.br\/noticias\/wp-content\/uploads\/2020\/06\/solenidade_2906d.jpg","type":"image\/jpeg"}],"author":"moacir","twitter_card":"summary_large_image","twitter_misc":{"Escrito por":"moacir","Est. tempo de leitura":"8 minutos"},"schema":{"@context":"https:\/\/schema.org","@graph":[{"@type":"WebSite","@id":"https:\/\/franciscanos.org.br\/noticias\/#website","url":"https:\/\/franciscanos.org.br\/noticias\/","name":"Not\u00edcias - Franciscanos","description":"Prov\u00edncia Franciscana da Imaculada Concei\u00e7\u00e3o do Brasil - Ordem dos Frades Menores - OFM","potentialAction":[{"@type":"SearchAction","target":{"@type":"EntryPoint","urlTemplate":"https:\/\/franciscanos.org.br\/noticias\/?s={search_term_string}"},"query-input":"required name=search_term_string"}],"inLanguage":"pt-BR"},{"@type":"ImageObject","inLanguage":"pt-BR","@id":"https:\/\/franciscanos.org.br\/noticias\/papa-hoje-precisamos-de-testemunhos-de-que-o-evangelho-e-possivel.html#primaryimage","url":"https:\/\/franciscanos.org.br\/noticias\/wp-content\/uploads\/2020\/06\/solenidade_2906d.jpg","contentUrl":"https:\/\/franciscanos.org.br\/noticias\/wp-content\/uploads\/2020\/06\/solenidade_2906d.jpg","width":800,"height":600},{"@type":"WebPage","@id":"https:\/\/franciscanos.org.br\/noticias\/papa-hoje-precisamos-de-testemunhos-de-que-o-evangelho-e-possivel.html#webpage","url":"https:\/\/franciscanos.org.br\/noticias\/papa-hoje-precisamos-de-testemunhos-de-que-o-evangelho-e-possivel.html","name":"Papa: hoje precisamos de testemunhos de que o Evangelho \u00e9 poss\u00edvel - Not\u00edcias - Franciscanos","isPartOf":{"@id":"https:\/\/franciscanos.org.br\/noticias\/#website"},"primaryImageOfPage":{"@id":"https:\/\/franciscanos.org.br\/noticias\/papa-hoje-precisamos-de-testemunhos-de-que-o-evangelho-e-possivel.html#primaryimage"},"datePublished":"2020-06-29T10:49:41+00:00","dateModified":"2021-08-29T13:55:49+00:00","author":{"@id":"https:\/\/franciscanos.org.br\/noticias\/#\/schema\/person\/b5c8cba458c330ccff548b056e95a5d4"},"breadcrumb":{"@id":"https:\/\/franciscanos.org.br\/noticias\/papa-hoje-precisamos-de-testemunhos-de-que-o-evangelho-e-possivel.html#breadcrumb"},"inLanguage":"pt-BR","potentialAction":[{"@type":"ReadAction","target":["https:\/\/franciscanos.org.br\/noticias\/papa-hoje-precisamos-de-testemunhos-de-que-o-evangelho-e-possivel.html"]}]},{"@type":"BreadcrumbList","@id":"https:\/\/franciscanos.org.br\/noticias\/papa-hoje-precisamos-de-testemunhos-de-que-o-evangelho-e-possivel.html#breadcrumb","itemListElement":[{"@type":"ListItem","position":1,"name":"Home","item":"https:\/\/franciscanos.org.br\/noticias"},{"@type":"ListItem","position":2,"name":"Papa: hoje precisamos de testemunhos de que o Evangelho \u00e9 poss\u00edvel"}]},{"@type":"Person","@id":"https:\/\/franciscanos.org.br\/noticias\/#\/schema\/person\/b5c8cba458c330ccff548b056e95a5d4","name":"moacir","image":{"@type":"ImageObject","inLanguage":"pt-BR","@id":"https:\/\/franciscanos.org.br\/noticias\/#\/schema\/person\/image\/","url":"https:\/\/secure.gravatar.com\/avatar\/d08aa2ce4c8dd416d4479aa8536fcf64?s=96&d=mm&r=g","contentUrl":"https:\/\/secure.gravatar.com\/avatar\/d08aa2ce4c8dd416d4479aa8536fcf64?s=96&d=mm&r=g","caption":"moacir"},"url":"https:\/\/franciscanos.org.br\/noticias\/author\/moacir"}]}},"_links":{"self":[{"href":"https:\/\/franciscanos.org.br\/noticias\/wp-json\/wp\/v2\/posts\/226864"}],"collection":[{"href":"https:\/\/franciscanos.org.br\/noticias\/wp-json\/wp\/v2\/posts"}],"about":[{"href":"https:\/\/franciscanos.org.br\/noticias\/wp-json\/wp\/v2\/types\/post"}],"author":[{"embeddable":true,"href":"https:\/\/franciscanos.org.br\/noticias\/wp-json\/wp\/v2\/users\/3"}],"replies":[{"embeddable":true,"href":"https:\/\/franciscanos.org.br\/noticias\/wp-json\/wp\/v2\/comments?post=226864"}],"version-history":[{"count":4,"href":"https:\/\/franciscanos.org.br\/noticias\/wp-json\/wp\/v2\/posts\/226864\/revisions"}],"predecessor-version":[{"id":233972,"href":"https:\/\/franciscanos.org.br\/noticias\/wp-json\/wp\/v2\/posts\/226864\/revisions\/233972"}],"wp:featuredmedia":[{"embeddable":true,"href":"https:\/\/franciscanos.org.br\/noticias\/wp-json\/wp\/v2\/media\/226866"}],"wp:attachment":[{"href":"https:\/\/franciscanos.org.br\/noticias\/wp-json\/wp\/v2\/media?parent=226864"}],"wp:term":[{"taxonomy":"category","embeddable":true,"href":"https:\/\/franciscanos.org.br\/noticias\/wp-json\/wp\/v2\/categories?post=226864"},{"taxonomy":"post_tag","embeddable":true,"href":"https:\/\/franciscanos.org.br\/noticias\/wp-json\/wp\/v2\/tags?post=226864"}],"curies":[{"name":"wp","href":"https:\/\/api.w.org\/{rel}","templated":true}]}}