{"id":226858,"date":"2020-06-28T14:37:42","date_gmt":"2020-06-28T17:37:42","guid":{"rendered":"https:\/\/franciscanos.org.br\/noticias\/?p=226858"},"modified":"2020-06-28T14:37:42","modified_gmt":"2020-06-28T17:37:42","slug":"solidariedade-marca-a-170a-festa-de-sao-pedro-apostolo","status":"publish","type":"post","link":"https:\/\/franciscanos.org.br\/noticias\/solidariedade-marca-a-170a-festa-de-sao-pedro-apostolo.html","title":{"rendered":"Solidariedade marca a 170\u00aa Festa de S\u00e3o Pedro Ap\u00f3stolo"},"content":{"rendered":"<p><img loading=\"lazy\" class=\"alignnone size-full wp-image-226859\" src=\"https:\/\/franciscanos.org.br\/noticias\/wp-content\/uploads\/2020\/06\/missa_gaspar_28_3.jpg\" alt=\"\" width=\"1150\" height=\"720\" srcset=\"https:\/\/franciscanos.org.br\/noticias\/wp-content\/uploads\/2020\/06\/missa_gaspar_28_3.jpg 1150w, https:\/\/franciscanos.org.br\/noticias\/wp-content\/uploads\/2020\/06\/missa_gaspar_28_3-450x282.jpg 450w, https:\/\/franciscanos.org.br\/noticias\/wp-content\/uploads\/2020\/06\/missa_gaspar_28_3-1024x641.jpg 1024w, https:\/\/franciscanos.org.br\/noticias\/wp-content\/uploads\/2020\/06\/missa_gaspar_28_3-768x481.jpg 768w, https:\/\/franciscanos.org.br\/noticias\/wp-content\/uploads\/2020\/06\/missa_gaspar_28_3-150x94.jpg 150w\" sizes=\"(max-width: 1150px) 100vw, 1150px\" \/><\/p>\n<p><strong>Gaspar (SC)<\/strong> &#8211; \u201cTu \u00e9s Pedro e sobre esta pedra edificarei a minha Igreja\u201d (Mt 16,18). Pedro, o ap\u00f3stolo escolhido por Jesus Cristo, de fato cumpriu a miss\u00e3o que lhe foi dada. A Igreja, ao longo da hist\u00f3ria, edificou-se sobre as colunas da fraternidade, da partilha e da solidariedade, tendo ainda como v\u00e9rtice desse trabalho o ap\u00f3stolo Paulo, na sua dimens\u00e3o mission\u00e1ria.<\/p>\n<p>Neste domingo, dia 28, v\u00e9spera de S\u00e3o Pedro Ap\u00f3stolo no calend\u00e1rio cat\u00f3lico, a Igreja Matriz, em Gaspar, reuniu fi\u00e9is em n\u00famero reduzido (30% da capacidade do templo em fun\u00e7\u00e3o da pandemia) e centenas \u00e0 dist\u00e2ncia \u2013 transmiss\u00e3o <em>on-line<\/em> pelo canal YouTube da TV Gaspar e pela rede social Facebook da Par\u00f3quia e da TV Gaspar, para reafirmar a constru\u00e7\u00e3o de uma Igreja baseada nos ensinamentos de Jesus Cristo que confiou aos ap\u00f3stolos Pedro e Paulo a continuidade da mensagem de paz, fraternidade e ajuda ao pr\u00f3ximo.<\/p>\n<p><img loading=\"lazy\" class=\"alignnone wp-image-226861 size-full\" src=\"https:\/\/franciscanos.org.br\/noticias\/wp-content\/uploads\/2020\/06\/missa_gaspar_28.jpg\" alt=\"\" width=\"1153\" height=\"645\" srcset=\"https:\/\/franciscanos.org.br\/noticias\/wp-content\/uploads\/2020\/06\/missa_gaspar_28.jpg 1153w, https:\/\/franciscanos.org.br\/noticias\/wp-content\/uploads\/2020\/06\/missa_gaspar_28-450x252.jpg 450w, https:\/\/franciscanos.org.br\/noticias\/wp-content\/uploads\/2020\/06\/missa_gaspar_28-1024x573.jpg 1024w, https:\/\/franciscanos.org.br\/noticias\/wp-content\/uploads\/2020\/06\/missa_gaspar_28-768x430.jpg 768w, https:\/\/franciscanos.org.br\/noticias\/wp-content\/uploads\/2020\/06\/missa_gaspar_28-150x84.jpg 150w\" sizes=\"(max-width: 1153px) 100vw, 1153px\" \/><\/p>\n<p>Uma celebra\u00e7\u00e3o diferente, sem a tradicional prociss\u00e3o n\u00e1utica e os fogos de artif\u00edcios que tradicionalmente anunciam a chegada triunfal do padroeiro \u00e0 majestosa igreja no alto do morro. \u201cTalvez, como andaram dizendo por a\u00ed, a mais franciscana de todas as festas de S\u00e3o Pedro nestes 170 anos\u201d, disse Frei Paulo Moura, que presidiu a missa.<\/p>\n<p>A simplicidade franciscana dos eventos relacionados \u00e0 Festa de S\u00e3o Pedro Ap\u00f3stolo refor\u00e7a o tema proposto para este ano: \u201cCom S\u00e3o Pedro, testemunhas de uma Igreja fraterna e solit\u00e1ria\u201d. Prova disso \u00e9 o altar repleto de cestas b\u00e1sicas, roupas, cal\u00e7ados, cobertores, fraldas geri\u00e1tricas e materiais de limpeza que v\u00e3o agora para as casas das fam\u00edlias necessitadas por meio da Confer\u00eancia Vicentina, bra\u00e7o social da Igreja em Gaspar. \u201cEssas campanhas solid\u00e1rias respondem, de forma pr\u00e1tica, \u00e0quilo que Jesus pede no Evangelho: sermos testemunhas de uma Igreja fraterna e solid\u00e1ria\u201d, afirmou Frei Paulo durante a homilia, lembrando que se existe o momento de distanciamento, h\u00e1 tamb\u00e9m a proximidade do fazer o bem, de partilhar com quem enfrenta dificuldades. Essa, segundo o religioso, foi a miss\u00e3o dada aos dois ap\u00f3stolos \u2013 Pedro e Paulo \u2013 verdadeiras colunas da Igreja sustentadas na pr\u00f3pria pedra angular que \u00e9 o Cristo.<\/p>\n<p>\u201cQuando Pedro diz, por uma revela\u00e7\u00e3o de Deus, a Jesus: &#8211; tu \u00e9s o Messias, o filho de Deus vivo, o salvador aquele que n\u00f3s esper\u00e1vamos, a sua resposta estava certa, por\u00e9m, e n\u00f3s, quando perguntados hoje quem \u00e9 Jesus? Talvez, a maioria responda at\u00e9 com palavras parecidas as de Pedro, ou seja, teologicamente e catequeticamente corretas, mas n\u00e3o pode ser apenas uma resposta decorada, mas algo que deve surgir de uma motiva\u00e7\u00e3o interior e de uma verdade que brota dentro de cada um de n\u00f3s. Ser\u00e1 que ele \u00e9 o senhor de fato da minha vida? E quem motiva as minhas escolhas e repercute nas minhas a\u00e7\u00f5es? A quest\u00e3o, portanto, \u00e9 muito mais profunda, n\u00e3o bastam palavras, devo responder, sobretudo com a minha vida, com os meus atos e com as minhas atitudes\u201d, pregou frei Paulo.<\/p>\n<p><img loading=\"lazy\" class=\"alignnone wp-image-226862 size-full\" src=\"https:\/\/franciscanos.org.br\/noticias\/wp-content\/uploads\/2020\/06\/missa_gaspar_28_2.jpg\" alt=\"\" width=\"1147\" height=\"714\" srcset=\"https:\/\/franciscanos.org.br\/noticias\/wp-content\/uploads\/2020\/06\/missa_gaspar_28_2.jpg 1147w, https:\/\/franciscanos.org.br\/noticias\/wp-content\/uploads\/2020\/06\/missa_gaspar_28_2-450x280.jpg 450w, https:\/\/franciscanos.org.br\/noticias\/wp-content\/uploads\/2020\/06\/missa_gaspar_28_2-1024x637.jpg 1024w, https:\/\/franciscanos.org.br\/noticias\/wp-content\/uploads\/2020\/06\/missa_gaspar_28_2-768x478.jpg 768w, https:\/\/franciscanos.org.br\/noticias\/wp-content\/uploads\/2020\/06\/missa_gaspar_28_2-150x93.jpg 150w\" sizes=\"(max-width: 1147px) 100vw, 1147px\" \/><\/p>\n<p>E ter atitudes, seguiu explicando, \u00e9 compreender qual de fato \u00e9 essa miss\u00e3o. \u201c\u00c9 entender o servir, pois quando o anjo diz a Pedro: &#8211; cal\u00e7a as sand\u00e1lias, s\u00edmbolo da miss\u00e3o, coloca o manto, s\u00edmbolo da dignidade, e quando Paulo diz: &#8211; combati o bom combate, completei a corrida, guardei a f\u00e9 \u00e9 de algu\u00e9m que tem consci\u00eancia que cumpriu a miss\u00e3o. Ent\u00e3o, a miss\u00e3o de Jesus, da Igreja e dos ap\u00f3stolos Pedro e Paulo \u00e9 a de se colocarem a servi\u00e7o de quem precisa e estenderem as m\u00e3os\u201d, ensina.<\/p>\n<p><strong>Programa\u00e7\u00e3o <\/strong><\/p>\n<p>A \u00faltima celebra\u00e7\u00e3o alusiva a 170\u00aa Festa de S\u00e3o Pedro acontece \u00e0s 19 horas deste domingo (28) na Igreja Matriz, sem transmiss\u00e3o <em>on-line<\/em>. Frei Paulo aproveitou os avisos paroquiais para agradecer a todos que ajudaram a tornar poss\u00edvel a realiza\u00e7\u00e3o das comemora\u00e7\u00f5es de S\u00e3o Pedro Ap\u00f3stolo: aos festeiros, doadores, Coral Misto Santa Cec\u00edlia, TV Gaspar, R\u00e1dio Sentinela, volunt\u00e1rios que prepararam o churrasco servido em<em> delivery<\/em> neste domingo e, principalmente, ao Conselho Paroquial da Comunidade (CPC), que durante cinco anos teve na presid\u00eancia Nivaldo Schmitt. Frei Paulo agradeceu a dedica\u00e7\u00e3o de Nivaldo, que deu a sua contribui\u00e7\u00e3o comunit\u00e1ria para a Par\u00f3quia S\u00e3o Pedro Ap\u00f3stolo.<\/p>\n<p>A nova coordenadora, Rose de Borba, agradeceu a confian\u00e7a depositada e disse contar com a colabora\u00e7\u00e3o de toda a comunidade paroquial para dar continuidade ao trabalho com excel\u00eancia. Rose encerrou a sua fala citando mensagem do Papa Francisco. \u201c\u00c9 enorme a contribui\u00e7\u00e3o da Igreja no mundo atual. Agrade\u00e7o ao belo exemplo que me d\u00e3o tantos crist\u00e3os que oferecem a sua vida e o seu tempo com alegria. Esse testemunho faz muito bem e me ap\u00f3ia na minha aspira\u00e7\u00e3o pessoal de superar o ego\u00edsmo para uma dedica\u00e7\u00e3o maior\u201d.<\/p>\n<hr \/>\n<p><em>Pascom da Par\u00f3quia de Gaspar<\/em><\/p>\n","protected":false},"excerpt":{"rendered":"<p>Par\u00f3quia de S\u00e3o Pedro Ap\u00f3stolo de Gaspar<\/p>\n","protected":false},"author":3,"featured_media":226860,"comment_status":"open","ping_status":"open","sticky":false,"template":"","format":"standard","meta":[],"categories":[1],"tags":[298],"acf":[],"yoast_head":"<!-- This site is optimized with the Yoast SEO plugin v19.2 - https:\/\/yoast.com\/wordpress\/plugins\/seo\/ -->\n<title>Solidariedade marca a 170\u00aa Festa de S\u00e3o Pedro Ap\u00f3stolo - Not\u00edcias - Franciscanos<\/title>\n<meta name=\"robots\" content=\"index, follow, max-snippet:-1, max-image-preview:large, max-video-preview:-1\" \/>\n<link rel=\"canonical\" href=\"https:\/\/franciscanos.org.br\/noticias\/solidariedade-marca-a-170a-festa-de-sao-pedro-apostolo.html\" \/>\n<meta property=\"og:locale\" content=\"pt_BR\" \/>\n<meta property=\"og:type\" content=\"article\" \/>\n<meta property=\"og:title\" content=\"Solidariedade marca a 170\u00aa Festa de S\u00e3o Pedro Ap\u00f3stolo - Not\u00edcias - Franciscanos\" \/>\n<meta property=\"og:description\" content=\"Par\u00f3quia de S\u00e3o Pedro Ap\u00f3stolo de Gaspar\" \/>\n<meta property=\"og:url\" content=\"https:\/\/franciscanos.org.br\/noticias\/solidariedade-marca-a-170a-festa-de-sao-pedro-apostolo.html\" \/>\n<meta property=\"og:site_name\" content=\"Not\u00edcias - Franciscanos\" \/>\n<meta property=\"article:published_time\" content=\"2020-06-28T17:37:42+00:00\" \/>\n<meta property=\"og:image\" content=\"https:\/\/franciscanos.org.br\/noticias\/wp-content\/uploads\/2020\/06\/missa_gaspar_28_4.jpg\" \/>\n\t<meta property=\"og:image:width\" content=\"800\" \/>\n\t<meta property=\"og:image:height\" content=\"600\" \/>\n\t<meta property=\"og:image:type\" content=\"image\/jpeg\" \/>\n<meta name=\"author\" content=\"moacir\" \/>\n<meta name=\"twitter:card\" content=\"summary_large_image\" \/>\n<meta name=\"twitter:label1\" content=\"Escrito por\" \/>\n\t<meta name=\"twitter:data1\" content=\"moacir\" \/>\n\t<meta name=\"twitter:label2\" content=\"Est. tempo de leitura\" \/>\n\t<meta name=\"twitter:data2\" content=\"4 minutos\" \/>\n<script type=\"application\/ld+json\" class=\"yoast-schema-graph\">{\"@context\":\"https:\/\/schema.org\",\"@graph\":[{\"@type\":\"WebSite\",\"@id\":\"https:\/\/franciscanos.org.br\/noticias\/#website\",\"url\":\"https:\/\/franciscanos.org.br\/noticias\/\",\"name\":\"Not\u00edcias - Franciscanos\",\"description\":\"Prov\u00edncia Franciscana da Imaculada Concei\u00e7\u00e3o do Brasil - Ordem dos Frades Menores - OFM\",\"potentialAction\":[{\"@type\":\"SearchAction\",\"target\":{\"@type\":\"EntryPoint\",\"urlTemplate\":\"https:\/\/franciscanos.org.br\/noticias\/?s={search_term_string}\"},\"query-input\":\"required name=search_term_string\"}],\"inLanguage\":\"pt-BR\"},{\"@type\":\"ImageObject\",\"inLanguage\":\"pt-BR\",\"@id\":\"https:\/\/franciscanos.org.br\/noticias\/solidariedade-marca-a-170a-festa-de-sao-pedro-apostolo.html#primaryimage\",\"url\":\"https:\/\/franciscanos.org.br\/noticias\/wp-content\/uploads\/2020\/06\/missa_gaspar_28_4.jpg\",\"contentUrl\":\"https:\/\/franciscanos.org.br\/noticias\/wp-content\/uploads\/2020\/06\/missa_gaspar_28_4.jpg\",\"width\":800,\"height\":600},{\"@type\":\"WebPage\",\"@id\":\"https:\/\/franciscanos.org.br\/noticias\/solidariedade-marca-a-170a-festa-de-sao-pedro-apostolo.html#webpage\",\"url\":\"https:\/\/franciscanos.org.br\/noticias\/solidariedade-marca-a-170a-festa-de-sao-pedro-apostolo.html\",\"name\":\"Solidariedade marca a 170\u00aa Festa de S\u00e3o Pedro Ap\u00f3stolo - Not\u00edcias - Franciscanos\",\"isPartOf\":{\"@id\":\"https:\/\/franciscanos.org.br\/noticias\/#website\"},\"primaryImageOfPage\":{\"@id\":\"https:\/\/franciscanos.org.br\/noticias\/solidariedade-marca-a-170a-festa-de-sao-pedro-apostolo.html#primaryimage\"},\"datePublished\":\"2020-06-28T17:37:42+00:00\",\"dateModified\":\"2020-06-28T17:37:42+00:00\",\"author\":{\"@id\":\"https:\/\/franciscanos.org.br\/noticias\/#\/schema\/person\/b5c8cba458c330ccff548b056e95a5d4\"},\"breadcrumb\":{\"@id\":\"https:\/\/franciscanos.org.br\/noticias\/solidariedade-marca-a-170a-festa-de-sao-pedro-apostolo.html#breadcrumb\"},\"inLanguage\":\"pt-BR\",\"potentialAction\":[{\"@type\":\"ReadAction\",\"target\":[\"https:\/\/franciscanos.org.br\/noticias\/solidariedade-marca-a-170a-festa-de-sao-pedro-apostolo.html\"]}]},{\"@type\":\"BreadcrumbList\",\"@id\":\"https:\/\/franciscanos.org.br\/noticias\/solidariedade-marca-a-170a-festa-de-sao-pedro-apostolo.html#breadcrumb\",\"itemListElement\":[{\"@type\":\"ListItem\",\"position\":1,\"name\":\"Home\",\"item\":\"https:\/\/franciscanos.org.br\/noticias\"},{\"@type\":\"ListItem\",\"position\":2,\"name\":\"Solidariedade marca a 170\u00aa Festa de S\u00e3o Pedro Ap\u00f3stolo\"}]},{\"@type\":\"Person\",\"@id\":\"https:\/\/franciscanos.org.br\/noticias\/#\/schema\/person\/b5c8cba458c330ccff548b056e95a5d4\",\"name\":\"moacir\",\"image\":{\"@type\":\"ImageObject\",\"inLanguage\":\"pt-BR\",\"@id\":\"https:\/\/franciscanos.org.br\/noticias\/#\/schema\/person\/image\/\",\"url\":\"https:\/\/secure.gravatar.com\/avatar\/d08aa2ce4c8dd416d4479aa8536fcf64?s=96&d=mm&r=g\",\"contentUrl\":\"https:\/\/secure.gravatar.com\/avatar\/d08aa2ce4c8dd416d4479aa8536fcf64?s=96&d=mm&r=g\",\"caption\":\"moacir\"},\"url\":\"https:\/\/franciscanos.org.br\/noticias\/author\/moacir\"}]}<\/script>\n<!-- \/ Yoast SEO plugin. -->","yoast_head_json":{"title":"Solidariedade marca a 170\u00aa Festa de S\u00e3o Pedro Ap\u00f3stolo - Not\u00edcias - Franciscanos","robots":{"index":"index","follow":"follow","max-snippet":"max-snippet:-1","max-image-preview":"max-image-preview:large","max-video-preview":"max-video-preview:-1"},"canonical":"https:\/\/franciscanos.org.br\/noticias\/solidariedade-marca-a-170a-festa-de-sao-pedro-apostolo.html","og_locale":"pt_BR","og_type":"article","og_title":"Solidariedade marca a 170\u00aa Festa de S\u00e3o Pedro Ap\u00f3stolo - Not\u00edcias - Franciscanos","og_description":"Par\u00f3quia de S\u00e3o Pedro Ap\u00f3stolo de Gaspar","og_url":"https:\/\/franciscanos.org.br\/noticias\/solidariedade-marca-a-170a-festa-de-sao-pedro-apostolo.html","og_site_name":"Not\u00edcias - Franciscanos","article_published_time":"2020-06-28T17:37:42+00:00","og_image":[{"width":800,"height":600,"url":"https:\/\/franciscanos.org.br\/noticias\/wp-content\/uploads\/2020\/06\/missa_gaspar_28_4.jpg","type":"image\/jpeg"}],"author":"moacir","twitter_card":"summary_large_image","twitter_misc":{"Escrito por":"moacir","Est. tempo de leitura":"4 minutos"},"schema":{"@context":"https:\/\/schema.org","@graph":[{"@type":"WebSite","@id":"https:\/\/franciscanos.org.br\/noticias\/#website","url":"https:\/\/franciscanos.org.br\/noticias\/","name":"Not\u00edcias - Franciscanos","description":"Prov\u00edncia Franciscana da Imaculada Concei\u00e7\u00e3o do Brasil - Ordem dos Frades Menores - OFM","potentialAction":[{"@type":"SearchAction","target":{"@type":"EntryPoint","urlTemplate":"https:\/\/franciscanos.org.br\/noticias\/?s={search_term_string}"},"query-input":"required name=search_term_string"}],"inLanguage":"pt-BR"},{"@type":"ImageObject","inLanguage":"pt-BR","@id":"https:\/\/franciscanos.org.br\/noticias\/solidariedade-marca-a-170a-festa-de-sao-pedro-apostolo.html#primaryimage","url":"https:\/\/franciscanos.org.br\/noticias\/wp-content\/uploads\/2020\/06\/missa_gaspar_28_4.jpg","contentUrl":"https:\/\/franciscanos.org.br\/noticias\/wp-content\/uploads\/2020\/06\/missa_gaspar_28_4.jpg","width":800,"height":600},{"@type":"WebPage","@id":"https:\/\/franciscanos.org.br\/noticias\/solidariedade-marca-a-170a-festa-de-sao-pedro-apostolo.html#webpage","url":"https:\/\/franciscanos.org.br\/noticias\/solidariedade-marca-a-170a-festa-de-sao-pedro-apostolo.html","name":"Solidariedade marca a 170\u00aa Festa de S\u00e3o Pedro Ap\u00f3stolo - Not\u00edcias - Franciscanos","isPartOf":{"@id":"https:\/\/franciscanos.org.br\/noticias\/#website"},"primaryImageOfPage":{"@id":"https:\/\/franciscanos.org.br\/noticias\/solidariedade-marca-a-170a-festa-de-sao-pedro-apostolo.html#primaryimage"},"datePublished":"2020-06-28T17:37:42+00:00","dateModified":"2020-06-28T17:37:42+00:00","author":{"@id":"https:\/\/franciscanos.org.br\/noticias\/#\/schema\/person\/b5c8cba458c330ccff548b056e95a5d4"},"breadcrumb":{"@id":"https:\/\/franciscanos.org.br\/noticias\/solidariedade-marca-a-170a-festa-de-sao-pedro-apostolo.html#breadcrumb"},"inLanguage":"pt-BR","potentialAction":[{"@type":"ReadAction","target":["https:\/\/franciscanos.org.br\/noticias\/solidariedade-marca-a-170a-festa-de-sao-pedro-apostolo.html"]}]},{"@type":"BreadcrumbList","@id":"https:\/\/franciscanos.org.br\/noticias\/solidariedade-marca-a-170a-festa-de-sao-pedro-apostolo.html#breadcrumb","itemListElement":[{"@type":"ListItem","position":1,"name":"Home","item":"https:\/\/franciscanos.org.br\/noticias"},{"@type":"ListItem","position":2,"name":"Solidariedade marca a 170\u00aa Festa de S\u00e3o Pedro Ap\u00f3stolo"}]},{"@type":"Person","@id":"https:\/\/franciscanos.org.br\/noticias\/#\/schema\/person\/b5c8cba458c330ccff548b056e95a5d4","name":"moacir","image":{"@type":"ImageObject","inLanguage":"pt-BR","@id":"https:\/\/franciscanos.org.br\/noticias\/#\/schema\/person\/image\/","url":"https:\/\/secure.gravatar.com\/avatar\/d08aa2ce4c8dd416d4479aa8536fcf64?s=96&d=mm&r=g","contentUrl":"https:\/\/secure.gravatar.com\/avatar\/d08aa2ce4c8dd416d4479aa8536fcf64?s=96&d=mm&r=g","caption":"moacir"},"url":"https:\/\/franciscanos.org.br\/noticias\/author\/moacir"}]}},"_links":{"self":[{"href":"https:\/\/franciscanos.org.br\/noticias\/wp-json\/wp\/v2\/posts\/226858"}],"collection":[{"href":"https:\/\/franciscanos.org.br\/noticias\/wp-json\/wp\/v2\/posts"}],"about":[{"href":"https:\/\/franciscanos.org.br\/noticias\/wp-json\/wp\/v2\/types\/post"}],"author":[{"embeddable":true,"href":"https:\/\/franciscanos.org.br\/noticias\/wp-json\/wp\/v2\/users\/3"}],"replies":[{"embeddable":true,"href":"https:\/\/franciscanos.org.br\/noticias\/wp-json\/wp\/v2\/comments?post=226858"}],"version-history":[{"count":1,"href":"https:\/\/franciscanos.org.br\/noticias\/wp-json\/wp\/v2\/posts\/226858\/revisions"}],"predecessor-version":[{"id":226863,"href":"https:\/\/franciscanos.org.br\/noticias\/wp-json\/wp\/v2\/posts\/226858\/revisions\/226863"}],"wp:featuredmedia":[{"embeddable":true,"href":"https:\/\/franciscanos.org.br\/noticias\/wp-json\/wp\/v2\/media\/226860"}],"wp:attachment":[{"href":"https:\/\/franciscanos.org.br\/noticias\/wp-json\/wp\/v2\/media?parent=226858"}],"wp:term":[{"taxonomy":"category","embeddable":true,"href":"https:\/\/franciscanos.org.br\/noticias\/wp-json\/wp\/v2\/categories?post=226858"},{"taxonomy":"post_tag","embeddable":true,"href":"https:\/\/franciscanos.org.br\/noticias\/wp-json\/wp\/v2\/tags?post=226858"}],"curies":[{"name":"wp","href":"https:\/\/api.w.org\/{rel}","templated":true}]}}