{"id":226845,"date":"2020-06-28T06:13:26","date_gmt":"2020-06-28T09:13:26","guid":{"rendered":"https:\/\/franciscanos.org.br\/noticias\/?p=226845"},"modified":"2020-06-28T06:13:26","modified_gmt":"2020-06-28T09:13:26","slug":"missa-presencial-encerra-o-triduo-da-170a-festa-de-sao-pedro-em-gaspar","status":"publish","type":"post","link":"https:\/\/franciscanos.org.br\/noticias\/missa-presencial-encerra-o-triduo-da-170a-festa-de-sao-pedro-em-gaspar.html","title":{"rendered":"Missa presencial encerra o Tr\u00edduo da 170\u00aa Festa de S\u00e3o Pedro em Gaspar"},"content":{"rendered":"<p><img loading=\"lazy\" class=\"alignnone size-full wp-image-226846\" src=\"https:\/\/franciscanos.org.br\/noticias\/wp-content\/uploads\/2020\/06\/paulo_28.jpg\" alt=\"\" width=\"1280\" height=\"720\" srcset=\"https:\/\/franciscanos.org.br\/noticias\/wp-content\/uploads\/2020\/06\/paulo_28.jpg 1280w, https:\/\/franciscanos.org.br\/noticias\/wp-content\/uploads\/2020\/06\/paulo_28-450x253.jpg 450w, https:\/\/franciscanos.org.br\/noticias\/wp-content\/uploads\/2020\/06\/paulo_28-1024x576.jpg 1024w, https:\/\/franciscanos.org.br\/noticias\/wp-content\/uploads\/2020\/06\/paulo_28-768x432.jpg 768w, https:\/\/franciscanos.org.br\/noticias\/wp-content\/uploads\/2020\/06\/paulo_28-150x84.jpg 150w\" sizes=\"(max-width: 1280px) 100vw, 1280px\" \/><\/p>\n<p><strong>Gaspar (SC)<\/strong> &#8211; Encerrando o tr\u00edduo da 170\u00aa Festa de S\u00e3o Pedro Ap\u00f3stolo, foi realizada na noite deste s\u00e1bado (27), na Igreja Matriz, em Gaspar, a terceira celebra\u00e7\u00e3o religiosa. Essa foi a primeira missa com presen\u00e7a de fi\u00e9is, j\u00e1 que por orienta\u00e7\u00e3o da Diocese as celebra\u00e7\u00f5es presenciais estavam suspensas desde o in\u00edcio da pandemia, h\u00e1 cerca de tr\u00eas meses. Quem retirou a senha antecipadamente na Secretaria Paroquial pode voltar a sentir a emo\u00e7\u00e3o de participar da bela celebra\u00e7\u00e3o religiosa conduzida por Frei Paulo Moura. A terceira Missa do Tr\u00edduo tamb\u00e9m homenageou S\u00e3o Paulo Ap\u00f3stolo, Padroeiro da Diocese de Blumenau.<\/p>\n<p>A celebra\u00e7\u00e3o teve novamente focos na caridade e na partilha, seguindo o tema central da festa deste ano. \u00a0\u201cCom S\u00e3o Pedro, testemunhas de uma Igreja fraterna e solit\u00e1ria\u201d, os fi\u00e9is reviveram mais uma ensinamento b\u00edblico de S\u00e3o Mateus: \u201cEu estava doente e voc\u00eas cuidaram de mim\u201d (Mt 25,36b). As doa\u00e7\u00f5es, desta vez, foram de fraldas geri\u00e1tricas e material de limpeza que v\u00e3o socorres dezenas de fam\u00edlias que passam por necessidades neste momento.<\/p>\n<p><img loading=\"lazy\" class=\"alignnone size-full wp-image-226848\" src=\"https:\/\/franciscanos.org.br\/noticias\/wp-content\/uploads\/2020\/06\/paulo_28_2.jpg\" alt=\"\" width=\"961\" height=\"720\" srcset=\"https:\/\/franciscanos.org.br\/noticias\/wp-content\/uploads\/2020\/06\/paulo_28_2.jpg 961w, https:\/\/franciscanos.org.br\/noticias\/wp-content\/uploads\/2020\/06\/paulo_28_2-450x337.jpg 450w, https:\/\/franciscanos.org.br\/noticias\/wp-content\/uploads\/2020\/06\/paulo_28_2-768x575.jpg 768w, https:\/\/franciscanos.org.br\/noticias\/wp-content\/uploads\/2020\/06\/paulo_28_2-150x112.jpg 150w, https:\/\/franciscanos.org.br\/noticias\/wp-content\/uploads\/2020\/06\/paulo_28_2-600x450.jpg 600w\" sizes=\"(max-width: 961px) 100vw, 961px\" \/><\/p>\n<p>Frei Paulo, em sua homilia, lembrou a Igreja fraterna e solid\u00e1ria que se preocupa com o pr\u00f3ximo. Segundo ele, essa Igreja est\u00e1 personificada nos ap\u00f3stolos Pedro e Paulo. \u201dCelebrar a vida desses dois ap\u00f3stolos de Jesus Cristo \u00e9 celebrar a vida da pr\u00f3pria Igreja, que \u00e9 constitu\u00edda de muitas dimens\u00f5es: a dimens\u00e3o hier\u00e1rquica, estrutural, administrativa, sacramental. E todas essas dimens\u00f5es s\u00e3o s\u00edmbolos da pr\u00f3pria pessoa de Pedro, \u00e9 tamb\u00e9m de Paulo na dimens\u00e3o mission\u00e1ria\u201d, enfatizou o p\u00e1roco. Frei Paulo disse ainda que, para entender a miss\u00e3o dos ap\u00f3stolos Pedro e Paulo, e assim entender a miss\u00e3o de toda a Igreja, o Evangelho aponta para uma pergunta fundamental feita por Jesus Cristo aos seus ap\u00f3stolos: \u201co que o povo pensa quem eu sou?\u201d. Os ap\u00f3stolos responderam: &#8211; Uns dizem que tu \u00e9s Jo\u00e3o Batista, Elias, Jeremias ou outros profetas. Na verdade, explicou Frei Paulo, \u201cas pessoas viam Jesus apenas como homem bom, n\u00e3o haviam percebido nele sua verdadeira identidade\u201d. Insatisfeito com as respostas, explicou o frei, \u201cJesus questionou os ap\u00f3stolos: E voc\u00eas que andam comigo? E Pedro respondeu: &#8211; tu \u00e9s o messias, o filho de Deus\u201d. Segundo frei Paulo, Deus se revela a quem se compromete com o seu Reino, e a voca\u00e7\u00e3o da Igreja \u00e9 ser solid\u00e1ria. \u201cNo tr\u00edduo deste ano, fizemos campanhas solid\u00e1rias que mostram outra dimens\u00e3o da Igreja, que se preocupa com os outros, testemunho de uma igreja fraterna e solid\u00e1ria\u201d, finalizou.<\/p>\n<p><img loading=\"lazy\" class=\"alignnone size-full wp-image-226849\" src=\"https:\/\/franciscanos.org.br\/noticias\/wp-content\/uploads\/2020\/06\/paulo_28_3.jpg\" alt=\"\" width=\"1153\" height=\"702\" srcset=\"https:\/\/franciscanos.org.br\/noticias\/wp-content\/uploads\/2020\/06\/paulo_28_3.jpg 1153w, https:\/\/franciscanos.org.br\/noticias\/wp-content\/uploads\/2020\/06\/paulo_28_3-450x274.jpg 450w, https:\/\/franciscanos.org.br\/noticias\/wp-content\/uploads\/2020\/06\/paulo_28_3-1024x623.jpg 1024w, https:\/\/franciscanos.org.br\/noticias\/wp-content\/uploads\/2020\/06\/paulo_28_3-768x468.jpg 768w, https:\/\/franciscanos.org.br\/noticias\/wp-content\/uploads\/2020\/06\/paulo_28_3-150x91.jpg 150w\" sizes=\"(max-width: 1153px) 100vw, 1153px\" \/><\/p>\n<p><strong>Missa do Padroeiro<\/strong><\/p>\n<p>Neste domingo (28), \u00faltimo dia da 170\u00aa Festa de S\u00e3o Pedro, v\u00e3o acontecer duas missas do padroeiro: \u00e0s 9 horas e 19 horas. As celebra\u00e7\u00f5es religiosas tamb\u00e9m ter\u00e3o presen\u00e7a de p\u00fablico, por\u00e9m, limitado a 30% da capacidade da igreja, sendo que apenas a missa das 9 horas ter\u00e1 transmiss\u00e3o pelo Facebook da Par\u00f3quia e da TV Gaspar e no canal Youtube da TV Gaspar.<\/p>\n<p>Ainda no domingo, a Par\u00f3quia vai servir, em sistema de<em> delivery<\/em>, o tradicional churrasco. A entrega ser\u00e1 das 11h \u00e0s 14h30. Quem vier de carro vai receber o churrasco no <em>drive-thru<\/em>, montado no p\u00e1tio do Cristo Reis (entrada pela Coronel Aristiliano Ramos), \u00a0onde n\u00e3o ser\u00e1 preciso sair do carro, garantindo total distanciamento e seguran\u00e7a. Durante os avisos paroquiais, frei Paulo agradeceu a participa\u00e7\u00e3o da comunidade na 170\u00aa Festa de S\u00e3o Pedro e disse que praticamente todos os cart\u00f5es do churrasco foram vendidos. As pessoas interessadas em participar das missas dever\u00e3o pegar a senha durante a semana na secretaria paroquial.<\/p>\n<p><img loading=\"lazy\" class=\"alignnone size-full wp-image-226850\" src=\"https:\/\/franciscanos.org.br\/noticias\/wp-content\/uploads\/2020\/06\/paulo_28_4.jpg\" alt=\"\" width=\"1135\" height=\"768\" srcset=\"https:\/\/franciscanos.org.br\/noticias\/wp-content\/uploads\/2020\/06\/paulo_28_4.jpg 1135w, https:\/\/franciscanos.org.br\/noticias\/wp-content\/uploads\/2020\/06\/paulo_28_4-450x304.jpg 450w, https:\/\/franciscanos.org.br\/noticias\/wp-content\/uploads\/2020\/06\/paulo_28_4-1024x693.jpg 1024w, https:\/\/franciscanos.org.br\/noticias\/wp-content\/uploads\/2020\/06\/paulo_28_4-768x520.jpg 768w, https:\/\/franciscanos.org.br\/noticias\/wp-content\/uploads\/2020\/06\/paulo_28_4-150x101.jpg 150w\" sizes=\"(max-width: 1135px) 100vw, 1135px\" \/><\/p>\n<hr \/>\n<p><em>Pascom da Par\u00f3quia de Gaspar<\/em><\/p>\n","protected":false},"excerpt":{"rendered":"<p>170\u00aa Festa de S\u00e3o Pedro Ap\u00f3stolo de Gaspar<\/p>\n","protected":false},"author":3,"featured_media":226847,"comment_status":"open","ping_status":"open","sticky":false,"template":"","format":"standard","meta":[],"categories":[1],"tags":[298],"acf":[],"yoast_head":"<!-- This site is optimized with the Yoast SEO plugin v19.2 - https:\/\/yoast.com\/wordpress\/plugins\/seo\/ -->\n<title>Missa presencial encerra o Tr\u00edduo da 170\u00aa Festa de S\u00e3o Pedro em Gaspar - Not\u00edcias - Franciscanos<\/title>\n<meta name=\"robots\" content=\"index, follow, max-snippet:-1, max-image-preview:large, max-video-preview:-1\" \/>\n<link rel=\"canonical\" href=\"https:\/\/franciscanos.org.br\/noticias\/missa-presencial-encerra-o-triduo-da-170a-festa-de-sao-pedro-em-gaspar.html\" \/>\n<meta property=\"og:locale\" content=\"pt_BR\" \/>\n<meta property=\"og:type\" content=\"article\" \/>\n<meta property=\"og:title\" content=\"Missa presencial encerra o Tr\u00edduo da 170\u00aa Festa de S\u00e3o Pedro em Gaspar - Not\u00edcias - Franciscanos\" \/>\n<meta property=\"og:description\" content=\"170\u00aa Festa de S\u00e3o Pedro Ap\u00f3stolo de Gaspar\" \/>\n<meta property=\"og:url\" content=\"https:\/\/franciscanos.org.br\/noticias\/missa-presencial-encerra-o-triduo-da-170a-festa-de-sao-pedro-em-gaspar.html\" \/>\n<meta property=\"og:site_name\" content=\"Not\u00edcias - Franciscanos\" \/>\n<meta property=\"article:published_time\" content=\"2020-06-28T09:13:26+00:00\" \/>\n<meta property=\"og:image\" content=\"https:\/\/franciscanos.org.br\/noticias\/wp-content\/uploads\/2020\/06\/paulo_28d.jpg\" \/>\n\t<meta property=\"og:image:width\" content=\"800\" \/>\n\t<meta property=\"og:image:height\" content=\"600\" \/>\n\t<meta property=\"og:image:type\" content=\"image\/jpeg\" \/>\n<meta name=\"author\" content=\"moacir\" \/>\n<meta name=\"twitter:card\" content=\"summary_large_image\" \/>\n<meta name=\"twitter:label1\" content=\"Escrito por\" \/>\n\t<meta name=\"twitter:data1\" content=\"moacir\" \/>\n\t<meta name=\"twitter:label2\" content=\"Est. tempo de leitura\" \/>\n\t<meta name=\"twitter:data2\" content=\"3 minutos\" \/>\n<script type=\"application\/ld+json\" class=\"yoast-schema-graph\">{\"@context\":\"https:\/\/schema.org\",\"@graph\":[{\"@type\":\"WebSite\",\"@id\":\"https:\/\/franciscanos.org.br\/noticias\/#website\",\"url\":\"https:\/\/franciscanos.org.br\/noticias\/\",\"name\":\"Not\u00edcias - Franciscanos\",\"description\":\"Prov\u00edncia Franciscana da Imaculada Concei\u00e7\u00e3o do Brasil - Ordem dos Frades Menores - OFM\",\"potentialAction\":[{\"@type\":\"SearchAction\",\"target\":{\"@type\":\"EntryPoint\",\"urlTemplate\":\"https:\/\/franciscanos.org.br\/noticias\/?s={search_term_string}\"},\"query-input\":\"required name=search_term_string\"}],\"inLanguage\":\"pt-BR\"},{\"@type\":\"ImageObject\",\"inLanguage\":\"pt-BR\",\"@id\":\"https:\/\/franciscanos.org.br\/noticias\/missa-presencial-encerra-o-triduo-da-170a-festa-de-sao-pedro-em-gaspar.html#primaryimage\",\"url\":\"https:\/\/franciscanos.org.br\/noticias\/wp-content\/uploads\/2020\/06\/paulo_28d.jpg\",\"contentUrl\":\"https:\/\/franciscanos.org.br\/noticias\/wp-content\/uploads\/2020\/06\/paulo_28d.jpg\",\"width\":800,\"height\":600},{\"@type\":\"WebPage\",\"@id\":\"https:\/\/franciscanos.org.br\/noticias\/missa-presencial-encerra-o-triduo-da-170a-festa-de-sao-pedro-em-gaspar.html#webpage\",\"url\":\"https:\/\/franciscanos.org.br\/noticias\/missa-presencial-encerra-o-triduo-da-170a-festa-de-sao-pedro-em-gaspar.html\",\"name\":\"Missa presencial encerra o Tr\u00edduo da 170\u00aa Festa de S\u00e3o Pedro em Gaspar - Not\u00edcias - Franciscanos\",\"isPartOf\":{\"@id\":\"https:\/\/franciscanos.org.br\/noticias\/#website\"},\"primaryImageOfPage\":{\"@id\":\"https:\/\/franciscanos.org.br\/noticias\/missa-presencial-encerra-o-triduo-da-170a-festa-de-sao-pedro-em-gaspar.html#primaryimage\"},\"datePublished\":\"2020-06-28T09:13:26+00:00\",\"dateModified\":\"2020-06-28T09:13:26+00:00\",\"author\":{\"@id\":\"https:\/\/franciscanos.org.br\/noticias\/#\/schema\/person\/b5c8cba458c330ccff548b056e95a5d4\"},\"breadcrumb\":{\"@id\":\"https:\/\/franciscanos.org.br\/noticias\/missa-presencial-encerra-o-triduo-da-170a-festa-de-sao-pedro-em-gaspar.html#breadcrumb\"},\"inLanguage\":\"pt-BR\",\"potentialAction\":[{\"@type\":\"ReadAction\",\"target\":[\"https:\/\/franciscanos.org.br\/noticias\/missa-presencial-encerra-o-triduo-da-170a-festa-de-sao-pedro-em-gaspar.html\"]}]},{\"@type\":\"BreadcrumbList\",\"@id\":\"https:\/\/franciscanos.org.br\/noticias\/missa-presencial-encerra-o-triduo-da-170a-festa-de-sao-pedro-em-gaspar.html#breadcrumb\",\"itemListElement\":[{\"@type\":\"ListItem\",\"position\":1,\"name\":\"Home\",\"item\":\"https:\/\/franciscanos.org.br\/noticias\"},{\"@type\":\"ListItem\",\"position\":2,\"name\":\"Missa presencial encerra o Tr\u00edduo da 170\u00aa Festa de S\u00e3o Pedro em Gaspar\"}]},{\"@type\":\"Person\",\"@id\":\"https:\/\/franciscanos.org.br\/noticias\/#\/schema\/person\/b5c8cba458c330ccff548b056e95a5d4\",\"name\":\"moacir\",\"image\":{\"@type\":\"ImageObject\",\"inLanguage\":\"pt-BR\",\"@id\":\"https:\/\/franciscanos.org.br\/noticias\/#\/schema\/person\/image\/\",\"url\":\"https:\/\/secure.gravatar.com\/avatar\/d08aa2ce4c8dd416d4479aa8536fcf64?s=96&d=mm&r=g\",\"contentUrl\":\"https:\/\/secure.gravatar.com\/avatar\/d08aa2ce4c8dd416d4479aa8536fcf64?s=96&d=mm&r=g\",\"caption\":\"moacir\"},\"url\":\"https:\/\/franciscanos.org.br\/noticias\/author\/moacir\"}]}<\/script>\n<!-- \/ Yoast SEO plugin. -->","yoast_head_json":{"title":"Missa presencial encerra o Tr\u00edduo da 170\u00aa Festa de S\u00e3o Pedro em Gaspar - Not\u00edcias - Franciscanos","robots":{"index":"index","follow":"follow","max-snippet":"max-snippet:-1","max-image-preview":"max-image-preview:large","max-video-preview":"max-video-preview:-1"},"canonical":"https:\/\/franciscanos.org.br\/noticias\/missa-presencial-encerra-o-triduo-da-170a-festa-de-sao-pedro-em-gaspar.html","og_locale":"pt_BR","og_type":"article","og_title":"Missa presencial encerra o Tr\u00edduo da 170\u00aa Festa de S\u00e3o Pedro em Gaspar - Not\u00edcias - Franciscanos","og_description":"170\u00aa Festa de S\u00e3o Pedro Ap\u00f3stolo de Gaspar","og_url":"https:\/\/franciscanos.org.br\/noticias\/missa-presencial-encerra-o-triduo-da-170a-festa-de-sao-pedro-em-gaspar.html","og_site_name":"Not\u00edcias - Franciscanos","article_published_time":"2020-06-28T09:13:26+00:00","og_image":[{"width":800,"height":600,"url":"https:\/\/franciscanos.org.br\/noticias\/wp-content\/uploads\/2020\/06\/paulo_28d.jpg","type":"image\/jpeg"}],"author":"moacir","twitter_card":"summary_large_image","twitter_misc":{"Escrito por":"moacir","Est. tempo de leitura":"3 minutos"},"schema":{"@context":"https:\/\/schema.org","@graph":[{"@type":"WebSite","@id":"https:\/\/franciscanos.org.br\/noticias\/#website","url":"https:\/\/franciscanos.org.br\/noticias\/","name":"Not\u00edcias - Franciscanos","description":"Prov\u00edncia Franciscana da Imaculada Concei\u00e7\u00e3o do Brasil - Ordem dos Frades Menores - OFM","potentialAction":[{"@type":"SearchAction","target":{"@type":"EntryPoint","urlTemplate":"https:\/\/franciscanos.org.br\/noticias\/?s={search_term_string}"},"query-input":"required name=search_term_string"}],"inLanguage":"pt-BR"},{"@type":"ImageObject","inLanguage":"pt-BR","@id":"https:\/\/franciscanos.org.br\/noticias\/missa-presencial-encerra-o-triduo-da-170a-festa-de-sao-pedro-em-gaspar.html#primaryimage","url":"https:\/\/franciscanos.org.br\/noticias\/wp-content\/uploads\/2020\/06\/paulo_28d.jpg","contentUrl":"https:\/\/franciscanos.org.br\/noticias\/wp-content\/uploads\/2020\/06\/paulo_28d.jpg","width":800,"height":600},{"@type":"WebPage","@id":"https:\/\/franciscanos.org.br\/noticias\/missa-presencial-encerra-o-triduo-da-170a-festa-de-sao-pedro-em-gaspar.html#webpage","url":"https:\/\/franciscanos.org.br\/noticias\/missa-presencial-encerra-o-triduo-da-170a-festa-de-sao-pedro-em-gaspar.html","name":"Missa presencial encerra o Tr\u00edduo da 170\u00aa Festa de S\u00e3o Pedro em Gaspar - Not\u00edcias - Franciscanos","isPartOf":{"@id":"https:\/\/franciscanos.org.br\/noticias\/#website"},"primaryImageOfPage":{"@id":"https:\/\/franciscanos.org.br\/noticias\/missa-presencial-encerra-o-triduo-da-170a-festa-de-sao-pedro-em-gaspar.html#primaryimage"},"datePublished":"2020-06-28T09:13:26+00:00","dateModified":"2020-06-28T09:13:26+00:00","author":{"@id":"https:\/\/franciscanos.org.br\/noticias\/#\/schema\/person\/b5c8cba458c330ccff548b056e95a5d4"},"breadcrumb":{"@id":"https:\/\/franciscanos.org.br\/noticias\/missa-presencial-encerra-o-triduo-da-170a-festa-de-sao-pedro-em-gaspar.html#breadcrumb"},"inLanguage":"pt-BR","potentialAction":[{"@type":"ReadAction","target":["https:\/\/franciscanos.org.br\/noticias\/missa-presencial-encerra-o-triduo-da-170a-festa-de-sao-pedro-em-gaspar.html"]}]},{"@type":"BreadcrumbList","@id":"https:\/\/franciscanos.org.br\/noticias\/missa-presencial-encerra-o-triduo-da-170a-festa-de-sao-pedro-em-gaspar.html#breadcrumb","itemListElement":[{"@type":"ListItem","position":1,"name":"Home","item":"https:\/\/franciscanos.org.br\/noticias"},{"@type":"ListItem","position":2,"name":"Missa presencial encerra o Tr\u00edduo da 170\u00aa Festa de S\u00e3o Pedro em Gaspar"}]},{"@type":"Person","@id":"https:\/\/franciscanos.org.br\/noticias\/#\/schema\/person\/b5c8cba458c330ccff548b056e95a5d4","name":"moacir","image":{"@type":"ImageObject","inLanguage":"pt-BR","@id":"https:\/\/franciscanos.org.br\/noticias\/#\/schema\/person\/image\/","url":"https:\/\/secure.gravatar.com\/avatar\/d08aa2ce4c8dd416d4479aa8536fcf64?s=96&d=mm&r=g","contentUrl":"https:\/\/secure.gravatar.com\/avatar\/d08aa2ce4c8dd416d4479aa8536fcf64?s=96&d=mm&r=g","caption":"moacir"},"url":"https:\/\/franciscanos.org.br\/noticias\/author\/moacir"}]}},"_links":{"self":[{"href":"https:\/\/franciscanos.org.br\/noticias\/wp-json\/wp\/v2\/posts\/226845"}],"collection":[{"href":"https:\/\/franciscanos.org.br\/noticias\/wp-json\/wp\/v2\/posts"}],"about":[{"href":"https:\/\/franciscanos.org.br\/noticias\/wp-json\/wp\/v2\/types\/post"}],"author":[{"embeddable":true,"href":"https:\/\/franciscanos.org.br\/noticias\/wp-json\/wp\/v2\/users\/3"}],"replies":[{"embeddable":true,"href":"https:\/\/franciscanos.org.br\/noticias\/wp-json\/wp\/v2\/comments?post=226845"}],"version-history":[{"count":1,"href":"https:\/\/franciscanos.org.br\/noticias\/wp-json\/wp\/v2\/posts\/226845\/revisions"}],"predecessor-version":[{"id":226851,"href":"https:\/\/franciscanos.org.br\/noticias\/wp-json\/wp\/v2\/posts\/226845\/revisions\/226851"}],"wp:featuredmedia":[{"embeddable":true,"href":"https:\/\/franciscanos.org.br\/noticias\/wp-json\/wp\/v2\/media\/226847"}],"wp:attachment":[{"href":"https:\/\/franciscanos.org.br\/noticias\/wp-json\/wp\/v2\/media?parent=226845"}],"wp:term":[{"taxonomy":"category","embeddable":true,"href":"https:\/\/franciscanos.org.br\/noticias\/wp-json\/wp\/v2\/categories?post=226845"},{"taxonomy":"post_tag","embeddable":true,"href":"https:\/\/franciscanos.org.br\/noticias\/wp-json\/wp\/v2\/tags?post=226845"}],"curies":[{"name":"wp","href":"https:\/\/api.w.org\/{rel}","templated":true}]}}