{"id":226838,"date":"2020-06-27T17:25:13","date_gmt":"2020-06-27T20:25:13","guid":{"rendered":"https:\/\/franciscanos.org.br\/noticias\/?p=226838"},"modified":"2020-06-27T17:25:13","modified_gmt":"2020-06-27T20:25:13","slug":"festa-de-sao-pedro-apostolo-2o-dia-do-triduo-tem-doacoes-para-campanha-do-agasalho-em-gaspar","status":"publish","type":"post","link":"https:\/\/franciscanos.org.br\/noticias\/festa-de-sao-pedro-apostolo-2o-dia-do-triduo-tem-doacoes-para-campanha-do-agasalho-em-gaspar.html","title":{"rendered":"Festa de S\u00e3o Pedro Ap\u00f3stolo: 2\u00ba dia do Tr\u00edduo tem doa\u00e7\u00f5es para Campanha do Agasalho em Gaspar"},"content":{"rendered":"<p><img loading=\"lazy\" class=\"alignnone size-full wp-image-226839\" src=\"https:\/\/franciscanos.org.br\/noticias\/wp-content\/uploads\/2020\/06\/gaspar.jpg\" alt=\"\" width=\"1280\" height=\"720\" srcset=\"https:\/\/franciscanos.org.br\/noticias\/wp-content\/uploads\/2020\/06\/gaspar.jpg 1280w, https:\/\/franciscanos.org.br\/noticias\/wp-content\/uploads\/2020\/06\/gaspar-450x253.jpg 450w, https:\/\/franciscanos.org.br\/noticias\/wp-content\/uploads\/2020\/06\/gaspar-1024x576.jpg 1024w, https:\/\/franciscanos.org.br\/noticias\/wp-content\/uploads\/2020\/06\/gaspar-768x432.jpg 768w, https:\/\/franciscanos.org.br\/noticias\/wp-content\/uploads\/2020\/06\/gaspar-150x84.jpg 150w\" sizes=\"(max-width: 1280px) 100vw, 1280px\" \/><\/p>\n<p><strong>Gaspar (SC)<\/strong> &#8211; Caridade, partilha, fraternidade e uni\u00e3o s\u00e3o palavras que refor\u00e7am a proposta religiosa da 170\u00aa Festa de S\u00e3o Pedro Ap\u00f3stolo, em Gaspar. Na 2\u00aa Missa do Tr\u00edduo, realizada na noite desta sexta-feira (26) na Igreja Matriz, os fi\u00e9is mais uma vez n\u00e3o puderam estar presentes, por\u00e9m, atrav\u00e9s da internet assistiram a celebra\u00e7\u00e3o presidida por Frei Aldo, transmitida pelo Facebook da Par\u00f3quia e da TV Gaspar e canal YouTube da TV Gaspar.<\/p>\n<p>Neste ano, a festa do Padroeiro S\u00e3o Pedro tem como tema \u201cCom S\u00e3o Pedro, testemunhas de uma Igreja fraterna e solit\u00e1ria\u201d, acompanhado do lema \u201cViu, sentiu compaix\u00e3o e cuidou dele\u201d (Lc 10,25-37. Na celebra\u00e7\u00e3o religiosa desta sexta-feira, a caridade, partilha e fraternidade se materializaram no ensinamento b\u00edblico do Evangelho segundo Mateus: \u201cEu estava sem roupa e voc\u00eas me vestiram\u201d (Mt 25,36a). Durante a semana, os fi\u00e9is puderam doar roupas, cal\u00e7ados e cobertores novos ou usados para a Campanha do Agasalho 2020, que coincidiu com a chegada de uma massa de ar frio ao Estado neste fim de semana. As doa\u00e7\u00f5es ser\u00e3o entregues \u00e0 Confer\u00eancia Vicentina, bra\u00e7o social da Par\u00f3quia S\u00e3o Pedro Ap\u00f3stolo em Gaspar, que depois ir\u00e1 distribuir \u00e0s fam\u00edlias cadastradas junto \u00e0 institui\u00e7\u00e3o.<\/p>\n<p>Em sua homilia, Frei Aldo afirmou que embora as circunst\u00e2ncias da Festa do Padroeiro sejam at\u00edpicas n\u00e3o impede a renova\u00e7\u00e3o e a comunh\u00e3o espirituais. O frei lembrou que o tema da Festa deste ano n\u00e3o foi escolhido por acaso. Ele repousa sobre o testemunho de S\u00e3o Pedro sobre a primeira comunidade eclesi\u00e1stica de Jerusal\u00e9m, e alertou: \u201cQueremos, sim, uma Igreja de irm\u00e3os solid\u00e1rios, pois se n\u00e3o formos solid\u00e1rios, ent\u00e3o n\u00f3s n\u00e3o seremos uma Igreja Crist\u00e3 nem disc\u00edpulos de Jesus\u201d. O celebrante refor\u00e7ou a import\u00e2ncia de servirmos aos mais necessitados, dando-lhes de comer e vestir, por\u00e9m, n\u00e3o podemos nos esquecer das car\u00eancias espirituais dessas pessoas e conclamou todos os crist\u00e3os a aprenderem mais sobre os ensinamentos de S\u00e3o Pedro e a imitarem suas virtudes. \u201cCelebrar S\u00e3o Pedro \u00e9 ter uni\u00e3o, assim como a unidade das nossas 17 comunidades religiosas que formam a Par\u00f3quia\u201d, finalizou frei Aldo.<\/p>\n<p><img loading=\"lazy\" class=\"alignnone size-full wp-image-226841\" src=\"https:\/\/franciscanos.org.br\/noticias\/wp-content\/uploads\/2020\/06\/gaspar_0406.jpg\" alt=\"\" width=\"960\" height=\"1280\" srcset=\"https:\/\/franciscanos.org.br\/noticias\/wp-content\/uploads\/2020\/06\/gaspar_0406.jpg 960w, https:\/\/franciscanos.org.br\/noticias\/wp-content\/uploads\/2020\/06\/gaspar_0406-338x450.jpg 338w, https:\/\/franciscanos.org.br\/noticias\/wp-content\/uploads\/2020\/06\/gaspar_0406-768x1024.jpg 768w, https:\/\/franciscanos.org.br\/noticias\/wp-content\/uploads\/2020\/06\/gaspar_0406-150x200.jpg 150w\" sizes=\"(max-width: 960px) 100vw, 960px\" \/><\/p>\n<p>Terceira Missa do Tr\u00edduo &#8211; Nos avisos da missa, Frei Paulo Moura, p\u00e1roco da Matriz S\u00e3o Pedro Ap\u00f3stolo, lembrou que as a\u00e7\u00f5es solid\u00e1rias da 170\u00aa Festa de S\u00e3o Pedro continuam neste s\u00e1bado (27), quando acontece a 3\u00aa Missa do Tr\u00edduo, a partir das 19 horas, tendo como tema \u201cEu estava doente e voc\u00eas cuidaram de mim\u201d (Mt 25,36b). A proposta agora, segundo ele, \u00e9 que as pessoas doem fraldas geri\u00e1tricas, que v\u00e3o beneficiar centenas de idosos moradores de Gaspar.<\/p>\n<p>A grande novidade da missa deste s\u00e1bado \u00e9 o retorno do p\u00fablico \u00e0 igreja matriz depois de mais de tr\u00eas meses. Em fun\u00e7\u00e3o das medidas de seguran\u00e7a sanit\u00e1ria, o templo est\u00e1 com sua capacidade reduzida a 30%. Desta forma, explica o p\u00e1roco Frei Paulo Moura \u201cas pessoas precisar\u00e3o de uma senha para participar das missas presenciais\u201d. Para as celebra\u00e7\u00f5es deste fim de semana, a senha deve ser retirada at\u00e9 11 horas da manh\u00e3 deste s\u00e1bado na Secretaria da Par\u00f3quia. \u201c\u00c9 a \u00fanica forma de controlarmos o acesso\u201d, justifica o frei. Ele refor\u00e7a que o uso de m\u00e1scara \u00e9 obrigat\u00f3rio durante a celebra\u00e7\u00e3o, assim como a higieniza\u00e7\u00e3o das m\u00e3os com \u00e1lcool em gel no acesso \u00e0 igreja. Paralelamente, a celebra\u00e7\u00e3o ser\u00e1 exibida no Facebook da Par\u00f3quia S\u00e3o Pedro e da TV Gaspar e no canal YouTube da TV Gaspar, que vem transmitindo todas as missas na Igreja Matriz S\u00e3o Pedro Ap\u00f3stolo desde o in\u00edcio da pandemia. Para as missas da semana, as pessoas devem retirar a senha na Secretaria Paroquial, das 8 \u00e0s 17 horas.<\/p>\n<p><img loading=\"lazy\" class=\"alignnone size-full wp-image-226842\" src=\"https:\/\/franciscanos.org.br\/noticias\/wp-content\/uploads\/2020\/06\/gaspar_0306.jpg\" alt=\"\" width=\"960\" height=\"1280\" srcset=\"https:\/\/franciscanos.org.br\/noticias\/wp-content\/uploads\/2020\/06\/gaspar_0306.jpg 960w, https:\/\/franciscanos.org.br\/noticias\/wp-content\/uploads\/2020\/06\/gaspar_0306-338x450.jpg 338w, https:\/\/franciscanos.org.br\/noticias\/wp-content\/uploads\/2020\/06\/gaspar_0306-768x1024.jpg 768w, https:\/\/franciscanos.org.br\/noticias\/wp-content\/uploads\/2020\/06\/gaspar_0306-150x200.jpg 150w\" sizes=\"(max-width: 960px) 100vw, 960px\" \/><\/p>\n<p>No domingo (28), \u00faltimo dia da festa, as celebra\u00e7\u00f5es religiosas (9h e 19h) tamb\u00e9m ter\u00e3o presen\u00e7a de p\u00fablico limitado a 30% da capacidade da igreja. Ainda no domingo, a Par\u00f3quia vai servir, em sistema de <em>delivery<\/em>, o tradicional churrasco. A entrega ser\u00e1 das 11h \u00e0s 14h30min no sistema <em>drive-thru<\/em>, onde as pessoas nem precisar\u00e3o sair de seus carros garantindo total distanciamento e seguran\u00e7a. Frei Paulo avisa que n\u00e3o haver\u00e1 venda de cart\u00f5es no dia. Portanto, os interessados no churrasco devem procurar a Secretaria da Par\u00f3quia at\u00e9 o final da manh\u00e3 deste s\u00e1bado, para a compra do cart\u00e3o. Por fim, convida a todos a prestigiarem os festejos da 170\u00aa Festa de S\u00e3o Pedro Ap\u00f3stolo.<\/p>\n<p><img loading=\"lazy\" class=\"alignnone size-full wp-image-226843\" src=\"https:\/\/franciscanos.org.br\/noticias\/wp-content\/uploads\/2020\/06\/gaspar_206.jpg\" alt=\"\" width=\"960\" height=\"722\" srcset=\"https:\/\/franciscanos.org.br\/noticias\/wp-content\/uploads\/2020\/06\/gaspar_206.jpg 960w, https:\/\/franciscanos.org.br\/noticias\/wp-content\/uploads\/2020\/06\/gaspar_206-450x338.jpg 450w, https:\/\/franciscanos.org.br\/noticias\/wp-content\/uploads\/2020\/06\/gaspar_206-768x578.jpg 768w, https:\/\/franciscanos.org.br\/noticias\/wp-content\/uploads\/2020\/06\/gaspar_206-150x113.jpg 150w, https:\/\/franciscanos.org.br\/noticias\/wp-content\/uploads\/2020\/06\/gaspar_206-600x450.jpg 600w\" sizes=\"(max-width: 960px) 100vw, 960px\" \/><\/p>\n<p>&nbsp;<\/p>\n<p><em>Pascom da Par\u00f3quia de Gaspar<\/em><\/p>\n<p><em>\u00a0<\/em><\/p>\n","protected":false},"excerpt":{"rendered":"<p>170\u00aa Festa de S\u00e3o Pedro Ap\u00f3stolo de Gaspar<\/p>\n","protected":false},"author":3,"featured_media":226840,"comment_status":"open","ping_status":"open","sticky":false,"template":"","format":"standard","meta":[],"categories":[1],"tags":[298],"acf":[],"yoast_head":"<!-- This site is optimized with the Yoast SEO plugin v19.2 - https:\/\/yoast.com\/wordpress\/plugins\/seo\/ -->\n<title>Festa de S\u00e3o Pedro Ap\u00f3stolo: 2\u00ba dia do Tr\u00edduo tem doa\u00e7\u00f5es para Campanha do Agasalho em Gaspar - Not\u00edcias - Franciscanos<\/title>\n<meta name=\"robots\" content=\"index, follow, max-snippet:-1, max-image-preview:large, max-video-preview:-1\" \/>\n<link rel=\"canonical\" href=\"https:\/\/franciscanos.org.br\/noticias\/festa-de-sao-pedro-apostolo-2o-dia-do-triduo-tem-doacoes-para-campanha-do-agasalho-em-gaspar.html\" \/>\n<meta property=\"og:locale\" content=\"pt_BR\" \/>\n<meta property=\"og:type\" content=\"article\" \/>\n<meta property=\"og:title\" content=\"Festa de S\u00e3o Pedro Ap\u00f3stolo: 2\u00ba dia do Tr\u00edduo tem doa\u00e7\u00f5es para Campanha do Agasalho em Gaspar - Not\u00edcias - Franciscanos\" \/>\n<meta property=\"og:description\" content=\"170\u00aa Festa de S\u00e3o Pedro Ap\u00f3stolo de Gaspar\" \/>\n<meta property=\"og:url\" content=\"https:\/\/franciscanos.org.br\/noticias\/festa-de-sao-pedro-apostolo-2o-dia-do-triduo-tem-doacoes-para-campanha-do-agasalho-em-gaspar.html\" \/>\n<meta property=\"og:site_name\" content=\"Not\u00edcias - Franciscanos\" \/>\n<meta property=\"article:published_time\" content=\"2020-06-27T20:25:13+00:00\" \/>\n<meta property=\"og:image\" content=\"https:\/\/franciscanos.org.br\/noticias\/wp-content\/uploads\/2020\/06\/gaspar_0d.jpg\" \/>\n\t<meta property=\"og:image:width\" content=\"1280\" \/>\n\t<meta property=\"og:image:height\" content=\"960\" \/>\n\t<meta property=\"og:image:type\" content=\"image\/jpeg\" \/>\n<meta name=\"author\" content=\"moacir\" \/>\n<meta name=\"twitter:card\" content=\"summary_large_image\" \/>\n<meta name=\"twitter:label1\" content=\"Escrito por\" \/>\n\t<meta name=\"twitter:data1\" content=\"moacir\" \/>\n\t<meta name=\"twitter:label2\" content=\"Est. tempo de leitura\" \/>\n\t<meta name=\"twitter:data2\" content=\"4 minutos\" \/>\n<script type=\"application\/ld+json\" class=\"yoast-schema-graph\">{\"@context\":\"https:\/\/schema.org\",\"@graph\":[{\"@type\":\"WebSite\",\"@id\":\"https:\/\/franciscanos.org.br\/noticias\/#website\",\"url\":\"https:\/\/franciscanos.org.br\/noticias\/\",\"name\":\"Not\u00edcias - Franciscanos\",\"description\":\"Prov\u00edncia Franciscana da Imaculada Concei\u00e7\u00e3o do Brasil - Ordem dos Frades Menores - OFM\",\"potentialAction\":[{\"@type\":\"SearchAction\",\"target\":{\"@type\":\"EntryPoint\",\"urlTemplate\":\"https:\/\/franciscanos.org.br\/noticias\/?s={search_term_string}\"},\"query-input\":\"required name=search_term_string\"}],\"inLanguage\":\"pt-BR\"},{\"@type\":\"ImageObject\",\"inLanguage\":\"pt-BR\",\"@id\":\"https:\/\/franciscanos.org.br\/noticias\/festa-de-sao-pedro-apostolo-2o-dia-do-triduo-tem-doacoes-para-campanha-do-agasalho-em-gaspar.html#primaryimage\",\"url\":\"https:\/\/franciscanos.org.br\/noticias\/wp-content\/uploads\/2020\/06\/gaspar_0d.jpg\",\"contentUrl\":\"https:\/\/franciscanos.org.br\/noticias\/wp-content\/uploads\/2020\/06\/gaspar_0d.jpg\",\"width\":1280,\"height\":960},{\"@type\":\"WebPage\",\"@id\":\"https:\/\/franciscanos.org.br\/noticias\/festa-de-sao-pedro-apostolo-2o-dia-do-triduo-tem-doacoes-para-campanha-do-agasalho-em-gaspar.html#webpage\",\"url\":\"https:\/\/franciscanos.org.br\/noticias\/festa-de-sao-pedro-apostolo-2o-dia-do-triduo-tem-doacoes-para-campanha-do-agasalho-em-gaspar.html\",\"name\":\"Festa de S\u00e3o Pedro Ap\u00f3stolo: 2\u00ba dia do Tr\u00edduo tem doa\u00e7\u00f5es para Campanha do Agasalho em Gaspar - Not\u00edcias - Franciscanos\",\"isPartOf\":{\"@id\":\"https:\/\/franciscanos.org.br\/noticias\/#website\"},\"primaryImageOfPage\":{\"@id\":\"https:\/\/franciscanos.org.br\/noticias\/festa-de-sao-pedro-apostolo-2o-dia-do-triduo-tem-doacoes-para-campanha-do-agasalho-em-gaspar.html#primaryimage\"},\"datePublished\":\"2020-06-27T20:25:13+00:00\",\"dateModified\":\"2020-06-27T20:25:13+00:00\",\"author\":{\"@id\":\"https:\/\/franciscanos.org.br\/noticias\/#\/schema\/person\/b5c8cba458c330ccff548b056e95a5d4\"},\"breadcrumb\":{\"@id\":\"https:\/\/franciscanos.org.br\/noticias\/festa-de-sao-pedro-apostolo-2o-dia-do-triduo-tem-doacoes-para-campanha-do-agasalho-em-gaspar.html#breadcrumb\"},\"inLanguage\":\"pt-BR\",\"potentialAction\":[{\"@type\":\"ReadAction\",\"target\":[\"https:\/\/franciscanos.org.br\/noticias\/festa-de-sao-pedro-apostolo-2o-dia-do-triduo-tem-doacoes-para-campanha-do-agasalho-em-gaspar.html\"]}]},{\"@type\":\"BreadcrumbList\",\"@id\":\"https:\/\/franciscanos.org.br\/noticias\/festa-de-sao-pedro-apostolo-2o-dia-do-triduo-tem-doacoes-para-campanha-do-agasalho-em-gaspar.html#breadcrumb\",\"itemListElement\":[{\"@type\":\"ListItem\",\"position\":1,\"name\":\"Home\",\"item\":\"https:\/\/franciscanos.org.br\/noticias\"},{\"@type\":\"ListItem\",\"position\":2,\"name\":\"Festa de S\u00e3o Pedro Ap\u00f3stolo: 2\u00ba dia do Tr\u00edduo tem doa\u00e7\u00f5es para Campanha do Agasalho em Gaspar\"}]},{\"@type\":\"Person\",\"@id\":\"https:\/\/franciscanos.org.br\/noticias\/#\/schema\/person\/b5c8cba458c330ccff548b056e95a5d4\",\"name\":\"moacir\",\"image\":{\"@type\":\"ImageObject\",\"inLanguage\":\"pt-BR\",\"@id\":\"https:\/\/franciscanos.org.br\/noticias\/#\/schema\/person\/image\/\",\"url\":\"https:\/\/secure.gravatar.com\/avatar\/d08aa2ce4c8dd416d4479aa8536fcf64?s=96&d=mm&r=g\",\"contentUrl\":\"https:\/\/secure.gravatar.com\/avatar\/d08aa2ce4c8dd416d4479aa8536fcf64?s=96&d=mm&r=g\",\"caption\":\"moacir\"},\"url\":\"https:\/\/franciscanos.org.br\/noticias\/author\/moacir\"}]}<\/script>\n<!-- \/ Yoast SEO plugin. -->","yoast_head_json":{"title":"Festa de S\u00e3o Pedro Ap\u00f3stolo: 2\u00ba dia do Tr\u00edduo tem doa\u00e7\u00f5es para Campanha do Agasalho em Gaspar - Not\u00edcias - Franciscanos","robots":{"index":"index","follow":"follow","max-snippet":"max-snippet:-1","max-image-preview":"max-image-preview:large","max-video-preview":"max-video-preview:-1"},"canonical":"https:\/\/franciscanos.org.br\/noticias\/festa-de-sao-pedro-apostolo-2o-dia-do-triduo-tem-doacoes-para-campanha-do-agasalho-em-gaspar.html","og_locale":"pt_BR","og_type":"article","og_title":"Festa de S\u00e3o Pedro Ap\u00f3stolo: 2\u00ba dia do Tr\u00edduo tem doa\u00e7\u00f5es para Campanha do Agasalho em Gaspar - Not\u00edcias - Franciscanos","og_description":"170\u00aa Festa de S\u00e3o Pedro Ap\u00f3stolo de Gaspar","og_url":"https:\/\/franciscanos.org.br\/noticias\/festa-de-sao-pedro-apostolo-2o-dia-do-triduo-tem-doacoes-para-campanha-do-agasalho-em-gaspar.html","og_site_name":"Not\u00edcias - Franciscanos","article_published_time":"2020-06-27T20:25:13+00:00","og_image":[{"width":1280,"height":960,"url":"https:\/\/franciscanos.org.br\/noticias\/wp-content\/uploads\/2020\/06\/gaspar_0d.jpg","type":"image\/jpeg"}],"author":"moacir","twitter_card":"summary_large_image","twitter_misc":{"Escrito por":"moacir","Est. tempo de leitura":"4 minutos"},"schema":{"@context":"https:\/\/schema.org","@graph":[{"@type":"WebSite","@id":"https:\/\/franciscanos.org.br\/noticias\/#website","url":"https:\/\/franciscanos.org.br\/noticias\/","name":"Not\u00edcias - Franciscanos","description":"Prov\u00edncia Franciscana da Imaculada Concei\u00e7\u00e3o do Brasil - Ordem dos Frades Menores - OFM","potentialAction":[{"@type":"SearchAction","target":{"@type":"EntryPoint","urlTemplate":"https:\/\/franciscanos.org.br\/noticias\/?s={search_term_string}"},"query-input":"required name=search_term_string"}],"inLanguage":"pt-BR"},{"@type":"ImageObject","inLanguage":"pt-BR","@id":"https:\/\/franciscanos.org.br\/noticias\/festa-de-sao-pedro-apostolo-2o-dia-do-triduo-tem-doacoes-para-campanha-do-agasalho-em-gaspar.html#primaryimage","url":"https:\/\/franciscanos.org.br\/noticias\/wp-content\/uploads\/2020\/06\/gaspar_0d.jpg","contentUrl":"https:\/\/franciscanos.org.br\/noticias\/wp-content\/uploads\/2020\/06\/gaspar_0d.jpg","width":1280,"height":960},{"@type":"WebPage","@id":"https:\/\/franciscanos.org.br\/noticias\/festa-de-sao-pedro-apostolo-2o-dia-do-triduo-tem-doacoes-para-campanha-do-agasalho-em-gaspar.html#webpage","url":"https:\/\/franciscanos.org.br\/noticias\/festa-de-sao-pedro-apostolo-2o-dia-do-triduo-tem-doacoes-para-campanha-do-agasalho-em-gaspar.html","name":"Festa de S\u00e3o Pedro Ap\u00f3stolo: 2\u00ba dia do Tr\u00edduo tem doa\u00e7\u00f5es para Campanha do Agasalho em Gaspar - Not\u00edcias - Franciscanos","isPartOf":{"@id":"https:\/\/franciscanos.org.br\/noticias\/#website"},"primaryImageOfPage":{"@id":"https:\/\/franciscanos.org.br\/noticias\/festa-de-sao-pedro-apostolo-2o-dia-do-triduo-tem-doacoes-para-campanha-do-agasalho-em-gaspar.html#primaryimage"},"datePublished":"2020-06-27T20:25:13+00:00","dateModified":"2020-06-27T20:25:13+00:00","author":{"@id":"https:\/\/franciscanos.org.br\/noticias\/#\/schema\/person\/b5c8cba458c330ccff548b056e95a5d4"},"breadcrumb":{"@id":"https:\/\/franciscanos.org.br\/noticias\/festa-de-sao-pedro-apostolo-2o-dia-do-triduo-tem-doacoes-para-campanha-do-agasalho-em-gaspar.html#breadcrumb"},"inLanguage":"pt-BR","potentialAction":[{"@type":"ReadAction","target":["https:\/\/franciscanos.org.br\/noticias\/festa-de-sao-pedro-apostolo-2o-dia-do-triduo-tem-doacoes-para-campanha-do-agasalho-em-gaspar.html"]}]},{"@type":"BreadcrumbList","@id":"https:\/\/franciscanos.org.br\/noticias\/festa-de-sao-pedro-apostolo-2o-dia-do-triduo-tem-doacoes-para-campanha-do-agasalho-em-gaspar.html#breadcrumb","itemListElement":[{"@type":"ListItem","position":1,"name":"Home","item":"https:\/\/franciscanos.org.br\/noticias"},{"@type":"ListItem","position":2,"name":"Festa de S\u00e3o Pedro Ap\u00f3stolo: 2\u00ba dia do Tr\u00edduo tem doa\u00e7\u00f5es para Campanha do Agasalho em Gaspar"}]},{"@type":"Person","@id":"https:\/\/franciscanos.org.br\/noticias\/#\/schema\/person\/b5c8cba458c330ccff548b056e95a5d4","name":"moacir","image":{"@type":"ImageObject","inLanguage":"pt-BR","@id":"https:\/\/franciscanos.org.br\/noticias\/#\/schema\/person\/image\/","url":"https:\/\/secure.gravatar.com\/avatar\/d08aa2ce4c8dd416d4479aa8536fcf64?s=96&d=mm&r=g","contentUrl":"https:\/\/secure.gravatar.com\/avatar\/d08aa2ce4c8dd416d4479aa8536fcf64?s=96&d=mm&r=g","caption":"moacir"},"url":"https:\/\/franciscanos.org.br\/noticias\/author\/moacir"}]}},"_links":{"self":[{"href":"https:\/\/franciscanos.org.br\/noticias\/wp-json\/wp\/v2\/posts\/226838"}],"collection":[{"href":"https:\/\/franciscanos.org.br\/noticias\/wp-json\/wp\/v2\/posts"}],"about":[{"href":"https:\/\/franciscanos.org.br\/noticias\/wp-json\/wp\/v2\/types\/post"}],"author":[{"embeddable":true,"href":"https:\/\/franciscanos.org.br\/noticias\/wp-json\/wp\/v2\/users\/3"}],"replies":[{"embeddable":true,"href":"https:\/\/franciscanos.org.br\/noticias\/wp-json\/wp\/v2\/comments?post=226838"}],"version-history":[{"count":1,"href":"https:\/\/franciscanos.org.br\/noticias\/wp-json\/wp\/v2\/posts\/226838\/revisions"}],"predecessor-version":[{"id":226844,"href":"https:\/\/franciscanos.org.br\/noticias\/wp-json\/wp\/v2\/posts\/226838\/revisions\/226844"}],"wp:featuredmedia":[{"embeddable":true,"href":"https:\/\/franciscanos.org.br\/noticias\/wp-json\/wp\/v2\/media\/226840"}],"wp:attachment":[{"href":"https:\/\/franciscanos.org.br\/noticias\/wp-json\/wp\/v2\/media?parent=226838"}],"wp:term":[{"taxonomy":"category","embeddable":true,"href":"https:\/\/franciscanos.org.br\/noticias\/wp-json\/wp\/v2\/categories?post=226838"},{"taxonomy":"post_tag","embeddable":true,"href":"https:\/\/franciscanos.org.br\/noticias\/wp-json\/wp\/v2\/tags?post=226838"}],"curies":[{"name":"wp","href":"https:\/\/api.w.org\/{rel}","templated":true}]}}