{"id":226822,"date":"2020-06-26T09:21:34","date_gmt":"2020-06-26T12:21:34","guid":{"rendered":"https:\/\/franciscanos.org.br\/noticias\/?p=226822"},"modified":"2020-06-26T12:21:49","modified_gmt":"2020-06-26T15:21:49","slug":"1o-dia-do-triduo-da-festa-de-sao-pedro-eu-tive-fome-e-voce-me-deu-de-comer","status":"publish","type":"post","link":"https:\/\/franciscanos.org.br\/noticias\/1o-dia-do-triduo-da-festa-de-sao-pedro-eu-tive-fome-e-voce-me-deu-de-comer.html","title":{"rendered":"1\u00ba dia do Tr\u00edduo da Festa de S\u00e3o Pedro: \u201cEu tive fome e voc\u00ea me deu de comer\u201d"},"content":{"rendered":"<p><img loading=\"lazy\" class=\"alignnone size-full wp-image-226823\" src=\"https:\/\/franciscanos.org.br\/noticias\/wp-content\/uploads\/2020\/06\/gaspar_02.jpg\" alt=\"\" width=\"1153\" height=\"648\" srcset=\"https:\/\/franciscanos.org.br\/noticias\/wp-content\/uploads\/2020\/06\/gaspar_02.jpg 1153w, https:\/\/franciscanos.org.br\/noticias\/wp-content\/uploads\/2020\/06\/gaspar_02-450x253.jpg 450w, https:\/\/franciscanos.org.br\/noticias\/wp-content\/uploads\/2020\/06\/gaspar_02-1024x576.jpg 1024w, https:\/\/franciscanos.org.br\/noticias\/wp-content\/uploads\/2020\/06\/gaspar_02-768x432.jpg 768w, https:\/\/franciscanos.org.br\/noticias\/wp-content\/uploads\/2020\/06\/gaspar_02-150x84.jpg 150w\" sizes=\"(max-width: 1153px) 100vw, 1153px\" \/><\/p>\n<p><strong>Gaspar (SC)<\/strong> &#8211;<\/p>\n<p>A programa\u00e7\u00e3o religiosa da 170\u00aa Festa de S\u00e3o Pedro Ap\u00f3stolo, em Gaspar, come\u00e7ou na noite desta quinta-feira (25) de forma diferente: sem a tradicional presen\u00e7a dos fi\u00e9is, que sempre lotam a Igreja Matriz. As medidas de distanciamento social ainda s\u00e3o necess\u00e1rias para se evitar a propaga\u00e7\u00e3o do novo coronav\u00edrus. A 1\u00aa Missa do Tr\u00edduo, que \u00e9 o conjunto de tr\u00eas dias consecutivos de celebra\u00e7\u00f5es religiosas no cristianismo, foi transmitida <em>on-line<\/em> na rede social Facebook da par\u00f3quia e na p\u00e1gina do YouTube da TV Gaspar..<\/p>\n<p>A dist\u00e2ncia, por\u00e9m, n\u00e3o diminuiu a for\u00e7a da f\u00e9 dos cat\u00f3licos, que h\u00e1 170 anos celebram a mais antiga festa religiosa do Vale do Itaja\u00ed. Neste ano, o Tr\u00edduo tem como tema \u201cCom S\u00e3o Pedro, testemunhas de uma Igreja fraterna e solit\u00e1ria\u201d, acompanhado do lema da Campanha da Fraternidade 2020: \u201cViu, sentiu compaix\u00e3o e cuidou dele\u201d (Lc 10,25-37), transformado em a\u00e7\u00f5es solid\u00e1rias que v\u00e3o beneficiar dezenas de fam\u00edlias que neste momento passam muita necessidade em Gaspar.<\/p>\n<p><img loading=\"lazy\" class=\"alignnone size-full wp-image-226831\" src=\"https:\/\/franciscanos.org.br\/noticias\/wp-content\/uploads\/2020\/06\/gaspar_03.jpg\" alt=\"\" width=\"890\" height=\"668\" srcset=\"https:\/\/franciscanos.org.br\/noticias\/wp-content\/uploads\/2020\/06\/gaspar_03.jpg 890w, https:\/\/franciscanos.org.br\/noticias\/wp-content\/uploads\/2020\/06\/gaspar_03-450x338.jpg 450w, https:\/\/franciscanos.org.br\/noticias\/wp-content\/uploads\/2020\/06\/gaspar_03-768x576.jpg 768w, https:\/\/franciscanos.org.br\/noticias\/wp-content\/uploads\/2020\/06\/gaspar_03-150x113.jpg 150w, https:\/\/franciscanos.org.br\/noticias\/wp-content\/uploads\/2020\/06\/gaspar_03-600x450.jpg 600w\" sizes=\"(max-width: 890px) 100vw, 890px\" \/><\/p>\n<p>Durante a celebra\u00e7\u00e3o desta quinta-feira, a caridade se fez seguindo uma passagem do Evangelho Segundo Mateus (2,35a): \u201cEu estava com fome e voc\u00eas me deram de comer\u201d (Mt 25,35a). Durante toda a semana, a comunidade pode doar alimentos, que depois ser\u00e3o distribu\u00eddos pela Confer\u00eancia Vicentina a fam\u00edlias carentes previamente cadastradas. Durante a celebra\u00e7\u00e3o, as mais de 70 cestas b\u00e1sicas j\u00e1 doadas foram colocadas ao redor do altar. Em sua hom\u00edlia, Frei Carlos enfatizou a caridade, a compaix\u00e3o e a partilha. \u201cPrecisamos exercitar o amor solid\u00e1rio, a compaix\u00e3o e a partilha que nos foram ensinados por Jesus Cristo\u201d. Frei Carlos disse ainda que a f\u00e9 n\u00e3o \u00e9 movida por palavras bonitas, mas por a\u00e7\u00f5es concretas de ajuda e de servir \u00e0s pessoas necessitadas, exercitando verdadeiramente a caridade.<\/p>\n<p>Em outra passagem b\u00edblica do Evangelho Segundo Mateus, Frei Carlos lembrou as palavras de Jesus Cristo: &#8220;Nem todo aquele que diz: &#8216;Senhor, Senhor&#8217;, entrar\u00e1 no reino dos c\u00e9us, mas o que p\u00f5e em pr\u00e1tica a vontade de meu Pai que est\u00e1 nos c\u00e9us\u201d (Mt 7,21).<\/p>\n<p><img loading=\"lazy\" class=\"alignnone size-full wp-image-226824\" src=\"https:\/\/franciscanos.org.br\/noticias\/wp-content\/uploads\/2020\/06\/gaspar_01.jpg\" alt=\"\" width=\"1105\" height=\"705\" srcset=\"https:\/\/franciscanos.org.br\/noticias\/wp-content\/uploads\/2020\/06\/gaspar_01.jpg 1105w, https:\/\/franciscanos.org.br\/noticias\/wp-content\/uploads\/2020\/06\/gaspar_01-450x287.jpg 450w, https:\/\/franciscanos.org.br\/noticias\/wp-content\/uploads\/2020\/06\/gaspar_01-1024x653.jpg 1024w, https:\/\/franciscanos.org.br\/noticias\/wp-content\/uploads\/2020\/06\/gaspar_01-768x490.jpg 768w, https:\/\/franciscanos.org.br\/noticias\/wp-content\/uploads\/2020\/06\/gaspar_01-150x96.jpg 150w\" sizes=\"(max-width: 1105px) 100vw, 1105px\" \/><\/p>\n<p>Na missa do segundo dia do Tr\u00edduo, que acontece nesta sexta-feira (26), a partir das 19 horas, novamente o tema caridade ser\u00e1 destaque com a Campanha do Agasalho: &#8220;Eu estava sem roupa e voc\u00eas me vestiram&#8221; (Mt 25,36\u00aa) com a comunidade podendo realizar doa\u00e7\u00f5es de roupas e cal\u00e7ados. J\u00e1 no \u00faltimo dia do tr\u00edduo, no s\u00e1bado (27), a inten\u00e7\u00e3o ser\u00e1 arrecadar fraldas e materiais de higiene e limpeza: O lema ser\u00e1: &#8220;Eu estava doente e voc\u00eas cuidaram de mim&#8221; (Mt 25,36b). As doa\u00e7\u00f5es podem ser feitas \u00e0 secretaria da par\u00f3quia ou deixadas em cestos distribu\u00eddos no interior da igreja, pr\u00f3ximos \u00e0 imagem de S\u00e3o Pedro.<\/p>\n<p>No s\u00e1bado (27) e domingo (28), \u00faltimos dois dias da Festa de S\u00e3o Pedro, ser\u00e1 de retorno das celebra\u00e7\u00f5es religiosas com a presen\u00e7a de fieis na igreja, por\u00e9m, com n\u00famero limitado. A senha para participar das missas deve ser retirada na secretaria da Par\u00f3quia. No domingo tamb\u00e9m ser\u00e1 comercializado, no sistema <em>drive-thru<\/em>, o tradicional churrasco. A entrega ser\u00e1 feita no Passeio S\u00e3o Pedro, das 11h \u00e0s 14h30. As pessoas nem precisar\u00e3o sair dos seus carros. Os tickets j\u00e1 est\u00e3o \u00e0 venda na secretaria da Par\u00f3quia.<\/p>\n<hr \/>\n<p><em>Pascom da Par\u00f3quia S\u00e3o Pedro Ap\u00f3stolo<\/em><\/p>\n<hr \/>\n<p><strong>Veja tamb\u00e9m:<\/strong><\/p>\n<p><iframe loading=\"lazy\" src=\"https:\/\/www.youtube.com\/embed\/ZLnNdxHlYZc\" width=\"640\" height=\"360\" frameborder=\"0\" allowfullscreen=\"allowfullscreen\"><span data-mce-type=\"bookmark\" style=\"display: inline-block; width: 0px; overflow: hidden; line-height: 0;\" class=\"mce_SELRES_start\">\ufeff<\/span><\/iframe><\/p>\n","protected":false},"excerpt":{"rendered":"<p>Par\u00f3quia S\u00e3o Pedro Ap\u00f3stolo de Gaspar<\/p>\n","protected":false},"author":3,"featured_media":226825,"comment_status":"open","ping_status":"open","sticky":false,"template":"","format":"standard","meta":[],"categories":[1],"tags":[1462],"acf":[],"yoast_head":"<!-- This site is optimized with the Yoast SEO plugin v19.2 - https:\/\/yoast.com\/wordpress\/plugins\/seo\/ -->\n<title>1\u00ba dia do Tr\u00edduo da Festa de S\u00e3o Pedro: \u201cEu tive fome e voc\u00ea me deu de comer\u201d - Not\u00edcias - Franciscanos<\/title>\n<meta name=\"robots\" content=\"index, follow, max-snippet:-1, max-image-preview:large, max-video-preview:-1\" \/>\n<link rel=\"canonical\" href=\"https:\/\/franciscanos.org.br\/noticias\/1o-dia-do-triduo-da-festa-de-sao-pedro-eu-tive-fome-e-voce-me-deu-de-comer.html\" \/>\n<meta property=\"og:locale\" content=\"pt_BR\" \/>\n<meta property=\"og:type\" content=\"article\" \/>\n<meta property=\"og:title\" content=\"1\u00ba dia do Tr\u00edduo da Festa de S\u00e3o Pedro: \u201cEu tive fome e voc\u00ea me deu de comer\u201d - Not\u00edcias - Franciscanos\" \/>\n<meta property=\"og:description\" content=\"Par\u00f3quia S\u00e3o Pedro Ap\u00f3stolo de Gaspar\" \/>\n<meta property=\"og:url\" content=\"https:\/\/franciscanos.org.br\/noticias\/1o-dia-do-triduo-da-festa-de-sao-pedro-eu-tive-fome-e-voce-me-deu-de-comer.html\" \/>\n<meta property=\"og:site_name\" content=\"Not\u00edcias - Franciscanos\" \/>\n<meta property=\"article:published_time\" content=\"2020-06-26T12:21:34+00:00\" \/>\n<meta property=\"article:modified_time\" content=\"2020-06-26T15:21:49+00:00\" \/>\n<meta property=\"og:image\" content=\"https:\/\/franciscanos.org.br\/noticias\/wp-content\/uploads\/2020\/06\/gaspar_02d.jpg\" \/>\n\t<meta property=\"og:image:width\" content=\"800\" \/>\n\t<meta property=\"og:image:height\" content=\"600\" \/>\n\t<meta property=\"og:image:type\" content=\"image\/jpeg\" \/>\n<meta name=\"author\" content=\"moacir\" \/>\n<meta name=\"twitter:card\" content=\"summary_large_image\" \/>\n<meta name=\"twitter:label1\" content=\"Escrito por\" \/>\n\t<meta name=\"twitter:data1\" content=\"moacir\" \/>\n\t<meta name=\"twitter:label2\" content=\"Est. tempo de leitura\" \/>\n\t<meta name=\"twitter:data2\" content=\"3 minutos\" \/>\n<script type=\"application\/ld+json\" class=\"yoast-schema-graph\">{\"@context\":\"https:\/\/schema.org\",\"@graph\":[{\"@type\":\"WebSite\",\"@id\":\"https:\/\/franciscanos.org.br\/noticias\/#website\",\"url\":\"https:\/\/franciscanos.org.br\/noticias\/\",\"name\":\"Not\u00edcias - Franciscanos\",\"description\":\"Prov\u00edncia Franciscana da Imaculada Concei\u00e7\u00e3o do Brasil - Ordem dos Frades Menores - OFM\",\"potentialAction\":[{\"@type\":\"SearchAction\",\"target\":{\"@type\":\"EntryPoint\",\"urlTemplate\":\"https:\/\/franciscanos.org.br\/noticias\/?s={search_term_string}\"},\"query-input\":\"required name=search_term_string\"}],\"inLanguage\":\"pt-BR\"},{\"@type\":\"ImageObject\",\"inLanguage\":\"pt-BR\",\"@id\":\"https:\/\/franciscanos.org.br\/noticias\/1o-dia-do-triduo-da-festa-de-sao-pedro-eu-tive-fome-e-voce-me-deu-de-comer.html#primaryimage\",\"url\":\"https:\/\/franciscanos.org.br\/noticias\/wp-content\/uploads\/2020\/06\/gaspar_02d.jpg\",\"contentUrl\":\"https:\/\/franciscanos.org.br\/noticias\/wp-content\/uploads\/2020\/06\/gaspar_02d.jpg\",\"width\":800,\"height\":600},{\"@type\":\"WebPage\",\"@id\":\"https:\/\/franciscanos.org.br\/noticias\/1o-dia-do-triduo-da-festa-de-sao-pedro-eu-tive-fome-e-voce-me-deu-de-comer.html#webpage\",\"url\":\"https:\/\/franciscanos.org.br\/noticias\/1o-dia-do-triduo-da-festa-de-sao-pedro-eu-tive-fome-e-voce-me-deu-de-comer.html\",\"name\":\"1\u00ba dia do Tr\u00edduo da Festa de S\u00e3o Pedro: \u201cEu tive fome e voc\u00ea me deu de comer\u201d - Not\u00edcias - Franciscanos\",\"isPartOf\":{\"@id\":\"https:\/\/franciscanos.org.br\/noticias\/#website\"},\"primaryImageOfPage\":{\"@id\":\"https:\/\/franciscanos.org.br\/noticias\/1o-dia-do-triduo-da-festa-de-sao-pedro-eu-tive-fome-e-voce-me-deu-de-comer.html#primaryimage\"},\"datePublished\":\"2020-06-26T12:21:34+00:00\",\"dateModified\":\"2020-06-26T15:21:49+00:00\",\"author\":{\"@id\":\"https:\/\/franciscanos.org.br\/noticias\/#\/schema\/person\/b5c8cba458c330ccff548b056e95a5d4\"},\"breadcrumb\":{\"@id\":\"https:\/\/franciscanos.org.br\/noticias\/1o-dia-do-triduo-da-festa-de-sao-pedro-eu-tive-fome-e-voce-me-deu-de-comer.html#breadcrumb\"},\"inLanguage\":\"pt-BR\",\"potentialAction\":[{\"@type\":\"ReadAction\",\"target\":[\"https:\/\/franciscanos.org.br\/noticias\/1o-dia-do-triduo-da-festa-de-sao-pedro-eu-tive-fome-e-voce-me-deu-de-comer.html\"]}]},{\"@type\":\"BreadcrumbList\",\"@id\":\"https:\/\/franciscanos.org.br\/noticias\/1o-dia-do-triduo-da-festa-de-sao-pedro-eu-tive-fome-e-voce-me-deu-de-comer.html#breadcrumb\",\"itemListElement\":[{\"@type\":\"ListItem\",\"position\":1,\"name\":\"Home\",\"item\":\"https:\/\/franciscanos.org.br\/noticias\"},{\"@type\":\"ListItem\",\"position\":2,\"name\":\"1\u00ba dia do Tr\u00edduo da Festa de S\u00e3o Pedro: \u201cEu tive fome e voc\u00ea me deu de comer\u201d\"}]},{\"@type\":\"Person\",\"@id\":\"https:\/\/franciscanos.org.br\/noticias\/#\/schema\/person\/b5c8cba458c330ccff548b056e95a5d4\",\"name\":\"moacir\",\"image\":{\"@type\":\"ImageObject\",\"inLanguage\":\"pt-BR\",\"@id\":\"https:\/\/franciscanos.org.br\/noticias\/#\/schema\/person\/image\/\",\"url\":\"https:\/\/secure.gravatar.com\/avatar\/d08aa2ce4c8dd416d4479aa8536fcf64?s=96&d=mm&r=g\",\"contentUrl\":\"https:\/\/secure.gravatar.com\/avatar\/d08aa2ce4c8dd416d4479aa8536fcf64?s=96&d=mm&r=g\",\"caption\":\"moacir\"},\"url\":\"https:\/\/franciscanos.org.br\/noticias\/author\/moacir\"}]}<\/script>\n<!-- \/ Yoast SEO plugin. -->","yoast_head_json":{"title":"1\u00ba dia do Tr\u00edduo da Festa de S\u00e3o Pedro: \u201cEu tive fome e voc\u00ea me deu de comer\u201d - Not\u00edcias - Franciscanos","robots":{"index":"index","follow":"follow","max-snippet":"max-snippet:-1","max-image-preview":"max-image-preview:large","max-video-preview":"max-video-preview:-1"},"canonical":"https:\/\/franciscanos.org.br\/noticias\/1o-dia-do-triduo-da-festa-de-sao-pedro-eu-tive-fome-e-voce-me-deu-de-comer.html","og_locale":"pt_BR","og_type":"article","og_title":"1\u00ba dia do Tr\u00edduo da Festa de S\u00e3o Pedro: \u201cEu tive fome e voc\u00ea me deu de comer\u201d - Not\u00edcias - Franciscanos","og_description":"Par\u00f3quia S\u00e3o Pedro Ap\u00f3stolo de Gaspar","og_url":"https:\/\/franciscanos.org.br\/noticias\/1o-dia-do-triduo-da-festa-de-sao-pedro-eu-tive-fome-e-voce-me-deu-de-comer.html","og_site_name":"Not\u00edcias - Franciscanos","article_published_time":"2020-06-26T12:21:34+00:00","article_modified_time":"2020-06-26T15:21:49+00:00","og_image":[{"width":800,"height":600,"url":"https:\/\/franciscanos.org.br\/noticias\/wp-content\/uploads\/2020\/06\/gaspar_02d.jpg","type":"image\/jpeg"}],"author":"moacir","twitter_card":"summary_large_image","twitter_misc":{"Escrito por":"moacir","Est. tempo de leitura":"3 minutos"},"schema":{"@context":"https:\/\/schema.org","@graph":[{"@type":"WebSite","@id":"https:\/\/franciscanos.org.br\/noticias\/#website","url":"https:\/\/franciscanos.org.br\/noticias\/","name":"Not\u00edcias - Franciscanos","description":"Prov\u00edncia Franciscana da Imaculada Concei\u00e7\u00e3o do Brasil - Ordem dos Frades Menores - OFM","potentialAction":[{"@type":"SearchAction","target":{"@type":"EntryPoint","urlTemplate":"https:\/\/franciscanos.org.br\/noticias\/?s={search_term_string}"},"query-input":"required name=search_term_string"}],"inLanguage":"pt-BR"},{"@type":"ImageObject","inLanguage":"pt-BR","@id":"https:\/\/franciscanos.org.br\/noticias\/1o-dia-do-triduo-da-festa-de-sao-pedro-eu-tive-fome-e-voce-me-deu-de-comer.html#primaryimage","url":"https:\/\/franciscanos.org.br\/noticias\/wp-content\/uploads\/2020\/06\/gaspar_02d.jpg","contentUrl":"https:\/\/franciscanos.org.br\/noticias\/wp-content\/uploads\/2020\/06\/gaspar_02d.jpg","width":800,"height":600},{"@type":"WebPage","@id":"https:\/\/franciscanos.org.br\/noticias\/1o-dia-do-triduo-da-festa-de-sao-pedro-eu-tive-fome-e-voce-me-deu-de-comer.html#webpage","url":"https:\/\/franciscanos.org.br\/noticias\/1o-dia-do-triduo-da-festa-de-sao-pedro-eu-tive-fome-e-voce-me-deu-de-comer.html","name":"1\u00ba dia do Tr\u00edduo da Festa de S\u00e3o Pedro: \u201cEu tive fome e voc\u00ea me deu de comer\u201d - Not\u00edcias - Franciscanos","isPartOf":{"@id":"https:\/\/franciscanos.org.br\/noticias\/#website"},"primaryImageOfPage":{"@id":"https:\/\/franciscanos.org.br\/noticias\/1o-dia-do-triduo-da-festa-de-sao-pedro-eu-tive-fome-e-voce-me-deu-de-comer.html#primaryimage"},"datePublished":"2020-06-26T12:21:34+00:00","dateModified":"2020-06-26T15:21:49+00:00","author":{"@id":"https:\/\/franciscanos.org.br\/noticias\/#\/schema\/person\/b5c8cba458c330ccff548b056e95a5d4"},"breadcrumb":{"@id":"https:\/\/franciscanos.org.br\/noticias\/1o-dia-do-triduo-da-festa-de-sao-pedro-eu-tive-fome-e-voce-me-deu-de-comer.html#breadcrumb"},"inLanguage":"pt-BR","potentialAction":[{"@type":"ReadAction","target":["https:\/\/franciscanos.org.br\/noticias\/1o-dia-do-triduo-da-festa-de-sao-pedro-eu-tive-fome-e-voce-me-deu-de-comer.html"]}]},{"@type":"BreadcrumbList","@id":"https:\/\/franciscanos.org.br\/noticias\/1o-dia-do-triduo-da-festa-de-sao-pedro-eu-tive-fome-e-voce-me-deu-de-comer.html#breadcrumb","itemListElement":[{"@type":"ListItem","position":1,"name":"Home","item":"https:\/\/franciscanos.org.br\/noticias"},{"@type":"ListItem","position":2,"name":"1\u00ba dia do Tr\u00edduo da Festa de S\u00e3o Pedro: \u201cEu tive fome e voc\u00ea me deu de comer\u201d"}]},{"@type":"Person","@id":"https:\/\/franciscanos.org.br\/noticias\/#\/schema\/person\/b5c8cba458c330ccff548b056e95a5d4","name":"moacir","image":{"@type":"ImageObject","inLanguage":"pt-BR","@id":"https:\/\/franciscanos.org.br\/noticias\/#\/schema\/person\/image\/","url":"https:\/\/secure.gravatar.com\/avatar\/d08aa2ce4c8dd416d4479aa8536fcf64?s=96&d=mm&r=g","contentUrl":"https:\/\/secure.gravatar.com\/avatar\/d08aa2ce4c8dd416d4479aa8536fcf64?s=96&d=mm&r=g","caption":"moacir"},"url":"https:\/\/franciscanos.org.br\/noticias\/author\/moacir"}]}},"_links":{"self":[{"href":"https:\/\/franciscanos.org.br\/noticias\/wp-json\/wp\/v2\/posts\/226822"}],"collection":[{"href":"https:\/\/franciscanos.org.br\/noticias\/wp-json\/wp\/v2\/posts"}],"about":[{"href":"https:\/\/franciscanos.org.br\/noticias\/wp-json\/wp\/v2\/types\/post"}],"author":[{"embeddable":true,"href":"https:\/\/franciscanos.org.br\/noticias\/wp-json\/wp\/v2\/users\/3"}],"replies":[{"embeddable":true,"href":"https:\/\/franciscanos.org.br\/noticias\/wp-json\/wp\/v2\/comments?post=226822"}],"version-history":[{"count":7,"href":"https:\/\/franciscanos.org.br\/noticias\/wp-json\/wp\/v2\/posts\/226822\/revisions"}],"predecessor-version":[{"id":226837,"href":"https:\/\/franciscanos.org.br\/noticias\/wp-json\/wp\/v2\/posts\/226822\/revisions\/226837"}],"wp:featuredmedia":[{"embeddable":true,"href":"https:\/\/franciscanos.org.br\/noticias\/wp-json\/wp\/v2\/media\/226825"}],"wp:attachment":[{"href":"https:\/\/franciscanos.org.br\/noticias\/wp-json\/wp\/v2\/media?parent=226822"}],"wp:term":[{"taxonomy":"category","embeddable":true,"href":"https:\/\/franciscanos.org.br\/noticias\/wp-json\/wp\/v2\/categories?post=226822"},{"taxonomy":"post_tag","embeddable":true,"href":"https:\/\/franciscanos.org.br\/noticias\/wp-json\/wp\/v2\/tags?post=226822"}],"curies":[{"name":"wp","href":"https:\/\/api.w.org\/{rel}","templated":true}]}}