{"id":226701,"date":"2020-06-24T16:35:16","date_gmt":"2020-06-24T19:35:16","guid":{"rendered":"https:\/\/franciscanos.org.br\/noticias\/?p=226701"},"modified":"2020-06-25T10:06:59","modified_gmt":"2020-06-25T13:06:59","slug":"festa-de-sao-joao-na-baixada-fluminense-cada-familia-hoje-e-uma-comunidade","status":"publish","type":"post","link":"https:\/\/franciscanos.org.br\/noticias\/festa-de-sao-joao-na-baixada-fluminense-cada-familia-hoje-e-uma-comunidade.html","title":{"rendered":"Festa do Padroeiro de S\u00e3o Jo\u00e3o de Meriti: \u201cA miss\u00e3o da Igreja \u00e9 apontar o Salvador&#8221;"},"content":{"rendered":"<p>&nbsp;<\/p>\n<p><img loading=\"lazy\" class=\"alignnone size-full wp-image-226740\" src=\"https:\/\/franciscanos.org.br\/noticias\/wp-content\/uploads\/2020\/06\/joao_2506.jpg\" alt=\"\" width=\"1280\" height=\"630\" srcset=\"https:\/\/franciscanos.org.br\/noticias\/wp-content\/uploads\/2020\/06\/joao_2506.jpg 1280w, https:\/\/franciscanos.org.br\/noticias\/wp-content\/uploads\/2020\/06\/joao_2506-450x221.jpg 450w, https:\/\/franciscanos.org.br\/noticias\/wp-content\/uploads\/2020\/06\/joao_2506-1024x504.jpg 1024w, https:\/\/franciscanos.org.br\/noticias\/wp-content\/uploads\/2020\/06\/joao_2506-768x378.jpg 768w, https:\/\/franciscanos.org.br\/noticias\/wp-content\/uploads\/2020\/06\/joao_2506-150x74.jpg 150w\" sizes=\"(max-width: 1280px) 100vw, 1280px\" \/><\/p>\n<p>Desde o dia 15 de junho, a Par\u00f3quia S\u00e3o Jo\u00e3o Batista, em S\u00e3o Jo\u00e3o do Meriti, celebra seu Padroeiro de forma virtual, devido \u00e0 pandemia do novo coronav\u00edrus. No entanto, o maior S\u00e3o Jo\u00e3o da Baixada Fluminense foi celebrado com muita alegria, devo\u00e7\u00e3o e um forte sentimento de perten\u00e7a \u00e0 comunidade. Nesta quarta-feira (24), dia em que a Igreja celebra solenemente a Natividade de S\u00e3o Jo\u00e3o Batista, os meritienses foram despertados com a alvorada, uma queima de fogos para saudar o padroeiro.<\/p>\n<p>Na Missa Solene do Padroeiro, \u00e0s 18 horas, o p\u00e1roco Frei Vanderley Grassi destacou o fato de mesmo viver um momento conturbado com a pandemia, com o quadro pol\u00edtico e social, &#8220;conseguimos fazer a Festa e celebrar S\u00e3o Jo\u00e3o&#8221;.<\/p>\n<p>Nesse quadro pol\u00edtico, de pandemia, social, humano, conseguimos celebrar a Festa de S\u00e3o Jo\u00e3o.<br \/>\n&#8220;Algu\u00e9m pode dizer: &#8216;mas frei, n\u00e3o celebramos bem porque n\u00e3o tinha aquela cocada gostosa, n\u00e3o tinha crepe, foga\u00e7a, o bolo de S\u00e3o Jo\u00e3o, os docinhos e tanta coisa boa&#8217;. Verdade, mas vamos refletir. Tudo isso para a nossa vida de f\u00e9 n\u00e3o tem for\u00e7a, consist\u00eancia nenhuma. O que n\u00f3s precismamos, n\u00f3s encontramos nestes dez dias de festa religiosa, com a Novena e este dia festivo do nosso Padroeiro: vida de ora\u00e7\u00e3o. E quem busca se encontrar com Deus, conseguiu nesses 10 dias criar essa rela\u00e7\u00e3o com o Senhor&#8221;, disse o presidente da Celebra\u00e7\u00e3o.<\/p>\n<p>Frei Vanderley continuou: &#8220;Mas algu\u00e9m poderia dizer: &#8216;frei, a igreja est\u00e1 vazia&#8217;. Mas todos que buscam o Senhor, se encontram em suas casas, acompanhando e celebrando a Eucaristia, todos os dias. A Pascom realizou o trabalho de transmitir a liturgia para todos voc\u00eas que se encontram em casa. Desta forma, conseguimos celebrar bem, com dignidade, buscando fazer o o melhor, pois para Deus, sempre o melhor&#8221;, disse.<\/p>\n<p>Segundo o celebrante, durante os 10 dias da Festa, foi realizadas prega\u00e7\u00f5es, celebra\u00e7\u00f5es, adora\u00e7\u00f5es, muita m\u00fasica, mostrando e apontando a figura do precursor. &#8220;E o tema da festa deste ano que escolhemos, ainda no ano passado, foi este: &#8216;\u00c9 preciso que ele cres\u00e7a e eu diminua&#8217;. Essa \u00e9 a miss\u00e3o da Igreja. A Igreja tem a miss\u00e3o de anunciar e apontar o Salvador. E Jo\u00e3o Batista \u00e9 um sinal concreto que n\u00f3s temos que ter no nosso cora\u00e7\u00e3o&#8221;, emendou o frade.<\/p>\n<p>Para o frade, essa miss\u00e3o tem que ser trabalhada em conjunto. &#8220;Eu posso at\u00e9 pregar bonito, mas se n\u00e3o souber partilhar, n\u00e3o tem a presen\u00e7a de Deus misericordioso. Jo\u00e3o tem uma atitude de humildade quado o povo come\u00e7a a exaltar a sua figura, quando o povo come\u00e7a a colocar ele como o pr\u00f3prio Deus. A\u00ed ele diz: &#8220;Alto l\u00e1! Eu n\u00e3o sou digno nem de desamarrar as correias de suas sand\u00e1lias. Por isso, sou aquele que anuncia, que prepara os caminhos&#8221;, ensinou.<\/p>\n<p>&#8220;Car\u00edssimos, que sejamos profetas, anunciadores do reino de Deus, n\u00e3o vamos nos preocupar com o lugar que eu assumo, com o posto que eu tenho. Isso diante de Deus n\u00e3o \u00e9 nada. O importante \u00e9 como nos colocamos para servir o Senhor. E a gente s\u00f3 pode servir a Deus servindo o pr\u00f3ximo, sen\u00e3o faremos uma liturgia vazia. Faltar\u00e1 a ess\u00eancia&#8221;, disse, agradecendo a Deus &#8220;por conceder a oportunidade de celebrar a Festa do Padroeiro&#8221;.<\/p>\n<p><img loading=\"lazy\" class=\"alignnone size-full wp-image-226705\" src=\"https:\/\/franciscanos.org.br\/noticias\/wp-content\/uploads\/2020\/06\/SJM_240620_3.png\" alt=\"\" width=\"890\" height=\"450\" srcset=\"https:\/\/franciscanos.org.br\/noticias\/wp-content\/uploads\/2020\/06\/SJM_240620_3.png 890w, https:\/\/franciscanos.org.br\/noticias\/wp-content\/uploads\/2020\/06\/SJM_240620_3-450x228.png 450w, https:\/\/franciscanos.org.br\/noticias\/wp-content\/uploads\/2020\/06\/SJM_240620_3-768x388.png 768w, https:\/\/franciscanos.org.br\/noticias\/wp-content\/uploads\/2020\/06\/SJM_240620_3-150x76.png 150w\" sizes=\"(max-width: 890px) 100vw, 890px\" \/><\/p>\n<p>\u00c0s 8h, foi celebrada a primeira missa do dia, presidida pelo vig\u00e1rio paroquial, Frei Cid Tadeu Passos. O frade destacou que neste ano, apesar da festa ter sido vivida \u00e0 dist\u00e2ncia, ela fortaleceu ainda mais a f\u00e9 daqueles que participaram de forma virtual. \u201cCada casa hoje \u00e9 uma igreja. E como n\u00f3s crescemos com isso! Cada paroquiano fez da sua casa uma comunidade, porque rezam juntos, dialogam, participam das celebra\u00e7\u00f5es <em>on-line<\/em>. Cada fam\u00edlia hoje \u00e9 uma comunidade!\u201d, alegrou-se o frade.<\/p>\n<p>Recordando o tema da festa deste ano, o vig\u00e1rio afirmou que Jo\u00e3o Batista aponta para o essencial, Jesus Cristo. \u201cQueremos pedir que S\u00e3o Jo\u00e3o Batista, este homem de Deus, tamb\u00e9m nos ensine a estarmos mais atentos aos sinais da miseric\u00f3rdia infinita de Deus, sobretudo agora, nestes tempos de prova\u00e7\u00e3o. O que podemos aprender com S\u00e3o Jo\u00e3o Batista diante da realidade que hoje se faz presente? Como estamos nos cuidando em casa, cuidando da fam\u00edlia? Como est\u00e1 o nosso relacionamento em casa? Este homem nos pede para ouvirmos Jesus, afirmando que Ele era mais importante. &#8220;Que Ele cres\u00e7a e eu diminua&#8221;, S\u00e3o Jo\u00e3o exclama. Que Deus nos aben\u00e7oe e nos proteja sempre atrav\u00e9s de nosso padroeiro S\u00e3o Jo\u00e3o Batista\u201d, concluiu Frei Cid.<\/p>\n<p><img loading=\"lazy\" class=\"alignnone size-full wp-image-226703\" src=\"https:\/\/franciscanos.org.br\/noticias\/wp-content\/uploads\/2020\/06\/SJM_240620_2.jpg\" alt=\"\" width=\"890\" height=\"500\" srcset=\"https:\/\/franciscanos.org.br\/noticias\/wp-content\/uploads\/2020\/06\/SJM_240620_2.jpg 890w, https:\/\/franciscanos.org.br\/noticias\/wp-content\/uploads\/2020\/06\/SJM_240620_2-450x253.jpg 450w, https:\/\/franciscanos.org.br\/noticias\/wp-content\/uploads\/2020\/06\/SJM_240620_2-768x431.jpg 768w, https:\/\/franciscanos.org.br\/noticias\/wp-content\/uploads\/2020\/06\/SJM_240620_2-150x84.jpg 150w\" sizes=\"(max-width: 890px) 100vw, 890px\" \/><\/p>\n<p>Nos 373 anos de exist\u00eancia da festa, este \u00e9 o primeiro ano sem as tradicionais comemora\u00e7\u00f5es. No entanto, as inova\u00e7\u00f5es serviram para, al\u00e9m de celebrar S\u00e3o Jo\u00e3o Batista, confortar as pessoas sozinhas e levar esperan\u00e7a neste tempo de pandemia. Ap\u00f3s a missa, o p\u00e1roco Frei Vanderley Grassi saiu em carreata com a imagem do padroeiro. Em cada comunidade, um pequeno grupo acolhia a imagem e recebia a b\u00ean\u00e7\u00e3o. Com o carro de som, a cidade foi tomada por m\u00fasicas e a ora\u00e7\u00e3o do santo ter\u00e7o.\u00a0Ao meio-dia, a carreata entoou a ora\u00e7\u00e3o do Angelus e continuou o seu percurso, seguida por carros enfeitados com bal\u00f5es.<\/p>\n<p>Na p\u00e1gina do <em><a href=\"https:\/\/www.facebook.com\/matrizdesaojoao\" target=\"_blank\" rel=\"noopener noreferrer\">Facebook<\/a><\/em> da Par\u00f3quia, muitos pedidos de ora\u00e7\u00e3o e muitos elogios ao evento: \u201cEst\u00e1 linda a carreata. Muito lindo ver as pessoas acolhendo com alegria a S\u00e3o Jo\u00e3o Batista. Est\u00e1 sendo uma b\u00ean\u00e7\u00e3o&#8221;, comentou Geralda Dos Santos Nascimento. Margarete Barros agradeceu o empenho daqueles que ajudaram na realiza\u00e7\u00e3o da festa virtual: \u201cAgrade\u00e7o aos jovens de nossa Par\u00f3quia pela for\u00e7a, garra e de tudo fizeram para levar a cada casa, <em>on-line<\/em>, as festividades, os momentos de louvor, ora\u00e7\u00e3o!\u201d.<\/p>\n<p>\u00c0s 15h, tamb\u00e9m na p\u00e1gina do <em><a href=\"https:\/\/www.facebook.com\/matrizdesaojoao\/\" target=\"_blank\" rel=\"noopener noreferrer\">Facebook<\/a><\/em>, os fi\u00e9is foram convidados a ora\u00e7\u00e3o do ter\u00e7o da miseric\u00f3rdia e adora\u00e7\u00e3o ao Sant\u00edssimo.<\/p>\n","protected":false},"excerpt":{"rendered":"<p>373\u00aa Festa de S\u00e3o Jo\u00e3o Batista, em S\u00e3o Jo\u00e3o do Meriti (RJ)<\/p>\n","protected":false},"author":1,"featured_media":226741,"comment_status":"open","ping_status":"open","sticky":false,"template":"","format":"standard","meta":[],"categories":[1],"tags":[1524],"acf":[],"yoast_head":"<!-- This site is optimized with the Yoast SEO plugin v19.2 - https:\/\/yoast.com\/wordpress\/plugins\/seo\/ -->\n<title>Festa do Padroeiro de S\u00e3o Jo\u00e3o de Meriti: \u201cA miss\u00e3o da Igreja \u00e9 apontar o Salvador&quot; - Not\u00edcias - Franciscanos<\/title>\n<meta name=\"robots\" content=\"index, follow, max-snippet:-1, max-image-preview:large, max-video-preview:-1\" \/>\n<link rel=\"canonical\" href=\"https:\/\/franciscanos.org.br\/noticias\/festa-de-sao-joao-na-baixada-fluminense-cada-familia-hoje-e-uma-comunidade.html\" \/>\n<meta property=\"og:locale\" content=\"pt_BR\" \/>\n<meta property=\"og:type\" content=\"article\" \/>\n<meta property=\"og:title\" content=\"Festa do Padroeiro de S\u00e3o Jo\u00e3o de Meriti: \u201cA miss\u00e3o da Igreja \u00e9 apontar o Salvador&quot; - Not\u00edcias - Franciscanos\" \/>\n<meta property=\"og:description\" content=\"373\u00aa Festa de S\u00e3o Jo\u00e3o Batista, em S\u00e3o Jo\u00e3o do Meriti (RJ)\" \/>\n<meta property=\"og:url\" content=\"https:\/\/franciscanos.org.br\/noticias\/festa-de-sao-joao-na-baixada-fluminense-cada-familia-hoje-e-uma-comunidade.html\" \/>\n<meta property=\"og:site_name\" content=\"Not\u00edcias - Franciscanos\" \/>\n<meta property=\"article:published_time\" content=\"2020-06-24T19:35:16+00:00\" \/>\n<meta property=\"article:modified_time\" content=\"2020-06-25T13:06:59+00:00\" \/>\n<meta property=\"og:image\" content=\"https:\/\/franciscanos.org.br\/noticias\/wp-content\/uploads\/2020\/06\/joao_2506dd.jpg\" \/>\n\t<meta property=\"og:image:width\" content=\"800\" \/>\n\t<meta property=\"og:image:height\" content=\"599\" \/>\n\t<meta property=\"og:image:type\" content=\"image\/jpeg\" \/>\n<meta name=\"author\" content=\"admin\" \/>\n<meta name=\"twitter:card\" content=\"summary_large_image\" \/>\n<meta name=\"twitter:label1\" content=\"Escrito por\" \/>\n\t<meta name=\"twitter:data1\" content=\"admin\" \/>\n\t<meta name=\"twitter:label2\" content=\"Est. tempo de leitura\" \/>\n\t<meta name=\"twitter:data2\" content=\"5 minutos\" \/>\n<script type=\"application\/ld+json\" class=\"yoast-schema-graph\">{\"@context\":\"https:\/\/schema.org\",\"@graph\":[{\"@type\":\"WebSite\",\"@id\":\"https:\/\/franciscanos.org.br\/noticias\/#website\",\"url\":\"https:\/\/franciscanos.org.br\/noticias\/\",\"name\":\"Not\u00edcias - Franciscanos\",\"description\":\"Prov\u00edncia Franciscana da Imaculada Concei\u00e7\u00e3o do Brasil - Ordem dos Frades Menores - OFM\",\"potentialAction\":[{\"@type\":\"SearchAction\",\"target\":{\"@type\":\"EntryPoint\",\"urlTemplate\":\"https:\/\/franciscanos.org.br\/noticias\/?s={search_term_string}\"},\"query-input\":\"required name=search_term_string\"}],\"inLanguage\":\"pt-BR\"},{\"@type\":\"ImageObject\",\"inLanguage\":\"pt-BR\",\"@id\":\"https:\/\/franciscanos.org.br\/noticias\/festa-de-sao-joao-na-baixada-fluminense-cada-familia-hoje-e-uma-comunidade.html#primaryimage\",\"url\":\"https:\/\/franciscanos.org.br\/noticias\/wp-content\/uploads\/2020\/06\/joao_2506dd.jpg\",\"contentUrl\":\"https:\/\/franciscanos.org.br\/noticias\/wp-content\/uploads\/2020\/06\/joao_2506dd.jpg\",\"width\":800,\"height\":599},{\"@type\":\"WebPage\",\"@id\":\"https:\/\/franciscanos.org.br\/noticias\/festa-de-sao-joao-na-baixada-fluminense-cada-familia-hoje-e-uma-comunidade.html#webpage\",\"url\":\"https:\/\/franciscanos.org.br\/noticias\/festa-de-sao-joao-na-baixada-fluminense-cada-familia-hoje-e-uma-comunidade.html\",\"name\":\"Festa do Padroeiro de S\u00e3o Jo\u00e3o de Meriti: \u201cA miss\u00e3o da Igreja \u00e9 apontar o Salvador\\\" - Not\u00edcias - Franciscanos\",\"isPartOf\":{\"@id\":\"https:\/\/franciscanos.org.br\/noticias\/#website\"},\"primaryImageOfPage\":{\"@id\":\"https:\/\/franciscanos.org.br\/noticias\/festa-de-sao-joao-na-baixada-fluminense-cada-familia-hoje-e-uma-comunidade.html#primaryimage\"},\"datePublished\":\"2020-06-24T19:35:16+00:00\",\"dateModified\":\"2020-06-25T13:06:59+00:00\",\"author\":{\"@id\":\"https:\/\/franciscanos.org.br\/noticias\/#\/schema\/person\/b38fbf43118f02820bd932f2e4b14ad3\"},\"breadcrumb\":{\"@id\":\"https:\/\/franciscanos.org.br\/noticias\/festa-de-sao-joao-na-baixada-fluminense-cada-familia-hoje-e-uma-comunidade.html#breadcrumb\"},\"inLanguage\":\"pt-BR\",\"potentialAction\":[{\"@type\":\"ReadAction\",\"target\":[\"https:\/\/franciscanos.org.br\/noticias\/festa-de-sao-joao-na-baixada-fluminense-cada-familia-hoje-e-uma-comunidade.html\"]}]},{\"@type\":\"BreadcrumbList\",\"@id\":\"https:\/\/franciscanos.org.br\/noticias\/festa-de-sao-joao-na-baixada-fluminense-cada-familia-hoje-e-uma-comunidade.html#breadcrumb\",\"itemListElement\":[{\"@type\":\"ListItem\",\"position\":1,\"name\":\"Home\",\"item\":\"https:\/\/franciscanos.org.br\/noticias\"},{\"@type\":\"ListItem\",\"position\":2,\"name\":\"Festa do Padroeiro de S\u00e3o Jo\u00e3o de Meriti: \u201cA miss\u00e3o da Igreja \u00e9 apontar o Salvador&#8221;\"}]},{\"@type\":\"Person\",\"@id\":\"https:\/\/franciscanos.org.br\/noticias\/#\/schema\/person\/b38fbf43118f02820bd932f2e4b14ad3\",\"name\":\"admin\",\"image\":{\"@type\":\"ImageObject\",\"inLanguage\":\"pt-BR\",\"@id\":\"https:\/\/franciscanos.org.br\/noticias\/#\/schema\/person\/image\/\",\"url\":\"https:\/\/secure.gravatar.com\/avatar\/e8495742d34d0ba6448ea1c628263b3e?s=96&d=mm&r=g\",\"contentUrl\":\"https:\/\/secure.gravatar.com\/avatar\/e8495742d34d0ba6448ea1c628263b3e?s=96&d=mm&r=g\",\"caption\":\"admin\"},\"url\":\"https:\/\/franciscanos.org.br\/noticias\/author\/admin\"}]}<\/script>\n<!-- \/ Yoast SEO plugin. -->","yoast_head_json":{"title":"Festa do Padroeiro de S\u00e3o Jo\u00e3o de Meriti: \u201cA miss\u00e3o da Igreja \u00e9 apontar o Salvador\" - Not\u00edcias - Franciscanos","robots":{"index":"index","follow":"follow","max-snippet":"max-snippet:-1","max-image-preview":"max-image-preview:large","max-video-preview":"max-video-preview:-1"},"canonical":"https:\/\/franciscanos.org.br\/noticias\/festa-de-sao-joao-na-baixada-fluminense-cada-familia-hoje-e-uma-comunidade.html","og_locale":"pt_BR","og_type":"article","og_title":"Festa do Padroeiro de S\u00e3o Jo\u00e3o de Meriti: \u201cA miss\u00e3o da Igreja \u00e9 apontar o Salvador\" - Not\u00edcias - Franciscanos","og_description":"373\u00aa Festa de S\u00e3o Jo\u00e3o Batista, em S\u00e3o Jo\u00e3o do Meriti (RJ)","og_url":"https:\/\/franciscanos.org.br\/noticias\/festa-de-sao-joao-na-baixada-fluminense-cada-familia-hoje-e-uma-comunidade.html","og_site_name":"Not\u00edcias - Franciscanos","article_published_time":"2020-06-24T19:35:16+00:00","article_modified_time":"2020-06-25T13:06:59+00:00","og_image":[{"width":800,"height":599,"url":"https:\/\/franciscanos.org.br\/noticias\/wp-content\/uploads\/2020\/06\/joao_2506dd.jpg","type":"image\/jpeg"}],"author":"admin","twitter_card":"summary_large_image","twitter_misc":{"Escrito por":"admin","Est. tempo de leitura":"5 minutos"},"schema":{"@context":"https:\/\/schema.org","@graph":[{"@type":"WebSite","@id":"https:\/\/franciscanos.org.br\/noticias\/#website","url":"https:\/\/franciscanos.org.br\/noticias\/","name":"Not\u00edcias - Franciscanos","description":"Prov\u00edncia Franciscana da Imaculada Concei\u00e7\u00e3o do Brasil - Ordem dos Frades Menores - OFM","potentialAction":[{"@type":"SearchAction","target":{"@type":"EntryPoint","urlTemplate":"https:\/\/franciscanos.org.br\/noticias\/?s={search_term_string}"},"query-input":"required name=search_term_string"}],"inLanguage":"pt-BR"},{"@type":"ImageObject","inLanguage":"pt-BR","@id":"https:\/\/franciscanos.org.br\/noticias\/festa-de-sao-joao-na-baixada-fluminense-cada-familia-hoje-e-uma-comunidade.html#primaryimage","url":"https:\/\/franciscanos.org.br\/noticias\/wp-content\/uploads\/2020\/06\/joao_2506dd.jpg","contentUrl":"https:\/\/franciscanos.org.br\/noticias\/wp-content\/uploads\/2020\/06\/joao_2506dd.jpg","width":800,"height":599},{"@type":"WebPage","@id":"https:\/\/franciscanos.org.br\/noticias\/festa-de-sao-joao-na-baixada-fluminense-cada-familia-hoje-e-uma-comunidade.html#webpage","url":"https:\/\/franciscanos.org.br\/noticias\/festa-de-sao-joao-na-baixada-fluminense-cada-familia-hoje-e-uma-comunidade.html","name":"Festa do Padroeiro de S\u00e3o Jo\u00e3o de Meriti: \u201cA miss\u00e3o da Igreja \u00e9 apontar o Salvador\" - Not\u00edcias - Franciscanos","isPartOf":{"@id":"https:\/\/franciscanos.org.br\/noticias\/#website"},"primaryImageOfPage":{"@id":"https:\/\/franciscanos.org.br\/noticias\/festa-de-sao-joao-na-baixada-fluminense-cada-familia-hoje-e-uma-comunidade.html#primaryimage"},"datePublished":"2020-06-24T19:35:16+00:00","dateModified":"2020-06-25T13:06:59+00:00","author":{"@id":"https:\/\/franciscanos.org.br\/noticias\/#\/schema\/person\/b38fbf43118f02820bd932f2e4b14ad3"},"breadcrumb":{"@id":"https:\/\/franciscanos.org.br\/noticias\/festa-de-sao-joao-na-baixada-fluminense-cada-familia-hoje-e-uma-comunidade.html#breadcrumb"},"inLanguage":"pt-BR","potentialAction":[{"@type":"ReadAction","target":["https:\/\/franciscanos.org.br\/noticias\/festa-de-sao-joao-na-baixada-fluminense-cada-familia-hoje-e-uma-comunidade.html"]}]},{"@type":"BreadcrumbList","@id":"https:\/\/franciscanos.org.br\/noticias\/festa-de-sao-joao-na-baixada-fluminense-cada-familia-hoje-e-uma-comunidade.html#breadcrumb","itemListElement":[{"@type":"ListItem","position":1,"name":"Home","item":"https:\/\/franciscanos.org.br\/noticias"},{"@type":"ListItem","position":2,"name":"Festa do Padroeiro de S\u00e3o Jo\u00e3o de Meriti: \u201cA miss\u00e3o da Igreja \u00e9 apontar o Salvador&#8221;"}]},{"@type":"Person","@id":"https:\/\/franciscanos.org.br\/noticias\/#\/schema\/person\/b38fbf43118f02820bd932f2e4b14ad3","name":"admin","image":{"@type":"ImageObject","inLanguage":"pt-BR","@id":"https:\/\/franciscanos.org.br\/noticias\/#\/schema\/person\/image\/","url":"https:\/\/secure.gravatar.com\/avatar\/e8495742d34d0ba6448ea1c628263b3e?s=96&d=mm&r=g","contentUrl":"https:\/\/secure.gravatar.com\/avatar\/e8495742d34d0ba6448ea1c628263b3e?s=96&d=mm&r=g","caption":"admin"},"url":"https:\/\/franciscanos.org.br\/noticias\/author\/admin"}]}},"_links":{"self":[{"href":"https:\/\/franciscanos.org.br\/noticias\/wp-json\/wp\/v2\/posts\/226701"}],"collection":[{"href":"https:\/\/franciscanos.org.br\/noticias\/wp-json\/wp\/v2\/posts"}],"about":[{"href":"https:\/\/franciscanos.org.br\/noticias\/wp-json\/wp\/v2\/types\/post"}],"author":[{"embeddable":true,"href":"https:\/\/franciscanos.org.br\/noticias\/wp-json\/wp\/v2\/users\/1"}],"replies":[{"embeddable":true,"href":"https:\/\/franciscanos.org.br\/noticias\/wp-json\/wp\/v2\/comments?post=226701"}],"version-history":[{"count":10,"href":"https:\/\/franciscanos.org.br\/noticias\/wp-json\/wp\/v2\/posts\/226701\/revisions"}],"predecessor-version":[{"id":226750,"href":"https:\/\/franciscanos.org.br\/noticias\/wp-json\/wp\/v2\/posts\/226701\/revisions\/226750"}],"wp:featuredmedia":[{"embeddable":true,"href":"https:\/\/franciscanos.org.br\/noticias\/wp-json\/wp\/v2\/media\/226741"}],"wp:attachment":[{"href":"https:\/\/franciscanos.org.br\/noticias\/wp-json\/wp\/v2\/media?parent=226701"}],"wp:term":[{"taxonomy":"category","embeddable":true,"href":"https:\/\/franciscanos.org.br\/noticias\/wp-json\/wp\/v2\/categories?post=226701"},{"taxonomy":"post_tag","embeddable":true,"href":"https:\/\/franciscanos.org.br\/noticias\/wp-json\/wp\/v2\/tags?post=226701"}],"curies":[{"name":"wp","href":"https:\/\/api.w.org\/{rel}","templated":true}]}}