{"id":226632,"date":"2020-06-23T07:49:50","date_gmt":"2020-06-23T10:49:50","guid":{"rendered":"https:\/\/franciscanos.org.br\/noticias\/?p=226632"},"modified":"2020-06-23T07:49:50","modified_gmt":"2020-06-23T10:49:50","slug":"frades-de-rondinha-apresentarao-o-programa-nos-caminhos-de-assis","status":"publish","type":"post","link":"https:\/\/franciscanos.org.br\/noticias\/frades-de-rondinha-apresentarao-o-programa-nos-caminhos-de-assis.html","title":{"rendered":"Frades de Rondinha apresentar\u00e3o o programa &#8220;Nos Caminhos de Assis&#8221;"},"content":{"rendered":"<p><img loading=\"lazy\" class=\"alignnone size-full wp-image-226633\" src=\"https:\/\/franciscanos.org.br\/noticias\/wp-content\/uploads\/2020\/06\/rondinha.png\" alt=\"\" width=\"1100\" height=\"550\" srcset=\"https:\/\/franciscanos.org.br\/noticias\/wp-content\/uploads\/2020\/06\/rondinha.png 1100w, https:\/\/franciscanos.org.br\/noticias\/wp-content\/uploads\/2020\/06\/rondinha-450x225.png 450w, https:\/\/franciscanos.org.br\/noticias\/wp-content\/uploads\/2020\/06\/rondinha-1024x512.png 1024w, https:\/\/franciscanos.org.br\/noticias\/wp-content\/uploads\/2020\/06\/rondinha-768x384.png 768w, https:\/\/franciscanos.org.br\/noticias\/wp-content\/uploads\/2020\/06\/rondinha-150x75.png 150w\" sizes=\"(max-width: 1100px) 100vw, 1100px\" \/><\/p>\n<h3>Nos Caminhos de Assis estreia na R\u00e1dio Construtiva no dia 27<\/h3>\n<p>O Programa dos Frades Franciscanos, do Convento S\u00e3o Boaventura, de Campo Largo, no Paran\u00e1, estreia no dia 27 de junho, s\u00e1bado, das 9 \u00e0s 10 horas, na R\u00e1dio Construtiva. O momento vai contar com ora\u00e7\u00f5es, devo\u00e7\u00f5es, reflex\u00f5es espirituais, entrevistas, entretenimento e ainda outras atra\u00e7\u00f5es.<\/p>\n<p>De acordo com o Frei Marcos Vin\u00edcius M. Brugger, guardi\u00e3o da Fraternidade do Convento S\u00e3o Boaventura, em Campo Largo, o programa vai levar aos ouvintes o carisma e a espiritualidade franciscana. &#8220;Queremos ser uma express\u00e3o franciscana da evangeliza\u00e7\u00e3o; anunciar a mensagem do Evangelho a diversas cidades brasileiras, dialogando com a vida da fraternidade franciscana, com a cultura, e com os desafios de nossa sociedade. Tudo isso com o tempero alegre e cordial do carisma herdado de S\u00e3o Francisco de Assis&#8221;, explicou Frei Marcos.<\/p>\n<p>&#8220;Nos Caminhos de Assis&#8221; ser\u00e1 gerado pela R\u00e1dio Construtiva, ao vivo, todo s\u00e1bado, das 9 \u00e0s 10 horas, e retransmitido por diversas emissoras parceiras no Brasil. O programa pode ser ouvido nos aplicativos da R\u00e1dio, dispon\u00edveis para Android e IOS, bem como no canal do Youtube da R\u00e1dio Construtiva.<\/p>\n<p>Confira mais op\u00e7\u00f5es para ouvir e ver o programa:\u00a0 B\u00edblia Cat\u00f3lica Sagrada, R\u00e1dios Net e R\u00e1dio Garden.<\/p>\n<hr \/>\n<p><em>Fonte: R\u00e1dio Construtiva<\/em><\/p>\n","protected":false},"excerpt":{"rendered":"<p>Forma\u00e7\u00e3o e Estudos<\/p>\n","protected":false},"author":3,"featured_media":226634,"comment_status":"open","ping_status":"open","sticky":false,"template":"","format":"standard","meta":[],"categories":[1],"tags":[325],"acf":[],"yoast_head":"<!-- This site is optimized with the Yoast SEO plugin v19.2 - https:\/\/yoast.com\/wordpress\/plugins\/seo\/ -->\n<title>Frades de Rondinha apresentar\u00e3o o programa &quot;Nos Caminhos de Assis&quot; - Not\u00edcias - Franciscanos<\/title>\n<meta name=\"robots\" content=\"index, follow, max-snippet:-1, max-image-preview:large, max-video-preview:-1\" \/>\n<link rel=\"canonical\" href=\"https:\/\/franciscanos.org.br\/noticias\/frades-de-rondinha-apresentarao-o-programa-nos-caminhos-de-assis.html\" \/>\n<meta property=\"og:locale\" content=\"pt_BR\" \/>\n<meta property=\"og:type\" content=\"article\" \/>\n<meta property=\"og:title\" content=\"Frades de Rondinha apresentar\u00e3o o programa &quot;Nos Caminhos de Assis&quot; - Not\u00edcias - Franciscanos\" \/>\n<meta property=\"og:description\" content=\"Forma\u00e7\u00e3o e Estudos\" \/>\n<meta property=\"og:url\" content=\"https:\/\/franciscanos.org.br\/noticias\/frades-de-rondinha-apresentarao-o-programa-nos-caminhos-de-assis.html\" \/>\n<meta property=\"og:site_name\" content=\"Not\u00edcias - Franciscanos\" \/>\n<meta property=\"article:published_time\" content=\"2020-06-23T10:49:50+00:00\" \/>\n<meta property=\"og:image\" content=\"https:\/\/franciscanos.org.br\/noticias\/wp-content\/uploads\/2020\/06\/rondinha_d.png\" \/>\n\t<meta property=\"og:image:width\" content=\"800\" \/>\n\t<meta property=\"og:image:height\" content=\"599\" \/>\n\t<meta property=\"og:image:type\" content=\"image\/png\" \/>\n<meta name=\"author\" content=\"moacir\" \/>\n<meta name=\"twitter:card\" content=\"summary_large_image\" \/>\n<meta name=\"twitter:label1\" content=\"Escrito por\" \/>\n\t<meta name=\"twitter:data1\" content=\"moacir\" \/>\n\t<meta name=\"twitter:label2\" content=\"Est. tempo de leitura\" \/>\n\t<meta name=\"twitter:data2\" content=\"1 minuto\" \/>\n<script type=\"application\/ld+json\" class=\"yoast-schema-graph\">{\"@context\":\"https:\/\/schema.org\",\"@graph\":[{\"@type\":\"WebSite\",\"@id\":\"https:\/\/franciscanos.org.br\/noticias\/#website\",\"url\":\"https:\/\/franciscanos.org.br\/noticias\/\",\"name\":\"Not\u00edcias - Franciscanos\",\"description\":\"Prov\u00edncia Franciscana da Imaculada Concei\u00e7\u00e3o do Brasil - Ordem dos Frades Menores - OFM\",\"potentialAction\":[{\"@type\":\"SearchAction\",\"target\":{\"@type\":\"EntryPoint\",\"urlTemplate\":\"https:\/\/franciscanos.org.br\/noticias\/?s={search_term_string}\"},\"query-input\":\"required name=search_term_string\"}],\"inLanguage\":\"pt-BR\"},{\"@type\":\"ImageObject\",\"inLanguage\":\"pt-BR\",\"@id\":\"https:\/\/franciscanos.org.br\/noticias\/frades-de-rondinha-apresentarao-o-programa-nos-caminhos-de-assis.html#primaryimage\",\"url\":\"https:\/\/franciscanos.org.br\/noticias\/wp-content\/uploads\/2020\/06\/rondinha_d.png\",\"contentUrl\":\"https:\/\/franciscanos.org.br\/noticias\/wp-content\/uploads\/2020\/06\/rondinha_d.png\",\"width\":800,\"height\":599},{\"@type\":\"WebPage\",\"@id\":\"https:\/\/franciscanos.org.br\/noticias\/frades-de-rondinha-apresentarao-o-programa-nos-caminhos-de-assis.html#webpage\",\"url\":\"https:\/\/franciscanos.org.br\/noticias\/frades-de-rondinha-apresentarao-o-programa-nos-caminhos-de-assis.html\",\"name\":\"Frades de Rondinha apresentar\u00e3o o programa \\\"Nos Caminhos de Assis\\\" - Not\u00edcias - Franciscanos\",\"isPartOf\":{\"@id\":\"https:\/\/franciscanos.org.br\/noticias\/#website\"},\"primaryImageOfPage\":{\"@id\":\"https:\/\/franciscanos.org.br\/noticias\/frades-de-rondinha-apresentarao-o-programa-nos-caminhos-de-assis.html#primaryimage\"},\"datePublished\":\"2020-06-23T10:49:50+00:00\",\"dateModified\":\"2020-06-23T10:49:50+00:00\",\"author\":{\"@id\":\"https:\/\/franciscanos.org.br\/noticias\/#\/schema\/person\/b5c8cba458c330ccff548b056e95a5d4\"},\"breadcrumb\":{\"@id\":\"https:\/\/franciscanos.org.br\/noticias\/frades-de-rondinha-apresentarao-o-programa-nos-caminhos-de-assis.html#breadcrumb\"},\"inLanguage\":\"pt-BR\",\"potentialAction\":[{\"@type\":\"ReadAction\",\"target\":[\"https:\/\/franciscanos.org.br\/noticias\/frades-de-rondinha-apresentarao-o-programa-nos-caminhos-de-assis.html\"]}]},{\"@type\":\"BreadcrumbList\",\"@id\":\"https:\/\/franciscanos.org.br\/noticias\/frades-de-rondinha-apresentarao-o-programa-nos-caminhos-de-assis.html#breadcrumb\",\"itemListElement\":[{\"@type\":\"ListItem\",\"position\":1,\"name\":\"Home\",\"item\":\"https:\/\/franciscanos.org.br\/noticias\"},{\"@type\":\"ListItem\",\"position\":2,\"name\":\"Frades de Rondinha apresentar\u00e3o o programa &#8220;Nos Caminhos de Assis&#8221;\"}]},{\"@type\":\"Person\",\"@id\":\"https:\/\/franciscanos.org.br\/noticias\/#\/schema\/person\/b5c8cba458c330ccff548b056e95a5d4\",\"name\":\"moacir\",\"image\":{\"@type\":\"ImageObject\",\"inLanguage\":\"pt-BR\",\"@id\":\"https:\/\/franciscanos.org.br\/noticias\/#\/schema\/person\/image\/\",\"url\":\"https:\/\/secure.gravatar.com\/avatar\/d08aa2ce4c8dd416d4479aa8536fcf64?s=96&d=mm&r=g\",\"contentUrl\":\"https:\/\/secure.gravatar.com\/avatar\/d08aa2ce4c8dd416d4479aa8536fcf64?s=96&d=mm&r=g\",\"caption\":\"moacir\"},\"url\":\"https:\/\/franciscanos.org.br\/noticias\/author\/moacir\"}]}<\/script>\n<!-- \/ Yoast SEO plugin. -->","yoast_head_json":{"title":"Frades de Rondinha apresentar\u00e3o o programa \"Nos Caminhos de Assis\" - Not\u00edcias - Franciscanos","robots":{"index":"index","follow":"follow","max-snippet":"max-snippet:-1","max-image-preview":"max-image-preview:large","max-video-preview":"max-video-preview:-1"},"canonical":"https:\/\/franciscanos.org.br\/noticias\/frades-de-rondinha-apresentarao-o-programa-nos-caminhos-de-assis.html","og_locale":"pt_BR","og_type":"article","og_title":"Frades de Rondinha apresentar\u00e3o o programa \"Nos Caminhos de Assis\" - Not\u00edcias - Franciscanos","og_description":"Forma\u00e7\u00e3o e Estudos","og_url":"https:\/\/franciscanos.org.br\/noticias\/frades-de-rondinha-apresentarao-o-programa-nos-caminhos-de-assis.html","og_site_name":"Not\u00edcias - Franciscanos","article_published_time":"2020-06-23T10:49:50+00:00","og_image":[{"width":800,"height":599,"url":"https:\/\/franciscanos.org.br\/noticias\/wp-content\/uploads\/2020\/06\/rondinha_d.png","type":"image\/png"}],"author":"moacir","twitter_card":"summary_large_image","twitter_misc":{"Escrito por":"moacir","Est. tempo de leitura":"1 minuto"},"schema":{"@context":"https:\/\/schema.org","@graph":[{"@type":"WebSite","@id":"https:\/\/franciscanos.org.br\/noticias\/#website","url":"https:\/\/franciscanos.org.br\/noticias\/","name":"Not\u00edcias - Franciscanos","description":"Prov\u00edncia Franciscana da Imaculada Concei\u00e7\u00e3o do Brasil - Ordem dos Frades Menores - OFM","potentialAction":[{"@type":"SearchAction","target":{"@type":"EntryPoint","urlTemplate":"https:\/\/franciscanos.org.br\/noticias\/?s={search_term_string}"},"query-input":"required name=search_term_string"}],"inLanguage":"pt-BR"},{"@type":"ImageObject","inLanguage":"pt-BR","@id":"https:\/\/franciscanos.org.br\/noticias\/frades-de-rondinha-apresentarao-o-programa-nos-caminhos-de-assis.html#primaryimage","url":"https:\/\/franciscanos.org.br\/noticias\/wp-content\/uploads\/2020\/06\/rondinha_d.png","contentUrl":"https:\/\/franciscanos.org.br\/noticias\/wp-content\/uploads\/2020\/06\/rondinha_d.png","width":800,"height":599},{"@type":"WebPage","@id":"https:\/\/franciscanos.org.br\/noticias\/frades-de-rondinha-apresentarao-o-programa-nos-caminhos-de-assis.html#webpage","url":"https:\/\/franciscanos.org.br\/noticias\/frades-de-rondinha-apresentarao-o-programa-nos-caminhos-de-assis.html","name":"Frades de Rondinha apresentar\u00e3o o programa \"Nos Caminhos de Assis\" - Not\u00edcias - Franciscanos","isPartOf":{"@id":"https:\/\/franciscanos.org.br\/noticias\/#website"},"primaryImageOfPage":{"@id":"https:\/\/franciscanos.org.br\/noticias\/frades-de-rondinha-apresentarao-o-programa-nos-caminhos-de-assis.html#primaryimage"},"datePublished":"2020-06-23T10:49:50+00:00","dateModified":"2020-06-23T10:49:50+00:00","author":{"@id":"https:\/\/franciscanos.org.br\/noticias\/#\/schema\/person\/b5c8cba458c330ccff548b056e95a5d4"},"breadcrumb":{"@id":"https:\/\/franciscanos.org.br\/noticias\/frades-de-rondinha-apresentarao-o-programa-nos-caminhos-de-assis.html#breadcrumb"},"inLanguage":"pt-BR","potentialAction":[{"@type":"ReadAction","target":["https:\/\/franciscanos.org.br\/noticias\/frades-de-rondinha-apresentarao-o-programa-nos-caminhos-de-assis.html"]}]},{"@type":"BreadcrumbList","@id":"https:\/\/franciscanos.org.br\/noticias\/frades-de-rondinha-apresentarao-o-programa-nos-caminhos-de-assis.html#breadcrumb","itemListElement":[{"@type":"ListItem","position":1,"name":"Home","item":"https:\/\/franciscanos.org.br\/noticias"},{"@type":"ListItem","position":2,"name":"Frades de Rondinha apresentar\u00e3o o programa &#8220;Nos Caminhos de Assis&#8221;"}]},{"@type":"Person","@id":"https:\/\/franciscanos.org.br\/noticias\/#\/schema\/person\/b5c8cba458c330ccff548b056e95a5d4","name":"moacir","image":{"@type":"ImageObject","inLanguage":"pt-BR","@id":"https:\/\/franciscanos.org.br\/noticias\/#\/schema\/person\/image\/","url":"https:\/\/secure.gravatar.com\/avatar\/d08aa2ce4c8dd416d4479aa8536fcf64?s=96&d=mm&r=g","contentUrl":"https:\/\/secure.gravatar.com\/avatar\/d08aa2ce4c8dd416d4479aa8536fcf64?s=96&d=mm&r=g","caption":"moacir"},"url":"https:\/\/franciscanos.org.br\/noticias\/author\/moacir"}]}},"_links":{"self":[{"href":"https:\/\/franciscanos.org.br\/noticias\/wp-json\/wp\/v2\/posts\/226632"}],"collection":[{"href":"https:\/\/franciscanos.org.br\/noticias\/wp-json\/wp\/v2\/posts"}],"about":[{"href":"https:\/\/franciscanos.org.br\/noticias\/wp-json\/wp\/v2\/types\/post"}],"author":[{"embeddable":true,"href":"https:\/\/franciscanos.org.br\/noticias\/wp-json\/wp\/v2\/users\/3"}],"replies":[{"embeddable":true,"href":"https:\/\/franciscanos.org.br\/noticias\/wp-json\/wp\/v2\/comments?post=226632"}],"version-history":[{"count":1,"href":"https:\/\/franciscanos.org.br\/noticias\/wp-json\/wp\/v2\/posts\/226632\/revisions"}],"predecessor-version":[{"id":226635,"href":"https:\/\/franciscanos.org.br\/noticias\/wp-json\/wp\/v2\/posts\/226632\/revisions\/226635"}],"wp:featuredmedia":[{"embeddable":true,"href":"https:\/\/franciscanos.org.br\/noticias\/wp-json\/wp\/v2\/media\/226634"}],"wp:attachment":[{"href":"https:\/\/franciscanos.org.br\/noticias\/wp-json\/wp\/v2\/media?parent=226632"}],"wp:term":[{"taxonomy":"category","embeddable":true,"href":"https:\/\/franciscanos.org.br\/noticias\/wp-json\/wp\/v2\/categories?post=226632"},{"taxonomy":"post_tag","embeddable":true,"href":"https:\/\/franciscanos.org.br\/noticias\/wp-json\/wp\/v2\/tags?post=226632"}],"curies":[{"name":"wp","href":"https:\/\/api.w.org\/{rel}","templated":true}]}}