{"id":226613,"date":"2020-06-22T07:28:23","date_gmt":"2020-06-22T10:28:23","guid":{"rendered":"https:\/\/franciscanos.org.br\/noticias\/?p=226613"},"modified":"2020-06-22T07:28:23","modified_gmt":"2020-06-22T10:28:23","slug":"xaxim-celebra-o-padroeiro-sao-luiz-gonzaga","status":"publish","type":"post","link":"https:\/\/franciscanos.org.br\/noticias\/xaxim-celebra-o-padroeiro-sao-luiz-gonzaga.html","title":{"rendered":"Xaxim celebra o Padroeiro S\u00e3o Luiz Gonzaga"},"content":{"rendered":"<p><img loading=\"lazy\" class=\"alignnone size-full wp-image-226614\" src=\"https:\/\/franciscanos.org.br\/noticias\/wp-content\/uploads\/2020\/06\/xaxim_2206.jpg\" alt=\"\" width=\"1280\" height=\"720\" srcset=\"https:\/\/franciscanos.org.br\/noticias\/wp-content\/uploads\/2020\/06\/xaxim_2206.jpg 1280w, https:\/\/franciscanos.org.br\/noticias\/wp-content\/uploads\/2020\/06\/xaxim_2206-450x253.jpg 450w, https:\/\/franciscanos.org.br\/noticias\/wp-content\/uploads\/2020\/06\/xaxim_2206-1024x576.jpg 1024w, https:\/\/franciscanos.org.br\/noticias\/wp-content\/uploads\/2020\/06\/xaxim_2206-768x432.jpg 768w, https:\/\/franciscanos.org.br\/noticias\/wp-content\/uploads\/2020\/06\/xaxim_2206-150x84.jpg 150w\" sizes=\"(max-width: 1280px) 100vw, 1280px\" \/><\/p>\n<p><strong>Xaxim (SC)<\/strong> &#8211; Neste domingo, 21 de junho, a Par\u00f3quia S\u00e3o Luiz Gonzaga comemorou o seu Padroeiro e celebrou tamb\u00e9m o Jubileu de 80 anos de funda\u00e7\u00e3o, tendo como presidente da Missa solene Frei Gentil de Lima Branco, que foi convidado pelo p\u00e1roco Frei Gilson Kammer. O celebrante fez um breve resumo da hist\u00f3ria da Par\u00f3quia e, em carreata, o povo p\u00f4de homenagear o seu Padroeiro de suas casas. A celebra\u00e7\u00e3o foi transmitida pelas redes sociais da Par\u00f3quia, nas plataformas <em>Facebook e YouTube<\/em>.<\/p>\n<p>Frei Gentil foi o p\u00e1roco em Xaxim em per\u00edodos: 2000 a 2003 e 2006 a 2009. Sua presen\u00e7a foi marcada pela uni\u00e3o das pastorais e os trabalhos realizados em todos os setores paroquiais. Frei Gentil ressaltou que, nesses seis anos em que esteve em Xaxim, foi testemunha de um povo unido e que ajuda a Igreja a tornar mais fortes suas festividades religiosas.<\/p>\n<p>Sobre a hist\u00f3ria paroquial, nesses 80 anos de funda\u00e7\u00e3o, relembrou as Miss\u00f5es, sendo que as primeiras foram realizadas em Xaxim, em 1935 e 1951, conforme p\u00f4de-se verificar na cruz das Miss\u00f5es, em 2011, durante a restaura\u00e7\u00e3o da igreja Matriz. Neste in\u00edcio de ano foi realizada a primeira edi\u00e7\u00e3o na cidade das Miss\u00f5es Franciscanas da Juventude, fazendo parte das festividades dos 80 anos.<\/p>\n<p><img loading=\"lazy\" class=\"alignnone size-full wp-image-226615\" src=\"https:\/\/franciscanos.org.br\/noticias\/wp-content\/uploads\/2020\/06\/xaxim_2206_2.jpg\" alt=\"\" width=\"1280\" height=\"720\" srcset=\"https:\/\/franciscanos.org.br\/noticias\/wp-content\/uploads\/2020\/06\/xaxim_2206_2.jpg 1280w, https:\/\/franciscanos.org.br\/noticias\/wp-content\/uploads\/2020\/06\/xaxim_2206_2-450x253.jpg 450w, https:\/\/franciscanos.org.br\/noticias\/wp-content\/uploads\/2020\/06\/xaxim_2206_2-1024x576.jpg 1024w, https:\/\/franciscanos.org.br\/noticias\/wp-content\/uploads\/2020\/06\/xaxim_2206_2-768x432.jpg 768w, https:\/\/franciscanos.org.br\/noticias\/wp-content\/uploads\/2020\/06\/xaxim_2206_2-150x84.jpg 150w\" sizes=\"(max-width: 1280px) 100vw, 1280px\" \/><\/p>\n<p>Frei Gentil destacou a import\u00e2ncia dos jovens na Igreja e na Par\u00f3quia de Xaxim. Para ele, as Miss\u00f5es de janeiro foram um marco na cidade: \u00a0\u00a0\u201cNa avalia\u00e7\u00e3o, n\u00e3o houve nenhuma queixa ou reclama\u00e7\u00e3o, somente elogios\u201d. Relembrar esse importante evento, \u00e9 tamb\u00e9m lembrar que S\u00e3o Luiz \u00e9 o Padroeiro da Juventude, dos Estudantes e dos Seminaristas.<\/p>\n<p>Frei Gentil agradeceu o convite dos frades da Par\u00f3quia S\u00e3o Luiz Gonzaga: \u201c\u00c9 uma alegria fazer parte deste momento celebrativo. No jubileu dos 70 anos, eu tamb\u00e9m estive aqui, mas na \u00e9poca era o p\u00e1roco\u201d. Atualmente, Frei Gentil est\u00e1 em Santo Amaro da Imperatriz, regi\u00e3o da grande Florian\u00f3polis, onde atua como vig\u00e1rio paroquial e animador do SAV local.<\/p>\n<p>\u201cTenho certeza que, se n\u00e3o estiv\u00e9ssemos vivendo este momento com a pandemia do coronav\u00edrus, a igreja estaria cheia de fi\u00e9is para celebrar S\u00e3o Luiz Gonzaga\u201d, disse Frei Gentil. Hoje, recordamos S\u00e3o Luiz, a sua vida, que mesmo morrendo jovem fez muito pelos que precisavam. Luiz nasceu no dia 9 de mar\u00e7o de 1568, na It\u00e1lia. Foi o primeiro dos sete filhos de Ferrante Gonzaga, marqu\u00eas de Castiglione Delle Stiviere, e sobrinho do duque de M\u00e2ntua.<\/p>\n<p><img loading=\"lazy\" class=\"alignnone size-full wp-image-226616\" src=\"https:\/\/franciscanos.org.br\/noticias\/wp-content\/uploads\/2020\/06\/xaxim_2206_3.jpg\" alt=\"\" width=\"1280\" height=\"720\" srcset=\"https:\/\/franciscanos.org.br\/noticias\/wp-content\/uploads\/2020\/06\/xaxim_2206_3.jpg 1280w, https:\/\/franciscanos.org.br\/noticias\/wp-content\/uploads\/2020\/06\/xaxim_2206_3-450x253.jpg 450w, https:\/\/franciscanos.org.br\/noticias\/wp-content\/uploads\/2020\/06\/xaxim_2206_3-1024x576.jpg 1024w, https:\/\/franciscanos.org.br\/noticias\/wp-content\/uploads\/2020\/06\/xaxim_2206_3-768x432.jpg 768w, https:\/\/franciscanos.org.br\/noticias\/wp-content\/uploads\/2020\/06\/xaxim_2206_3-150x84.jpg 150w\" sizes=\"(max-width: 1280px) 100vw, 1280px\" \/><\/p>\n<p>Luiz tinha quatorze anos quando venceu as resist\u00eancias do pai, e entrou para o noviciado \u00a0dos Jesu\u00edtas. L\u00e1 escolheu como tarefas as incumb\u00eancias mais humildes e o atendimento aos doentes, principalmente durante as epidemias que atingiram Roma, em 1590, esquecendo totalmente suas origens aristocr\u00e1ticas. Luiz Gonzaga morreu com apenas vinte e tr\u00eas anos, em 21 de junho de 1591.<\/p>\n<p>\u201cQue S\u00e3o Luiz Gonzaga continue a nos ensinar a sermos mission\u00e1rios\u201d, pediu Frei Gentil. \u201cQue sejamos humildes e caridosos, assim como S\u00e3o Luiz, um modelo tamb\u00e9m de pureza, em um mundo onde o pecado est\u00e1 em toda parte. Neste momento em que estamos vivendo uma pandemia, pensamos como S\u00e3o Luiz se comportaria diante desta situa\u00e7\u00e3o. Mas hist\u00f3ria conta que ele ajudou os necessitados e doentes em uma peste. Ele mostrou como devemos ser crist\u00e3os cuidando do pr\u00f3ximo\u201d, acrescentou.<\/p>\n<p>O p\u00e1roco Frei Gilson agradeceu a presen\u00e7a de Frei Gentil para celebrar a Missa deste domingo. \u201cQuero agradecer a Frei Gentil pela sua disponibilidade. Como voc\u00ea bem recordou, essa igreja seria pequena hoje para celebrar esse ano jubilar com sua presen\u00e7a. Voc\u00ea \u00e9 lembrado com muito carinho pelas pessoas e tenho certeza que muita gente gostaria de estar hoje aqui para lhe dar um abra\u00e7o. Isso, contudo, n\u00e3o \u00e9 poss\u00edvel agora, mas que voc\u00ea possa vir em uma outra ocasi\u00e3o para ficar um m\u00eas inteiro aqui, podendo visitar as comunidades e receber o carinho de todas as fam\u00edlias nas nossas comunidades. O nosso muito obrigado, em nome de nossa Fraternidade e da nossa Par\u00f3quia S\u00e3o Luiz Gonzaga\u201d, disse Frei Gilson.<\/p>\n<p>Ap\u00f3s a celebra\u00e7\u00e3o, uma carreata com a imagem de S\u00e3o Luiz Gonzaga percorreu as ruas da cidade, fazendo paradas nas igrejas de cada bairro da cidade para uma breve ora\u00e7\u00e3o.<\/p>\n<p><img loading=\"lazy\" class=\"alignnone size-full wp-image-226617\" src=\"https:\/\/franciscanos.org.br\/noticias\/wp-content\/uploads\/2020\/06\/xaxim_2206_4.jpg\" alt=\"\" width=\"1280\" height=\"720\" srcset=\"https:\/\/franciscanos.org.br\/noticias\/wp-content\/uploads\/2020\/06\/xaxim_2206_4.jpg 1280w, https:\/\/franciscanos.org.br\/noticias\/wp-content\/uploads\/2020\/06\/xaxim_2206_4-450x253.jpg 450w, https:\/\/franciscanos.org.br\/noticias\/wp-content\/uploads\/2020\/06\/xaxim_2206_4-1024x576.jpg 1024w, https:\/\/franciscanos.org.br\/noticias\/wp-content\/uploads\/2020\/06\/xaxim_2206_4-768x432.jpg 768w, https:\/\/franciscanos.org.br\/noticias\/wp-content\/uploads\/2020\/06\/xaxim_2206_4-150x84.jpg 150w\" sizes=\"(max-width: 1280px) 100vw, 1280px\" \/><\/p>\n<hr \/>\n<p><em><strong>Pascom da Par\u00f3quia de Xaxim<\/strong><\/em><\/p>\n","protected":false},"excerpt":{"rendered":"<p>Festa da Par\u00f3quia S\u00e3o Juiz Gonzaga<\/p>\n","protected":false},"author":3,"featured_media":226618,"comment_status":"open","ping_status":"open","sticky":false,"template":"","format":"standard","meta":[],"categories":[1],"tags":[1589],"acf":[],"yoast_head":"<!-- This site is optimized with the Yoast SEO plugin v19.2 - https:\/\/yoast.com\/wordpress\/plugins\/seo\/ -->\n<title>Xaxim celebra o Padroeiro S\u00e3o Luiz Gonzaga - Not\u00edcias - Franciscanos<\/title>\n<meta name=\"robots\" content=\"index, follow, max-snippet:-1, max-image-preview:large, max-video-preview:-1\" \/>\n<link rel=\"canonical\" href=\"https:\/\/franciscanos.org.br\/noticias\/xaxim-celebra-o-padroeiro-sao-luiz-gonzaga.html\" \/>\n<meta property=\"og:locale\" content=\"pt_BR\" \/>\n<meta property=\"og:type\" content=\"article\" \/>\n<meta property=\"og:title\" content=\"Xaxim celebra o Padroeiro S\u00e3o Luiz Gonzaga - Not\u00edcias - Franciscanos\" \/>\n<meta property=\"og:description\" content=\"Festa da Par\u00f3quia S\u00e3o Juiz Gonzaga\" \/>\n<meta property=\"og:url\" content=\"https:\/\/franciscanos.org.br\/noticias\/xaxim-celebra-o-padroeiro-sao-luiz-gonzaga.html\" \/>\n<meta property=\"og:site_name\" content=\"Not\u00edcias - Franciscanos\" \/>\n<meta property=\"article:published_time\" content=\"2020-06-22T10:28:23+00:00\" \/>\n<meta property=\"og:image\" content=\"https:\/\/franciscanos.org.br\/noticias\/wp-content\/uploads\/2020\/06\/xaxim_2206d.jpg\" \/>\n\t<meta property=\"og:image:width\" content=\"800\" \/>\n\t<meta property=\"og:image:height\" content=\"600\" \/>\n\t<meta property=\"og:image:type\" content=\"image\/jpeg\" \/>\n<meta name=\"author\" content=\"moacir\" \/>\n<meta name=\"twitter:card\" content=\"summary_large_image\" \/>\n<meta name=\"twitter:label1\" content=\"Escrito por\" \/>\n\t<meta name=\"twitter:data1\" content=\"moacir\" \/>\n\t<meta name=\"twitter:label2\" content=\"Est. tempo de leitura\" \/>\n\t<meta name=\"twitter:data2\" content=\"4 minutos\" \/>\n<script type=\"application\/ld+json\" class=\"yoast-schema-graph\">{\"@context\":\"https:\/\/schema.org\",\"@graph\":[{\"@type\":\"WebSite\",\"@id\":\"https:\/\/franciscanos.org.br\/noticias\/#website\",\"url\":\"https:\/\/franciscanos.org.br\/noticias\/\",\"name\":\"Not\u00edcias - Franciscanos\",\"description\":\"Prov\u00edncia Franciscana da Imaculada Concei\u00e7\u00e3o do Brasil - Ordem dos Frades Menores - OFM\",\"potentialAction\":[{\"@type\":\"SearchAction\",\"target\":{\"@type\":\"EntryPoint\",\"urlTemplate\":\"https:\/\/franciscanos.org.br\/noticias\/?s={search_term_string}\"},\"query-input\":\"required name=search_term_string\"}],\"inLanguage\":\"pt-BR\"},{\"@type\":\"ImageObject\",\"inLanguage\":\"pt-BR\",\"@id\":\"https:\/\/franciscanos.org.br\/noticias\/xaxim-celebra-o-padroeiro-sao-luiz-gonzaga.html#primaryimage\",\"url\":\"https:\/\/franciscanos.org.br\/noticias\/wp-content\/uploads\/2020\/06\/xaxim_2206d.jpg\",\"contentUrl\":\"https:\/\/franciscanos.org.br\/noticias\/wp-content\/uploads\/2020\/06\/xaxim_2206d.jpg\",\"width\":800,\"height\":600},{\"@type\":\"WebPage\",\"@id\":\"https:\/\/franciscanos.org.br\/noticias\/xaxim-celebra-o-padroeiro-sao-luiz-gonzaga.html#webpage\",\"url\":\"https:\/\/franciscanos.org.br\/noticias\/xaxim-celebra-o-padroeiro-sao-luiz-gonzaga.html\",\"name\":\"Xaxim celebra o Padroeiro S\u00e3o Luiz Gonzaga - Not\u00edcias - Franciscanos\",\"isPartOf\":{\"@id\":\"https:\/\/franciscanos.org.br\/noticias\/#website\"},\"primaryImageOfPage\":{\"@id\":\"https:\/\/franciscanos.org.br\/noticias\/xaxim-celebra-o-padroeiro-sao-luiz-gonzaga.html#primaryimage\"},\"datePublished\":\"2020-06-22T10:28:23+00:00\",\"dateModified\":\"2020-06-22T10:28:23+00:00\",\"author\":{\"@id\":\"https:\/\/franciscanos.org.br\/noticias\/#\/schema\/person\/b5c8cba458c330ccff548b056e95a5d4\"},\"breadcrumb\":{\"@id\":\"https:\/\/franciscanos.org.br\/noticias\/xaxim-celebra-o-padroeiro-sao-luiz-gonzaga.html#breadcrumb\"},\"inLanguage\":\"pt-BR\",\"potentialAction\":[{\"@type\":\"ReadAction\",\"target\":[\"https:\/\/franciscanos.org.br\/noticias\/xaxim-celebra-o-padroeiro-sao-luiz-gonzaga.html\"]}]},{\"@type\":\"BreadcrumbList\",\"@id\":\"https:\/\/franciscanos.org.br\/noticias\/xaxim-celebra-o-padroeiro-sao-luiz-gonzaga.html#breadcrumb\",\"itemListElement\":[{\"@type\":\"ListItem\",\"position\":1,\"name\":\"Home\",\"item\":\"https:\/\/franciscanos.org.br\/noticias\"},{\"@type\":\"ListItem\",\"position\":2,\"name\":\"Xaxim celebra o Padroeiro S\u00e3o Luiz Gonzaga\"}]},{\"@type\":\"Person\",\"@id\":\"https:\/\/franciscanos.org.br\/noticias\/#\/schema\/person\/b5c8cba458c330ccff548b056e95a5d4\",\"name\":\"moacir\",\"image\":{\"@type\":\"ImageObject\",\"inLanguage\":\"pt-BR\",\"@id\":\"https:\/\/franciscanos.org.br\/noticias\/#\/schema\/person\/image\/\",\"url\":\"https:\/\/secure.gravatar.com\/avatar\/d08aa2ce4c8dd416d4479aa8536fcf64?s=96&d=mm&r=g\",\"contentUrl\":\"https:\/\/secure.gravatar.com\/avatar\/d08aa2ce4c8dd416d4479aa8536fcf64?s=96&d=mm&r=g\",\"caption\":\"moacir\"},\"url\":\"https:\/\/franciscanos.org.br\/noticias\/author\/moacir\"}]}<\/script>\n<!-- \/ Yoast SEO plugin. -->","yoast_head_json":{"title":"Xaxim celebra o Padroeiro S\u00e3o Luiz Gonzaga - Not\u00edcias - Franciscanos","robots":{"index":"index","follow":"follow","max-snippet":"max-snippet:-1","max-image-preview":"max-image-preview:large","max-video-preview":"max-video-preview:-1"},"canonical":"https:\/\/franciscanos.org.br\/noticias\/xaxim-celebra-o-padroeiro-sao-luiz-gonzaga.html","og_locale":"pt_BR","og_type":"article","og_title":"Xaxim celebra o Padroeiro S\u00e3o Luiz Gonzaga - Not\u00edcias - Franciscanos","og_description":"Festa da Par\u00f3quia S\u00e3o Juiz Gonzaga","og_url":"https:\/\/franciscanos.org.br\/noticias\/xaxim-celebra-o-padroeiro-sao-luiz-gonzaga.html","og_site_name":"Not\u00edcias - Franciscanos","article_published_time":"2020-06-22T10:28:23+00:00","og_image":[{"width":800,"height":600,"url":"https:\/\/franciscanos.org.br\/noticias\/wp-content\/uploads\/2020\/06\/xaxim_2206d.jpg","type":"image\/jpeg"}],"author":"moacir","twitter_card":"summary_large_image","twitter_misc":{"Escrito por":"moacir","Est. tempo de leitura":"4 minutos"},"schema":{"@context":"https:\/\/schema.org","@graph":[{"@type":"WebSite","@id":"https:\/\/franciscanos.org.br\/noticias\/#website","url":"https:\/\/franciscanos.org.br\/noticias\/","name":"Not\u00edcias - Franciscanos","description":"Prov\u00edncia Franciscana da Imaculada Concei\u00e7\u00e3o do Brasil - Ordem dos Frades Menores - OFM","potentialAction":[{"@type":"SearchAction","target":{"@type":"EntryPoint","urlTemplate":"https:\/\/franciscanos.org.br\/noticias\/?s={search_term_string}"},"query-input":"required name=search_term_string"}],"inLanguage":"pt-BR"},{"@type":"ImageObject","inLanguage":"pt-BR","@id":"https:\/\/franciscanos.org.br\/noticias\/xaxim-celebra-o-padroeiro-sao-luiz-gonzaga.html#primaryimage","url":"https:\/\/franciscanos.org.br\/noticias\/wp-content\/uploads\/2020\/06\/xaxim_2206d.jpg","contentUrl":"https:\/\/franciscanos.org.br\/noticias\/wp-content\/uploads\/2020\/06\/xaxim_2206d.jpg","width":800,"height":600},{"@type":"WebPage","@id":"https:\/\/franciscanos.org.br\/noticias\/xaxim-celebra-o-padroeiro-sao-luiz-gonzaga.html#webpage","url":"https:\/\/franciscanos.org.br\/noticias\/xaxim-celebra-o-padroeiro-sao-luiz-gonzaga.html","name":"Xaxim celebra o Padroeiro S\u00e3o Luiz Gonzaga - Not\u00edcias - Franciscanos","isPartOf":{"@id":"https:\/\/franciscanos.org.br\/noticias\/#website"},"primaryImageOfPage":{"@id":"https:\/\/franciscanos.org.br\/noticias\/xaxim-celebra-o-padroeiro-sao-luiz-gonzaga.html#primaryimage"},"datePublished":"2020-06-22T10:28:23+00:00","dateModified":"2020-06-22T10:28:23+00:00","author":{"@id":"https:\/\/franciscanos.org.br\/noticias\/#\/schema\/person\/b5c8cba458c330ccff548b056e95a5d4"},"breadcrumb":{"@id":"https:\/\/franciscanos.org.br\/noticias\/xaxim-celebra-o-padroeiro-sao-luiz-gonzaga.html#breadcrumb"},"inLanguage":"pt-BR","potentialAction":[{"@type":"ReadAction","target":["https:\/\/franciscanos.org.br\/noticias\/xaxim-celebra-o-padroeiro-sao-luiz-gonzaga.html"]}]},{"@type":"BreadcrumbList","@id":"https:\/\/franciscanos.org.br\/noticias\/xaxim-celebra-o-padroeiro-sao-luiz-gonzaga.html#breadcrumb","itemListElement":[{"@type":"ListItem","position":1,"name":"Home","item":"https:\/\/franciscanos.org.br\/noticias"},{"@type":"ListItem","position":2,"name":"Xaxim celebra o Padroeiro S\u00e3o Luiz Gonzaga"}]},{"@type":"Person","@id":"https:\/\/franciscanos.org.br\/noticias\/#\/schema\/person\/b5c8cba458c330ccff548b056e95a5d4","name":"moacir","image":{"@type":"ImageObject","inLanguage":"pt-BR","@id":"https:\/\/franciscanos.org.br\/noticias\/#\/schema\/person\/image\/","url":"https:\/\/secure.gravatar.com\/avatar\/d08aa2ce4c8dd416d4479aa8536fcf64?s=96&d=mm&r=g","contentUrl":"https:\/\/secure.gravatar.com\/avatar\/d08aa2ce4c8dd416d4479aa8536fcf64?s=96&d=mm&r=g","caption":"moacir"},"url":"https:\/\/franciscanos.org.br\/noticias\/author\/moacir"}]}},"_links":{"self":[{"href":"https:\/\/franciscanos.org.br\/noticias\/wp-json\/wp\/v2\/posts\/226613"}],"collection":[{"href":"https:\/\/franciscanos.org.br\/noticias\/wp-json\/wp\/v2\/posts"}],"about":[{"href":"https:\/\/franciscanos.org.br\/noticias\/wp-json\/wp\/v2\/types\/post"}],"author":[{"embeddable":true,"href":"https:\/\/franciscanos.org.br\/noticias\/wp-json\/wp\/v2\/users\/3"}],"replies":[{"embeddable":true,"href":"https:\/\/franciscanos.org.br\/noticias\/wp-json\/wp\/v2\/comments?post=226613"}],"version-history":[{"count":1,"href":"https:\/\/franciscanos.org.br\/noticias\/wp-json\/wp\/v2\/posts\/226613\/revisions"}],"predecessor-version":[{"id":226619,"href":"https:\/\/franciscanos.org.br\/noticias\/wp-json\/wp\/v2\/posts\/226613\/revisions\/226619"}],"wp:featuredmedia":[{"embeddable":true,"href":"https:\/\/franciscanos.org.br\/noticias\/wp-json\/wp\/v2\/media\/226618"}],"wp:attachment":[{"href":"https:\/\/franciscanos.org.br\/noticias\/wp-json\/wp\/v2\/media?parent=226613"}],"wp:term":[{"taxonomy":"category","embeddable":true,"href":"https:\/\/franciscanos.org.br\/noticias\/wp-json\/wp\/v2\/categories?post=226613"},{"taxonomy":"post_tag","embeddable":true,"href":"https:\/\/franciscanos.org.br\/noticias\/wp-json\/wp\/v2\/tags?post=226613"}],"curies":[{"name":"wp","href":"https:\/\/api.w.org\/{rel}","templated":true}]}}