{"id":226608,"date":"2020-06-21T07:57:18","date_gmt":"2020-06-21T10:57:18","guid":{"rendered":"https:\/\/franciscanos.org.br\/noticias\/?p=226608"},"modified":"2021-08-29T11:05:06","modified_gmt":"2021-08-29T14:05:06","slug":"papa-a-vida-dos-discipulos-esta-firmemente-nas-maos-de-deus","status":"publish","type":"post","link":"https:\/\/franciscanos.org.br\/noticias\/papa-a-vida-dos-discipulos-esta-firmemente-nas-maos-de-deus.html","title":{"rendered":"Papa: A vida dos disc\u00edpulos est\u00e1 firmemente nas m\u00e3os de Deus"},"content":{"rendered":"<div id=\"attachment_226610\" style=\"width: 900px\" class=\"wp-caption alignnone\"><img aria-describedby=\"caption-attachment-226610\" loading=\"lazy\" class=\"wp-image-226610 size-full\" src=\"https:\/\/franciscanos.org.br\/noticias\/wp-content\/uploads\/2020\/06\/angelus_2106.jpg\" alt=\"\" width=\"890\" height=\"520\" srcset=\"https:\/\/franciscanos.org.br\/noticias\/wp-content\/uploads\/2020\/06\/angelus_2106.jpg 890w, https:\/\/franciscanos.org.br\/noticias\/wp-content\/uploads\/2020\/06\/angelus_2106-450x263.jpg 450w, https:\/\/franciscanos.org.br\/noticias\/wp-content\/uploads\/2020\/06\/angelus_2106-768x449.jpg 768w, https:\/\/franciscanos.org.br\/noticias\/wp-content\/uploads\/2020\/06\/angelus_2106-150x88.jpg 150w\" sizes=\"(max-width: 890px) 100vw, 890px\" \/><p id=\"caption-attachment-226610\" class=\"wp-caption-text\">\u00a0 \u00a0 \u00a0 \u00a0 \u00a0 \u00a0 \u00a0 \u00a0 \u00a0 \u00a0 \u00a0 \u00a0 \u00a0 \u00a0 \u00a0 \u00a0 \u00a0 \u00a0 \u00a0 \u00a0 \u00a0 \u00a0 \u00a0 \u00a0 \u00a0 \u00a0 \u00a0 \u00a0 \u00a0 \u00a0 \u00a0 \u00a0 \u00a0 \u00a0 \u00a0 \u00a0 \u00a0 \u00a0 \u00a0 \u00a0 \u00a0 \u00a0 \u00a0 \u00a0 \u00a0 \u00a0 \u00a0 \u00a0 \u00a0 \u00a0 \u00a0 \u00a0 \u00a0 \u00a0 \u00a0 \u00a0 \u00a0 \u00a0 \u00a0 \u00a0 \u00a0 \u00a0 <em>Imagem: Vatican Media<\/em><\/p><\/div>\n<p><strong>Cidade do Vaticano<\/strong> &#8211; Neste domingo (21), oficialmente de ver\u00e3o no hemisf\u00e9rio Norte (inverno no Brasil), o Papa completou um m\u00eas de retorno \u00e0 ora\u00e7\u00e3o mariana do Angelus, feita diretamente da janela do Pal\u00e1cio Apost\u00f3lico aos fi\u00e9is presentes na Pra\u00e7a S\u00e3o Pedro. Durante todo o per\u00edodo de <em>lockdown<\/em> na It\u00e1lia, Francisco rezou de dentro da biblioteca.<\/p>\n<p>Na sua alocu\u00e7\u00e3o, que precedeu o Angelus, o Papa descreveu tr\u00eas situa\u00e7\u00f5es concretas de adversidades enfrentadas pelos disc\u00edpulos na proclama\u00e7\u00e3o do Reino de Deus, a partir de um trecho do Evangelho deste domingo (cf. Mt 10, 26-33). Atrav\u00e9s delas e fazendo eco ao convite de Jesus, Francisco exortou para n\u00e3o se ter medo, ser forte e confiante diante dos desafios da vida.<\/p>\n<p><strong>O an\u00fancio sem medo diante da hostilidade<\/strong><br \/>\nEm primeiro lugar, o Papa descreveu \u201ca hostilidade daqueles que gostariam de silenciar a Palavra de Deus\u201d. Jesus, at\u00e9 aquele momento, transmitiu a mensagem de salva\u00e7\u00e3o \u201ccom prud\u00eancia, quase em segredo\u201d, diferente do que deveriam fazer os Ap\u00f3stolos: \u201cEles dever\u00e3o proclam\u00e1-la \u201c\u00e0 luz\u201d, ou seja, abertamente, e anunciar \u201cdos terra\u00e7os\u201d, isto \u00e9, publicamente, o seu Evangelho.\u201d<\/p>\n<p><strong>A persegui\u00e7\u00e3o aos crist\u00e3os at\u00e9 hoje<\/strong><br \/>\nA segunda dificuldade que os mission\u00e1rios de Cristo encontraram, lembrou o Papa, foi \u201ca amea\u00e7a f\u00edsica contra eles, isto \u00e9, a persegui\u00e7\u00e3o direta do seu povo, chegando at\u00e9 a matar\u201d. Uma profecia de Jesus, \u201cdolorosa\u201d, mas que \u201catesta a fidelidade das testemunhas\u201d e se constata em todos os tempos: \u201cQuantos crist\u00e3os s\u00e3o perseguidos ainda hoje em todo o mundo! Se eles sofrem pelo Evangelho e com amor, s\u00e3o os m\u00e1rtires dos nossos dias. A esses disc\u00edpulos de ontem e de hoje que sofrem a persegui\u00e7\u00e3o, Jesus recomenda: \u00abN\u00e3o temais os que matam o corpo, e n\u00e3o podem matar a alma\u00bb (v. 28). N\u00e3o devemos nos assustar por aqueles que procuram extinguir a for\u00e7a da evangeliza\u00e7\u00e3o atrav\u00e9s da arrog\u00e2ncia e da viol\u00eancia. Nada, na verdade, podem fazer contra a alma, ou seja, contra a comunh\u00e3o com Deus: essa, ningu\u00e9m pode tirar dos disc\u00edpulos, pois \u00e9 um dom de Deus.\u201d<\/p>\n<p><strong>A certeza do amor de Deus<\/strong><br \/>\nO terceiro tipo de prova\u00e7\u00e3o que os Ap\u00f3stolos enfrentaram, recorda o Papa, \u00e9 a sensa\u00e7\u00e3o de que o pr\u00f3prio Deus os abandona, ao permanecer \u201cdistante e silencioso\u201d. Mas n\u00e3o devemos ter medo, exorta Francisco, porque \u201co Pai cuida de n\u00f3s\u201d na hora da adversidade e do perigo: \u201cTamb\u00e9m aqui nos exorta a n\u00e3o ter medo, porque, apesar de passar por essas e outras ciladas, a vida dos disc\u00edpulos est\u00e1 firmemente nas m\u00e3os de Deus, que nos ama e nos guarda. N\u00e3o se trata de uma simples exorta\u00e7\u00e3o para recuperar for\u00e7a e coragem diante das tribula\u00e7\u00f5es e dos perigos. N\u00e3o, se trata de uma certeza precisa que o Senhor nos convida a renovar no nosso caminho todos os dias e em todos os momentos.\u201d<\/p>\n<hr \/>\n<p><em>Fonte: Vatican News (foto em http:\/\/www.vatican.va)<\/em><\/p>\n","protected":false},"excerpt":{"rendered":"<p>Angelus<\/p>\n","protected":false},"author":3,"featured_media":226611,"comment_status":"open","ping_status":"open","sticky":false,"template":"","format":"standard","meta":[],"categories":[1428],"tags":[403],"acf":[],"yoast_head":"<!-- This site is optimized with the Yoast SEO plugin v19.2 - https:\/\/yoast.com\/wordpress\/plugins\/seo\/ -->\n<title>Papa: A vida dos disc\u00edpulos est\u00e1 firmemente nas m\u00e3os de Deus - Not\u00edcias - Franciscanos<\/title>\n<meta name=\"robots\" content=\"index, follow, max-snippet:-1, max-image-preview:large, max-video-preview:-1\" \/>\n<link rel=\"canonical\" href=\"https:\/\/franciscanos.org.br\/noticias\/papa-a-vida-dos-discipulos-esta-firmemente-nas-maos-de-deus.html\" \/>\n<meta property=\"og:locale\" content=\"pt_BR\" \/>\n<meta property=\"og:type\" content=\"article\" \/>\n<meta property=\"og:title\" content=\"Papa: A vida dos disc\u00edpulos est\u00e1 firmemente nas m\u00e3os de Deus - Not\u00edcias - Franciscanos\" \/>\n<meta property=\"og:description\" content=\"Angelus\" \/>\n<meta property=\"og:url\" content=\"https:\/\/franciscanos.org.br\/noticias\/papa-a-vida-dos-discipulos-esta-firmemente-nas-maos-de-deus.html\" \/>\n<meta property=\"og:site_name\" content=\"Not\u00edcias - Franciscanos\" \/>\n<meta property=\"article:published_time\" content=\"2020-06-21T10:57:18+00:00\" \/>\n<meta property=\"article:modified_time\" content=\"2021-08-29T14:05:06+00:00\" \/>\n<meta property=\"og:image\" content=\"https:\/\/franciscanos.org.br\/noticias\/wp-content\/uploads\/2020\/06\/angelus_2106d.jpg\" \/>\n\t<meta property=\"og:image:width\" content=\"800\" \/>\n\t<meta property=\"og:image:height\" content=\"599\" \/>\n\t<meta property=\"og:image:type\" content=\"image\/jpeg\" \/>\n<meta name=\"author\" content=\"moacir\" \/>\n<meta name=\"twitter:card\" content=\"summary_large_image\" \/>\n<meta name=\"twitter:label1\" content=\"Escrito por\" \/>\n\t<meta name=\"twitter:data1\" content=\"moacir\" \/>\n\t<meta name=\"twitter:label2\" content=\"Est. tempo de leitura\" \/>\n\t<meta name=\"twitter:data2\" content=\"3 minutos\" \/>\n<script type=\"application\/ld+json\" class=\"yoast-schema-graph\">{\"@context\":\"https:\/\/schema.org\",\"@graph\":[{\"@type\":\"WebSite\",\"@id\":\"https:\/\/franciscanos.org.br\/noticias\/#website\",\"url\":\"https:\/\/franciscanos.org.br\/noticias\/\",\"name\":\"Not\u00edcias - Franciscanos\",\"description\":\"Prov\u00edncia Franciscana da Imaculada Concei\u00e7\u00e3o do Brasil - Ordem dos Frades Menores - OFM\",\"potentialAction\":[{\"@type\":\"SearchAction\",\"target\":{\"@type\":\"EntryPoint\",\"urlTemplate\":\"https:\/\/franciscanos.org.br\/noticias\/?s={search_term_string}\"},\"query-input\":\"required name=search_term_string\"}],\"inLanguage\":\"pt-BR\"},{\"@type\":\"ImageObject\",\"inLanguage\":\"pt-BR\",\"@id\":\"https:\/\/franciscanos.org.br\/noticias\/papa-a-vida-dos-discipulos-esta-firmemente-nas-maos-de-deus.html#primaryimage\",\"url\":\"https:\/\/franciscanos.org.br\/noticias\/wp-content\/uploads\/2020\/06\/angelus_2106d.jpg\",\"contentUrl\":\"https:\/\/franciscanos.org.br\/noticias\/wp-content\/uploads\/2020\/06\/angelus_2106d.jpg\",\"width\":800,\"height\":599},{\"@type\":\"WebPage\",\"@id\":\"https:\/\/franciscanos.org.br\/noticias\/papa-a-vida-dos-discipulos-esta-firmemente-nas-maos-de-deus.html#webpage\",\"url\":\"https:\/\/franciscanos.org.br\/noticias\/papa-a-vida-dos-discipulos-esta-firmemente-nas-maos-de-deus.html\",\"name\":\"Papa: A vida dos disc\u00edpulos est\u00e1 firmemente nas m\u00e3os de Deus - Not\u00edcias - Franciscanos\",\"isPartOf\":{\"@id\":\"https:\/\/franciscanos.org.br\/noticias\/#website\"},\"primaryImageOfPage\":{\"@id\":\"https:\/\/franciscanos.org.br\/noticias\/papa-a-vida-dos-discipulos-esta-firmemente-nas-maos-de-deus.html#primaryimage\"},\"datePublished\":\"2020-06-21T10:57:18+00:00\",\"dateModified\":\"2021-08-29T14:05:06+00:00\",\"author\":{\"@id\":\"https:\/\/franciscanos.org.br\/noticias\/#\/schema\/person\/b5c8cba458c330ccff548b056e95a5d4\"},\"breadcrumb\":{\"@id\":\"https:\/\/franciscanos.org.br\/noticias\/papa-a-vida-dos-discipulos-esta-firmemente-nas-maos-de-deus.html#breadcrumb\"},\"inLanguage\":\"pt-BR\",\"potentialAction\":[{\"@type\":\"ReadAction\",\"target\":[\"https:\/\/franciscanos.org.br\/noticias\/papa-a-vida-dos-discipulos-esta-firmemente-nas-maos-de-deus.html\"]}]},{\"@type\":\"BreadcrumbList\",\"@id\":\"https:\/\/franciscanos.org.br\/noticias\/papa-a-vida-dos-discipulos-esta-firmemente-nas-maos-de-deus.html#breadcrumb\",\"itemListElement\":[{\"@type\":\"ListItem\",\"position\":1,\"name\":\"Home\",\"item\":\"https:\/\/franciscanos.org.br\/noticias\"},{\"@type\":\"ListItem\",\"position\":2,\"name\":\"Papa: A vida dos disc\u00edpulos est\u00e1 firmemente nas m\u00e3os de Deus\"}]},{\"@type\":\"Person\",\"@id\":\"https:\/\/franciscanos.org.br\/noticias\/#\/schema\/person\/b5c8cba458c330ccff548b056e95a5d4\",\"name\":\"moacir\",\"image\":{\"@type\":\"ImageObject\",\"inLanguage\":\"pt-BR\",\"@id\":\"https:\/\/franciscanos.org.br\/noticias\/#\/schema\/person\/image\/\",\"url\":\"https:\/\/secure.gravatar.com\/avatar\/d08aa2ce4c8dd416d4479aa8536fcf64?s=96&d=mm&r=g\",\"contentUrl\":\"https:\/\/secure.gravatar.com\/avatar\/d08aa2ce4c8dd416d4479aa8536fcf64?s=96&d=mm&r=g\",\"caption\":\"moacir\"},\"url\":\"https:\/\/franciscanos.org.br\/noticias\/author\/moacir\"}]}<\/script>\n<!-- \/ Yoast SEO plugin. -->","yoast_head_json":{"title":"Papa: A vida dos disc\u00edpulos est\u00e1 firmemente nas m\u00e3os de Deus - Not\u00edcias - Franciscanos","robots":{"index":"index","follow":"follow","max-snippet":"max-snippet:-1","max-image-preview":"max-image-preview:large","max-video-preview":"max-video-preview:-1"},"canonical":"https:\/\/franciscanos.org.br\/noticias\/papa-a-vida-dos-discipulos-esta-firmemente-nas-maos-de-deus.html","og_locale":"pt_BR","og_type":"article","og_title":"Papa: A vida dos disc\u00edpulos est\u00e1 firmemente nas m\u00e3os de Deus - Not\u00edcias - Franciscanos","og_description":"Angelus","og_url":"https:\/\/franciscanos.org.br\/noticias\/papa-a-vida-dos-discipulos-esta-firmemente-nas-maos-de-deus.html","og_site_name":"Not\u00edcias - Franciscanos","article_published_time":"2020-06-21T10:57:18+00:00","article_modified_time":"2021-08-29T14:05:06+00:00","og_image":[{"width":800,"height":599,"url":"https:\/\/franciscanos.org.br\/noticias\/wp-content\/uploads\/2020\/06\/angelus_2106d.jpg","type":"image\/jpeg"}],"author":"moacir","twitter_card":"summary_large_image","twitter_misc":{"Escrito por":"moacir","Est. tempo de leitura":"3 minutos"},"schema":{"@context":"https:\/\/schema.org","@graph":[{"@type":"WebSite","@id":"https:\/\/franciscanos.org.br\/noticias\/#website","url":"https:\/\/franciscanos.org.br\/noticias\/","name":"Not\u00edcias - Franciscanos","description":"Prov\u00edncia Franciscana da Imaculada Concei\u00e7\u00e3o do Brasil - Ordem dos Frades Menores - OFM","potentialAction":[{"@type":"SearchAction","target":{"@type":"EntryPoint","urlTemplate":"https:\/\/franciscanos.org.br\/noticias\/?s={search_term_string}"},"query-input":"required name=search_term_string"}],"inLanguage":"pt-BR"},{"@type":"ImageObject","inLanguage":"pt-BR","@id":"https:\/\/franciscanos.org.br\/noticias\/papa-a-vida-dos-discipulos-esta-firmemente-nas-maos-de-deus.html#primaryimage","url":"https:\/\/franciscanos.org.br\/noticias\/wp-content\/uploads\/2020\/06\/angelus_2106d.jpg","contentUrl":"https:\/\/franciscanos.org.br\/noticias\/wp-content\/uploads\/2020\/06\/angelus_2106d.jpg","width":800,"height":599},{"@type":"WebPage","@id":"https:\/\/franciscanos.org.br\/noticias\/papa-a-vida-dos-discipulos-esta-firmemente-nas-maos-de-deus.html#webpage","url":"https:\/\/franciscanos.org.br\/noticias\/papa-a-vida-dos-discipulos-esta-firmemente-nas-maos-de-deus.html","name":"Papa: A vida dos disc\u00edpulos est\u00e1 firmemente nas m\u00e3os de Deus - Not\u00edcias - Franciscanos","isPartOf":{"@id":"https:\/\/franciscanos.org.br\/noticias\/#website"},"primaryImageOfPage":{"@id":"https:\/\/franciscanos.org.br\/noticias\/papa-a-vida-dos-discipulos-esta-firmemente-nas-maos-de-deus.html#primaryimage"},"datePublished":"2020-06-21T10:57:18+00:00","dateModified":"2021-08-29T14:05:06+00:00","author":{"@id":"https:\/\/franciscanos.org.br\/noticias\/#\/schema\/person\/b5c8cba458c330ccff548b056e95a5d4"},"breadcrumb":{"@id":"https:\/\/franciscanos.org.br\/noticias\/papa-a-vida-dos-discipulos-esta-firmemente-nas-maos-de-deus.html#breadcrumb"},"inLanguage":"pt-BR","potentialAction":[{"@type":"ReadAction","target":["https:\/\/franciscanos.org.br\/noticias\/papa-a-vida-dos-discipulos-esta-firmemente-nas-maos-de-deus.html"]}]},{"@type":"BreadcrumbList","@id":"https:\/\/franciscanos.org.br\/noticias\/papa-a-vida-dos-discipulos-esta-firmemente-nas-maos-de-deus.html#breadcrumb","itemListElement":[{"@type":"ListItem","position":1,"name":"Home","item":"https:\/\/franciscanos.org.br\/noticias"},{"@type":"ListItem","position":2,"name":"Papa: A vida dos disc\u00edpulos est\u00e1 firmemente nas m\u00e3os de Deus"}]},{"@type":"Person","@id":"https:\/\/franciscanos.org.br\/noticias\/#\/schema\/person\/b5c8cba458c330ccff548b056e95a5d4","name":"moacir","image":{"@type":"ImageObject","inLanguage":"pt-BR","@id":"https:\/\/franciscanos.org.br\/noticias\/#\/schema\/person\/image\/","url":"https:\/\/secure.gravatar.com\/avatar\/d08aa2ce4c8dd416d4479aa8536fcf64?s=96&d=mm&r=g","contentUrl":"https:\/\/secure.gravatar.com\/avatar\/d08aa2ce4c8dd416d4479aa8536fcf64?s=96&d=mm&r=g","caption":"moacir"},"url":"https:\/\/franciscanos.org.br\/noticias\/author\/moacir"}]}},"_links":{"self":[{"href":"https:\/\/franciscanos.org.br\/noticias\/wp-json\/wp\/v2\/posts\/226608"}],"collection":[{"href":"https:\/\/franciscanos.org.br\/noticias\/wp-json\/wp\/v2\/posts"}],"about":[{"href":"https:\/\/franciscanos.org.br\/noticias\/wp-json\/wp\/v2\/types\/post"}],"author":[{"embeddable":true,"href":"https:\/\/franciscanos.org.br\/noticias\/wp-json\/wp\/v2\/users\/3"}],"replies":[{"embeddable":true,"href":"https:\/\/franciscanos.org.br\/noticias\/wp-json\/wp\/v2\/comments?post=226608"}],"version-history":[{"count":2,"href":"https:\/\/franciscanos.org.br\/noticias\/wp-json\/wp\/v2\/posts\/226608\/revisions"}],"predecessor-version":[{"id":233978,"href":"https:\/\/franciscanos.org.br\/noticias\/wp-json\/wp\/v2\/posts\/226608\/revisions\/233978"}],"wp:featuredmedia":[{"embeddable":true,"href":"https:\/\/franciscanos.org.br\/noticias\/wp-json\/wp\/v2\/media\/226611"}],"wp:attachment":[{"href":"https:\/\/franciscanos.org.br\/noticias\/wp-json\/wp\/v2\/media?parent=226608"}],"wp:term":[{"taxonomy":"category","embeddable":true,"href":"https:\/\/franciscanos.org.br\/noticias\/wp-json\/wp\/v2\/categories?post=226608"},{"taxonomy":"post_tag","embeddable":true,"href":"https:\/\/franciscanos.org.br\/noticias\/wp-json\/wp\/v2\/tags?post=226608"}],"curies":[{"name":"wp","href":"https:\/\/api.w.org\/{rel}","templated":true}]}}