{"id":226594,"date":"2020-06-19T06:18:10","date_gmt":"2020-06-19T09:18:10","guid":{"rendered":"https:\/\/franciscanos.org.br\/noticias\/?p=226594"},"modified":"2020-06-19T13:59:57","modified_gmt":"2020-06-19T16:59:57","slug":"devotos-de-sao-joao-batista-celebram-o-padroeiro-virtualmente","status":"publish","type":"post","link":"https:\/\/franciscanos.org.br\/noticias\/devotos-de-sao-joao-batista-celebram-o-padroeiro-virtualmente.html","title":{"rendered":"Devotos de S\u00e3o Jo\u00e3o Batista celebram o Padroeiro virtualmente"},"content":{"rendered":"<p><img loading=\"lazy\" class=\"alignnone size-full wp-image-226595\" src=\"https:\/\/franciscanos.org.br\/noticias\/wp-content\/uploads\/2020\/06\/meriti_1906.jpg\" alt=\"\" width=\"1280\" height=\"862\" srcset=\"https:\/\/franciscanos.org.br\/noticias\/wp-content\/uploads\/2020\/06\/meriti_1906.jpg 1280w, https:\/\/franciscanos.org.br\/noticias\/wp-content\/uploads\/2020\/06\/meriti_1906-450x303.jpg 450w, https:\/\/franciscanos.org.br\/noticias\/wp-content\/uploads\/2020\/06\/meriti_1906-1024x690.jpg 1024w, https:\/\/franciscanos.org.br\/noticias\/wp-content\/uploads\/2020\/06\/meriti_1906-768x517.jpg 768w, https:\/\/franciscanos.org.br\/noticias\/wp-content\/uploads\/2020\/06\/meriti_1906-150x101.jpg 150w\" sizes=\"(max-width: 1280px) 100vw, 1280px\" \/><\/p>\n<p>Em 2020, por causa da pandemia do novo coronav\u00edrus, muitos eventos e festas foram cancelados ou reorganizados. Foi o caso da 373\u00aa Festa de S\u00e3o Jo\u00e3o Batista, em S\u00e3o Jo\u00e3o do Meriti (RJ). A Matriz de S\u00e3o Jo\u00e3o, que no m\u00eas de junho recebe cerca de 500 mil pessoas para celebrar o padroeiro, neste ano teve que converter a grandiosa festa presencial para uma grande celebra\u00e7\u00e3o virtual.<\/p>\n<p><img loading=\"lazy\" class=\"size-full wp-image-226596 alignleft\" src=\"https:\/\/franciscanos.org.br\/noticias\/wp-content\/uploads\/2020\/06\/meriti_1906_2.png\" alt=\"\" width=\"407\" height=\"500\" srcset=\"https:\/\/franciscanos.org.br\/noticias\/wp-content\/uploads\/2020\/06\/meriti_1906_2.png 407w, https:\/\/franciscanos.org.br\/noticias\/wp-content\/uploads\/2020\/06\/meriti_1906_2-366x450.png 366w, https:\/\/franciscanos.org.br\/noticias\/wp-content\/uploads\/2020\/06\/meriti_1906_2-150x184.png 150w\" sizes=\"(max-width: 407px) 100vw, 407px\" \/>Conhecida como a maior festa junina da Baixada Fluminense, a festa desse ano teve sua programa\u00e7\u00e3o reduzida, por\u00e9m celebrada com a mesma intensidade. Pedro Rodrigues, da Pastoral da Comunica\u00e7\u00e3o da Par\u00f3quia (Pascom), afirma que apesar do receio da not\u00edcia n\u00e3o ser bem recebida, a decis\u00e3o foi bem acolhida pela popula\u00e7\u00e3o local. \u201c\u00c9 o maior evento que temos na cidade e ouso dizer que \u00e9 o maior evento da Baixada Fluminense. As pessoas sentiram muito a n\u00e3o realiza\u00e7\u00e3o da festa f\u00edsica. No in\u00edcio, est\u00e1vamos com receio das pessoas n\u00e3o receberem bem a not\u00edcia, gerando tristeza ou at\u00e9 mesmo revolta, mas a comunidade acolheu muito bem a programa\u00e7\u00e3o <em>on-line<\/em>. Quando postamos o comunicado da festa, recebemos muito incentivo de pessoas agradecendo a preocupa\u00e7\u00e3o da Par\u00f3quia com os paroquianos e os cidad\u00e3os meritienses, j\u00e1 que \u00e9 uma festa que aglomera muita gente\u201d, explica o jovem.<\/p>\n<p>Na segunda-feira, 15 de junho, a festa teve in\u00edcio com a transmiss\u00e3o do primeiro dia da novena, que neste ano tem como tema \u201c\u00c9 preciso que Ele cres\u00e7a e eu diminua\u201d (Jo 3, 30). A reflex\u00e3o foi conduzida por Frei Airton da Rosa Oliveira, Frei Soneca, e o vig\u00e1rio paroquial, Frei Cid Tadeu Passos. Em sua reflex\u00e3o, Frei Cid afirmou: \u201cJo\u00e3o Batista que nos indica o caminho do Pai atrav\u00e9s de Jesus Cristo. Tudo aquilo que Jesus, atrav\u00e9s de Jo\u00e3o, nos indica \u00e9 que temos que ser fi\u00e9is e leais \u00e0 causa do Evangelho. Portanto, reafirme a sua f\u00e9! \u00c9 necess\u00e1rio que cada um de n\u00f3s se coloque no seu lugar, para que Deus, atrav\u00e9s de Jesus, possa ser a for\u00e7a do seu pensar e do seu agir\u201d. Durante os nove dias de ora\u00e7\u00e3o, os participantes ser\u00e3o convidados a aprofundarem a passagem de Jo 3, 22-30, refletindo a cada dia um aspecto diferente do evangelho.<\/p>\n<p>A atra\u00e7\u00e3o musical que abriu a festa foi o pianista Rafael Ara\u00fajo e Irm\u00e3 Maria L\u00facia, do Instituto Religioso das Franciscanas de Dillingen. O v\u00eddeo teve at\u00e9 o momento quase 4 mil visualiza\u00e7\u00f5es. Durante os dias de transmiss\u00e3o, passar\u00e3o pela p\u00e1gina do Facebook da Par\u00f3quia dez atra\u00e7\u00f5es, entre cantores e bandas religiosas e populares. No domingo, dia 21, \u00e0s 18h, a cantora Eliana Ribeiro, da Comunidade Can\u00e7\u00e3o Nova, far\u00e1 a apresenta\u00e7\u00e3o. Para este dia, a comunidade est\u00e1 organizando o almo\u00e7o do padroeiro, que poder\u00e1 ser retirado aos que comprarem o convite antecipadamente.<\/p>\n<p>No dia 24 de junho, dia da Solenidade da Natividade de S\u00e3o Jo\u00e3o Batista, a programa\u00e7\u00e3o come\u00e7a \u00e0s 6h, com a alvorada. \u00c0s 8h e \u00e0s 18h haver\u00e1 Missa Solene. Durante todo o dia, a comunidade organizar\u00e1 diversas atividades, como a carreata com a imagem de S\u00e3o Jo\u00e3o Batista, a ora\u00e7\u00e3o do <em>Angelus<\/em> e o Ter\u00e7o da miseric\u00f3rdia.<\/p>\n<p><img loading=\"lazy\" class=\"alignnone size-full wp-image-226597\" src=\"https:\/\/franciscanos.org.br\/noticias\/wp-content\/uploads\/2020\/06\/meriti_1906_3.jpg\" alt=\"\" width=\"1200\" height=\"1200\" srcset=\"https:\/\/franciscanos.org.br\/noticias\/wp-content\/uploads\/2020\/06\/meriti_1906_3.jpg 1200w, https:\/\/franciscanos.org.br\/noticias\/wp-content\/uploads\/2020\/06\/meriti_1906_3-450x450.jpg 450w, https:\/\/franciscanos.org.br\/noticias\/wp-content\/uploads\/2020\/06\/meriti_1906_3-1024x1024.jpg 1024w, https:\/\/franciscanos.org.br\/noticias\/wp-content\/uploads\/2020\/06\/meriti_1906_3-300x300.jpg 300w, https:\/\/franciscanos.org.br\/noticias\/wp-content\/uploads\/2020\/06\/meriti_1906_3-768x768.jpg 768w, https:\/\/franciscanos.org.br\/noticias\/wp-content\/uploads\/2020\/06\/meriti_1906_3-150x150.jpg 150w, https:\/\/franciscanos.org.br\/noticias\/wp-content\/uploads\/2020\/06\/meriti_1906_3-100x100.jpg 100w\" sizes=\"(max-width: 1200px) 100vw, 1200px\" \/><\/p>\n<p><strong>Grande participa\u00e7\u00e3o anima a equipe da Pascom<\/strong><\/p>\n<p>Para o membro da Pastoral da Comunica\u00e7\u00e3o, o retorno dos paroquianos com rela\u00e7\u00e3o \u00e0s transmiss\u00f5es tem sido muito positivo. \u201cAs pessoas est\u00e3o participando bastante e sentem-se muito gratas por ter a transmiss\u00e3o, para elas sentirem-se parte daquilo. \u00c9 interessante que em todas as <em>lives<\/em>, as pessoas sempre agradecem por estarem participando, mandam foto com a fam\u00edlia, fazem festa junina em casa, participam do dia D, que \u00e9 o dia da solidariedade, onde arrecadamos alimentos para as fam\u00edlias carentes. As pessoas est\u00e3o realmente muito participativas\u201d, comemora Pedro.<\/p>\n<p>Desde o in\u00edcio da pandemia, o jovem relata que foi necess\u00e1rio investimento, tanto nas pessoas que acabaram ingressando na Pastoral, como em equipamentos. Ele conta que antes da pandemia, a equipe &#8211; composta por quatro pessoas &#8211; fazia as artes para publica\u00e7\u00e3o no <em>Facebook<\/em> da Par\u00f3quia e a transmiss\u00e3o de apenas uma missa semanal, feita com o celular e os dados de internet dos pr\u00f3prios membros da Pascom. \u201cPor causa da pandemia, tivemos que aumentar a equipe e capacit\u00e1-las para a transmiss\u00e3o <em>on-line<\/em>, porque agora \u00e9 feita pelo computador. Na festa do padroeiro, estamos fazendo em dois locais diferentes: a novena na igreja e, no sal\u00e3o, a atra\u00e7\u00e3o musical do dia\u201d, explica. Para ele, a necessidade de levar a igreja at\u00e9 as pessoas, atrav\u00e9s das redes sociais, mostrou a for\u00e7a da comunica\u00e7\u00e3o. \u201cA pandemia veio para mostrar que conseguimos evangelizar tamb\u00e9m atrav\u00e9s das redes sociais\u201d, comemora Pedro.<\/p>\n<p><strong>Os n\u00fameros na cidade<\/strong><\/p>\n<p>Segundo o site da Prefeitura, at\u00e9 o momento a cidade da Baixada Fluminense contabilizou 1367 casos confirmados de Covid-19, com 182 \u00f3bitos. O primeiro caso confirmado foi registrado em 30 de mar\u00e7o, com a primeira morte em 3 de abril. Desde o dia 13 de mar\u00e7o, a cidade aderiu aos protocolos para a conten\u00e7\u00e3o da pandemia, como fechamento de com\u00e9rcios n\u00e3o essenciais, escolas e escrit\u00f3rios, al\u00e9m da altera\u00e7\u00e3o em pontos de \u00f4nibus, limita\u00e7\u00e3o na circula\u00e7\u00e3o de carros e pedestres no centro da cidade. No dia 1\u00ba de junho, a Prefeitura autorizou a reabertura de parte do com\u00e9rcio e escrit\u00f3rios, observando algumas orienta\u00e7\u00f5es. A medida n\u00e3o inclui a reabertura de igrejas e eventos.<\/p>\n<p>Para acompanhar a programa\u00e7\u00e3o, acesse: <a href=\"http:\/\/www.facebook.com\/matrizdesaojoao%0d\">www.facebook.com\/matrizdesaojoao<\/a><\/p>\n","protected":false},"excerpt":{"rendered":"<p>373\u00aa Festa de S\u00e3o Jo\u00e3o Batista, em S\u00e3o Jo\u00e3o do Meriti (RJ)<\/p>\n","protected":false},"author":3,"featured_media":226598,"comment_status":"open","ping_status":"open","sticky":false,"template":"","format":"standard","meta":[],"categories":[1],"tags":[1524],"acf":[],"yoast_head":"<!-- This site is optimized with the Yoast SEO plugin v19.2 - https:\/\/yoast.com\/wordpress\/plugins\/seo\/ -->\n<title>Devotos de S\u00e3o Jo\u00e3o Batista celebram o Padroeiro virtualmente - Not\u00edcias - Franciscanos<\/title>\n<meta name=\"robots\" content=\"index, follow, max-snippet:-1, max-image-preview:large, max-video-preview:-1\" \/>\n<link rel=\"canonical\" href=\"https:\/\/franciscanos.org.br\/noticias\/devotos-de-sao-joao-batista-celebram-o-padroeiro-virtualmente.html\" \/>\n<meta property=\"og:locale\" content=\"pt_BR\" \/>\n<meta property=\"og:type\" content=\"article\" \/>\n<meta property=\"og:title\" content=\"Devotos de S\u00e3o Jo\u00e3o Batista celebram o Padroeiro virtualmente - Not\u00edcias - Franciscanos\" \/>\n<meta property=\"og:description\" content=\"373\u00aa Festa de S\u00e3o Jo\u00e3o Batista, em S\u00e3o Jo\u00e3o do Meriti (RJ)\" \/>\n<meta property=\"og:url\" content=\"https:\/\/franciscanos.org.br\/noticias\/devotos-de-sao-joao-batista-celebram-o-padroeiro-virtualmente.html\" \/>\n<meta property=\"og:site_name\" content=\"Not\u00edcias - Franciscanos\" \/>\n<meta property=\"article:published_time\" content=\"2020-06-19T09:18:10+00:00\" \/>\n<meta property=\"article:modified_time\" content=\"2020-06-19T16:59:57+00:00\" \/>\n<meta property=\"og:image\" content=\"https:\/\/franciscanos.org.br\/noticias\/wp-content\/uploads\/2020\/06\/meriti_19d.png\" \/>\n\t<meta property=\"og:image:width\" content=\"800\" \/>\n\t<meta property=\"og:image:height\" content=\"600\" \/>\n\t<meta property=\"og:image:type\" content=\"image\/png\" \/>\n<meta name=\"author\" content=\"moacir\" \/>\n<meta name=\"twitter:card\" content=\"summary_large_image\" \/>\n<meta name=\"twitter:label1\" content=\"Escrito por\" \/>\n\t<meta name=\"twitter:data1\" content=\"moacir\" \/>\n\t<meta name=\"twitter:label2\" content=\"Est. tempo de leitura\" \/>\n\t<meta name=\"twitter:data2\" content=\"5 minutos\" \/>\n<script type=\"application\/ld+json\" class=\"yoast-schema-graph\">{\"@context\":\"https:\/\/schema.org\",\"@graph\":[{\"@type\":\"WebSite\",\"@id\":\"https:\/\/franciscanos.org.br\/noticias\/#website\",\"url\":\"https:\/\/franciscanos.org.br\/noticias\/\",\"name\":\"Not\u00edcias - Franciscanos\",\"description\":\"Prov\u00edncia Franciscana da Imaculada Concei\u00e7\u00e3o do Brasil - Ordem dos Frades Menores - OFM\",\"potentialAction\":[{\"@type\":\"SearchAction\",\"target\":{\"@type\":\"EntryPoint\",\"urlTemplate\":\"https:\/\/franciscanos.org.br\/noticias\/?s={search_term_string}\"},\"query-input\":\"required name=search_term_string\"}],\"inLanguage\":\"pt-BR\"},{\"@type\":\"ImageObject\",\"inLanguage\":\"pt-BR\",\"@id\":\"https:\/\/franciscanos.org.br\/noticias\/devotos-de-sao-joao-batista-celebram-o-padroeiro-virtualmente.html#primaryimage\",\"url\":\"https:\/\/franciscanos.org.br\/noticias\/wp-content\/uploads\/2020\/06\/meriti_19d.png\",\"contentUrl\":\"https:\/\/franciscanos.org.br\/noticias\/wp-content\/uploads\/2020\/06\/meriti_19d.png\",\"width\":800,\"height\":600},{\"@type\":\"WebPage\",\"@id\":\"https:\/\/franciscanos.org.br\/noticias\/devotos-de-sao-joao-batista-celebram-o-padroeiro-virtualmente.html#webpage\",\"url\":\"https:\/\/franciscanos.org.br\/noticias\/devotos-de-sao-joao-batista-celebram-o-padroeiro-virtualmente.html\",\"name\":\"Devotos de S\u00e3o Jo\u00e3o Batista celebram o Padroeiro virtualmente - Not\u00edcias - Franciscanos\",\"isPartOf\":{\"@id\":\"https:\/\/franciscanos.org.br\/noticias\/#website\"},\"primaryImageOfPage\":{\"@id\":\"https:\/\/franciscanos.org.br\/noticias\/devotos-de-sao-joao-batista-celebram-o-padroeiro-virtualmente.html#primaryimage\"},\"datePublished\":\"2020-06-19T09:18:10+00:00\",\"dateModified\":\"2020-06-19T16:59:57+00:00\",\"author\":{\"@id\":\"https:\/\/franciscanos.org.br\/noticias\/#\/schema\/person\/b5c8cba458c330ccff548b056e95a5d4\"},\"breadcrumb\":{\"@id\":\"https:\/\/franciscanos.org.br\/noticias\/devotos-de-sao-joao-batista-celebram-o-padroeiro-virtualmente.html#breadcrumb\"},\"inLanguage\":\"pt-BR\",\"potentialAction\":[{\"@type\":\"ReadAction\",\"target\":[\"https:\/\/franciscanos.org.br\/noticias\/devotos-de-sao-joao-batista-celebram-o-padroeiro-virtualmente.html\"]}]},{\"@type\":\"BreadcrumbList\",\"@id\":\"https:\/\/franciscanos.org.br\/noticias\/devotos-de-sao-joao-batista-celebram-o-padroeiro-virtualmente.html#breadcrumb\",\"itemListElement\":[{\"@type\":\"ListItem\",\"position\":1,\"name\":\"Home\",\"item\":\"https:\/\/franciscanos.org.br\/noticias\"},{\"@type\":\"ListItem\",\"position\":2,\"name\":\"Devotos de S\u00e3o Jo\u00e3o Batista celebram o Padroeiro virtualmente\"}]},{\"@type\":\"Person\",\"@id\":\"https:\/\/franciscanos.org.br\/noticias\/#\/schema\/person\/b5c8cba458c330ccff548b056e95a5d4\",\"name\":\"moacir\",\"image\":{\"@type\":\"ImageObject\",\"inLanguage\":\"pt-BR\",\"@id\":\"https:\/\/franciscanos.org.br\/noticias\/#\/schema\/person\/image\/\",\"url\":\"https:\/\/secure.gravatar.com\/avatar\/d08aa2ce4c8dd416d4479aa8536fcf64?s=96&d=mm&r=g\",\"contentUrl\":\"https:\/\/secure.gravatar.com\/avatar\/d08aa2ce4c8dd416d4479aa8536fcf64?s=96&d=mm&r=g\",\"caption\":\"moacir\"},\"url\":\"https:\/\/franciscanos.org.br\/noticias\/author\/moacir\"}]}<\/script>\n<!-- \/ Yoast SEO plugin. -->","yoast_head_json":{"title":"Devotos de S\u00e3o Jo\u00e3o Batista celebram o Padroeiro virtualmente - Not\u00edcias - Franciscanos","robots":{"index":"index","follow":"follow","max-snippet":"max-snippet:-1","max-image-preview":"max-image-preview:large","max-video-preview":"max-video-preview:-1"},"canonical":"https:\/\/franciscanos.org.br\/noticias\/devotos-de-sao-joao-batista-celebram-o-padroeiro-virtualmente.html","og_locale":"pt_BR","og_type":"article","og_title":"Devotos de S\u00e3o Jo\u00e3o Batista celebram o Padroeiro virtualmente - Not\u00edcias - Franciscanos","og_description":"373\u00aa Festa de S\u00e3o Jo\u00e3o Batista, em S\u00e3o Jo\u00e3o do Meriti (RJ)","og_url":"https:\/\/franciscanos.org.br\/noticias\/devotos-de-sao-joao-batista-celebram-o-padroeiro-virtualmente.html","og_site_name":"Not\u00edcias - Franciscanos","article_published_time":"2020-06-19T09:18:10+00:00","article_modified_time":"2020-06-19T16:59:57+00:00","og_image":[{"width":800,"height":600,"url":"https:\/\/franciscanos.org.br\/noticias\/wp-content\/uploads\/2020\/06\/meriti_19d.png","type":"image\/png"}],"author":"moacir","twitter_card":"summary_large_image","twitter_misc":{"Escrito por":"moacir","Est. tempo de leitura":"5 minutos"},"schema":{"@context":"https:\/\/schema.org","@graph":[{"@type":"WebSite","@id":"https:\/\/franciscanos.org.br\/noticias\/#website","url":"https:\/\/franciscanos.org.br\/noticias\/","name":"Not\u00edcias - Franciscanos","description":"Prov\u00edncia Franciscana da Imaculada Concei\u00e7\u00e3o do Brasil - Ordem dos Frades Menores - OFM","potentialAction":[{"@type":"SearchAction","target":{"@type":"EntryPoint","urlTemplate":"https:\/\/franciscanos.org.br\/noticias\/?s={search_term_string}"},"query-input":"required name=search_term_string"}],"inLanguage":"pt-BR"},{"@type":"ImageObject","inLanguage":"pt-BR","@id":"https:\/\/franciscanos.org.br\/noticias\/devotos-de-sao-joao-batista-celebram-o-padroeiro-virtualmente.html#primaryimage","url":"https:\/\/franciscanos.org.br\/noticias\/wp-content\/uploads\/2020\/06\/meriti_19d.png","contentUrl":"https:\/\/franciscanos.org.br\/noticias\/wp-content\/uploads\/2020\/06\/meriti_19d.png","width":800,"height":600},{"@type":"WebPage","@id":"https:\/\/franciscanos.org.br\/noticias\/devotos-de-sao-joao-batista-celebram-o-padroeiro-virtualmente.html#webpage","url":"https:\/\/franciscanos.org.br\/noticias\/devotos-de-sao-joao-batista-celebram-o-padroeiro-virtualmente.html","name":"Devotos de S\u00e3o Jo\u00e3o Batista celebram o Padroeiro virtualmente - Not\u00edcias - Franciscanos","isPartOf":{"@id":"https:\/\/franciscanos.org.br\/noticias\/#website"},"primaryImageOfPage":{"@id":"https:\/\/franciscanos.org.br\/noticias\/devotos-de-sao-joao-batista-celebram-o-padroeiro-virtualmente.html#primaryimage"},"datePublished":"2020-06-19T09:18:10+00:00","dateModified":"2020-06-19T16:59:57+00:00","author":{"@id":"https:\/\/franciscanos.org.br\/noticias\/#\/schema\/person\/b5c8cba458c330ccff548b056e95a5d4"},"breadcrumb":{"@id":"https:\/\/franciscanos.org.br\/noticias\/devotos-de-sao-joao-batista-celebram-o-padroeiro-virtualmente.html#breadcrumb"},"inLanguage":"pt-BR","potentialAction":[{"@type":"ReadAction","target":["https:\/\/franciscanos.org.br\/noticias\/devotos-de-sao-joao-batista-celebram-o-padroeiro-virtualmente.html"]}]},{"@type":"BreadcrumbList","@id":"https:\/\/franciscanos.org.br\/noticias\/devotos-de-sao-joao-batista-celebram-o-padroeiro-virtualmente.html#breadcrumb","itemListElement":[{"@type":"ListItem","position":1,"name":"Home","item":"https:\/\/franciscanos.org.br\/noticias"},{"@type":"ListItem","position":2,"name":"Devotos de S\u00e3o Jo\u00e3o Batista celebram o Padroeiro virtualmente"}]},{"@type":"Person","@id":"https:\/\/franciscanos.org.br\/noticias\/#\/schema\/person\/b5c8cba458c330ccff548b056e95a5d4","name":"moacir","image":{"@type":"ImageObject","inLanguage":"pt-BR","@id":"https:\/\/franciscanos.org.br\/noticias\/#\/schema\/person\/image\/","url":"https:\/\/secure.gravatar.com\/avatar\/d08aa2ce4c8dd416d4479aa8536fcf64?s=96&d=mm&r=g","contentUrl":"https:\/\/secure.gravatar.com\/avatar\/d08aa2ce4c8dd416d4479aa8536fcf64?s=96&d=mm&r=g","caption":"moacir"},"url":"https:\/\/franciscanos.org.br\/noticias\/author\/moacir"}]}},"_links":{"self":[{"href":"https:\/\/franciscanos.org.br\/noticias\/wp-json\/wp\/v2\/posts\/226594"}],"collection":[{"href":"https:\/\/franciscanos.org.br\/noticias\/wp-json\/wp\/v2\/posts"}],"about":[{"href":"https:\/\/franciscanos.org.br\/noticias\/wp-json\/wp\/v2\/types\/post"}],"author":[{"embeddable":true,"href":"https:\/\/franciscanos.org.br\/noticias\/wp-json\/wp\/v2\/users\/3"}],"replies":[{"embeddable":true,"href":"https:\/\/franciscanos.org.br\/noticias\/wp-json\/wp\/v2\/comments?post=226594"}],"version-history":[{"count":2,"href":"https:\/\/franciscanos.org.br\/noticias\/wp-json\/wp\/v2\/posts\/226594\/revisions"}],"predecessor-version":[{"id":226600,"href":"https:\/\/franciscanos.org.br\/noticias\/wp-json\/wp\/v2\/posts\/226594\/revisions\/226600"}],"wp:featuredmedia":[{"embeddable":true,"href":"https:\/\/franciscanos.org.br\/noticias\/wp-json\/wp\/v2\/media\/226598"}],"wp:attachment":[{"href":"https:\/\/franciscanos.org.br\/noticias\/wp-json\/wp\/v2\/media?parent=226594"}],"wp:term":[{"taxonomy":"category","embeddable":true,"href":"https:\/\/franciscanos.org.br\/noticias\/wp-json\/wp\/v2\/categories?post=226594"},{"taxonomy":"post_tag","embeddable":true,"href":"https:\/\/franciscanos.org.br\/noticias\/wp-json\/wp\/v2\/tags?post=226594"}],"curies":[{"name":"wp","href":"https:\/\/api.w.org\/{rel}","templated":true}]}}